{"id":19906,"date":"2024-09-02T11:37:34","date_gmt":"2024-09-02T09:37:34","guid":{"rendered":"https:\/\/www.campingbellaterra.com\/?p=19906"},"modified":"2024-09-02T11:39:00","modified_gmt":"2024-09-02T09:39:00","slug":"ny-cykelreparationsstation-paa-camping-bella-terra","status":"publish","type":"post","link":"https:\/\/www.campingbellaterra.com\/da\/ny-cykelreparationsstation-paa-camping-bella-terra\/","title":{"rendered":"Ny cykelreparationsstation p\u00e5 Camping Bella Terra"},"content":{"rendered":"<p>Vi er meget glade for at kunne dele en fantastisk nyhed med jer: Camping Bella Terra, beliggende i Blanes, porten til Costa Brava, har indf\u00f8rt et omr\u00e5de dedikeret til cykelreparation, designet til dem, der nyder cykling, hvad enten det er som en passion eller som et dagligt transportmiddel.<\/p>\n\n\n\n<p>Bevidste om den stigende interesse og brug af cykler, har vi besluttet at udvide vores serviceudbud for at tilbyde en endnu mere komplet og tilfredsstillende oplevelse til vores g\u00e6ster. Med denne nye facilitet bekr\u00e6fter vi vores engagement i kvalitet og velv\u00e6re for vores bes\u00f8gende.<\/p>\n\n\n\n<p>Cykelreparationsstationen blev indviet i juli, samtidig med starten p\u00e5 sommers\u00e6sonen. P\u00e5 den m\u00e5de kan vores g\u00e6ster drage fordel af denne service lige n\u00e5r de har mest brug for det.<\/p>\n\n\n\n<p>Stationen ligger lige bag Bella Club, vores mini b\u00f8rneklub, og dette omr\u00e5de er designet med tilstr\u00e6kkelig plads til at muligg\u00f8re en komfortabel og sikker justering, f\u00f8r du tager ud for at udforske Costa Bravas smukke landskaber p\u00e5 cykel.<\/p>\n\n\n\n<p>Vi er sikre p\u00e5, at denne nye facilitet vil blive meget v\u00e6rdsat af alle, der v\u00e6lger <a href=\"https:\/\/www.campingbellaterra.com\/da\/\">Camping Bella Terra<\/a> som deres feriedestination, og at den vil tilf\u00f8re ekstra v\u00e6rdi til den unikke oplevelse, vi tilbyder i Blanes.<\/p>\n\n\n\n<figure class=\"wp-block-image size-full\"><noscript><img decoding=\"async\" width=\"1500\" height=\"1125\" src=\"https:\/\/www.campingbellaterra.com\/wp-content\/uploads\/ny-cykelreparationsstation.jpg\" alt class=\"wp-image-19907\" srcset=\"https:\/\/www.campingbellaterra.com\/wp-content\/uploads\/ny-cykelreparationsstation.jpg 1500w, https:\/\/www.campingbellaterra.com\/wp-content\/uploads\/ny-cykelreparationsstation-1024x768.jpg 1024w, https:\/\/www.campingbellaterra.com\/wp-content\/uploads\/ny-cykelreparationsstation-768x576.jpg 768w\" sizes=\"(max-width: 1500px) 100vw, 1500px\"><\/noscript><img decoding=\"async\" width=\"1500\" height=\"1125\" src=\"data:image\/svg+xml,%3Csvg%20xmlns%3D%22http%3A%2F%2Fwww.w3.org%2F2000%2Fsvg%22%20viewBox%3D%220%200%201500%201125%22%3E%3C%2Fsvg%3E\" alt class=\"wp-image-19907 lazyload\" srcset=\"data:image\/svg+xml,%3Csvg%20xmlns%3D%22http%3A%2F%2Fwww.w3.org%2F2000%2Fsvg%22%20viewBox%3D%220%200%201500%201125%22%3E%3C%2Fsvg%3E 1500w\" sizes=\"(max-width: 1500px) 100vw, 1500px\" data-srcset=\"https:\/\/www.campingbellaterra.com\/wp-content\/uploads\/ny-cykelreparationsstation.jpg 1500w, https:\/\/www.campingbellaterra.com\/wp-content\/uploads\/ny-cykelreparationsstation-1024x768.jpg 1024w, https:\/\/www.campingbellaterra.com\/wp-content\/uploads\/ny-cykelreparationsstation-768x576.jpg 768w\" data-src=\"https:\/\/www.campingbellaterra.com\/wp-content\/uploads\/ny-cykelreparationsstation.jpg\"><\/figure>\n\n\n\n<p><\/p>\n\n\n\n<p><strong>Bed &amp; Bike-symbolet<\/strong><\/p>\n\n\n\n<p>Uanset om du er entusiast af racercykler, foretr\u00e6kker mountainbikes, eller nyder rolige cykelture, tilbyder Costa Brava den perfekte ramme for denne sport. Camping Bella Terra har Bed &amp; Bike-symbolet, tildelt af <a href=\"https:\/\/www.viesverdes.cat\/en\/bedbike\/\">Vies Verdes de Girona<\/a>, hvilket er en garanti for alle cykelturisme-entusiaster.<\/p>\n\n\n\n<p><\/p>\n","protected":false},"excerpt":{"rendered":"<p>Vi er meget glade for at kunne dele en fantastisk nyhed med jer: Camping Bella Terra, beliggende i Blanes, porten til Costa Brava, har indf\u00f8rt&#8230;<\/p>\n","protected":false},"author":3,"featured_media":19907,"comment_status":"closed","ping_status":"closed","sticky":false,"template":"","format":"standard","meta":{"_acf_changed":false,"inline_featured_image":false,"_monsterinsights_skip_tracking":false,"_monsterinsights_sitenote_active":false,"_monsterinsights_sitenote_note":"","_monsterinsights_sitenote_category":0,"footnotes":""},"categories":[2384],"tags":[],"class_list":["post-19906","post","type-post","status-publish","format-standard","has-post-thumbnail","hentry","category-tjenester"],"acf":[],"yoast_head":"<!-- This site is optimized with the Yoast SEO plugin v27.0 - https:\/\/yoast.com\/product\/yoast-seo-wordpress\/ -->\n<title>Ny cykelreparationsstation p\u00e5 Camping Bella Terra - Camping Bella Terra<\/title>\n<meta name=\"description\" content=\"Camping Bella Terra, beliggende i Blanes, porten til Costa Brava, har indf\u00f8rt et omr\u00e5de dedikeret til cykelreparationsstation\" \/>\n<meta name=\"robots\" content=\"index, follow, max-snippet:-1, max-image-preview:large, max-video-preview:-1\" \/>\n<link rel=\"canonical\" href=\"https:\/\/www.campingbellaterra.com\/da\/ny-cykelreparationsstation-paa-camping-bella-terra\/\" \/>\n<meta property=\"og:locale\" content=\"da_DK\" \/>\n<meta property=\"og:type\" content=\"article\" \/>\n<meta property=\"og:title\" content=\"Ny cykelreparationsstation p\u00e5 Camping Bella Terra - Camping Bella Terra\" \/>\n<meta property=\"og:description\" content=\"Camping Bella Terra, beliggende i Blanes, porten til Costa Brava, har indf\u00f8rt et omr\u00e5de dedikeret til cykelreparationsstation\" \/>\n<meta property=\"og:url\" content=\"https:\/\/www.campingbellaterra.com\/da\/ny-cykelreparationsstation-paa-camping-bella-terra\/\" \/>\n<meta property=\"og:site_name\" content=\"Camping Bella Terra\" \/>\n<meta property=\"article:publisher\" content=\"https:\/\/www.facebook.com\/campingbellaterra\/\" \/>\n<meta property=\"article:published_time\" content=\"2024-09-02T09:37:34+00:00\" \/>\n<meta property=\"article:modified_time\" content=\"2024-09-02T09:39:00+00:00\" \/>\n<meta property=\"og:image\" content=\"https:\/\/www.campingbellaterra.com\/wp-content\/uploads\/ny-cykelreparationsstation.jpg\" \/>\n\t<meta property=\"og:image:width\" content=\"1500\" \/>\n\t<meta property=\"og:image:height\" content=\"1125\" \/>\n\t<meta property=\"og:image:type\" content=\"image\/jpeg\" \/>\n<meta name=\"author\" content=\"edeon\" \/>\n<meta name=\"twitter:card\" content=\"summary_large_image\" \/>\n<meta name=\"twitter:creator\" content=\"@cbellaterra\" \/>\n<meta name=\"twitter:site\" content=\"@cbellaterra\" \/>\n<meta name=\"twitter:label1\" content=\"Skrevet af\" \/>\n\t<meta name=\"twitter:data1\" content=\"edeon\" \/>\n\t<meta name=\"twitter:label2\" content=\"Estimeret l\u00e6setid\" \/>\n\t<meta name=\"twitter:data2\" content=\"2 minutter\" \/>\n<script type=\"application\/ld+json\" class=\"yoast-schema-graph\">{\"@context\":\"https:\/\/schema.org\",\"@graph\":[{\"@type\":\"Article\",\"@id\":\"https:\/\/www.campingbellaterra.com\/da\/ny-cykelreparationsstation-paa-camping-bella-terra\/#article\",\"isPartOf\":{\"@id\":\"https:\/\/www.campingbellaterra.com\/da\/ny-cykelreparationsstation-paa-camping-bella-terra\/\"},\"author\":{\"name\":\"edeon\",\"@id\":\"https:\/\/www.campingbellaterra.com\/da\/#\/schema\/person\/d55882bf9a4557623a111e53bebd64fa\"},\"headline\":\"Ny cykelreparationsstation p\u00e5 Camping Bella Terra\",\"datePublished\":\"2024-09-02T09:37:34+00:00\",\"dateModified\":\"2024-09-02T09:39:00+00:00\",\"mainEntityOfPage\":{\"@id\":\"https:\/\/www.campingbellaterra.com\/da\/ny-cykelreparationsstation-paa-camping-bella-terra\/\"},\"wordCount\":267,\"publisher\":{\"@id\":\"https:\/\/www.campingbellaterra.com\/da\/#organization\"},\"image\":{\"@id\":\"https:\/\/www.campingbellaterra.com\/da\/ny-cykelreparationsstation-paa-camping-bella-terra\/#primaryimage\"},\"thumbnailUrl\":\"https:\/\/www.campingbellaterra.com\/wp-content\/uploads\/ny-cykelreparationsstation.jpg\",\"articleSection\":[\"Tjenester\"],\"inLanguage\":\"da-DK\"},{\"@type\":\"WebPage\",\"@id\":\"https:\/\/www.campingbellaterra.com\/da\/ny-cykelreparationsstation-paa-camping-bella-terra\/\",\"url\":\"https:\/\/www.campingbellaterra.com\/da\/ny-cykelreparationsstation-paa-camping-bella-terra\/\",\"name\":\"Ny cykelreparationsstation p\u00e5 Camping Bella Terra - Camping Bella Terra\",\"isPartOf\":{\"@id\":\"https:\/\/www.campingbellaterra.com\/da\/#website\"},\"primaryImageOfPage\":{\"@id\":\"https:\/\/www.campingbellaterra.com\/da\/ny-cykelreparationsstation-paa-camping-bella-terra\/#primaryimage\"},\"image\":{\"@id\":\"https:\/\/www.campingbellaterra.com\/da\/ny-cykelreparationsstation-paa-camping-bella-terra\/#primaryimage\"},\"thumbnailUrl\":\"https:\/\/www.campingbellaterra.com\/wp-content\/uploads\/ny-cykelreparationsstation.jpg\",\"datePublished\":\"2024-09-02T09:37:34+00:00\",\"dateModified\":\"2024-09-02T09:39:00+00:00\",\"description\":\"Camping Bella Terra, beliggende i Blanes, porten til Costa Brava, har indf\u00f8rt et omr\u00e5de dedikeret til cykelreparationsstation\",\"breadcrumb\":{\"@id\":\"https:\/\/www.campingbellaterra.com\/da\/ny-cykelreparationsstation-paa-camping-bella-terra\/#breadcrumb\"},\"inLanguage\":\"da-DK\",\"potentialAction\":[{\"@type\":\"ReadAction\",\"target\":[\"https:\/\/www.campingbellaterra.com\/da\/ny-cykelreparationsstation-paa-camping-bella-terra\/\"]}]},{\"@type\":\"ImageObject\",\"inLanguage\":\"da-DK\",\"@id\":\"https:\/\/www.campingbellaterra.com\/da\/ny-cykelreparationsstation-paa-camping-bella-terra\/#primaryimage\",\"url\":\"https:\/\/www.campingbellaterra.com\/wp-content\/uploads\/ny-cykelreparationsstation.jpg\",\"contentUrl\":\"https:\/\/www.campingbellaterra.com\/wp-content\/uploads\/ny-cykelreparationsstation.jpg\",\"width\":1500,\"height\":1125},{\"@type\":\"BreadcrumbList\",\"@id\":\"https:\/\/www.campingbellaterra.com\/da\/ny-cykelreparationsstation-paa-camping-bella-terra\/#breadcrumb\",\"itemListElement\":[{\"@type\":\"ListItem\",\"position\":1,\"name\":\"Inici\",\"item\":\"https:\/\/www.campingbellaterra.com\/da\/\"},{\"@type\":\"ListItem\",\"position\":2,\"name\":\"Ny cykelreparationsstation p\u00e5 Camping Bella Terra\"}]},{\"@type\":\"WebSite\",\"@id\":\"https:\/\/www.campingbellaterra.com\/da\/#website\",\"url\":\"https:\/\/www.campingbellaterra.com\/da\/\",\"name\":\"Camping Bella Terra\",\"description\":\"Otro sitio realizado con WordPress\",\"publisher\":{\"@id\":\"https:\/\/www.campingbellaterra.com\/da\/#organization\"},\"potentialAction\":[{\"@type\":\"SearchAction\",\"target\":{\"@type\":\"EntryPoint\",\"urlTemplate\":\"https:\/\/www.campingbellaterra.com\/da\/?s={search_term_string}\"},\"query-input\":{\"@type\":\"PropertyValueSpecification\",\"valueRequired\":true,\"valueName\":\"search_term_string\"}}],\"inLanguage\":\"da-DK\"},{\"@type\":\"Organization\",\"@id\":\"https:\/\/www.campingbellaterra.com\/da\/#organization\",\"name\":\"Camping Bella Terra\",\"url\":\"https:\/\/www.campingbellaterra.com\/da\/\",\"logo\":{\"@type\":\"ImageObject\",\"inLanguage\":\"da-DK\",\"@id\":\"https:\/\/www.campingbellaterra.com\/da\/#\/schema\/logo\/image\/\",\"url\":\"https:\/\/www.campingbellaterra.com\/wp-content\/uploads\/logo6.svg\",\"contentUrl\":\"https:\/\/www.campingbellaterra.com\/wp-content\/uploads\/logo6.svg\",\"width\":\"2048\",\"height\":\"2048\",\"caption\":\"Camping Bella Terra\"},\"image\":{\"@id\":\"https:\/\/www.campingbellaterra.com\/da\/#\/schema\/logo\/image\/\"},\"sameAs\":[\"https:\/\/www.facebook.com\/campingbellaterra\/\",\"https:\/\/x.com\/cbellaterra\",\"https:\/\/www.instagram.com\/campingbellaterra\/\",\"https:\/\/www.youtube.com\/c\/Camping-Bellaterra-Blanes\",\"https:\/\/www.tripadvisor.es\/Hotel_Review-g580331-d3328184-Reviews-Camping_Bella_Terra-Blanes_Costa_Brava_Province_of_Girona_Catalonia.html\"]},{\"@type\":\"Person\",\"@id\":\"https:\/\/www.campingbellaterra.com\/da\/#\/schema\/person\/d55882bf9a4557623a111e53bebd64fa\",\"name\":\"edeon\",\"image\":{\"@type\":\"ImageObject\",\"inLanguage\":\"da-DK\",\"@id\":\"https:\/\/www.campingbellaterra.com\/da\/#\/schema\/person\/image\/\",\"url\":\"https:\/\/secure.gravatar.com\/avatar\/0acf6853c1331223f1e6dd9315f43b6c193357018427cf6629ed42a07a8ab707?s=96&d=mm&r=g\",\"contentUrl\":\"https:\/\/secure.gravatar.com\/avatar\/0acf6853c1331223f1e6dd9315f43b6c193357018427cf6629ed42a07a8ab707?s=96&d=mm&r=g\",\"caption\":\"edeon\"},\"url\":\"https:\/\/www.campingbellaterra.com\/da\/author\/edeon\/\"}]}<\/script>\n<!-- \/ Yoast SEO plugin. -->","yoast_head_json":{"title":"Ny cykelreparationsstation p\u00e5 Camping Bella Terra - Camping Bella Terra","description":"Camping Bella Terra, beliggende i Blanes, porten til Costa Brava, har indf\u00f8rt et omr\u00e5de dedikeret til cykelreparationsstation","robots":{"index":"index","follow":"follow","max-snippet":"max-snippet:-1","max-image-preview":"max-image-preview:large","max-video-preview":"max-video-preview:-1"},"canonical":"https:\/\/www.campingbellaterra.com\/da\/ny-cykelreparationsstation-paa-camping-bella-terra\/","og_locale":"da_DK","og_type":"article","og_title":"Ny cykelreparationsstation p\u00e5 Camping Bella Terra - Camping Bella Terra","og_description":"Camping Bella Terra, beliggende i Blanes, porten til Costa Brava, har indf\u00f8rt et omr\u00e5de dedikeret til cykelreparationsstation","og_url":"https:\/\/www.campingbellaterra.com\/da\/ny-cykelreparationsstation-paa-camping-bella-terra\/","og_site_name":"Camping Bella Terra","article_publisher":"https:\/\/www.facebook.com\/campingbellaterra\/","article_published_time":"2024-09-02T09:37:34+00:00","article_modified_time":"2024-09-02T09:39:00+00:00","og_image":[{"width":1500,"height":1125,"url":"https:\/\/www.campingbellaterra.com\/wp-content\/uploads\/ny-cykelreparationsstation.jpg","type":"image\/jpeg"}],"author":"edeon","twitter_card":"summary_large_image","twitter_creator":"@cbellaterra","twitter_site":"@cbellaterra","twitter_misc":{"Skrevet af":"edeon","Estimeret l\u00e6setid":"2 minutter"},"schema":{"@context":"https:\/\/schema.org","@graph":[{"@type":"Article","@id":"https:\/\/www.campingbellaterra.com\/da\/ny-cykelreparationsstation-paa-camping-bella-terra\/#article","isPartOf":{"@id":"https:\/\/www.campingbellaterra.com\/da\/ny-cykelreparationsstation-paa-camping-bella-terra\/"},"author":{"name":"edeon","@id":"https:\/\/www.campingbellaterra.com\/da\/#\/schema\/person\/d55882bf9a4557623a111e53bebd64fa"},"headline":"Ny cykelreparationsstation p\u00e5 Camping Bella Terra","datePublished":"2024-09-02T09:37:34+00:00","dateModified":"2024-09-02T09:39:00+00:00","mainEntityOfPage":{"@id":"https:\/\/www.campingbellaterra.com\/da\/ny-cykelreparationsstation-paa-camping-bella-terra\/"},"wordCount":267,"publisher":{"@id":"https:\/\/www.campingbellaterra.com\/da\/#organization"},"image":{"@id":"https:\/\/www.campingbellaterra.com\/da\/ny-cykelreparationsstation-paa-camping-bella-terra\/#primaryimage"},"thumbnailUrl":"https:\/\/www.campingbellaterra.com\/wp-content\/uploads\/ny-cykelreparationsstation.jpg","articleSection":["Tjenester"],"inLanguage":"da-DK"},{"@type":"WebPage","@id":"https:\/\/www.campingbellaterra.com\/da\/ny-cykelreparationsstation-paa-camping-bella-terra\/","url":"https:\/\/www.campingbellaterra.com\/da\/ny-cykelreparationsstation-paa-camping-bella-terra\/","name":"Ny cykelreparationsstation p\u00e5 Camping Bella Terra - Camping Bella Terra","isPartOf":{"@id":"https:\/\/www.campingbellaterra.com\/da\/#website"},"primaryImageOfPage":{"@id":"https:\/\/www.campingbellaterra.com\/da\/ny-cykelreparationsstation-paa-camping-bella-terra\/#primaryimage"},"image":{"@id":"https:\/\/www.campingbellaterra.com\/da\/ny-cykelreparationsstation-paa-camping-bella-terra\/#primaryimage"},"thumbnailUrl":"https:\/\/www.campingbellaterra.com\/wp-content\/uploads\/ny-cykelreparationsstation.jpg","datePublished":"2024-09-02T09:37:34+00:00","dateModified":"2024-09-02T09:39:00+00:00","description":"Camping Bella Terra, beliggende i Blanes, porten til Costa Brava, har indf\u00f8rt et omr\u00e5de dedikeret til cykelreparationsstation","breadcrumb":{"@id":"https:\/\/www.campingbellaterra.com\/da\/ny-cykelreparationsstation-paa-camping-bella-terra\/#breadcrumb"},"inLanguage":"da-DK","potentialAction":[{"@type":"ReadAction","target":["https:\/\/www.campingbellaterra.com\/da\/ny-cykelreparationsstation-paa-camping-bella-terra\/"]}]},{"@type":"ImageObject","inLanguage":"da-DK","@id":"https:\/\/www.campingbellaterra.com\/da\/ny-cykelreparationsstation-paa-camping-bella-terra\/#primaryimage","url":"https:\/\/www.campingbellaterra.com\/wp-content\/uploads\/ny-cykelreparationsstation.jpg","contentUrl":"https:\/\/www.campingbellaterra.com\/wp-content\/uploads\/ny-cykelreparationsstation.jpg","width":1500,"height":1125},{"@type":"BreadcrumbList","@id":"https:\/\/www.campingbellaterra.com\/da\/ny-cykelreparationsstation-paa-camping-bella-terra\/#breadcrumb","itemListElement":[{"@type":"ListItem","position":1,"name":"Inici","item":"https:\/\/www.campingbellaterra.com\/da\/"},{"@type":"ListItem","position":2,"name":"Ny cykelreparationsstation p\u00e5 Camping Bella Terra"}]},{"@type":"WebSite","@id":"https:\/\/www.campingbellaterra.com\/da\/#website","url":"https:\/\/www.campingbellaterra.com\/da\/","name":"Camping Bella Terra","description":"Otro sitio realizado con WordPress","publisher":{"@id":"https:\/\/www.campingbellaterra.com\/da\/#organization"},"potentialAction":[{"@type":"SearchAction","target":{"@type":"EntryPoint","urlTemplate":"https:\/\/www.campingbellaterra.com\/da\/?s={search_term_string}"},"query-input":{"@type":"PropertyValueSpecification","valueRequired":true,"valueName":"search_term_string"}}],"inLanguage":"da-DK"},{"@type":"Organization","@id":"https:\/\/www.campingbellaterra.com\/da\/#organization","name":"Camping Bella Terra","url":"https:\/\/www.campingbellaterra.com\/da\/","logo":{"@type":"ImageObject","inLanguage":"da-DK","@id":"https:\/\/www.campingbellaterra.com\/da\/#\/schema\/logo\/image\/","url":"https:\/\/www.campingbellaterra.com\/wp-content\/uploads\/logo6.svg","contentUrl":"https:\/\/www.campingbellaterra.com\/wp-content\/uploads\/logo6.svg","width":"2048","height":"2048","caption":"Camping Bella Terra"},"image":{"@id":"https:\/\/www.campingbellaterra.com\/da\/#\/schema\/logo\/image\/"},"sameAs":["https:\/\/www.facebook.com\/campingbellaterra\/","https:\/\/x.com\/cbellaterra","https:\/\/www.instagram.com\/campingbellaterra\/","https:\/\/www.youtube.com\/c\/Camping-Bellaterra-Blanes","https:\/\/www.tripadvisor.es\/Hotel_Review-g580331-d3328184-Reviews-Camping_Bella_Terra-Blanes_Costa_Brava_Province_of_Girona_Catalonia.html"]},{"@type":"Person","@id":"https:\/\/www.campingbellaterra.com\/da\/#\/schema\/person\/d55882bf9a4557623a111e53bebd64fa","name":"edeon","image":{"@type":"ImageObject","inLanguage":"da-DK","@id":"https:\/\/www.campingbellaterra.com\/da\/#\/schema\/person\/image\/","url":"https:\/\/secure.gravatar.com\/avatar\/0acf6853c1331223f1e6dd9315f43b6c193357018427cf6629ed42a07a8ab707?s=96&d=mm&r=g","contentUrl":"https:\/\/secure.gravatar.com\/avatar\/0acf6853c1331223f1e6dd9315f43b6c193357018427cf6629ed42a07a8ab707?s=96&d=mm&r=g","caption":"edeon"},"url":"https:\/\/www.campingbellaterra.com\/da\/author\/edeon\/"}]}},"_links":{"self":[{"href":"https:\/\/www.campingbellaterra.com\/da\/wp-json\/wp\/v2\/posts\/19906","targetHints":{"allow":["GET"]}}],"collection":[{"href":"https:\/\/www.campingbellaterra.com\/da\/wp-json\/wp\/v2\/posts"}],"about":[{"href":"https:\/\/www.campingbellaterra.com\/da\/wp-json\/wp\/v2\/types\/post"}],"author":[{"embeddable":true,"href":"https:\/\/www.campingbellaterra.com\/da\/wp-json\/wp\/v2\/users\/3"}],"replies":[{"embeddable":true,"href":"https:\/\/www.campingbellaterra.com\/da\/wp-json\/wp\/v2\/comments?post=19906"}],"version-history":[{"count":1,"href":"https:\/\/www.campingbellaterra.com\/da\/wp-json\/wp\/v2\/posts\/19906\/revisions"}],"predecessor-version":[{"id":19914,"href":"https:\/\/www.campingbellaterra.com\/da\/wp-json\/wp\/v2\/posts\/19906\/revisions\/19914"}],"wp:featuredmedia":[{"embeddable":true,"href":"https:\/\/www.campingbellaterra.com\/da\/wp-json\/wp\/v2\/media\/19907"}],"wp:attachment":[{"href":"https:\/\/www.campingbellaterra.com\/da\/wp-json\/wp\/v2\/media?parent=19906"}],"wp:term":[{"taxonomy":"category","embeddable":true,"href":"https:\/\/www.campingbellaterra.com\/da\/wp-json\/wp\/v2\/categories?post=19906"},{"taxonomy":"post_tag","embeddable":true,"href":"https:\/\/www.campingbellaterra.com\/da\/wp-json\/wp\/v2\/tags?post=19906"}],"curies":[{"name":"wp","href":"https:\/\/api.w.org\/{rel}","templated":true}]}}