{"id":20978,"date":"2025-05-29T08:33:50","date_gmt":"2025-05-29T06:33:50","guid":{"rendered":"https:\/\/www.campingbellaterra.com\/?p=20978"},"modified":"2025-05-29T08:33:51","modified_gmt":"2025-05-29T06:33:51","slug":"stem-paa-camping-bella-terra-som-aarets-campingplads-2025-og-vind-et-gratis-ophold","status":"publish","type":"post","link":"https:\/\/www.campingbellaterra.com\/da\/stem-paa-camping-bella-terra-som-aarets-campingplads-2025-og-vind-et-gratis-ophold\/","title":{"rendered":"Stem p\u00e5 Camping Bella Terra som \u2018\u00c5rets Campingplads 2025\u2019 og vind et gratis ophold"},"content":{"rendered":"<hr class=\"wp-block-separator has-alpha-channel-opacity\">\n\n\n\n<p class=\"has-normal-font-size\">Vi er meget glade for at kunne annoncere, at <strong>Camping Bella Terra<\/strong> igen er med i konkurrencen om den prestigefyldte titel <strong>\u201c\u00c5rets Campingplads 2025\u201d<\/strong> \u2013 en pris, der anerkender kvaliteten af campingpladserne i Girona og baseres p\u00e5 den vigtigste stemme: vores campisters.<\/p>\n\n\n\n<p>Denne s\u00e6rlige pris uddeles under <strong>&#8220;Girona Campingpladsernes Aften&#8221;<\/strong>, som finder sted i september i forbindelse med <strong>Girocamping PRO 2025<\/strong>. Den offentlige afstemning er nu \u00e5ben og l\u00f8ber frem til <strong>31. august 2025<\/strong>.<\/p>\n\n\n\n<p>Sidste \u00e5r blev Camping Bella Terra anerkendt som en af de <strong>10 bedste campingpladser i Girona i 2024<\/strong> \u2013 en pris, vi modtog med stor begejstring, og som ikke ville have v\u00e6ret mulig uden jeres st\u00f8tte. Nu h\u00e5ber vi at kunne regne med jer igen!<\/p>\n\n\n\n<p><strong>S\u00e5dan deltager du i afstemningen:<\/strong><\/p>\n\n\n\n<p>Afstemningen er \u00e5ben indtil 31. august 2025.<\/p>\n\n\n\n<ul class=\"wp-block-list\">\n<li>G\u00e5 til afstemningslinket: <a class href=\"https:\/\/pr.easypromosapp.com\/p\/992105\">https:\/\/pr.easypromosapp.com\/p\/992105<\/a><\/li>\n\n\n\n<li>V\u00e6lg Camping Bella Terra som en af dine tre favoritcampingpladser<\/li>\n\n\n\n<li>Udfyld formularen med dine personlige oplysninger<\/li>\n\n\n\n<li>Og s\u00e5 har du stemt!<\/li>\n<\/ul>\n\n\n\n<p><strong>Hvad kan du vinde?<\/strong><br>Alle der deltager i afstemningen deltager i lodtr\u00e6kningen om et <strong>gratis weekendophold p\u00e5 den vindende campingplads<\/strong>: 2 overnatninger for 4 personer i bungalow eller lignende indkvartering.<\/p>\n\n\n\n<p><strong>Vigtigt:<\/strong> Kun dem, der har stemt p\u00e5 den campingplads, der vinder, deltager i lodtr\u00e6kningen.<\/p>\n\n\n\n<p><strong>Lad os g\u00f8re det sammen!<\/strong><br>Hos Camping Bella Terra opfordrer vi jer til at stemme og dele initiativet med venner, familie og rejsef\u00e6ller. Med jeres st\u00f8tte er alt muligt. Vi vil elske at kunne g\u00e5 p\u00e5 scenen igen og dedikere denne pris til jer som en tak for den tillid, I viser os \u00e5r efter \u00e5r.<\/p>\n\n\n\n<p><strong>Mange tak for at g\u00f8re det muligt!<\/strong><\/p>\n\n\n\n<figure class=\"wp-block-image aligncenter size-full\"><noscript><img decoding=\"async\" width=\"1241\" height=\"1754\" src=\"https:\/\/www.campingbellaterra.com\/wp-content\/uploads\/camping-bella-terra-as-camping-of-the-year-2025.jpg\" alt class=\"wp-image-20964\" srcset=\"https:\/\/www.campingbellaterra.com\/wp-content\/uploads\/camping-bella-terra-as-camping-of-the-year-2025.jpg 1241w, https:\/\/www.campingbellaterra.com\/wp-content\/uploads\/camping-bella-terra-as-camping-of-the-year-2025-725x1024.jpg 725w, https:\/\/www.campingbellaterra.com\/wp-content\/uploads\/camping-bella-terra-as-camping-of-the-year-2025-768x1085.jpg 768w, https:\/\/www.campingbellaterra.com\/wp-content\/uploads\/camping-bella-terra-as-camping-of-the-year-2025-1087x1536.jpg 1087w\" sizes=\"(max-width: 1241px) 100vw, 1241px\"><\/noscript><img decoding=\"async\" width=\"1241\" height=\"1754\" src=\"data:image\/svg+xml,%3Csvg%20xmlns%3D%22http%3A%2F%2Fwww.w3.org%2F2000%2Fsvg%22%20viewBox%3D%220%200%201241%201754%22%3E%3C%2Fsvg%3E\" alt class=\"wp-image-20964 lazyload\" srcset=\"data:image\/svg+xml,%3Csvg%20xmlns%3D%22http%3A%2F%2Fwww.w3.org%2F2000%2Fsvg%22%20viewBox%3D%220%200%201241%201754%22%3E%3C%2Fsvg%3E 1241w\" sizes=\"(max-width: 1241px) 100vw, 1241px\" data-srcset=\"https:\/\/www.campingbellaterra.com\/wp-content\/uploads\/camping-bella-terra-as-camping-of-the-year-2025.jpg 1241w, https:\/\/www.campingbellaterra.com\/wp-content\/uploads\/camping-bella-terra-as-camping-of-the-year-2025-725x1024.jpg 725w, https:\/\/www.campingbellaterra.com\/wp-content\/uploads\/camping-bella-terra-as-camping-of-the-year-2025-768x1085.jpg 768w, https:\/\/www.campingbellaterra.com\/wp-content\/uploads\/camping-bella-terra-as-camping-of-the-year-2025-1087x1536.jpg 1087w\" data-src=\"https:\/\/www.campingbellaterra.com\/wp-content\/uploads\/camping-bella-terra-as-camping-of-the-year-2025.jpg\"><\/figure>\n","protected":false},"excerpt":{"rendered":"<p>Vi er meget glade for at kunne annoncere, at Camping Bella Terra igen er med i konkurrencen om den prestigefyldte titel \u201c\u00c5rets Campingplads 2025\u201d \u2013&#8230;<\/p>\n","protected":false},"author":3,"featured_media":20951,"comment_status":"closed","ping_status":"closed","sticky":false,"template":"","format":"standard","meta":{"_acf_changed":false,"inline_featured_image":false,"_monsterinsights_skip_tracking":false,"_monsterinsights_sitenote_active":false,"_monsterinsights_sitenote_note":"","_monsterinsights_sitenote_category":0,"footnotes":""},"categories":[2407],"tags":[2446],"class_list":["post-20978","post","type-post","status-publish","format-standard","has-post-thumbnail","hentry","category-camping-bella-terra-7","tag-aarets-campingplads"],"acf":[],"yoast_head":"<!-- This site is optimized with the Yoast SEO plugin v27.0 - https:\/\/yoast.com\/product\/yoast-seo-wordpress\/ -->\n<title>Stem p\u00e5 Camping Bella Terra som \u2018\u00c5rets Campingplads 2025\u2019<\/title>\n<meta name=\"description\" content=\"At Camping Bella Terra igen er med i konkurrencen om den prestigefyldte titel \u201c\u00c5rets Campingplads 2025\u201d \u2013 en pris\" \/>\n<meta name=\"robots\" content=\"index, follow, max-snippet:-1, max-image-preview:large, max-video-preview:-1\" \/>\n<link rel=\"canonical\" href=\"https:\/\/www.campingbellaterra.com\/da\/stem-paa-camping-bella-terra-som-aarets-campingplads-2025-og-vind-et-gratis-ophold\/\" \/>\n<meta property=\"og:locale\" content=\"da_DK\" \/>\n<meta property=\"og:type\" content=\"article\" \/>\n<meta property=\"og:title\" content=\"Stem p\u00e5 Camping Bella Terra som \u2018\u00c5rets Campingplads 2025\u2019\" \/>\n<meta property=\"og:description\" content=\"At Camping Bella Terra igen er med i konkurrencen om den prestigefyldte titel \u201c\u00c5rets Campingplads 2025\u201d \u2013 en pris\" \/>\n<meta property=\"og:url\" content=\"https:\/\/www.campingbellaterra.com\/da\/stem-paa-camping-bella-terra-som-aarets-campingplads-2025-og-vind-et-gratis-ophold\/\" \/>\n<meta property=\"og:site_name\" content=\"Camping Bella Terra\" \/>\n<meta property=\"article:publisher\" content=\"https:\/\/www.facebook.com\/campingbellaterra\/\" \/>\n<meta property=\"article:published_time\" content=\"2025-05-29T06:33:50+00:00\" \/>\n<meta property=\"article:modified_time\" content=\"2025-05-29T06:33:51+00:00\" \/>\n<meta property=\"og:image\" content=\"https:\/\/www.campingbellaterra.com\/wp-content\/uploads\/cb-camping-de-lany-2025.jpg\" \/>\n\t<meta property=\"og:image:width\" content=\"2048\" \/>\n\t<meta property=\"og:image:height\" content=\"1218\" \/>\n\t<meta property=\"og:image:type\" content=\"image\/jpeg\" \/>\n<meta name=\"author\" content=\"edeon\" \/>\n<meta name=\"twitter:card\" content=\"summary_large_image\" \/>\n<meta name=\"twitter:creator\" content=\"@cbellaterra\" \/>\n<meta name=\"twitter:site\" content=\"@cbellaterra\" \/>\n<meta name=\"twitter:label1\" content=\"Skrevet af\" \/>\n\t<meta name=\"twitter:data1\" content=\"edeon\" \/>\n\t<meta name=\"twitter:label2\" content=\"Estimeret l\u00e6setid\" \/>\n\t<meta name=\"twitter:data2\" content=\"2 minutter\" \/>\n<script type=\"application\/ld+json\" class=\"yoast-schema-graph\">{\"@context\":\"https:\/\/schema.org\",\"@graph\":[{\"@type\":\"Article\",\"@id\":\"https:\/\/www.campingbellaterra.com\/da\/stem-paa-camping-bella-terra-som-aarets-campingplads-2025-og-vind-et-gratis-ophold\/#article\",\"isPartOf\":{\"@id\":\"https:\/\/www.campingbellaterra.com\/da\/stem-paa-camping-bella-terra-som-aarets-campingplads-2025-og-vind-et-gratis-ophold\/\"},\"author\":{\"name\":\"edeon\",\"@id\":\"https:\/\/www.campingbellaterra.com\/da\/#\/schema\/person\/d55882bf9a4557623a111e53bebd64fa\"},\"headline\":\"Stem p\u00e5 Camping Bella Terra som \u2018\u00c5rets Campingplads 2025\u2019 og vind et gratis ophold\",\"datePublished\":\"2025-05-29T06:33:50+00:00\",\"dateModified\":\"2025-05-29T06:33:51+00:00\",\"mainEntityOfPage\":{\"@id\":\"https:\/\/www.campingbellaterra.com\/da\/stem-paa-camping-bella-terra-som-aarets-campingplads-2025-og-vind-et-gratis-ophold\/\"},\"wordCount\":281,\"publisher\":{\"@id\":\"https:\/\/www.campingbellaterra.com\/da\/#organization\"},\"image\":{\"@id\":\"https:\/\/www.campingbellaterra.com\/da\/stem-paa-camping-bella-terra-som-aarets-campingplads-2025-og-vind-et-gratis-ophold\/#primaryimage\"},\"thumbnailUrl\":\"https:\/\/www.campingbellaterra.com\/wp-content\/uploads\/cb-camping-de-lany-2025.jpg\",\"keywords\":[\"\u00c5rets Campingplads\"],\"articleSection\":[\"Camping Bella Terra\"],\"inLanguage\":\"da-DK\"},{\"@type\":\"WebPage\",\"@id\":\"https:\/\/www.campingbellaterra.com\/da\/stem-paa-camping-bella-terra-som-aarets-campingplads-2025-og-vind-et-gratis-ophold\/\",\"url\":\"https:\/\/www.campingbellaterra.com\/da\/stem-paa-camping-bella-terra-som-aarets-campingplads-2025-og-vind-et-gratis-ophold\/\",\"name\":\"Stem p\u00e5 Camping Bella Terra som \u2018\u00c5rets Campingplads 2025\u2019\",\"isPartOf\":{\"@id\":\"https:\/\/www.campingbellaterra.com\/da\/#website\"},\"primaryImageOfPage\":{\"@id\":\"https:\/\/www.campingbellaterra.com\/da\/stem-paa-camping-bella-terra-som-aarets-campingplads-2025-og-vind-et-gratis-ophold\/#primaryimage\"},\"image\":{\"@id\":\"https:\/\/www.campingbellaterra.com\/da\/stem-paa-camping-bella-terra-som-aarets-campingplads-2025-og-vind-et-gratis-ophold\/#primaryimage\"},\"thumbnailUrl\":\"https:\/\/www.campingbellaterra.com\/wp-content\/uploads\/cb-camping-de-lany-2025.jpg\",\"datePublished\":\"2025-05-29T06:33:50+00:00\",\"dateModified\":\"2025-05-29T06:33:51+00:00\",\"description\":\"At Camping Bella Terra igen er med i konkurrencen om den prestigefyldte titel \u201c\u00c5rets Campingplads 2025\u201d \u2013 en pris\",\"breadcrumb\":{\"@id\":\"https:\/\/www.campingbellaterra.com\/da\/stem-paa-camping-bella-terra-som-aarets-campingplads-2025-og-vind-et-gratis-ophold\/#breadcrumb\"},\"inLanguage\":\"da-DK\",\"potentialAction\":[{\"@type\":\"ReadAction\",\"target\":[\"https:\/\/www.campingbellaterra.com\/da\/stem-paa-camping-bella-terra-som-aarets-campingplads-2025-og-vind-et-gratis-ophold\/\"]}]},{\"@type\":\"ImageObject\",\"inLanguage\":\"da-DK\",\"@id\":\"https:\/\/www.campingbellaterra.com\/da\/stem-paa-camping-bella-terra-som-aarets-campingplads-2025-og-vind-et-gratis-ophold\/#primaryimage\",\"url\":\"https:\/\/www.campingbellaterra.com\/wp-content\/uploads\/cb-camping-de-lany-2025.jpg\",\"contentUrl\":\"https:\/\/www.campingbellaterra.com\/wp-content\/uploads\/cb-camping-de-lany-2025.jpg\",\"width\":2048,\"height\":1218,\"caption\":\"Vota pel C\u00e0mping Bella Terra com a \u2018C\u00e0mping de l\u2019Any 2025\u2019 i guanya una estada gratu\u00efta!\"},{\"@type\":\"BreadcrumbList\",\"@id\":\"https:\/\/www.campingbellaterra.com\/da\/stem-paa-camping-bella-terra-som-aarets-campingplads-2025-og-vind-et-gratis-ophold\/#breadcrumb\",\"itemListElement\":[{\"@type\":\"ListItem\",\"position\":1,\"name\":\"Inici\",\"item\":\"https:\/\/www.campingbellaterra.com\/da\/\"},{\"@type\":\"ListItem\",\"position\":2,\"name\":\"Stem p\u00e5 Camping Bella Terra som \u2018\u00c5rets Campingplads 2025\u2019 og vind et gratis ophold\"}]},{\"@type\":\"WebSite\",\"@id\":\"https:\/\/www.campingbellaterra.com\/da\/#website\",\"url\":\"https:\/\/www.campingbellaterra.com\/da\/\",\"name\":\"Camping Bella Terra\",\"description\":\"Otro sitio realizado con WordPress\",\"publisher\":{\"@id\":\"https:\/\/www.campingbellaterra.com\/da\/#organization\"},\"potentialAction\":[{\"@type\":\"SearchAction\",\"target\":{\"@type\":\"EntryPoint\",\"urlTemplate\":\"https:\/\/www.campingbellaterra.com\/da\/?s={search_term_string}\"},\"query-input\":{\"@type\":\"PropertyValueSpecification\",\"valueRequired\":true,\"valueName\":\"search_term_string\"}}],\"inLanguage\":\"da-DK\"},{\"@type\":\"Organization\",\"@id\":\"https:\/\/www.campingbellaterra.com\/da\/#organization\",\"name\":\"Camping Bella Terra\",\"url\":\"https:\/\/www.campingbellaterra.com\/da\/\",\"logo\":{\"@type\":\"ImageObject\",\"inLanguage\":\"da-DK\",\"@id\":\"https:\/\/www.campingbellaterra.com\/da\/#\/schema\/logo\/image\/\",\"url\":\"https:\/\/www.campingbellaterra.com\/wp-content\/uploads\/logo6.svg\",\"contentUrl\":\"https:\/\/www.campingbellaterra.com\/wp-content\/uploads\/logo6.svg\",\"width\":\"2048\",\"height\":\"2048\",\"caption\":\"Camping Bella Terra\"},\"image\":{\"@id\":\"https:\/\/www.campingbellaterra.com\/da\/#\/schema\/logo\/image\/\"},\"sameAs\":[\"https:\/\/www.facebook.com\/campingbellaterra\/\",\"https:\/\/x.com\/cbellaterra\",\"https:\/\/www.instagram.com\/campingbellaterra\/\",\"https:\/\/www.youtube.com\/c\/Camping-Bellaterra-Blanes\",\"https:\/\/www.tripadvisor.es\/Hotel_Review-g580331-d3328184-Reviews-Camping_Bella_Terra-Blanes_Costa_Brava_Province_of_Girona_Catalonia.html\"]},{\"@type\":\"Person\",\"@id\":\"https:\/\/www.campingbellaterra.com\/da\/#\/schema\/person\/d55882bf9a4557623a111e53bebd64fa\",\"name\":\"edeon\",\"image\":{\"@type\":\"ImageObject\",\"inLanguage\":\"da-DK\",\"@id\":\"https:\/\/www.campingbellaterra.com\/da\/#\/schema\/person\/image\/\",\"url\":\"https:\/\/secure.gravatar.com\/avatar\/0acf6853c1331223f1e6dd9315f43b6c193357018427cf6629ed42a07a8ab707?s=96&d=mm&r=g\",\"contentUrl\":\"https:\/\/secure.gravatar.com\/avatar\/0acf6853c1331223f1e6dd9315f43b6c193357018427cf6629ed42a07a8ab707?s=96&d=mm&r=g\",\"caption\":\"edeon\"},\"url\":\"https:\/\/www.campingbellaterra.com\/da\/author\/edeon\/\"}]}<\/script>\n<!-- \/ Yoast SEO plugin. -->","yoast_head_json":{"title":"Stem p\u00e5 Camping Bella Terra som \u2018\u00c5rets Campingplads 2025\u2019","description":"At Camping Bella Terra igen er med i konkurrencen om den prestigefyldte titel \u201c\u00c5rets Campingplads 2025\u201d \u2013 en pris","robots":{"index":"index","follow":"follow","max-snippet":"max-snippet:-1","max-image-preview":"max-image-preview:large","max-video-preview":"max-video-preview:-1"},"canonical":"https:\/\/www.campingbellaterra.com\/da\/stem-paa-camping-bella-terra-som-aarets-campingplads-2025-og-vind-et-gratis-ophold\/","og_locale":"da_DK","og_type":"article","og_title":"Stem p\u00e5 Camping Bella Terra som \u2018\u00c5rets Campingplads 2025\u2019","og_description":"At Camping Bella Terra igen er med i konkurrencen om den prestigefyldte titel \u201c\u00c5rets Campingplads 2025\u201d \u2013 en pris","og_url":"https:\/\/www.campingbellaterra.com\/da\/stem-paa-camping-bella-terra-som-aarets-campingplads-2025-og-vind-et-gratis-ophold\/","og_site_name":"Camping Bella Terra","article_publisher":"https:\/\/www.facebook.com\/campingbellaterra\/","article_published_time":"2025-05-29T06:33:50+00:00","article_modified_time":"2025-05-29T06:33:51+00:00","og_image":[{"width":2048,"height":1218,"url":"https:\/\/www.campingbellaterra.com\/wp-content\/uploads\/cb-camping-de-lany-2025.jpg","type":"image\/jpeg"}],"author":"edeon","twitter_card":"summary_large_image","twitter_creator":"@cbellaterra","twitter_site":"@cbellaterra","twitter_misc":{"Skrevet af":"edeon","Estimeret l\u00e6setid":"2 minutter"},"schema":{"@context":"https:\/\/schema.org","@graph":[{"@type":"Article","@id":"https:\/\/www.campingbellaterra.com\/da\/stem-paa-camping-bella-terra-som-aarets-campingplads-2025-og-vind-et-gratis-ophold\/#article","isPartOf":{"@id":"https:\/\/www.campingbellaterra.com\/da\/stem-paa-camping-bella-terra-som-aarets-campingplads-2025-og-vind-et-gratis-ophold\/"},"author":{"name":"edeon","@id":"https:\/\/www.campingbellaterra.com\/da\/#\/schema\/person\/d55882bf9a4557623a111e53bebd64fa"},"headline":"Stem p\u00e5 Camping Bella Terra som \u2018\u00c5rets Campingplads 2025\u2019 og vind et gratis ophold","datePublished":"2025-05-29T06:33:50+00:00","dateModified":"2025-05-29T06:33:51+00:00","mainEntityOfPage":{"@id":"https:\/\/www.campingbellaterra.com\/da\/stem-paa-camping-bella-terra-som-aarets-campingplads-2025-og-vind-et-gratis-ophold\/"},"wordCount":281,"publisher":{"@id":"https:\/\/www.campingbellaterra.com\/da\/#organization"},"image":{"@id":"https:\/\/www.campingbellaterra.com\/da\/stem-paa-camping-bella-terra-som-aarets-campingplads-2025-og-vind-et-gratis-ophold\/#primaryimage"},"thumbnailUrl":"https:\/\/www.campingbellaterra.com\/wp-content\/uploads\/cb-camping-de-lany-2025.jpg","keywords":["\u00c5rets Campingplads"],"articleSection":["Camping Bella Terra"],"inLanguage":"da-DK"},{"@type":"WebPage","@id":"https:\/\/www.campingbellaterra.com\/da\/stem-paa-camping-bella-terra-som-aarets-campingplads-2025-og-vind-et-gratis-ophold\/","url":"https:\/\/www.campingbellaterra.com\/da\/stem-paa-camping-bella-terra-som-aarets-campingplads-2025-og-vind-et-gratis-ophold\/","name":"Stem p\u00e5 Camping Bella Terra som \u2018\u00c5rets Campingplads 2025\u2019","isPartOf":{"@id":"https:\/\/www.campingbellaterra.com\/da\/#website"},"primaryImageOfPage":{"@id":"https:\/\/www.campingbellaterra.com\/da\/stem-paa-camping-bella-terra-som-aarets-campingplads-2025-og-vind-et-gratis-ophold\/#primaryimage"},"image":{"@id":"https:\/\/www.campingbellaterra.com\/da\/stem-paa-camping-bella-terra-som-aarets-campingplads-2025-og-vind-et-gratis-ophold\/#primaryimage"},"thumbnailUrl":"https:\/\/www.campingbellaterra.com\/wp-content\/uploads\/cb-camping-de-lany-2025.jpg","datePublished":"2025-05-29T06:33:50+00:00","dateModified":"2025-05-29T06:33:51+00:00","description":"At Camping Bella Terra igen er med i konkurrencen om den prestigefyldte titel \u201c\u00c5rets Campingplads 2025\u201d \u2013 en pris","breadcrumb":{"@id":"https:\/\/www.campingbellaterra.com\/da\/stem-paa-camping-bella-terra-som-aarets-campingplads-2025-og-vind-et-gratis-ophold\/#breadcrumb"},"inLanguage":"da-DK","potentialAction":[{"@type":"ReadAction","target":["https:\/\/www.campingbellaterra.com\/da\/stem-paa-camping-bella-terra-som-aarets-campingplads-2025-og-vind-et-gratis-ophold\/"]}]},{"@type":"ImageObject","inLanguage":"da-DK","@id":"https:\/\/www.campingbellaterra.com\/da\/stem-paa-camping-bella-terra-som-aarets-campingplads-2025-og-vind-et-gratis-ophold\/#primaryimage","url":"https:\/\/www.campingbellaterra.com\/wp-content\/uploads\/cb-camping-de-lany-2025.jpg","contentUrl":"https:\/\/www.campingbellaterra.com\/wp-content\/uploads\/cb-camping-de-lany-2025.jpg","width":2048,"height":1218,"caption":"Vota pel C\u00e0mping Bella Terra com a \u2018C\u00e0mping de l\u2019Any 2025\u2019 i guanya una estada gratu\u00efta!"},{"@type":"BreadcrumbList","@id":"https:\/\/www.campingbellaterra.com\/da\/stem-paa-camping-bella-terra-som-aarets-campingplads-2025-og-vind-et-gratis-ophold\/#breadcrumb","itemListElement":[{"@type":"ListItem","position":1,"name":"Inici","item":"https:\/\/www.campingbellaterra.com\/da\/"},{"@type":"ListItem","position":2,"name":"Stem p\u00e5 Camping Bella Terra som \u2018\u00c5rets Campingplads 2025\u2019 og vind et gratis ophold"}]},{"@type":"WebSite","@id":"https:\/\/www.campingbellaterra.com\/da\/#website","url":"https:\/\/www.campingbellaterra.com\/da\/","name":"Camping Bella Terra","description":"Otro sitio realizado con WordPress","publisher":{"@id":"https:\/\/www.campingbellaterra.com\/da\/#organization"},"potentialAction":[{"@type":"SearchAction","target":{"@type":"EntryPoint","urlTemplate":"https:\/\/www.campingbellaterra.com\/da\/?s={search_term_string}"},"query-input":{"@type":"PropertyValueSpecification","valueRequired":true,"valueName":"search_term_string"}}],"inLanguage":"da-DK"},{"@type":"Organization","@id":"https:\/\/www.campingbellaterra.com\/da\/#organization","name":"Camping Bella Terra","url":"https:\/\/www.campingbellaterra.com\/da\/","logo":{"@type":"ImageObject","inLanguage":"da-DK","@id":"https:\/\/www.campingbellaterra.com\/da\/#\/schema\/logo\/image\/","url":"https:\/\/www.campingbellaterra.com\/wp-content\/uploads\/logo6.svg","contentUrl":"https:\/\/www.campingbellaterra.com\/wp-content\/uploads\/logo6.svg","width":"2048","height":"2048","caption":"Camping Bella Terra"},"image":{"@id":"https:\/\/www.campingbellaterra.com\/da\/#\/schema\/logo\/image\/"},"sameAs":["https:\/\/www.facebook.com\/campingbellaterra\/","https:\/\/x.com\/cbellaterra","https:\/\/www.instagram.com\/campingbellaterra\/","https:\/\/www.youtube.com\/c\/Camping-Bellaterra-Blanes","https:\/\/www.tripadvisor.es\/Hotel_Review-g580331-d3328184-Reviews-Camping_Bella_Terra-Blanes_Costa_Brava_Province_of_Girona_Catalonia.html"]},{"@type":"Person","@id":"https:\/\/www.campingbellaterra.com\/da\/#\/schema\/person\/d55882bf9a4557623a111e53bebd64fa","name":"edeon","image":{"@type":"ImageObject","inLanguage":"da-DK","@id":"https:\/\/www.campingbellaterra.com\/da\/#\/schema\/person\/image\/","url":"https:\/\/secure.gravatar.com\/avatar\/0acf6853c1331223f1e6dd9315f43b6c193357018427cf6629ed42a07a8ab707?s=96&d=mm&r=g","contentUrl":"https:\/\/secure.gravatar.com\/avatar\/0acf6853c1331223f1e6dd9315f43b6c193357018427cf6629ed42a07a8ab707?s=96&d=mm&r=g","caption":"edeon"},"url":"https:\/\/www.campingbellaterra.com\/da\/author\/edeon\/"}]}},"_links":{"self":[{"href":"https:\/\/www.campingbellaterra.com\/da\/wp-json\/wp\/v2\/posts\/20978","targetHints":{"allow":["GET"]}}],"collection":[{"href":"https:\/\/www.campingbellaterra.com\/da\/wp-json\/wp\/v2\/posts"}],"about":[{"href":"https:\/\/www.campingbellaterra.com\/da\/wp-json\/wp\/v2\/types\/post"}],"author":[{"embeddable":true,"href":"https:\/\/www.campingbellaterra.com\/da\/wp-json\/wp\/v2\/users\/3"}],"replies":[{"embeddable":true,"href":"https:\/\/www.campingbellaterra.com\/da\/wp-json\/wp\/v2\/comments?post=20978"}],"version-history":[{"count":1,"href":"https:\/\/www.campingbellaterra.com\/da\/wp-json\/wp\/v2\/posts\/20978\/revisions"}],"predecessor-version":[{"id":20979,"href":"https:\/\/www.campingbellaterra.com\/da\/wp-json\/wp\/v2\/posts\/20978\/revisions\/20979"}],"wp:featuredmedia":[{"embeddable":true,"href":"https:\/\/www.campingbellaterra.com\/da\/wp-json\/wp\/v2\/media\/20951"}],"wp:attachment":[{"href":"https:\/\/www.campingbellaterra.com\/da\/wp-json\/wp\/v2\/media?parent=20978"}],"wp:term":[{"taxonomy":"category","embeddable":true,"href":"https:\/\/www.campingbellaterra.com\/da\/wp-json\/wp\/v2\/categories?post=20978"},{"taxonomy":"post_tag","embeddable":true,"href":"https:\/\/www.campingbellaterra.com\/da\/wp-json\/wp\/v2\/tags?post=20978"}],"curies":[{"name":"wp","href":"https:\/\/api.w.org\/{rel}","templated":true}]}}