{"id":21149,"date":"2025-07-31T08:37:40","date_gmt":"2025-07-31T06:37:40","guid":{"rendered":"https:\/\/www.campingbellaterra.com\/?p=21149"},"modified":"2025-07-31T08:37:41","modified_gmt":"2025-07-31T06:37:41","slug":"camping-bella-terra-installerer-ny-ladestation-til-elbiler","status":"publish","type":"post","link":"https:\/\/www.campingbellaterra.com\/da\/camping-bella-terra-installerer-ny-ladestation-til-elbiler\/","title":{"rendered":"Camping Bella Terra installerer ny ladestation til elbiler"},"content":{"rendered":"\n<p>P\u00e5 <strong>Camping Bella Terra<\/strong> forts\u00e6tter vi vores rejse mod en mere <strong>ansvarlig, b\u00e6redygtig og milj\u00f8venlig form for turisme<\/strong>. Derfor har vi for nylig installeret en ny <strong>ladestation til elbiler<\/strong>, med det form\u00e5l at im\u00f8dekomme vores campisters stigende behov og fremme <strong>b\u00e6redygtig mobilitet<\/strong>.<\/p>\n\n\n\n<p>Denne nye service g\u00f8r det nemt og bekvemt at oplade bilen, mens man nyder sit ophold p\u00e5 campingpladsen. Infrastrukturen er moderne, sikker og kompatibel med de fleste elbilmodeller.<\/p>\n\n\n\n<h3 class=\"wp-block-heading\">Et st\u00e6rkt engagement for milj\u00f8et<\/h3>\n\n\n\n<p><em>\u201dFlere og flere rejser med elbil, og vi \u00f8nsker at g\u00f8re deres ophold lettere ved at tilbyde faciliteter, der passer til deres behov. Vi forpligter os til konkrete tiltag, der kan reducere vores milj\u00f8p\u00e5virkning \u2013 og installationen af ladestationer er \u00e9t af dem. Det er en del af vores engagement i <strong>afkarbonisering, energieffektivitet og en gr\u00f8nnere form for turisme<\/strong>,\u201d<\/em> siger <strong>Vicen\u00e7 Fern\u00e0ndez<\/strong>, direkt\u00f8r for <a href=\"https:\/\/www.campingbellaterra.com\/da\/tjenester\/\">Camping Bella Terra<\/a>.<\/p>\n\n\n\n<p>Dette skridt er blot begyndelsen.<br>Hos <strong>Camping Bella Terra<\/strong> bev\u00e6ger vi os fremad \u2013 sammen med jer\u2026 og med planeten.<\/p>\n","protected":false},"excerpt":{"rendered":"<p>P\u00e5 Camping Bella Terra forts\u00e6tter vi vores rejse mod en mere ansvarlig, b\u00e6redygtig og milj\u00f8venlig form for turisme. Derfor har vi for nylig installeret en&#8230;<\/p>\n","protected":false},"author":3,"featured_media":21128,"comment_status":"closed","ping_status":"closed","sticky":false,"template":"","format":"standard","meta":{"_acf_changed":false,"inline_featured_image":false,"_monsterinsights_skip_tracking":false,"_monsterinsights_sitenote_active":false,"_monsterinsights_sitenote_note":"","_monsterinsights_sitenote_category":0,"footnotes":""},"categories":[2384],"tags":[],"class_list":["post-21149","post","type-post","status-publish","format-standard","has-post-thumbnail","hentry","category-tjenester"],"acf":[],"yoast_head":"<!-- This site is optimized with the Yoast SEO plugin v27.0 - https:\/\/yoast.com\/product\/yoast-seo-wordpress\/ -->\n<title>Camping Bella Terra installerer ny ladestation til elbiler - Camping Bella Terra<\/title>\n<meta name=\"description\" content=\"Vi for nylig installeret en ny ladestation til elbiler\" \/>\n<meta name=\"robots\" content=\"index, follow, max-snippet:-1, max-image-preview:large, max-video-preview:-1\" \/>\n<link rel=\"canonical\" href=\"https:\/\/www.campingbellaterra.com\/da\/camping-bella-terra-installerer-ny-ladestation-til-elbiler\/\" \/>\n<meta property=\"og:locale\" content=\"da_DK\" \/>\n<meta property=\"og:type\" content=\"article\" \/>\n<meta property=\"og:title\" content=\"Camping Bella Terra installerer ny ladestation til elbiler - Camping Bella Terra\" \/>\n<meta property=\"og:description\" content=\"Vi for nylig installeret en ny ladestation til elbiler\" \/>\n<meta property=\"og:url\" content=\"https:\/\/www.campingbellaterra.com\/da\/camping-bella-terra-installerer-ny-ladestation-til-elbiler\/\" \/>\n<meta property=\"og:site_name\" content=\"Camping Bella Terra\" \/>\n<meta property=\"article:publisher\" content=\"https:\/\/www.facebook.com\/campingbellaterra\/\" \/>\n<meta property=\"article:published_time\" content=\"2025-07-31T06:37:40+00:00\" \/>\n<meta property=\"article:modified_time\" content=\"2025-07-31T06:37:41+00:00\" \/>\n<meta property=\"og:image\" content=\"https:\/\/www.campingbellaterra.com\/wp-content\/uploads\/new-electric-vehicle-charging-point.jpg\" \/>\n\t<meta property=\"og:image:width\" content=\"1080\" \/>\n\t<meta property=\"og:image:height\" content=\"606\" \/>\n\t<meta property=\"og:image:type\" content=\"image\/jpeg\" \/>\n<meta name=\"author\" content=\"edeon\" \/>\n<meta name=\"twitter:card\" content=\"summary_large_image\" \/>\n<meta name=\"twitter:creator\" content=\"@cbellaterra\" \/>\n<meta name=\"twitter:site\" content=\"@cbellaterra\" \/>\n<meta name=\"twitter:label1\" content=\"Skrevet af\" \/>\n\t<meta name=\"twitter:data1\" content=\"edeon\" \/>\n\t<meta name=\"twitter:label2\" content=\"Estimeret l\u00e6setid\" \/>\n\t<meta name=\"twitter:data2\" content=\"2 minutter\" \/>\n<script type=\"application\/ld+json\" class=\"yoast-schema-graph\">{\"@context\":\"https:\/\/schema.org\",\"@graph\":[{\"@type\":\"Article\",\"@id\":\"https:\/\/www.campingbellaterra.com\/da\/camping-bella-terra-installerer-ny-ladestation-til-elbiler\/#article\",\"isPartOf\":{\"@id\":\"https:\/\/www.campingbellaterra.com\/da\/camping-bella-terra-installerer-ny-ladestation-til-elbiler\/\"},\"author\":{\"name\":\"edeon\",\"@id\":\"https:\/\/www.campingbellaterra.com\/da\/#\/schema\/person\/d55882bf9a4557623a111e53bebd64fa\"},\"headline\":\"Camping Bella Terra installerer ny ladestation til elbiler\",\"datePublished\":\"2025-07-31T06:37:40+00:00\",\"dateModified\":\"2025-07-31T06:37:41+00:00\",\"mainEntityOfPage\":{\"@id\":\"https:\/\/www.campingbellaterra.com\/da\/camping-bella-terra-installerer-ny-ladestation-til-elbiler\/\"},\"wordCount\":184,\"publisher\":{\"@id\":\"https:\/\/www.campingbellaterra.com\/da\/#organization\"},\"image\":{\"@id\":\"https:\/\/www.campingbellaterra.com\/da\/camping-bella-terra-installerer-ny-ladestation-til-elbiler\/#primaryimage\"},\"thumbnailUrl\":\"https:\/\/www.campingbellaterra.com\/wp-content\/uploads\/new-electric-vehicle-charging-point.jpg\",\"articleSection\":[\"Tjenester\"],\"inLanguage\":\"da-DK\"},{\"@type\":\"WebPage\",\"@id\":\"https:\/\/www.campingbellaterra.com\/da\/camping-bella-terra-installerer-ny-ladestation-til-elbiler\/\",\"url\":\"https:\/\/www.campingbellaterra.com\/da\/camping-bella-terra-installerer-ny-ladestation-til-elbiler\/\",\"name\":\"Camping Bella Terra installerer ny ladestation til elbiler - Camping Bella Terra\",\"isPartOf\":{\"@id\":\"https:\/\/www.campingbellaterra.com\/da\/#website\"},\"primaryImageOfPage\":{\"@id\":\"https:\/\/www.campingbellaterra.com\/da\/camping-bella-terra-installerer-ny-ladestation-til-elbiler\/#primaryimage\"},\"image\":{\"@id\":\"https:\/\/www.campingbellaterra.com\/da\/camping-bella-terra-installerer-ny-ladestation-til-elbiler\/#primaryimage\"},\"thumbnailUrl\":\"https:\/\/www.campingbellaterra.com\/wp-content\/uploads\/new-electric-vehicle-charging-point.jpg\",\"datePublished\":\"2025-07-31T06:37:40+00:00\",\"dateModified\":\"2025-07-31T06:37:41+00:00\",\"description\":\"Vi for nylig installeret en ny ladestation til elbiler\",\"breadcrumb\":{\"@id\":\"https:\/\/www.campingbellaterra.com\/da\/camping-bella-terra-installerer-ny-ladestation-til-elbiler\/#breadcrumb\"},\"inLanguage\":\"da-DK\",\"potentialAction\":[{\"@type\":\"ReadAction\",\"target\":[\"https:\/\/www.campingbellaterra.com\/da\/camping-bella-terra-installerer-ny-ladestation-til-elbiler\/\"]}]},{\"@type\":\"ImageObject\",\"inLanguage\":\"da-DK\",\"@id\":\"https:\/\/www.campingbellaterra.com\/da\/camping-bella-terra-installerer-ny-ladestation-til-elbiler\/#primaryimage\",\"url\":\"https:\/\/www.campingbellaterra.com\/wp-content\/uploads\/new-electric-vehicle-charging-point.jpg\",\"contentUrl\":\"https:\/\/www.campingbellaterra.com\/wp-content\/uploads\/new-electric-vehicle-charging-point.jpg\",\"width\":1080,\"height\":606,\"caption\":\"Camping Bella Terra installs a new electric vehicle charging point\"},{\"@type\":\"BreadcrumbList\",\"@id\":\"https:\/\/www.campingbellaterra.com\/da\/camping-bella-terra-installerer-ny-ladestation-til-elbiler\/#breadcrumb\",\"itemListElement\":[{\"@type\":\"ListItem\",\"position\":1,\"name\":\"Inici\",\"item\":\"https:\/\/www.campingbellaterra.com\/da\/\"},{\"@type\":\"ListItem\",\"position\":2,\"name\":\"Camping Bella Terra installerer ny ladestation til elbiler\"}]},{\"@type\":\"WebSite\",\"@id\":\"https:\/\/www.campingbellaterra.com\/da\/#website\",\"url\":\"https:\/\/www.campingbellaterra.com\/da\/\",\"name\":\"Camping Bella Terra\",\"description\":\"Otro sitio realizado con WordPress\",\"publisher\":{\"@id\":\"https:\/\/www.campingbellaterra.com\/da\/#organization\"},\"potentialAction\":[{\"@type\":\"SearchAction\",\"target\":{\"@type\":\"EntryPoint\",\"urlTemplate\":\"https:\/\/www.campingbellaterra.com\/da\/?s={search_term_string}\"},\"query-input\":{\"@type\":\"PropertyValueSpecification\",\"valueRequired\":true,\"valueName\":\"search_term_string\"}}],\"inLanguage\":\"da-DK\"},{\"@type\":\"Organization\",\"@id\":\"https:\/\/www.campingbellaterra.com\/da\/#organization\",\"name\":\"Camping Bella Terra\",\"url\":\"https:\/\/www.campingbellaterra.com\/da\/\",\"logo\":{\"@type\":\"ImageObject\",\"inLanguage\":\"da-DK\",\"@id\":\"https:\/\/www.campingbellaterra.com\/da\/#\/schema\/logo\/image\/\",\"url\":\"https:\/\/www.campingbellaterra.com\/wp-content\/uploads\/logo6.svg\",\"contentUrl\":\"https:\/\/www.campingbellaterra.com\/wp-content\/uploads\/logo6.svg\",\"width\":\"2048\",\"height\":\"2048\",\"caption\":\"Camping Bella Terra\"},\"image\":{\"@id\":\"https:\/\/www.campingbellaterra.com\/da\/#\/schema\/logo\/image\/\"},\"sameAs\":[\"https:\/\/www.facebook.com\/campingbellaterra\/\",\"https:\/\/x.com\/cbellaterra\",\"https:\/\/www.instagram.com\/campingbellaterra\/\",\"https:\/\/www.youtube.com\/c\/Camping-Bellaterra-Blanes\",\"https:\/\/www.tripadvisor.es\/Hotel_Review-g580331-d3328184-Reviews-Camping_Bella_Terra-Blanes_Costa_Brava_Province_of_Girona_Catalonia.html\"]},{\"@type\":\"Person\",\"@id\":\"https:\/\/www.campingbellaterra.com\/da\/#\/schema\/person\/d55882bf9a4557623a111e53bebd64fa\",\"name\":\"edeon\",\"image\":{\"@type\":\"ImageObject\",\"inLanguage\":\"da-DK\",\"@id\":\"https:\/\/www.campingbellaterra.com\/da\/#\/schema\/person\/image\/\",\"url\":\"https:\/\/secure.gravatar.com\/avatar\/0acf6853c1331223f1e6dd9315f43b6c193357018427cf6629ed42a07a8ab707?s=96&d=mm&r=g\",\"contentUrl\":\"https:\/\/secure.gravatar.com\/avatar\/0acf6853c1331223f1e6dd9315f43b6c193357018427cf6629ed42a07a8ab707?s=96&d=mm&r=g\",\"caption\":\"edeon\"},\"url\":\"https:\/\/www.campingbellaterra.com\/da\/author\/edeon\/\"}]}<\/script>\n<!-- \/ Yoast SEO plugin. -->","yoast_head_json":{"title":"Camping Bella Terra installerer ny ladestation til elbiler - Camping Bella Terra","description":"Vi for nylig installeret en ny ladestation til elbiler","robots":{"index":"index","follow":"follow","max-snippet":"max-snippet:-1","max-image-preview":"max-image-preview:large","max-video-preview":"max-video-preview:-1"},"canonical":"https:\/\/www.campingbellaterra.com\/da\/camping-bella-terra-installerer-ny-ladestation-til-elbiler\/","og_locale":"da_DK","og_type":"article","og_title":"Camping Bella Terra installerer ny ladestation til elbiler - Camping Bella Terra","og_description":"Vi for nylig installeret en ny ladestation til elbiler","og_url":"https:\/\/www.campingbellaterra.com\/da\/camping-bella-terra-installerer-ny-ladestation-til-elbiler\/","og_site_name":"Camping Bella Terra","article_publisher":"https:\/\/www.facebook.com\/campingbellaterra\/","article_published_time":"2025-07-31T06:37:40+00:00","article_modified_time":"2025-07-31T06:37:41+00:00","og_image":[{"width":1080,"height":606,"url":"https:\/\/www.campingbellaterra.com\/wp-content\/uploads\/new-electric-vehicle-charging-point.jpg","type":"image\/jpeg"}],"author":"edeon","twitter_card":"summary_large_image","twitter_creator":"@cbellaterra","twitter_site":"@cbellaterra","twitter_misc":{"Skrevet af":"edeon","Estimeret l\u00e6setid":"2 minutter"},"schema":{"@context":"https:\/\/schema.org","@graph":[{"@type":"Article","@id":"https:\/\/www.campingbellaterra.com\/da\/camping-bella-terra-installerer-ny-ladestation-til-elbiler\/#article","isPartOf":{"@id":"https:\/\/www.campingbellaterra.com\/da\/camping-bella-terra-installerer-ny-ladestation-til-elbiler\/"},"author":{"name":"edeon","@id":"https:\/\/www.campingbellaterra.com\/da\/#\/schema\/person\/d55882bf9a4557623a111e53bebd64fa"},"headline":"Camping Bella Terra installerer ny ladestation til elbiler","datePublished":"2025-07-31T06:37:40+00:00","dateModified":"2025-07-31T06:37:41+00:00","mainEntityOfPage":{"@id":"https:\/\/www.campingbellaterra.com\/da\/camping-bella-terra-installerer-ny-ladestation-til-elbiler\/"},"wordCount":184,"publisher":{"@id":"https:\/\/www.campingbellaterra.com\/da\/#organization"},"image":{"@id":"https:\/\/www.campingbellaterra.com\/da\/camping-bella-terra-installerer-ny-ladestation-til-elbiler\/#primaryimage"},"thumbnailUrl":"https:\/\/www.campingbellaterra.com\/wp-content\/uploads\/new-electric-vehicle-charging-point.jpg","articleSection":["Tjenester"],"inLanguage":"da-DK"},{"@type":"WebPage","@id":"https:\/\/www.campingbellaterra.com\/da\/camping-bella-terra-installerer-ny-ladestation-til-elbiler\/","url":"https:\/\/www.campingbellaterra.com\/da\/camping-bella-terra-installerer-ny-ladestation-til-elbiler\/","name":"Camping Bella Terra installerer ny ladestation til elbiler - Camping Bella Terra","isPartOf":{"@id":"https:\/\/www.campingbellaterra.com\/da\/#website"},"primaryImageOfPage":{"@id":"https:\/\/www.campingbellaterra.com\/da\/camping-bella-terra-installerer-ny-ladestation-til-elbiler\/#primaryimage"},"image":{"@id":"https:\/\/www.campingbellaterra.com\/da\/camping-bella-terra-installerer-ny-ladestation-til-elbiler\/#primaryimage"},"thumbnailUrl":"https:\/\/www.campingbellaterra.com\/wp-content\/uploads\/new-electric-vehicle-charging-point.jpg","datePublished":"2025-07-31T06:37:40+00:00","dateModified":"2025-07-31T06:37:41+00:00","description":"Vi for nylig installeret en ny ladestation til elbiler","breadcrumb":{"@id":"https:\/\/www.campingbellaterra.com\/da\/camping-bella-terra-installerer-ny-ladestation-til-elbiler\/#breadcrumb"},"inLanguage":"da-DK","potentialAction":[{"@type":"ReadAction","target":["https:\/\/www.campingbellaterra.com\/da\/camping-bella-terra-installerer-ny-ladestation-til-elbiler\/"]}]},{"@type":"ImageObject","inLanguage":"da-DK","@id":"https:\/\/www.campingbellaterra.com\/da\/camping-bella-terra-installerer-ny-ladestation-til-elbiler\/#primaryimage","url":"https:\/\/www.campingbellaterra.com\/wp-content\/uploads\/new-electric-vehicle-charging-point.jpg","contentUrl":"https:\/\/www.campingbellaterra.com\/wp-content\/uploads\/new-electric-vehicle-charging-point.jpg","width":1080,"height":606,"caption":"Camping Bella Terra installs a new electric vehicle charging point"},{"@type":"BreadcrumbList","@id":"https:\/\/www.campingbellaterra.com\/da\/camping-bella-terra-installerer-ny-ladestation-til-elbiler\/#breadcrumb","itemListElement":[{"@type":"ListItem","position":1,"name":"Inici","item":"https:\/\/www.campingbellaterra.com\/da\/"},{"@type":"ListItem","position":2,"name":"Camping Bella Terra installerer ny ladestation til elbiler"}]},{"@type":"WebSite","@id":"https:\/\/www.campingbellaterra.com\/da\/#website","url":"https:\/\/www.campingbellaterra.com\/da\/","name":"Camping Bella Terra","description":"Otro sitio realizado con WordPress","publisher":{"@id":"https:\/\/www.campingbellaterra.com\/da\/#organization"},"potentialAction":[{"@type":"SearchAction","target":{"@type":"EntryPoint","urlTemplate":"https:\/\/www.campingbellaterra.com\/da\/?s={search_term_string}"},"query-input":{"@type":"PropertyValueSpecification","valueRequired":true,"valueName":"search_term_string"}}],"inLanguage":"da-DK"},{"@type":"Organization","@id":"https:\/\/www.campingbellaterra.com\/da\/#organization","name":"Camping Bella Terra","url":"https:\/\/www.campingbellaterra.com\/da\/","logo":{"@type":"ImageObject","inLanguage":"da-DK","@id":"https:\/\/www.campingbellaterra.com\/da\/#\/schema\/logo\/image\/","url":"https:\/\/www.campingbellaterra.com\/wp-content\/uploads\/logo6.svg","contentUrl":"https:\/\/www.campingbellaterra.com\/wp-content\/uploads\/logo6.svg","width":"2048","height":"2048","caption":"Camping Bella Terra"},"image":{"@id":"https:\/\/www.campingbellaterra.com\/da\/#\/schema\/logo\/image\/"},"sameAs":["https:\/\/www.facebook.com\/campingbellaterra\/","https:\/\/x.com\/cbellaterra","https:\/\/www.instagram.com\/campingbellaterra\/","https:\/\/www.youtube.com\/c\/Camping-Bellaterra-Blanes","https:\/\/www.tripadvisor.es\/Hotel_Review-g580331-d3328184-Reviews-Camping_Bella_Terra-Blanes_Costa_Brava_Province_of_Girona_Catalonia.html"]},{"@type":"Person","@id":"https:\/\/www.campingbellaterra.com\/da\/#\/schema\/person\/d55882bf9a4557623a111e53bebd64fa","name":"edeon","image":{"@type":"ImageObject","inLanguage":"da-DK","@id":"https:\/\/www.campingbellaterra.com\/da\/#\/schema\/person\/image\/","url":"https:\/\/secure.gravatar.com\/avatar\/0acf6853c1331223f1e6dd9315f43b6c193357018427cf6629ed42a07a8ab707?s=96&d=mm&r=g","contentUrl":"https:\/\/secure.gravatar.com\/avatar\/0acf6853c1331223f1e6dd9315f43b6c193357018427cf6629ed42a07a8ab707?s=96&d=mm&r=g","caption":"edeon"},"url":"https:\/\/www.campingbellaterra.com\/da\/author\/edeon\/"}]}},"_links":{"self":[{"href":"https:\/\/www.campingbellaterra.com\/da\/wp-json\/wp\/v2\/posts\/21149","targetHints":{"allow":["GET"]}}],"collection":[{"href":"https:\/\/www.campingbellaterra.com\/da\/wp-json\/wp\/v2\/posts"}],"about":[{"href":"https:\/\/www.campingbellaterra.com\/da\/wp-json\/wp\/v2\/types\/post"}],"author":[{"embeddable":true,"href":"https:\/\/www.campingbellaterra.com\/da\/wp-json\/wp\/v2\/users\/3"}],"replies":[{"embeddable":true,"href":"https:\/\/www.campingbellaterra.com\/da\/wp-json\/wp\/v2\/comments?post=21149"}],"version-history":[{"count":1,"href":"https:\/\/www.campingbellaterra.com\/da\/wp-json\/wp\/v2\/posts\/21149\/revisions"}],"predecessor-version":[{"id":21150,"href":"https:\/\/www.campingbellaterra.com\/da\/wp-json\/wp\/v2\/posts\/21149\/revisions\/21150"}],"wp:featuredmedia":[{"embeddable":true,"href":"https:\/\/www.campingbellaterra.com\/da\/wp-json\/wp\/v2\/media\/21128"}],"wp:attachment":[{"href":"https:\/\/www.campingbellaterra.com\/da\/wp-json\/wp\/v2\/media?parent=21149"}],"wp:term":[{"taxonomy":"category","embeddable":true,"href":"https:\/\/www.campingbellaterra.com\/da\/wp-json\/wp\/v2\/categories?post=21149"},{"taxonomy":"post_tag","embeddable":true,"href":"https:\/\/www.campingbellaterra.com\/da\/wp-json\/wp\/v2\/tags?post=21149"}],"curies":[{"name":"wp","href":"https:\/\/api.w.org\/{rel}","templated":true}]}}