{"id":7067,"date":"2019-02-20T08:12:11","date_gmt":"2019-02-20T07:12:11","guid":{"rendered":"https:\/\/www.campingbellaterra.com\/2019\/06\/13\/ferie-for-alle-2019\/"},"modified":"2022-04-12T10:27:29","modified_gmt":"2022-04-12T08:27:29","slug":"ferie-for-alle-2019","status":"publish","type":"post","link":"https:\/\/www.campingbellaterra.com\/da\/ferie-for-alle-2019\/","title":{"rendered":"Camping Bella Terra fors\u00f8ger at udvide markedsandelen i Skandinavien med tilstedev\u00e6relsen p\u00e5 Ferie For Alle"},"content":{"rendered":"<p><span style=\"font-size: 14pt;\">Messen afholdes fra 22. til 24. februar 2019 i Herning.<\/span><\/p>\n<p><!--more--><\/p>\n<p style=\"text-align: justify;\">Camping Bella Terra fra Blanes deltager for tredje \u00e5r i tr\u00e6k p\u00e5 Ferie For Alle i Herning, den vigtigste feriemesse i Skandinavien, som finder sted fra fredag \u200b\u200btil s\u00f8ndag p\u00e5 MCH Messecenter.<\/p>\n<p style=\"text-align: justify;\">TArrangementet, der er afholdt siden 1997, tilbyder udstillere og bes\u00f8gende gode netv\u00e6rksmuligheder og tilbyder en komplet platform for udstillere til at bringe deres produkter og tjenester til efterretning. I 2018 deltog mere end 60.000 mennesker p\u00e5 messen med mere end 1.200 udstillere repr\u00e6senteret.<\/p>\n<p style=\"text-align: justify;\">Camping Bella Terra ligger i hal M, p\u00e5 stand 9768, som omdannes til et smukt arbejdsomr\u00e5de med det form\u00e5l at g\u00f8re turistomr\u00e5det kendt for rejsende fra landet og udbygge det nordiske marked.<\/p>\n<p style=\"text-align: justify;\">Familien Andersen, et dansk par tilknyttet til campingpladsen, vil igen v\u00e6re ansvarlig for repr\u00e6sentationen af \u200b\u200bturistboligen p\u00e5 denne messe.<\/p>\n<p style=\"text-align: justify;\">&#8220;Vi \u00f8nsker at g\u00f8re opm\u00e6rksom p\u00e5 det skandinaviske marked gennem et godt tilbud, fordi det kan v\u00e6re en vigtig del af vores forretning uden for h\u00f8js\u00e6sonen. Derfor er det vigtigt at v\u00e6re til stede p\u00e5 denne udstilling i et andet \u00e5r. Andersen-parret er den bedste samtalepartner til at formidle denne filosofi, siger Vicen\u00e7 Fern\u00e1ndez, direkt\u00f8r for Camping Bella Terra.<\/p>\n<p style=\"text-align: justify;\">Campingpladsen, der ligger i byen Blanes i Girona, \u00e5bner d\u00f8rene l\u00f8rdag den 6. April 2019.<\/p>\n","protected":false},"excerpt":{"rendered":"<p>Messen afholdes fra 22. til 24. februar 2019 i Herning.<\/p>\n","protected":false},"author":2,"featured_media":9455,"comment_status":"closed","ping_status":"closed","sticky":false,"template":"","format":"standard","meta":{"_acf_changed":false,"inline_featured_image":false,"_monsterinsights_skip_tracking":false,"_monsterinsights_sitenote_active":false,"_monsterinsights_sitenote_note":"","_monsterinsights_sitenote_category":0,"footnotes":""},"categories":[2273],"tags":[1863,1887,1893,2019],"class_list":["post-7067","post","type-post","status-publish","format-standard","has-post-thumbnail","hentry","category-blog-da","tag-blanes-da","tag-camping-da","tag-camping-bella-terra-da","tag-ferie-for-alle-da"],"acf":[],"yoast_head":"<!-- This site is optimized with the Yoast SEO plugin v27.0 - https:\/\/yoast.com\/product\/yoast-seo-wordpress\/ -->\n<title>Camping Bella Terra fors\u00f8ger at udvide markedsandelen i Skandinavien med tilstedev\u00e6relsen p\u00e5 Ferie For Alle - Camping Bella Terra<\/title>\n<meta name=\"robots\" content=\"index, follow, max-snippet:-1, max-image-preview:large, max-video-preview:-1\" \/>\n<link rel=\"canonical\" href=\"https:\/\/www.campingbellaterra.com\/da\/ferie-for-alle-2019\/\" \/>\n<meta property=\"og:locale\" content=\"da_DK\" \/>\n<meta property=\"og:type\" content=\"article\" \/>\n<meta property=\"og:title\" content=\"Camping Bella Terra fors\u00f8ger at udvide markedsandelen i Skandinavien med tilstedev\u00e6relsen p\u00e5 Ferie For Alle - Camping Bella Terra\" \/>\n<meta property=\"og:description\" content=\"Messen afholdes fra 22. til 24. februar 2019 i Herning.\" \/>\n<meta property=\"og:url\" content=\"https:\/\/www.campingbellaterra.com\/da\/ferie-for-alle-2019\/\" \/>\n<meta property=\"og:site_name\" content=\"Camping Bella Terra\" \/>\n<meta property=\"article:publisher\" content=\"https:\/\/www.facebook.com\/campingbellaterra\/\" \/>\n<meta property=\"article:published_time\" content=\"2019-02-20T07:12:11+00:00\" \/>\n<meta property=\"article:modified_time\" content=\"2022-04-12T08:27:29+00:00\" \/>\n<meta property=\"og:image\" content=\"https:\/\/www.campingbellaterra.com\/wp-content\/uploads\/media\/k2\/items\/src\/f68bc1606a499c66a1eabd66e99d6817.jpg\" \/>\n\t<meta property=\"og:image:width\" content=\"940\" \/>\n\t<meta property=\"og:image:height\" content=\"520\" \/>\n\t<meta property=\"og:image:type\" content=\"image\/jpeg\" \/>\n<meta name=\"author\" content=\"vado\" \/>\n<meta name=\"twitter:card\" content=\"summary_large_image\" \/>\n<meta name=\"twitter:creator\" content=\"@cbellaterra\" \/>\n<meta name=\"twitter:site\" content=\"@cbellaterra\" \/>\n<meta name=\"twitter:label1\" content=\"Skrevet af\" \/>\n\t<meta name=\"twitter:data1\" content=\"vado\" \/>\n\t<meta name=\"twitter:label2\" content=\"Estimeret l\u00e6setid\" \/>\n\t<meta name=\"twitter:data2\" content=\"1 minut\" \/>\n<script type=\"application\/ld+json\" class=\"yoast-schema-graph\">{\"@context\":\"https:\/\/schema.org\",\"@graph\":[{\"@type\":\"Article\",\"@id\":\"https:\/\/www.campingbellaterra.com\/da\/ferie-for-alle-2019\/#article\",\"isPartOf\":{\"@id\":\"https:\/\/www.campingbellaterra.com\/da\/ferie-for-alle-2019\/\"},\"author\":{\"name\":\"vado\",\"@id\":\"https:\/\/www.campingbellaterra.com\/da\/#\/schema\/person\/9dafe106b7fade6dd08664bb60ea89ac\"},\"headline\":\"Camping Bella Terra fors\u00f8ger at udvide markedsandelen i Skandinavien med tilstedev\u00e6relsen p\u00e5 Ferie For Alle\",\"datePublished\":\"2019-02-20T07:12:11+00:00\",\"dateModified\":\"2022-04-12T08:27:29+00:00\",\"mainEntityOfPage\":{\"@id\":\"https:\/\/www.campingbellaterra.com\/da\/ferie-for-alle-2019\/\"},\"wordCount\":238,\"publisher\":{\"@id\":\"https:\/\/www.campingbellaterra.com\/da\/#organization\"},\"image\":{\"@id\":\"https:\/\/www.campingbellaterra.com\/da\/ferie-for-alle-2019\/#primaryimage\"},\"thumbnailUrl\":\"https:\/\/www.campingbellaterra.com\/wp-content\/uploads\/media\/k2\/items\/src\/f68bc1606a499c66a1eabd66e99d6817.jpg\",\"keywords\":[\"blanes\",\"Camping\",\"camping bella terra\",\"ferie for alle\"],\"articleSection\":[\"blog\"],\"inLanguage\":\"da-DK\"},{\"@type\":\"WebPage\",\"@id\":\"https:\/\/www.campingbellaterra.com\/da\/ferie-for-alle-2019\/\",\"url\":\"https:\/\/www.campingbellaterra.com\/da\/ferie-for-alle-2019\/\",\"name\":\"Camping Bella Terra fors\u00f8ger at udvide markedsandelen i Skandinavien med tilstedev\u00e6relsen p\u00e5 Ferie For Alle - Camping Bella Terra\",\"isPartOf\":{\"@id\":\"https:\/\/www.campingbellaterra.com\/da\/#website\"},\"primaryImageOfPage\":{\"@id\":\"https:\/\/www.campingbellaterra.com\/da\/ferie-for-alle-2019\/#primaryimage\"},\"image\":{\"@id\":\"https:\/\/www.campingbellaterra.com\/da\/ferie-for-alle-2019\/#primaryimage\"},\"thumbnailUrl\":\"https:\/\/www.campingbellaterra.com\/wp-content\/uploads\/media\/k2\/items\/src\/f68bc1606a499c66a1eabd66e99d6817.jpg\",\"datePublished\":\"2019-02-20T07:12:11+00:00\",\"dateModified\":\"2022-04-12T08:27:29+00:00\",\"breadcrumb\":{\"@id\":\"https:\/\/www.campingbellaterra.com\/da\/ferie-for-alle-2019\/#breadcrumb\"},\"inLanguage\":\"da-DK\",\"potentialAction\":[{\"@type\":\"ReadAction\",\"target\":[\"https:\/\/www.campingbellaterra.com\/da\/ferie-for-alle-2019\/\"]}]},{\"@type\":\"ImageObject\",\"inLanguage\":\"da-DK\",\"@id\":\"https:\/\/www.campingbellaterra.com\/da\/ferie-for-alle-2019\/#primaryimage\",\"url\":\"https:\/\/www.campingbellaterra.com\/wp-content\/uploads\/media\/k2\/items\/src\/f68bc1606a499c66a1eabd66e99d6817.jpg\",\"contentUrl\":\"https:\/\/www.campingbellaterra.com\/wp-content\/uploads\/media\/k2\/items\/src\/f68bc1606a499c66a1eabd66e99d6817.jpg\",\"width\":940,\"height\":520},{\"@type\":\"BreadcrumbList\",\"@id\":\"https:\/\/www.campingbellaterra.com\/da\/ferie-for-alle-2019\/#breadcrumb\",\"itemListElement\":[{\"@type\":\"ListItem\",\"position\":1,\"name\":\"Inici\",\"item\":\"https:\/\/www.campingbellaterra.com\/da\/\"},{\"@type\":\"ListItem\",\"position\":2,\"name\":\"Camping Bella Terra fors\u00f8ger at udvide markedsandelen i Skandinavien med tilstedev\u00e6relsen p\u00e5 Ferie For Alle\"}]},{\"@type\":\"WebSite\",\"@id\":\"https:\/\/www.campingbellaterra.com\/da\/#website\",\"url\":\"https:\/\/www.campingbellaterra.com\/da\/\",\"name\":\"Camping Bella Terra\",\"description\":\"Otro sitio realizado con WordPress\",\"publisher\":{\"@id\":\"https:\/\/www.campingbellaterra.com\/da\/#organization\"},\"potentialAction\":[{\"@type\":\"SearchAction\",\"target\":{\"@type\":\"EntryPoint\",\"urlTemplate\":\"https:\/\/www.campingbellaterra.com\/da\/?s={search_term_string}\"},\"query-input\":{\"@type\":\"PropertyValueSpecification\",\"valueRequired\":true,\"valueName\":\"search_term_string\"}}],\"inLanguage\":\"da-DK\"},{\"@type\":\"Organization\",\"@id\":\"https:\/\/www.campingbellaterra.com\/da\/#organization\",\"name\":\"Camping Bella Terra\",\"url\":\"https:\/\/www.campingbellaterra.com\/da\/\",\"logo\":{\"@type\":\"ImageObject\",\"inLanguage\":\"da-DK\",\"@id\":\"https:\/\/www.campingbellaterra.com\/da\/#\/schema\/logo\/image\/\",\"url\":\"https:\/\/www.campingbellaterra.com\/wp-content\/uploads\/logo6.svg\",\"contentUrl\":\"https:\/\/www.campingbellaterra.com\/wp-content\/uploads\/logo6.svg\",\"width\":\"2048\",\"height\":\"2048\",\"caption\":\"Camping Bella Terra\"},\"image\":{\"@id\":\"https:\/\/www.campingbellaterra.com\/da\/#\/schema\/logo\/image\/\"},\"sameAs\":[\"https:\/\/www.facebook.com\/campingbellaterra\/\",\"https:\/\/x.com\/cbellaterra\",\"https:\/\/www.instagram.com\/campingbellaterra\/\",\"https:\/\/www.youtube.com\/c\/Camping-Bellaterra-Blanes\",\"https:\/\/www.tripadvisor.es\/Hotel_Review-g580331-d3328184-Reviews-Camping_Bella_Terra-Blanes_Costa_Brava_Province_of_Girona_Catalonia.html\"]},{\"@type\":\"Person\",\"@id\":\"https:\/\/www.campingbellaterra.com\/da\/#\/schema\/person\/9dafe106b7fade6dd08664bb60ea89ac\",\"name\":\"vado\",\"image\":{\"@type\":\"ImageObject\",\"inLanguage\":\"da-DK\",\"@id\":\"https:\/\/www.campingbellaterra.com\/da\/#\/schema\/person\/image\/\",\"url\":\"https:\/\/secure.gravatar.com\/avatar\/6edab01d4cd19889ac2b69e05f01a3c93227951cf320620732fca472f184e4f5?s=96&d=mm&r=g\",\"contentUrl\":\"https:\/\/secure.gravatar.com\/avatar\/6edab01d4cd19889ac2b69e05f01a3c93227951cf320620732fca472f184e4f5?s=96&d=mm&r=g\",\"caption\":\"vado\"},\"url\":\"https:\/\/www.campingbellaterra.com\/da\/author\/vado\/\"}]}<\/script>\n<!-- \/ Yoast SEO plugin. -->","yoast_head_json":{"title":"Camping Bella Terra fors\u00f8ger at udvide markedsandelen i Skandinavien med tilstedev\u00e6relsen p\u00e5 Ferie For Alle - Camping Bella Terra","robots":{"index":"index","follow":"follow","max-snippet":"max-snippet:-1","max-image-preview":"max-image-preview:large","max-video-preview":"max-video-preview:-1"},"canonical":"https:\/\/www.campingbellaterra.com\/da\/ferie-for-alle-2019\/","og_locale":"da_DK","og_type":"article","og_title":"Camping Bella Terra fors\u00f8ger at udvide markedsandelen i Skandinavien med tilstedev\u00e6relsen p\u00e5 Ferie For Alle - Camping Bella Terra","og_description":"Messen afholdes fra 22. til 24. februar 2019 i Herning.","og_url":"https:\/\/www.campingbellaterra.com\/da\/ferie-for-alle-2019\/","og_site_name":"Camping Bella Terra","article_publisher":"https:\/\/www.facebook.com\/campingbellaterra\/","article_published_time":"2019-02-20T07:12:11+00:00","article_modified_time":"2022-04-12T08:27:29+00:00","og_image":[{"width":940,"height":520,"url":"https:\/\/www.campingbellaterra.com\/wp-content\/uploads\/media\/k2\/items\/src\/f68bc1606a499c66a1eabd66e99d6817.jpg","type":"image\/jpeg"}],"author":"vado","twitter_card":"summary_large_image","twitter_creator":"@cbellaterra","twitter_site":"@cbellaterra","twitter_misc":{"Skrevet af":"vado","Estimeret l\u00e6setid":"1 minut"},"schema":{"@context":"https:\/\/schema.org","@graph":[{"@type":"Article","@id":"https:\/\/www.campingbellaterra.com\/da\/ferie-for-alle-2019\/#article","isPartOf":{"@id":"https:\/\/www.campingbellaterra.com\/da\/ferie-for-alle-2019\/"},"author":{"name":"vado","@id":"https:\/\/www.campingbellaterra.com\/da\/#\/schema\/person\/9dafe106b7fade6dd08664bb60ea89ac"},"headline":"Camping Bella Terra fors\u00f8ger at udvide markedsandelen i Skandinavien med tilstedev\u00e6relsen p\u00e5 Ferie For Alle","datePublished":"2019-02-20T07:12:11+00:00","dateModified":"2022-04-12T08:27:29+00:00","mainEntityOfPage":{"@id":"https:\/\/www.campingbellaterra.com\/da\/ferie-for-alle-2019\/"},"wordCount":238,"publisher":{"@id":"https:\/\/www.campingbellaterra.com\/da\/#organization"},"image":{"@id":"https:\/\/www.campingbellaterra.com\/da\/ferie-for-alle-2019\/#primaryimage"},"thumbnailUrl":"https:\/\/www.campingbellaterra.com\/wp-content\/uploads\/media\/k2\/items\/src\/f68bc1606a499c66a1eabd66e99d6817.jpg","keywords":["blanes","Camping","camping bella terra","ferie for alle"],"articleSection":["blog"],"inLanguage":"da-DK"},{"@type":"WebPage","@id":"https:\/\/www.campingbellaterra.com\/da\/ferie-for-alle-2019\/","url":"https:\/\/www.campingbellaterra.com\/da\/ferie-for-alle-2019\/","name":"Camping Bella Terra fors\u00f8ger at udvide markedsandelen i Skandinavien med tilstedev\u00e6relsen p\u00e5 Ferie For Alle - Camping Bella Terra","isPartOf":{"@id":"https:\/\/www.campingbellaterra.com\/da\/#website"},"primaryImageOfPage":{"@id":"https:\/\/www.campingbellaterra.com\/da\/ferie-for-alle-2019\/#primaryimage"},"image":{"@id":"https:\/\/www.campingbellaterra.com\/da\/ferie-for-alle-2019\/#primaryimage"},"thumbnailUrl":"https:\/\/www.campingbellaterra.com\/wp-content\/uploads\/media\/k2\/items\/src\/f68bc1606a499c66a1eabd66e99d6817.jpg","datePublished":"2019-02-20T07:12:11+00:00","dateModified":"2022-04-12T08:27:29+00:00","breadcrumb":{"@id":"https:\/\/www.campingbellaterra.com\/da\/ferie-for-alle-2019\/#breadcrumb"},"inLanguage":"da-DK","potentialAction":[{"@type":"ReadAction","target":["https:\/\/www.campingbellaterra.com\/da\/ferie-for-alle-2019\/"]}]},{"@type":"ImageObject","inLanguage":"da-DK","@id":"https:\/\/www.campingbellaterra.com\/da\/ferie-for-alle-2019\/#primaryimage","url":"https:\/\/www.campingbellaterra.com\/wp-content\/uploads\/media\/k2\/items\/src\/f68bc1606a499c66a1eabd66e99d6817.jpg","contentUrl":"https:\/\/www.campingbellaterra.com\/wp-content\/uploads\/media\/k2\/items\/src\/f68bc1606a499c66a1eabd66e99d6817.jpg","width":940,"height":520},{"@type":"BreadcrumbList","@id":"https:\/\/www.campingbellaterra.com\/da\/ferie-for-alle-2019\/#breadcrumb","itemListElement":[{"@type":"ListItem","position":1,"name":"Inici","item":"https:\/\/www.campingbellaterra.com\/da\/"},{"@type":"ListItem","position":2,"name":"Camping Bella Terra fors\u00f8ger at udvide markedsandelen i Skandinavien med tilstedev\u00e6relsen p\u00e5 Ferie For Alle"}]},{"@type":"WebSite","@id":"https:\/\/www.campingbellaterra.com\/da\/#website","url":"https:\/\/www.campingbellaterra.com\/da\/","name":"Camping Bella Terra","description":"Otro sitio realizado con WordPress","publisher":{"@id":"https:\/\/www.campingbellaterra.com\/da\/#organization"},"potentialAction":[{"@type":"SearchAction","target":{"@type":"EntryPoint","urlTemplate":"https:\/\/www.campingbellaterra.com\/da\/?s={search_term_string}"},"query-input":{"@type":"PropertyValueSpecification","valueRequired":true,"valueName":"search_term_string"}}],"inLanguage":"da-DK"},{"@type":"Organization","@id":"https:\/\/www.campingbellaterra.com\/da\/#organization","name":"Camping Bella Terra","url":"https:\/\/www.campingbellaterra.com\/da\/","logo":{"@type":"ImageObject","inLanguage":"da-DK","@id":"https:\/\/www.campingbellaterra.com\/da\/#\/schema\/logo\/image\/","url":"https:\/\/www.campingbellaterra.com\/wp-content\/uploads\/logo6.svg","contentUrl":"https:\/\/www.campingbellaterra.com\/wp-content\/uploads\/logo6.svg","width":"2048","height":"2048","caption":"Camping Bella Terra"},"image":{"@id":"https:\/\/www.campingbellaterra.com\/da\/#\/schema\/logo\/image\/"},"sameAs":["https:\/\/www.facebook.com\/campingbellaterra\/","https:\/\/x.com\/cbellaterra","https:\/\/www.instagram.com\/campingbellaterra\/","https:\/\/www.youtube.com\/c\/Camping-Bellaterra-Blanes","https:\/\/www.tripadvisor.es\/Hotel_Review-g580331-d3328184-Reviews-Camping_Bella_Terra-Blanes_Costa_Brava_Province_of_Girona_Catalonia.html"]},{"@type":"Person","@id":"https:\/\/www.campingbellaterra.com\/da\/#\/schema\/person\/9dafe106b7fade6dd08664bb60ea89ac","name":"vado","image":{"@type":"ImageObject","inLanguage":"da-DK","@id":"https:\/\/www.campingbellaterra.com\/da\/#\/schema\/person\/image\/","url":"https:\/\/secure.gravatar.com\/avatar\/6edab01d4cd19889ac2b69e05f01a3c93227951cf320620732fca472f184e4f5?s=96&d=mm&r=g","contentUrl":"https:\/\/secure.gravatar.com\/avatar\/6edab01d4cd19889ac2b69e05f01a3c93227951cf320620732fca472f184e4f5?s=96&d=mm&r=g","caption":"vado"},"url":"https:\/\/www.campingbellaterra.com\/da\/author\/vado\/"}]}},"_links":{"self":[{"href":"https:\/\/www.campingbellaterra.com\/da\/wp-json\/wp\/v2\/posts\/7067","targetHints":{"allow":["GET"]}}],"collection":[{"href":"https:\/\/www.campingbellaterra.com\/da\/wp-json\/wp\/v2\/posts"}],"about":[{"href":"https:\/\/www.campingbellaterra.com\/da\/wp-json\/wp\/v2\/types\/post"}],"author":[{"embeddable":true,"href":"https:\/\/www.campingbellaterra.com\/da\/wp-json\/wp\/v2\/users\/2"}],"replies":[{"embeddable":true,"href":"https:\/\/www.campingbellaterra.com\/da\/wp-json\/wp\/v2\/comments?post=7067"}],"version-history":[{"count":1,"href":"https:\/\/www.campingbellaterra.com\/da\/wp-json\/wp\/v2\/posts\/7067\/revisions"}],"predecessor-version":[{"id":10910,"href":"https:\/\/www.campingbellaterra.com\/da\/wp-json\/wp\/v2\/posts\/7067\/revisions\/10910"}],"wp:featuredmedia":[{"embeddable":true,"href":"https:\/\/www.campingbellaterra.com\/da\/wp-json\/wp\/v2\/media\/9455"}],"wp:attachment":[{"href":"https:\/\/www.campingbellaterra.com\/da\/wp-json\/wp\/v2\/media?parent=7067"}],"wp:term":[{"taxonomy":"category","embeddable":true,"href":"https:\/\/www.campingbellaterra.com\/da\/wp-json\/wp\/v2\/categories?post=7067"},{"taxonomy":"post_tag","embeddable":true,"href":"https:\/\/www.campingbellaterra.com\/da\/wp-json\/wp\/v2\/tags?post=7067"}],"curies":[{"name":"wp","href":"https:\/\/api.w.org\/{rel}","templated":true}]}}