{"id":7069,"date":"2018-12-19T15:58:18","date_gmt":"2018-12-19T14:58:18","guid":{"rendered":"https:\/\/www.campingbellaterra.com\/2019\/06\/13\/registreringen-af-campister\/"},"modified":"2022-04-12T10:33:49","modified_gmt":"2022-04-12T08:33:49","slug":"registreringen-af-campister","status":"publish","type":"post","link":"https:\/\/www.campingbellaterra.com\/da\/registreringen-af-campister\/","title":{"rendered":"Registreringen af \u200b\u200bcampister har v\u00e6ret stigende i Spanien og"},"content":{"rendered":"<p>Registreringen af \u200bautocamper er vokset med 347% i l\u00f8bet af de seneste 5 \u00e5r.<\/p>\n<p><!--more--><\/p>\n<p style=\"text-align: justify;\"><strong>Campingsektoren<\/strong> er popul\u00e6r i vores land. Det fremg\u00e5r af de seneste data fra den spanske forening for industri og handel med caravaning (ASEICAR), hvilket tyder p\u00e5, at der i f\u00f8rste halvdel af 2018 er registreret 3 621 campister, n\u00e6sten 11% mere i forhold til samme periode sidste \u00e5r.<\/p>\n<p style=\"text-align: justify;\">Derudover er salget af autocampere steget med 347% de seneste fem \u00e5r og med 203% det samlede salg med campingvogne. Denne boom er meget synlig i salget af autonome samfund. F\u00f8rst i 2017 var 1.298 campister registreret i Catalonien, svarende til 22,45% af det samlede sidste \u00e5r.<\/p>\n<p style=\"text-align: justify;\">Campingsektorens &#8220;boom&#8221; skyldes hovedsagelig samfundets eftersp\u00f8rgsel efter nye former for ferieaktiviteter baseret p\u00e5 kontakt med naturen. If\u00f8lge tallene fra Cetelem Observatory Motor 2018 er rejse til et hvilket som helst punkt i Spanien den slags rejse, som de fleste brugere foretager (74% af indgangene), f\u00f8r st\u00f8rre rejser uden for Spanien (47%) og korte ferier (45 %). I disse ture siger 41% brugere, at de overnatter p\u00e5 campingpladser. Den ene er Camping Bella Terra, beliggende p\u00e5 en af \u200bde bedste strande p\u00e5 Costa Brava, i byen Blanes i Girona.<\/p>\n<p style=\"text-align: justify;\">&#8220;I de sidste par \u00e5r har campingindustrien oplevet en klar udvikling og en \u00e6ndring i campers behov, med en meget betydelig stigning i kunderne, der bes\u00f8ger vores faciliteter om bord p\u00e5 deres komfortable autocampere&#8221;, siger Vicen\u00e7 Fern\u00e1ndez, direkt\u00f8r for Bella Terra Camping.<\/p>\n<p style=\"text-align: justify;\">Camping Bella Terra tilbyder de bedste pladser p\u00e5 Costa Brava, der ligger i store skyggefulde omr\u00e5der, hvor campister kan installere deres campingvogn. Den ene er komfortpladsen, med dimensioner p\u00e5 90 kvadratmeter med vand og afl\u00f8b p\u00e5 pladsen, og den anden er standardplads med en m\u00e5ling p\u00e5 70 til 80 kvadratmeter. &#8220;P\u00e5 begge af \u200b\u200bde to pladser vil vores campister f\u00f8le sig hjemme, og du kan v\u00e6lge om du vil v\u00e6re t\u00e6t p\u00e5 stranden eller poolen&#8221;, slutter Fern\u00e1ndez.<\/p>\n<p style=\"text-align: justify;\">Camping Bella Terra startede tirsdag den 13. november med forudbestillinger for 2019 s\u00e6sonen p\u00e5 sin webportal.<\/p>\n<p style=\"text-align: justify;\">\n","protected":false},"excerpt":{"rendered":"<p>Registreringen af \u200bautocamper er vokset med 347% i l\u00f8bet af de seneste 5 \u00e5r.<\/p>\n","protected":false},"author":2,"featured_media":9389,"comment_status":"closed","ping_status":"closed","sticky":false,"template":"","format":"standard","meta":{"_acf_changed":false,"inline_featured_image":false,"_monsterinsights_skip_tracking":false,"_monsterinsights_sitenote_active":false,"_monsterinsights_sitenote_note":"","_monsterinsights_sitenote_category":0,"footnotes":""},"categories":[2273],"tags":[1833,1863,1905,2231,2128,2237],"class_list":["post-7069","post","type-post","status-publish","format-standard","has-post-thumbnail","hentry","category-blog-da","tag-autocampere","tag-blanes-da","tag-campings-da","tag-familieturisme","tag-grunde","tag-helligdage"],"acf":[],"yoast_head":"<!-- This site is optimized with the Yoast SEO plugin v27.0 - https:\/\/yoast.com\/product\/yoast-seo-wordpress\/ -->\n<title>Registreringen af \u200b\u200bcampister har v\u00e6ret stigende i Spanien og - Camping Bella Terra<\/title>\n<meta name=\"robots\" content=\"index, follow, max-snippet:-1, max-image-preview:large, max-video-preview:-1\" \/>\n<link rel=\"canonical\" href=\"https:\/\/www.campingbellaterra.com\/da\/registreringen-af-campister\/\" \/>\n<meta property=\"og:locale\" content=\"da_DK\" \/>\n<meta property=\"og:type\" content=\"article\" \/>\n<meta property=\"og:title\" content=\"Registreringen af \u200b\u200bcampister har v\u00e6ret stigende i Spanien og - Camping Bella Terra\" \/>\n<meta property=\"og:description\" content=\"Registreringen af \u200bautocamper er vokset med 347% i l\u00f8bet af de seneste 5 \u00e5r.\" \/>\n<meta property=\"og:url\" content=\"https:\/\/www.campingbellaterra.com\/da\/registreringen-af-campister\/\" \/>\n<meta property=\"og:site_name\" content=\"Camping Bella Terra\" \/>\n<meta property=\"article:publisher\" content=\"https:\/\/www.facebook.com\/campingbellaterra\/\" \/>\n<meta property=\"article:published_time\" content=\"2018-12-19T14:58:18+00:00\" \/>\n<meta property=\"article:modified_time\" content=\"2022-04-12T08:33:49+00:00\" \/>\n<meta property=\"og:image\" content=\"https:\/\/www.campingbellaterra.com\/wp-content\/uploads\/media\/k2\/items\/src\/91b1b90c684fd8e5c2ec1b7418ca380f.jpg\" \/>\n\t<meta property=\"og:image:width\" content=\"960\" \/>\n\t<meta property=\"og:image:height\" content=\"720\" \/>\n\t<meta property=\"og:image:type\" content=\"image\/jpeg\" \/>\n<meta name=\"author\" content=\"vado\" \/>\n<meta name=\"twitter:card\" content=\"summary_large_image\" \/>\n<meta name=\"twitter:creator\" content=\"@cbellaterra\" \/>\n<meta name=\"twitter:site\" content=\"@cbellaterra\" \/>\n<meta name=\"twitter:label1\" content=\"Skrevet af\" \/>\n\t<meta name=\"twitter:data1\" content=\"vado\" \/>\n\t<meta name=\"twitter:label2\" content=\"Estimeret l\u00e6setid\" \/>\n\t<meta name=\"twitter:data2\" content=\"2 minutter\" \/>\n<script type=\"application\/ld+json\" class=\"yoast-schema-graph\">{\"@context\":\"https:\/\/schema.org\",\"@graph\":[{\"@type\":\"Article\",\"@id\":\"https:\/\/www.campingbellaterra.com\/da\/registreringen-af-campister\/#article\",\"isPartOf\":{\"@id\":\"https:\/\/www.campingbellaterra.com\/da\/registreringen-af-campister\/\"},\"author\":{\"name\":\"vado\",\"@id\":\"https:\/\/www.campingbellaterra.com\/da\/#\/schema\/person\/9dafe106b7fade6dd08664bb60ea89ac\"},\"headline\":\"Registreringen af \u200b\u200bcampister har v\u00e6ret stigende i Spanien og\",\"datePublished\":\"2018-12-19T14:58:18+00:00\",\"dateModified\":\"2022-04-12T08:33:49+00:00\",\"mainEntityOfPage\":{\"@id\":\"https:\/\/www.campingbellaterra.com\/da\/registreringen-af-campister\/\"},\"wordCount\":342,\"publisher\":{\"@id\":\"https:\/\/www.campingbellaterra.com\/da\/#organization\"},\"image\":{\"@id\":\"https:\/\/www.campingbellaterra.com\/da\/registreringen-af-campister\/#primaryimage\"},\"thumbnailUrl\":\"https:\/\/www.campingbellaterra.com\/wp-content\/uploads\/media\/k2\/items\/src\/91b1b90c684fd8e5c2ec1b7418ca380f.jpg\",\"keywords\":[\"autocampere\",\"blanes\",\"Campings\",\"familieturisme\",\"grunde\",\"helligdage\"],\"articleSection\":[\"blog\"],\"inLanguage\":\"da-DK\"},{\"@type\":\"WebPage\",\"@id\":\"https:\/\/www.campingbellaterra.com\/da\/registreringen-af-campister\/\",\"url\":\"https:\/\/www.campingbellaterra.com\/da\/registreringen-af-campister\/\",\"name\":\"Registreringen af \u200b\u200bcampister har v\u00e6ret stigende i Spanien og - Camping Bella Terra\",\"isPartOf\":{\"@id\":\"https:\/\/www.campingbellaterra.com\/da\/#website\"},\"primaryImageOfPage\":{\"@id\":\"https:\/\/www.campingbellaterra.com\/da\/registreringen-af-campister\/#primaryimage\"},\"image\":{\"@id\":\"https:\/\/www.campingbellaterra.com\/da\/registreringen-af-campister\/#primaryimage\"},\"thumbnailUrl\":\"https:\/\/www.campingbellaterra.com\/wp-content\/uploads\/media\/k2\/items\/src\/91b1b90c684fd8e5c2ec1b7418ca380f.jpg\",\"datePublished\":\"2018-12-19T14:58:18+00:00\",\"dateModified\":\"2022-04-12T08:33:49+00:00\",\"breadcrumb\":{\"@id\":\"https:\/\/www.campingbellaterra.com\/da\/registreringen-af-campister\/#breadcrumb\"},\"inLanguage\":\"da-DK\",\"potentialAction\":[{\"@type\":\"ReadAction\",\"target\":[\"https:\/\/www.campingbellaterra.com\/da\/registreringen-af-campister\/\"]}]},{\"@type\":\"ImageObject\",\"inLanguage\":\"da-DK\",\"@id\":\"https:\/\/www.campingbellaterra.com\/da\/registreringen-af-campister\/#primaryimage\",\"url\":\"https:\/\/www.campingbellaterra.com\/wp-content\/uploads\/media\/k2\/items\/src\/91b1b90c684fd8e5c2ec1b7418ca380f.jpg\",\"contentUrl\":\"https:\/\/www.campingbellaterra.com\/wp-content\/uploads\/media\/k2\/items\/src\/91b1b90c684fd8e5c2ec1b7418ca380f.jpg\",\"width\":960,\"height\":720,\"caption\":\"Autocaravanes C\u00e0mping Bella Terra\"},{\"@type\":\"BreadcrumbList\",\"@id\":\"https:\/\/www.campingbellaterra.com\/da\/registreringen-af-campister\/#breadcrumb\",\"itemListElement\":[{\"@type\":\"ListItem\",\"position\":1,\"name\":\"Inici\",\"item\":\"https:\/\/www.campingbellaterra.com\/da\/\"},{\"@type\":\"ListItem\",\"position\":2,\"name\":\"Registreringen af \u200b\u200bcampister har v\u00e6ret stigende i Spanien og\"}]},{\"@type\":\"WebSite\",\"@id\":\"https:\/\/www.campingbellaterra.com\/da\/#website\",\"url\":\"https:\/\/www.campingbellaterra.com\/da\/\",\"name\":\"Camping Bella Terra\",\"description\":\"Otro sitio realizado con WordPress\",\"publisher\":{\"@id\":\"https:\/\/www.campingbellaterra.com\/da\/#organization\"},\"potentialAction\":[{\"@type\":\"SearchAction\",\"target\":{\"@type\":\"EntryPoint\",\"urlTemplate\":\"https:\/\/www.campingbellaterra.com\/da\/?s={search_term_string}\"},\"query-input\":{\"@type\":\"PropertyValueSpecification\",\"valueRequired\":true,\"valueName\":\"search_term_string\"}}],\"inLanguage\":\"da-DK\"},{\"@type\":\"Organization\",\"@id\":\"https:\/\/www.campingbellaterra.com\/da\/#organization\",\"name\":\"Camping Bella Terra\",\"url\":\"https:\/\/www.campingbellaterra.com\/da\/\",\"logo\":{\"@type\":\"ImageObject\",\"inLanguage\":\"da-DK\",\"@id\":\"https:\/\/www.campingbellaterra.com\/da\/#\/schema\/logo\/image\/\",\"url\":\"https:\/\/www.campingbellaterra.com\/wp-content\/uploads\/logo6.svg\",\"contentUrl\":\"https:\/\/www.campingbellaterra.com\/wp-content\/uploads\/logo6.svg\",\"width\":\"2048\",\"height\":\"2048\",\"caption\":\"Camping Bella Terra\"},\"image\":{\"@id\":\"https:\/\/www.campingbellaterra.com\/da\/#\/schema\/logo\/image\/\"},\"sameAs\":[\"https:\/\/www.facebook.com\/campingbellaterra\/\",\"https:\/\/x.com\/cbellaterra\",\"https:\/\/www.instagram.com\/campingbellaterra\/\",\"https:\/\/www.youtube.com\/c\/Camping-Bellaterra-Blanes\",\"https:\/\/www.tripadvisor.es\/Hotel_Review-g580331-d3328184-Reviews-Camping_Bella_Terra-Blanes_Costa_Brava_Province_of_Girona_Catalonia.html\"]},{\"@type\":\"Person\",\"@id\":\"https:\/\/www.campingbellaterra.com\/da\/#\/schema\/person\/9dafe106b7fade6dd08664bb60ea89ac\",\"name\":\"vado\",\"image\":{\"@type\":\"ImageObject\",\"inLanguage\":\"da-DK\",\"@id\":\"https:\/\/www.campingbellaterra.com\/da\/#\/schema\/person\/image\/\",\"url\":\"https:\/\/secure.gravatar.com\/avatar\/6edab01d4cd19889ac2b69e05f01a3c93227951cf320620732fca472f184e4f5?s=96&d=mm&r=g\",\"contentUrl\":\"https:\/\/secure.gravatar.com\/avatar\/6edab01d4cd19889ac2b69e05f01a3c93227951cf320620732fca472f184e4f5?s=96&d=mm&r=g\",\"caption\":\"vado\"},\"url\":\"https:\/\/www.campingbellaterra.com\/da\/author\/vado\/\"}]}<\/script>\n<!-- \/ Yoast SEO plugin. -->","yoast_head_json":{"title":"Registreringen af \u200b\u200bcampister har v\u00e6ret stigende i Spanien og - Camping Bella Terra","robots":{"index":"index","follow":"follow","max-snippet":"max-snippet:-1","max-image-preview":"max-image-preview:large","max-video-preview":"max-video-preview:-1"},"canonical":"https:\/\/www.campingbellaterra.com\/da\/registreringen-af-campister\/","og_locale":"da_DK","og_type":"article","og_title":"Registreringen af \u200b\u200bcampister har v\u00e6ret stigende i Spanien og - Camping Bella Terra","og_description":"Registreringen af \u200bautocamper er vokset med 347% i l\u00f8bet af de seneste 5 \u00e5r.","og_url":"https:\/\/www.campingbellaterra.com\/da\/registreringen-af-campister\/","og_site_name":"Camping Bella Terra","article_publisher":"https:\/\/www.facebook.com\/campingbellaterra\/","article_published_time":"2018-12-19T14:58:18+00:00","article_modified_time":"2022-04-12T08:33:49+00:00","og_image":[{"width":960,"height":720,"url":"https:\/\/www.campingbellaterra.com\/wp-content\/uploads\/media\/k2\/items\/src\/91b1b90c684fd8e5c2ec1b7418ca380f.jpg","type":"image\/jpeg"}],"author":"vado","twitter_card":"summary_large_image","twitter_creator":"@cbellaterra","twitter_site":"@cbellaterra","twitter_misc":{"Skrevet af":"vado","Estimeret l\u00e6setid":"2 minutter"},"schema":{"@context":"https:\/\/schema.org","@graph":[{"@type":"Article","@id":"https:\/\/www.campingbellaterra.com\/da\/registreringen-af-campister\/#article","isPartOf":{"@id":"https:\/\/www.campingbellaterra.com\/da\/registreringen-af-campister\/"},"author":{"name":"vado","@id":"https:\/\/www.campingbellaterra.com\/da\/#\/schema\/person\/9dafe106b7fade6dd08664bb60ea89ac"},"headline":"Registreringen af \u200b\u200bcampister har v\u00e6ret stigende i Spanien og","datePublished":"2018-12-19T14:58:18+00:00","dateModified":"2022-04-12T08:33:49+00:00","mainEntityOfPage":{"@id":"https:\/\/www.campingbellaterra.com\/da\/registreringen-af-campister\/"},"wordCount":342,"publisher":{"@id":"https:\/\/www.campingbellaterra.com\/da\/#organization"},"image":{"@id":"https:\/\/www.campingbellaterra.com\/da\/registreringen-af-campister\/#primaryimage"},"thumbnailUrl":"https:\/\/www.campingbellaterra.com\/wp-content\/uploads\/media\/k2\/items\/src\/91b1b90c684fd8e5c2ec1b7418ca380f.jpg","keywords":["autocampere","blanes","Campings","familieturisme","grunde","helligdage"],"articleSection":["blog"],"inLanguage":"da-DK"},{"@type":"WebPage","@id":"https:\/\/www.campingbellaterra.com\/da\/registreringen-af-campister\/","url":"https:\/\/www.campingbellaterra.com\/da\/registreringen-af-campister\/","name":"Registreringen af \u200b\u200bcampister har v\u00e6ret stigende i Spanien og - Camping Bella Terra","isPartOf":{"@id":"https:\/\/www.campingbellaterra.com\/da\/#website"},"primaryImageOfPage":{"@id":"https:\/\/www.campingbellaterra.com\/da\/registreringen-af-campister\/#primaryimage"},"image":{"@id":"https:\/\/www.campingbellaterra.com\/da\/registreringen-af-campister\/#primaryimage"},"thumbnailUrl":"https:\/\/www.campingbellaterra.com\/wp-content\/uploads\/media\/k2\/items\/src\/91b1b90c684fd8e5c2ec1b7418ca380f.jpg","datePublished":"2018-12-19T14:58:18+00:00","dateModified":"2022-04-12T08:33:49+00:00","breadcrumb":{"@id":"https:\/\/www.campingbellaterra.com\/da\/registreringen-af-campister\/#breadcrumb"},"inLanguage":"da-DK","potentialAction":[{"@type":"ReadAction","target":["https:\/\/www.campingbellaterra.com\/da\/registreringen-af-campister\/"]}]},{"@type":"ImageObject","inLanguage":"da-DK","@id":"https:\/\/www.campingbellaterra.com\/da\/registreringen-af-campister\/#primaryimage","url":"https:\/\/www.campingbellaterra.com\/wp-content\/uploads\/media\/k2\/items\/src\/91b1b90c684fd8e5c2ec1b7418ca380f.jpg","contentUrl":"https:\/\/www.campingbellaterra.com\/wp-content\/uploads\/media\/k2\/items\/src\/91b1b90c684fd8e5c2ec1b7418ca380f.jpg","width":960,"height":720,"caption":"Autocaravanes C\u00e0mping Bella Terra"},{"@type":"BreadcrumbList","@id":"https:\/\/www.campingbellaterra.com\/da\/registreringen-af-campister\/#breadcrumb","itemListElement":[{"@type":"ListItem","position":1,"name":"Inici","item":"https:\/\/www.campingbellaterra.com\/da\/"},{"@type":"ListItem","position":2,"name":"Registreringen af \u200b\u200bcampister har v\u00e6ret stigende i Spanien og"}]},{"@type":"WebSite","@id":"https:\/\/www.campingbellaterra.com\/da\/#website","url":"https:\/\/www.campingbellaterra.com\/da\/","name":"Camping Bella Terra","description":"Otro sitio realizado con WordPress","publisher":{"@id":"https:\/\/www.campingbellaterra.com\/da\/#organization"},"potentialAction":[{"@type":"SearchAction","target":{"@type":"EntryPoint","urlTemplate":"https:\/\/www.campingbellaterra.com\/da\/?s={search_term_string}"},"query-input":{"@type":"PropertyValueSpecification","valueRequired":true,"valueName":"search_term_string"}}],"inLanguage":"da-DK"},{"@type":"Organization","@id":"https:\/\/www.campingbellaterra.com\/da\/#organization","name":"Camping Bella Terra","url":"https:\/\/www.campingbellaterra.com\/da\/","logo":{"@type":"ImageObject","inLanguage":"da-DK","@id":"https:\/\/www.campingbellaterra.com\/da\/#\/schema\/logo\/image\/","url":"https:\/\/www.campingbellaterra.com\/wp-content\/uploads\/logo6.svg","contentUrl":"https:\/\/www.campingbellaterra.com\/wp-content\/uploads\/logo6.svg","width":"2048","height":"2048","caption":"Camping Bella Terra"},"image":{"@id":"https:\/\/www.campingbellaterra.com\/da\/#\/schema\/logo\/image\/"},"sameAs":["https:\/\/www.facebook.com\/campingbellaterra\/","https:\/\/x.com\/cbellaterra","https:\/\/www.instagram.com\/campingbellaterra\/","https:\/\/www.youtube.com\/c\/Camping-Bellaterra-Blanes","https:\/\/www.tripadvisor.es\/Hotel_Review-g580331-d3328184-Reviews-Camping_Bella_Terra-Blanes_Costa_Brava_Province_of_Girona_Catalonia.html"]},{"@type":"Person","@id":"https:\/\/www.campingbellaterra.com\/da\/#\/schema\/person\/9dafe106b7fade6dd08664bb60ea89ac","name":"vado","image":{"@type":"ImageObject","inLanguage":"da-DK","@id":"https:\/\/www.campingbellaterra.com\/da\/#\/schema\/person\/image\/","url":"https:\/\/secure.gravatar.com\/avatar\/6edab01d4cd19889ac2b69e05f01a3c93227951cf320620732fca472f184e4f5?s=96&d=mm&r=g","contentUrl":"https:\/\/secure.gravatar.com\/avatar\/6edab01d4cd19889ac2b69e05f01a3c93227951cf320620732fca472f184e4f5?s=96&d=mm&r=g","caption":"vado"},"url":"https:\/\/www.campingbellaterra.com\/da\/author\/vado\/"}]}},"_links":{"self":[{"href":"https:\/\/www.campingbellaterra.com\/da\/wp-json\/wp\/v2\/posts\/7069","targetHints":{"allow":["GET"]}}],"collection":[{"href":"https:\/\/www.campingbellaterra.com\/da\/wp-json\/wp\/v2\/posts"}],"about":[{"href":"https:\/\/www.campingbellaterra.com\/da\/wp-json\/wp\/v2\/types\/post"}],"author":[{"embeddable":true,"href":"https:\/\/www.campingbellaterra.com\/da\/wp-json\/wp\/v2\/users\/2"}],"replies":[{"embeddable":true,"href":"https:\/\/www.campingbellaterra.com\/da\/wp-json\/wp\/v2\/comments?post=7069"}],"version-history":[{"count":1,"href":"https:\/\/www.campingbellaterra.com\/da\/wp-json\/wp\/v2\/posts\/7069\/revisions"}],"predecessor-version":[{"id":10912,"href":"https:\/\/www.campingbellaterra.com\/da\/wp-json\/wp\/v2\/posts\/7069\/revisions\/10912"}],"wp:featuredmedia":[{"embeddable":true,"href":"https:\/\/www.campingbellaterra.com\/da\/wp-json\/wp\/v2\/media\/9389"}],"wp:attachment":[{"href":"https:\/\/www.campingbellaterra.com\/da\/wp-json\/wp\/v2\/media?parent=7069"}],"wp:term":[{"taxonomy":"category","embeddable":true,"href":"https:\/\/www.campingbellaterra.com\/da\/wp-json\/wp\/v2\/categories?post=7069"},{"taxonomy":"post_tag","embeddable":true,"href":"https:\/\/www.campingbellaterra.com\/da\/wp-json\/wp\/v2\/tags?post=7069"}],"curies":[{"name":"wp","href":"https:\/\/api.w.org\/{rel}","templated":true}]}}