{"id":7071,"date":"2018-02-19T15:42:50","date_gmt":"2018-02-19T14:42:50","guid":{"rendered":"https:\/\/www.campingbellaterra.com\/2019\/06\/13\/udstillinger-herning-essen-2018\/"},"modified":"2022-04-12T11:27:30","modified_gmt":"2022-04-12T09:27:30","slug":"udstillinger-herning-essen-2018","status":"publish","type":"post","link":"https:\/\/www.campingbellaterra.com\/da\/udstillinger-herning-essen-2018\/","title":{"rendered":"Herning &#038; Essen Udstillinger"},"content":{"rendered":"<p>Essen i Tyskland og Herning i Danmark er de n\u00e6ste udstillinger, hvor camping Bella Terra pr\u00e6senterer sine vigtigste nyheder.<\/p>\n<p><!--more--><\/p>\n<p><strong>Udstilling i Essen<\/strong><\/p>\n<p>Camping Bella Terra vil v\u00e6re til stede for andet \u00e5r p\u00e5 den internationale messe for rejser, turisme og camping, Travel + Camping, der afholdes fra onsdag til s\u00f8ndag i den tyske by Essen. Arrangementet, arrangeret af det tyske firma Messe Essen GmbH, samler i fem dage en lang r\u00e6kke virksomheder inden for turistsektoren, som vil tilbyde og pr\u00e6sentere tilbud og nyheder til 2018-s\u00e6sonen.<\/p>\n<p>Familien Willekens, der er livslange kunder, er ansvarlig for repr\u00e6sentationen af \u200b\u200bCamping Bella Terra p\u00e5 denne messe.<\/p>\n<p>&#8220;Vores m\u00e5l er at yderligere \u00f8ge den tyske turists ankomst til at fremme alle vores vandaktiviteter, cykelruter, guidede ture gennem vores Blanes-by og vandreruterne&#8221;, siger Vicen\u00e7 Fern\u00e1ndez, direkt\u00f8r for Camping Bella Terra. Standen vil blive anbragt i hall nummer 11.<\/p>\n<p>{gallery}Essen 2018{\/gallery}<\/p>\n<p><strong>Udstilling i Herning<\/strong><\/p>\n<p>Camping Bella Terra vil ogs\u00e5 deltage for andet \u00e5r i tr\u00e6k p\u00e5 messen i Herning (Danmark), den vigtigste feriemesse i Skandinavien, som afholdes fra fredag \u200b\u200btil s\u00f8ndag p\u00e5 MCH Messecenter messen.<\/p>\n<p>Andersen-familien, et dansk par,  ogs\u00e5 regelm\u00e6ssige g\u00e6ster p\u00e5 campingpladsen, er ansvarlig for at repr\u00e6sentere Camping Bella Terra i denne turisthal.<\/p>\n<p>&#8220;Efter tilbagefaldet de senere \u00e5r vil vi stimulere den skandinaviske offentlighed i Blanes gennem denne personlige m\u00e5de, og Andersen-familien er den bedste samtalepartner til at formidle denne filosofi&#8221;, konkluderer Vicen\u00e7 Fern\u00e1ndez.<\/p>\n<p>Campingpladsen er placeret i hal M, stand 9768, dette vil v\u00e6re arbejdsomr\u00e5det for at \u00f8ge bevidstheden p\u00e5 det danske marked og p\u00e5 linje med resten af \u200b\u200bSkandinavien.<\/p>\n<p>{gallery}Herning 2018{\/gallery}<\/p>\n<p><strong>Mere om Camping Bella Terra<\/strong><\/p>\n<p><strong>Camping Bella Terra er en rolig familieplads, beliggende p\u00e5 en af \u200b\u200bde bedste strande p\u00e5 Costa Brava, i byen Blanes i La Selva regionen mod El BaixEmpord\u00e0. Blanes er kendt for den unikke karakter af det typiske landskab p\u00e5 Costa Brava. Beliggende mellem lufthavnene i Girona og Barcelona. De gode offentlige transportfaciliteter g\u00f8r campingpladsen Bella Terra meget tilg\u00e6ngelig for familier, der ikke har egen transport. S&#8217;Abanells strand modtager \u00e5r efter \u00e5r det bl\u00e5 flag, der tildeles af Det Europ\u00e6iske \u00d8konomiske F\u00e6llesskab, til strande og havbunden af \u200b\u200bh\u00f8j kvalitet.<\/strong><\/p>\n","protected":false},"excerpt":{"rendered":"<p>Essen i Tyskland og Herning i Danmark er de n\u00e6ste udstillinger, hvor camping Bella Terra pr\u00e6senterer sine vigtigste nyheder.<\/p>\n","protected":false},"author":2,"featured_media":9203,"comment_status":"closed","ping_status":"closed","sticky":false,"template":"","format":"standard","meta":{"_acf_changed":false,"inline_featured_image":false,"_monsterinsights_skip_tracking":false,"_monsterinsights_sitenote_active":false,"_monsterinsights_sitenote_note":"","_monsterinsights_sitenote_category":0,"footnotes":""},"categories":[2273],"tags":[1893,1899,1935,1977,1971,2019,2050,1815],"class_list":["post-7071","post","type-post","status-publish","format-standard","has-post-thumbnail","hentry","category-blog-da","tag-camping-bella-terra-da","tag-camping-costa-brava-da","tag-costa-brava-da","tag-danmark","tag-deutschland-da","tag-ferie-for-alle-da","tag-herning-da","tag-tyskland"],"acf":[],"yoast_head":"<!-- This site is optimized with the Yoast SEO plugin v27.0 - https:\/\/yoast.com\/product\/yoast-seo-wordpress\/ -->\n<title>Herning &amp; Essen Udstillinger - Camping Bella Terra<\/title>\n<meta name=\"robots\" content=\"index, follow, max-snippet:-1, max-image-preview:large, max-video-preview:-1\" \/>\n<link rel=\"canonical\" href=\"https:\/\/www.campingbellaterra.com\/da\/udstillinger-herning-essen-2018\/\" \/>\n<meta property=\"og:locale\" content=\"da_DK\" \/>\n<meta property=\"og:type\" content=\"article\" \/>\n<meta property=\"og:title\" content=\"Herning &amp; Essen Udstillinger - Camping Bella Terra\" \/>\n<meta property=\"og:description\" content=\"Essen i Tyskland og Herning i Danmark er de n\u00e6ste udstillinger, hvor camping Bella Terra pr\u00e6senterer sine vigtigste nyheder.\" \/>\n<meta property=\"og:url\" content=\"https:\/\/www.campingbellaterra.com\/da\/udstillinger-herning-essen-2018\/\" \/>\n<meta property=\"og:site_name\" content=\"Camping Bella Terra\" \/>\n<meta property=\"article:publisher\" content=\"https:\/\/www.facebook.com\/campingbellaterra\/\" \/>\n<meta property=\"article:published_time\" content=\"2018-02-19T14:42:50+00:00\" \/>\n<meta property=\"article:modified_time\" content=\"2022-04-12T09:27:30+00:00\" \/>\n<meta property=\"og:image\" content=\"https:\/\/www.campingbellaterra.com\/wp-content\/uploads\/media\/k2\/items\/src\/e213534406f5e673030b12a49a117407.jpg\" \/>\n\t<meta property=\"og:image:width\" content=\"1200\" \/>\n\t<meta property=\"og:image:height\" content=\"736\" \/>\n\t<meta property=\"og:image:type\" content=\"image\/jpeg\" \/>\n<meta name=\"author\" content=\"vado\" \/>\n<meta name=\"twitter:card\" content=\"summary_large_image\" \/>\n<meta name=\"twitter:creator\" content=\"@cbellaterra\" \/>\n<meta name=\"twitter:site\" content=\"@cbellaterra\" \/>\n<meta name=\"twitter:label1\" content=\"Skrevet af\" \/>\n\t<meta name=\"twitter:data1\" content=\"vado\" \/>\n\t<meta name=\"twitter:label2\" content=\"Estimeret l\u00e6setid\" \/>\n\t<meta name=\"twitter:data2\" content=\"2 minutter\" \/>\n<script type=\"application\/ld+json\" class=\"yoast-schema-graph\">{\"@context\":\"https:\/\/schema.org\",\"@graph\":[{\"@type\":\"Article\",\"@id\":\"https:\/\/www.campingbellaterra.com\/da\/udstillinger-herning-essen-2018\/#article\",\"isPartOf\":{\"@id\":\"https:\/\/www.campingbellaterra.com\/da\/udstillinger-herning-essen-2018\/\"},\"author\":{\"name\":\"vado\",\"@id\":\"https:\/\/www.campingbellaterra.com\/da\/#\/schema\/person\/9dafe106b7fade6dd08664bb60ea89ac\"},\"headline\":\"Herning &#038; Essen Udstillinger\",\"datePublished\":\"2018-02-19T14:42:50+00:00\",\"dateModified\":\"2022-04-12T09:27:30+00:00\",\"mainEntityOfPage\":{\"@id\":\"https:\/\/www.campingbellaterra.com\/da\/udstillinger-herning-essen-2018\/\"},\"wordCount\":378,\"publisher\":{\"@id\":\"https:\/\/www.campingbellaterra.com\/da\/#organization\"},\"image\":{\"@id\":\"https:\/\/www.campingbellaterra.com\/da\/udstillinger-herning-essen-2018\/#primaryimage\"},\"thumbnailUrl\":\"https:\/\/www.campingbellaterra.com\/wp-content\/uploads\/media\/k2\/items\/src\/e213534406f5e673030b12a49a117407.jpg\",\"keywords\":[\"camping bella terra\",\"camping costa brava\",\"costa brava\",\"Danmark\",\"deutschland\",\"ferie for alle\",\"herning\",\"Tyskland\"],\"articleSection\":[\"blog\"],\"inLanguage\":\"da-DK\"},{\"@type\":\"WebPage\",\"@id\":\"https:\/\/www.campingbellaterra.com\/da\/udstillinger-herning-essen-2018\/\",\"url\":\"https:\/\/www.campingbellaterra.com\/da\/udstillinger-herning-essen-2018\/\",\"name\":\"Herning & Essen Udstillinger - Camping Bella Terra\",\"isPartOf\":{\"@id\":\"https:\/\/www.campingbellaterra.com\/da\/#website\"},\"primaryImageOfPage\":{\"@id\":\"https:\/\/www.campingbellaterra.com\/da\/udstillinger-herning-essen-2018\/#primaryimage\"},\"image\":{\"@id\":\"https:\/\/www.campingbellaterra.com\/da\/udstillinger-herning-essen-2018\/#primaryimage\"},\"thumbnailUrl\":\"https:\/\/www.campingbellaterra.com\/wp-content\/uploads\/media\/k2\/items\/src\/e213534406f5e673030b12a49a117407.jpg\",\"datePublished\":\"2018-02-19T14:42:50+00:00\",\"dateModified\":\"2022-04-12T09:27:30+00:00\",\"breadcrumb\":{\"@id\":\"https:\/\/www.campingbellaterra.com\/da\/udstillinger-herning-essen-2018\/#breadcrumb\"},\"inLanguage\":\"da-DK\",\"potentialAction\":[{\"@type\":\"ReadAction\",\"target\":[\"https:\/\/www.campingbellaterra.com\/da\/udstillinger-herning-essen-2018\/\"]}]},{\"@type\":\"ImageObject\",\"inLanguage\":\"da-DK\",\"@id\":\"https:\/\/www.campingbellaterra.com\/da\/udstillinger-herning-essen-2018\/#primaryimage\",\"url\":\"https:\/\/www.campingbellaterra.com\/wp-content\/uploads\/media\/k2\/items\/src\/e213534406f5e673030b12a49a117407.jpg\",\"contentUrl\":\"https:\/\/www.campingbellaterra.com\/wp-content\/uploads\/media\/k2\/items\/src\/e213534406f5e673030b12a49a117407.jpg\",\"width\":1200,\"height\":736},{\"@type\":\"BreadcrumbList\",\"@id\":\"https:\/\/www.campingbellaterra.com\/da\/udstillinger-herning-essen-2018\/#breadcrumb\",\"itemListElement\":[{\"@type\":\"ListItem\",\"position\":1,\"name\":\"Inici\",\"item\":\"https:\/\/www.campingbellaterra.com\/da\/\"},{\"@type\":\"ListItem\",\"position\":2,\"name\":\"Herning &#038; Essen Udstillinger\"}]},{\"@type\":\"WebSite\",\"@id\":\"https:\/\/www.campingbellaterra.com\/da\/#website\",\"url\":\"https:\/\/www.campingbellaterra.com\/da\/\",\"name\":\"Camping Bella Terra\",\"description\":\"Otro sitio realizado con WordPress\",\"publisher\":{\"@id\":\"https:\/\/www.campingbellaterra.com\/da\/#organization\"},\"potentialAction\":[{\"@type\":\"SearchAction\",\"target\":{\"@type\":\"EntryPoint\",\"urlTemplate\":\"https:\/\/www.campingbellaterra.com\/da\/?s={search_term_string}\"},\"query-input\":{\"@type\":\"PropertyValueSpecification\",\"valueRequired\":true,\"valueName\":\"search_term_string\"}}],\"inLanguage\":\"da-DK\"},{\"@type\":\"Organization\",\"@id\":\"https:\/\/www.campingbellaterra.com\/da\/#organization\",\"name\":\"Camping Bella Terra\",\"url\":\"https:\/\/www.campingbellaterra.com\/da\/\",\"logo\":{\"@type\":\"ImageObject\",\"inLanguage\":\"da-DK\",\"@id\":\"https:\/\/www.campingbellaterra.com\/da\/#\/schema\/logo\/image\/\",\"url\":\"https:\/\/www.campingbellaterra.com\/wp-content\/uploads\/logo6.svg\",\"contentUrl\":\"https:\/\/www.campingbellaterra.com\/wp-content\/uploads\/logo6.svg\",\"width\":\"2048\",\"height\":\"2048\",\"caption\":\"Camping Bella Terra\"},\"image\":{\"@id\":\"https:\/\/www.campingbellaterra.com\/da\/#\/schema\/logo\/image\/\"},\"sameAs\":[\"https:\/\/www.facebook.com\/campingbellaterra\/\",\"https:\/\/x.com\/cbellaterra\",\"https:\/\/www.instagram.com\/campingbellaterra\/\",\"https:\/\/www.youtube.com\/c\/Camping-Bellaterra-Blanes\",\"https:\/\/www.tripadvisor.es\/Hotel_Review-g580331-d3328184-Reviews-Camping_Bella_Terra-Blanes_Costa_Brava_Province_of_Girona_Catalonia.html\"]},{\"@type\":\"Person\",\"@id\":\"https:\/\/www.campingbellaterra.com\/da\/#\/schema\/person\/9dafe106b7fade6dd08664bb60ea89ac\",\"name\":\"vado\",\"image\":{\"@type\":\"ImageObject\",\"inLanguage\":\"da-DK\",\"@id\":\"https:\/\/www.campingbellaterra.com\/da\/#\/schema\/person\/image\/\",\"url\":\"https:\/\/secure.gravatar.com\/avatar\/6edab01d4cd19889ac2b69e05f01a3c93227951cf320620732fca472f184e4f5?s=96&d=mm&r=g\",\"contentUrl\":\"https:\/\/secure.gravatar.com\/avatar\/6edab01d4cd19889ac2b69e05f01a3c93227951cf320620732fca472f184e4f5?s=96&d=mm&r=g\",\"caption\":\"vado\"},\"url\":\"https:\/\/www.campingbellaterra.com\/da\/author\/vado\/\"}]}<\/script>\n<!-- \/ Yoast SEO plugin. -->","yoast_head_json":{"title":"Herning & Essen Udstillinger - Camping Bella Terra","robots":{"index":"index","follow":"follow","max-snippet":"max-snippet:-1","max-image-preview":"max-image-preview:large","max-video-preview":"max-video-preview:-1"},"canonical":"https:\/\/www.campingbellaterra.com\/da\/udstillinger-herning-essen-2018\/","og_locale":"da_DK","og_type":"article","og_title":"Herning & Essen Udstillinger - Camping Bella Terra","og_description":"Essen i Tyskland og Herning i Danmark er de n\u00e6ste udstillinger, hvor camping Bella Terra pr\u00e6senterer sine vigtigste nyheder.","og_url":"https:\/\/www.campingbellaterra.com\/da\/udstillinger-herning-essen-2018\/","og_site_name":"Camping Bella Terra","article_publisher":"https:\/\/www.facebook.com\/campingbellaterra\/","article_published_time":"2018-02-19T14:42:50+00:00","article_modified_time":"2022-04-12T09:27:30+00:00","og_image":[{"width":1200,"height":736,"url":"https:\/\/www.campingbellaterra.com\/wp-content\/uploads\/media\/k2\/items\/src\/e213534406f5e673030b12a49a117407.jpg","type":"image\/jpeg"}],"author":"vado","twitter_card":"summary_large_image","twitter_creator":"@cbellaterra","twitter_site":"@cbellaterra","twitter_misc":{"Skrevet af":"vado","Estimeret l\u00e6setid":"2 minutter"},"schema":{"@context":"https:\/\/schema.org","@graph":[{"@type":"Article","@id":"https:\/\/www.campingbellaterra.com\/da\/udstillinger-herning-essen-2018\/#article","isPartOf":{"@id":"https:\/\/www.campingbellaterra.com\/da\/udstillinger-herning-essen-2018\/"},"author":{"name":"vado","@id":"https:\/\/www.campingbellaterra.com\/da\/#\/schema\/person\/9dafe106b7fade6dd08664bb60ea89ac"},"headline":"Herning &#038; Essen Udstillinger","datePublished":"2018-02-19T14:42:50+00:00","dateModified":"2022-04-12T09:27:30+00:00","mainEntityOfPage":{"@id":"https:\/\/www.campingbellaterra.com\/da\/udstillinger-herning-essen-2018\/"},"wordCount":378,"publisher":{"@id":"https:\/\/www.campingbellaterra.com\/da\/#organization"},"image":{"@id":"https:\/\/www.campingbellaterra.com\/da\/udstillinger-herning-essen-2018\/#primaryimage"},"thumbnailUrl":"https:\/\/www.campingbellaterra.com\/wp-content\/uploads\/media\/k2\/items\/src\/e213534406f5e673030b12a49a117407.jpg","keywords":["camping bella terra","camping costa brava","costa brava","Danmark","deutschland","ferie for alle","herning","Tyskland"],"articleSection":["blog"],"inLanguage":"da-DK"},{"@type":"WebPage","@id":"https:\/\/www.campingbellaterra.com\/da\/udstillinger-herning-essen-2018\/","url":"https:\/\/www.campingbellaterra.com\/da\/udstillinger-herning-essen-2018\/","name":"Herning & Essen Udstillinger - Camping Bella Terra","isPartOf":{"@id":"https:\/\/www.campingbellaterra.com\/da\/#website"},"primaryImageOfPage":{"@id":"https:\/\/www.campingbellaterra.com\/da\/udstillinger-herning-essen-2018\/#primaryimage"},"image":{"@id":"https:\/\/www.campingbellaterra.com\/da\/udstillinger-herning-essen-2018\/#primaryimage"},"thumbnailUrl":"https:\/\/www.campingbellaterra.com\/wp-content\/uploads\/media\/k2\/items\/src\/e213534406f5e673030b12a49a117407.jpg","datePublished":"2018-02-19T14:42:50+00:00","dateModified":"2022-04-12T09:27:30+00:00","breadcrumb":{"@id":"https:\/\/www.campingbellaterra.com\/da\/udstillinger-herning-essen-2018\/#breadcrumb"},"inLanguage":"da-DK","potentialAction":[{"@type":"ReadAction","target":["https:\/\/www.campingbellaterra.com\/da\/udstillinger-herning-essen-2018\/"]}]},{"@type":"ImageObject","inLanguage":"da-DK","@id":"https:\/\/www.campingbellaterra.com\/da\/udstillinger-herning-essen-2018\/#primaryimage","url":"https:\/\/www.campingbellaterra.com\/wp-content\/uploads\/media\/k2\/items\/src\/e213534406f5e673030b12a49a117407.jpg","contentUrl":"https:\/\/www.campingbellaterra.com\/wp-content\/uploads\/media\/k2\/items\/src\/e213534406f5e673030b12a49a117407.jpg","width":1200,"height":736},{"@type":"BreadcrumbList","@id":"https:\/\/www.campingbellaterra.com\/da\/udstillinger-herning-essen-2018\/#breadcrumb","itemListElement":[{"@type":"ListItem","position":1,"name":"Inici","item":"https:\/\/www.campingbellaterra.com\/da\/"},{"@type":"ListItem","position":2,"name":"Herning &#038; Essen Udstillinger"}]},{"@type":"WebSite","@id":"https:\/\/www.campingbellaterra.com\/da\/#website","url":"https:\/\/www.campingbellaterra.com\/da\/","name":"Camping Bella Terra","description":"Otro sitio realizado con WordPress","publisher":{"@id":"https:\/\/www.campingbellaterra.com\/da\/#organization"},"potentialAction":[{"@type":"SearchAction","target":{"@type":"EntryPoint","urlTemplate":"https:\/\/www.campingbellaterra.com\/da\/?s={search_term_string}"},"query-input":{"@type":"PropertyValueSpecification","valueRequired":true,"valueName":"search_term_string"}}],"inLanguage":"da-DK"},{"@type":"Organization","@id":"https:\/\/www.campingbellaterra.com\/da\/#organization","name":"Camping Bella Terra","url":"https:\/\/www.campingbellaterra.com\/da\/","logo":{"@type":"ImageObject","inLanguage":"da-DK","@id":"https:\/\/www.campingbellaterra.com\/da\/#\/schema\/logo\/image\/","url":"https:\/\/www.campingbellaterra.com\/wp-content\/uploads\/logo6.svg","contentUrl":"https:\/\/www.campingbellaterra.com\/wp-content\/uploads\/logo6.svg","width":"2048","height":"2048","caption":"Camping Bella Terra"},"image":{"@id":"https:\/\/www.campingbellaterra.com\/da\/#\/schema\/logo\/image\/"},"sameAs":["https:\/\/www.facebook.com\/campingbellaterra\/","https:\/\/x.com\/cbellaterra","https:\/\/www.instagram.com\/campingbellaterra\/","https:\/\/www.youtube.com\/c\/Camping-Bellaterra-Blanes","https:\/\/www.tripadvisor.es\/Hotel_Review-g580331-d3328184-Reviews-Camping_Bella_Terra-Blanes_Costa_Brava_Province_of_Girona_Catalonia.html"]},{"@type":"Person","@id":"https:\/\/www.campingbellaterra.com\/da\/#\/schema\/person\/9dafe106b7fade6dd08664bb60ea89ac","name":"vado","image":{"@type":"ImageObject","inLanguage":"da-DK","@id":"https:\/\/www.campingbellaterra.com\/da\/#\/schema\/person\/image\/","url":"https:\/\/secure.gravatar.com\/avatar\/6edab01d4cd19889ac2b69e05f01a3c93227951cf320620732fca472f184e4f5?s=96&d=mm&r=g","contentUrl":"https:\/\/secure.gravatar.com\/avatar\/6edab01d4cd19889ac2b69e05f01a3c93227951cf320620732fca472f184e4f5?s=96&d=mm&r=g","caption":"vado"},"url":"https:\/\/www.campingbellaterra.com\/da\/author\/vado\/"}]}},"_links":{"self":[{"href":"https:\/\/www.campingbellaterra.com\/da\/wp-json\/wp\/v2\/posts\/7071","targetHints":{"allow":["GET"]}}],"collection":[{"href":"https:\/\/www.campingbellaterra.com\/da\/wp-json\/wp\/v2\/posts"}],"about":[{"href":"https:\/\/www.campingbellaterra.com\/da\/wp-json\/wp\/v2\/types\/post"}],"author":[{"embeddable":true,"href":"https:\/\/www.campingbellaterra.com\/da\/wp-json\/wp\/v2\/users\/2"}],"replies":[{"embeddable":true,"href":"https:\/\/www.campingbellaterra.com\/da\/wp-json\/wp\/v2\/comments?post=7071"}],"version-history":[{"count":1,"href":"https:\/\/www.campingbellaterra.com\/da\/wp-json\/wp\/v2\/posts\/7071\/revisions"}],"predecessor-version":[{"id":10933,"href":"https:\/\/www.campingbellaterra.com\/da\/wp-json\/wp\/v2\/posts\/7071\/revisions\/10933"}],"wp:featuredmedia":[{"embeddable":true,"href":"https:\/\/www.campingbellaterra.com\/da\/wp-json\/wp\/v2\/media\/9203"}],"wp:attachment":[{"href":"https:\/\/www.campingbellaterra.com\/da\/wp-json\/wp\/v2\/media?parent=7071"}],"wp:term":[{"taxonomy":"category","embeddable":true,"href":"https:\/\/www.campingbellaterra.com\/da\/wp-json\/wp\/v2\/categories?post=7071"},{"taxonomy":"post_tag","embeddable":true,"href":"https:\/\/www.campingbellaterra.com\/da\/wp-json\/wp\/v2\/tags?post=7071"}],"curies":[{"name":"wp","href":"https:\/\/api.w.org\/{rel}","templated":true}]}}