{"id":7085,"date":"2019-07-17T07:00:37","date_gmt":"2019-07-17T05:00:37","guid":{"rendered":"https:\/\/www.campingbellaterra.com\/2019\/07\/17\/49-fyrvaerkeri\/"},"modified":"2022-04-12T10:16:03","modified_gmt":"2022-04-12T08:16:03","slug":"49-fyrvaerkeri","status":"publish","type":"post","link":"https:\/\/www.campingbellaterra.com\/da\/49-fyrvaerkeri\/","title":{"rendered":"Nedt\u00e6llingen til den 49. fyrv\u00e6rkeri konkurrence er startet"},"content":{"rendered":"<p><span style=\"font-size: 14pt;\">Den internationale fyrv\u00e6rkeri festival afholdes fra 23.- 27. Juli kl. 22:30.<\/span><\/p>\n<p><!--more--><\/p>\n<p style=\"text-align: justify;\">Byen Blanes i Girona forbereder sig p\u00e5 den <strong>49. udgave af den internationale fyrv\u00e6rkeri konkurrence Costa Brava<\/strong>, der betragtes, som en af \u200b\u200bde vigtigste pyrotekniske begivenheder i Europa. Det finder sted fra 23. juli til 27. juli, og falder sammen med Big City Festival i kommunen. Konkurrencen blev f\u00f8rste gang afholdt i 1971. Siden da har det v\u00e6ret en ber\u00f8mt festival, der tiltr\u00e6kker prestigefyldte deltagere fra forskellige lande.<\/p>\n<p style=\"text-align: justify;\">Fire spanske og en italiensk deltager i \u00e5rets udgave.<\/p>\n<p style=\"text-align: justify;\">Den f\u00f8rste aften, tirsdag, 23. juli starter vi med firmaet Hermanos Ferr\u00e1ndez (Murcia), vinder af de sidste tre \u00e5rs konkurrence.<\/p>\n<p style=\"text-align: justify;\">Onsdag 24. Juli vil det v\u00e6re Poleggi (Italien).<\/p>\n<p style=\"text-align: justify;\">Torsdag 25. Juli Valenciana Pyrotechnics.<\/p>\n<p style=\"text-align: justify;\">Fredag \u200b\u200b26. Juli Gironina Pyrotechnics.<\/p>\n<p style=\"text-align: justify;\">L\u00f8rdag 27. Juli lukkes festivalen af med Pyrotechnics Zaragozana.<\/p>\n<p style=\"text-align: justify;\">Blanes firedobler befolkningen i l\u00f8bet af de fem dage i konkurrencen. Det ansl\u00e5s, at der i \u00e5r vil v\u00e6re mere end 500.000 mennesker, som passerer gennem kystbyen, hvoraf det st\u00f8rste antal vil v\u00e6re l\u00f8rdag aften.&nbsp;Byen har en bred vifte af indkvarterings muligheder, herunder campingpladser, med mere end 10.000 pladser.<\/p>\n<p style=\"text-align: justify;\">En af disse turiststeder er <strong>Camping Bella Terra<\/strong>, som for nylig er blevet tildelt TripAdvisor Certificate of Excellence som nummer 1 som ekstra indkvarteringsmulighed i Blanes. Campingpladsen forventer en h\u00f8j bel\u00e6gningsprocent i ugen med fyrv\u00e6rkeri konkurrencen.<em> &#8216;Det er en begivenhed, der er noteret i kalenderen hos alle vores campister. Reservationer for ugen med konkurrencen er endda lavet i god tid. Normalt er alle pladser optaget i januar m\u00e5ned&#8217;<\/em>, siger direkt\u00f8r Vicen\u00e7 Fernandez.&nbsp;<\/p>\n<p style=\"text-align: justify;\">Camping Bella Terra tilbyder direkte adgang til S&#8217;Abanell-stranden, hvor du kan ud\u00f8ve alle former for aktiviteter p\u00e5 vandet, og hvor campister kan finde en bred vifte af fritidsaktiviteter, sport, gastronomi, vandreture eller kultur. Ud over de utallige ture til strandene p\u00e5 Costa Brava, er der mulighed for at bes\u00f8ge byen Barcelona, \u200b\u200bkun 70 km v\u00e6k. Camping er en ideel m\u00e5de at nyde din ferie p\u00e5.<\/p>\n<p style=\"text-align: justify;\"><em>&nbsp;<\/em><\/p>\n","protected":false},"excerpt":{"rendered":"<p>Den internationale fyrv\u00e6rkeri festival afholdes fra 23.- 27. Juli kl. 22:30.<\/p>\n","protected":false},"author":2,"featured_media":0,"comment_status":"closed","ping_status":"closed","sticky":false,"template":"","format":"standard","meta":{"_acf_changed":false,"inline_featured_image":false,"_monsterinsights_skip_tracking":false,"_monsterinsights_sitenote_active":false,"_monsterinsights_sitenote_note":"","_monsterinsights_sitenote_category":0,"footnotes":""},"categories":[2273],"tags":[1863,1881,1887,1893,2267],"class_list":["post-7085","post","type-post","status-publish","format-standard","hentry","category-blog-da","tag-blanes-da","tag-bungalows-da","tag-camping-da","tag-camping-bella-terra-da","tag-fyrvaerkeri"],"acf":[],"yoast_head":"<!-- This site is optimized with the Yoast SEO plugin v27.0 - https:\/\/yoast.com\/product\/yoast-seo-wordpress\/ -->\n<title>Nedt\u00e6llingen til den 49. fyrv\u00e6rkeri konkurrence er startet - Camping Bella Terra<\/title>\n<meta name=\"robots\" content=\"index, follow, max-snippet:-1, max-image-preview:large, max-video-preview:-1\" \/>\n<link rel=\"canonical\" href=\"https:\/\/www.campingbellaterra.com\/da\/49-fyrvaerkeri\/\" \/>\n<meta property=\"og:locale\" content=\"da_DK\" \/>\n<meta property=\"og:type\" content=\"article\" \/>\n<meta property=\"og:title\" content=\"Nedt\u00e6llingen til den 49. fyrv\u00e6rkeri konkurrence er startet - Camping Bella Terra\" \/>\n<meta property=\"og:description\" content=\"Den internationale fyrv\u00e6rkeri festival afholdes fra 23.- 27. Juli kl. 22:30.\" \/>\n<meta property=\"og:url\" content=\"https:\/\/www.campingbellaterra.com\/da\/49-fyrvaerkeri\/\" \/>\n<meta property=\"og:site_name\" content=\"Camping Bella Terra\" \/>\n<meta property=\"article:publisher\" content=\"https:\/\/www.facebook.com\/campingbellaterra\/\" \/>\n<meta property=\"article:published_time\" content=\"2019-07-17T05:00:37+00:00\" \/>\n<meta property=\"article:modified_time\" content=\"2022-04-12T08:16:03+00:00\" \/>\n<meta name=\"author\" content=\"vado\" \/>\n<meta name=\"twitter:card\" content=\"summary_large_image\" \/>\n<meta name=\"twitter:creator\" content=\"@cbellaterra\" \/>\n<meta name=\"twitter:site\" content=\"@cbellaterra\" \/>\n<meta name=\"twitter:label1\" content=\"Skrevet af\" \/>\n\t<meta name=\"twitter:data1\" content=\"vado\" \/>\n\t<meta name=\"twitter:label2\" content=\"Estimeret l\u00e6setid\" \/>\n\t<meta name=\"twitter:data2\" content=\"2 minutter\" \/>\n<script type=\"application\/ld+json\" class=\"yoast-schema-graph\">{\"@context\":\"https:\/\/schema.org\",\"@graph\":[{\"@type\":\"Article\",\"@id\":\"https:\/\/www.campingbellaterra.com\/da\/49-fyrvaerkeri\/#article\",\"isPartOf\":{\"@id\":\"https:\/\/www.campingbellaterra.com\/da\/49-fyrvaerkeri\/\"},\"author\":{\"name\":\"vado\",\"@id\":\"https:\/\/www.campingbellaterra.com\/da\/#\/schema\/person\/9dafe106b7fade6dd08664bb60ea89ac\"},\"headline\":\"Nedt\u00e6llingen til den 49. fyrv\u00e6rkeri konkurrence er startet\",\"datePublished\":\"2019-07-17T05:00:37+00:00\",\"dateModified\":\"2022-04-12T08:16:03+00:00\",\"mainEntityOfPage\":{\"@id\":\"https:\/\/www.campingbellaterra.com\/da\/49-fyrvaerkeri\/\"},\"wordCount\":344,\"publisher\":{\"@id\":\"https:\/\/www.campingbellaterra.com\/da\/#organization\"},\"keywords\":[\"blanes\",\"BUNGALOWS\",\"Camping\",\"camping bella terra\",\"Fyrv\u00e6rkeri\"],\"articleSection\":[\"blog\"],\"inLanguage\":\"da-DK\"},{\"@type\":\"WebPage\",\"@id\":\"https:\/\/www.campingbellaterra.com\/da\/49-fyrvaerkeri\/\",\"url\":\"https:\/\/www.campingbellaterra.com\/da\/49-fyrvaerkeri\/\",\"name\":\"Nedt\u00e6llingen til den 49. fyrv\u00e6rkeri konkurrence er startet - Camping Bella Terra\",\"isPartOf\":{\"@id\":\"https:\/\/www.campingbellaterra.com\/da\/#website\"},\"datePublished\":\"2019-07-17T05:00:37+00:00\",\"dateModified\":\"2022-04-12T08:16:03+00:00\",\"breadcrumb\":{\"@id\":\"https:\/\/www.campingbellaterra.com\/da\/49-fyrvaerkeri\/#breadcrumb\"},\"inLanguage\":\"da-DK\",\"potentialAction\":[{\"@type\":\"ReadAction\",\"target\":[\"https:\/\/www.campingbellaterra.com\/da\/49-fyrvaerkeri\/\"]}]},{\"@type\":\"BreadcrumbList\",\"@id\":\"https:\/\/www.campingbellaterra.com\/da\/49-fyrvaerkeri\/#breadcrumb\",\"itemListElement\":[{\"@type\":\"ListItem\",\"position\":1,\"name\":\"Inici\",\"item\":\"https:\/\/www.campingbellaterra.com\/da\/\"},{\"@type\":\"ListItem\",\"position\":2,\"name\":\"Nedt\u00e6llingen til den 49. fyrv\u00e6rkeri konkurrence er startet\"}]},{\"@type\":\"WebSite\",\"@id\":\"https:\/\/www.campingbellaterra.com\/da\/#website\",\"url\":\"https:\/\/www.campingbellaterra.com\/da\/\",\"name\":\"Camping Bella Terra\",\"description\":\"Otro sitio realizado con WordPress\",\"publisher\":{\"@id\":\"https:\/\/www.campingbellaterra.com\/da\/#organization\"},\"potentialAction\":[{\"@type\":\"SearchAction\",\"target\":{\"@type\":\"EntryPoint\",\"urlTemplate\":\"https:\/\/www.campingbellaterra.com\/da\/?s={search_term_string}\"},\"query-input\":{\"@type\":\"PropertyValueSpecification\",\"valueRequired\":true,\"valueName\":\"search_term_string\"}}],\"inLanguage\":\"da-DK\"},{\"@type\":\"Organization\",\"@id\":\"https:\/\/www.campingbellaterra.com\/da\/#organization\",\"name\":\"Camping Bella Terra\",\"url\":\"https:\/\/www.campingbellaterra.com\/da\/\",\"logo\":{\"@type\":\"ImageObject\",\"inLanguage\":\"da-DK\",\"@id\":\"https:\/\/www.campingbellaterra.com\/da\/#\/schema\/logo\/image\/\",\"url\":\"https:\/\/www.campingbellaterra.com\/wp-content\/uploads\/logo6.svg\",\"contentUrl\":\"https:\/\/www.campingbellaterra.com\/wp-content\/uploads\/logo6.svg\",\"width\":\"2048\",\"height\":\"2048\",\"caption\":\"Camping Bella Terra\"},\"image\":{\"@id\":\"https:\/\/www.campingbellaterra.com\/da\/#\/schema\/logo\/image\/\"},\"sameAs\":[\"https:\/\/www.facebook.com\/campingbellaterra\/\",\"https:\/\/x.com\/cbellaterra\",\"https:\/\/www.instagram.com\/campingbellaterra\/\",\"https:\/\/www.youtube.com\/c\/Camping-Bellaterra-Blanes\",\"https:\/\/www.tripadvisor.es\/Hotel_Review-g580331-d3328184-Reviews-Camping_Bella_Terra-Blanes_Costa_Brava_Province_of_Girona_Catalonia.html\"]},{\"@type\":\"Person\",\"@id\":\"https:\/\/www.campingbellaterra.com\/da\/#\/schema\/person\/9dafe106b7fade6dd08664bb60ea89ac\",\"name\":\"vado\",\"image\":{\"@type\":\"ImageObject\",\"inLanguage\":\"da-DK\",\"@id\":\"https:\/\/www.campingbellaterra.com\/da\/#\/schema\/person\/image\/\",\"url\":\"https:\/\/secure.gravatar.com\/avatar\/6edab01d4cd19889ac2b69e05f01a3c93227951cf320620732fca472f184e4f5?s=96&d=mm&r=g\",\"contentUrl\":\"https:\/\/secure.gravatar.com\/avatar\/6edab01d4cd19889ac2b69e05f01a3c93227951cf320620732fca472f184e4f5?s=96&d=mm&r=g\",\"caption\":\"vado\"},\"url\":\"https:\/\/www.campingbellaterra.com\/da\/author\/vado\/\"}]}<\/script>\n<!-- \/ Yoast SEO plugin. -->","yoast_head_json":{"title":"Nedt\u00e6llingen til den 49. fyrv\u00e6rkeri konkurrence er startet - Camping Bella Terra","robots":{"index":"index","follow":"follow","max-snippet":"max-snippet:-1","max-image-preview":"max-image-preview:large","max-video-preview":"max-video-preview:-1"},"canonical":"https:\/\/www.campingbellaterra.com\/da\/49-fyrvaerkeri\/","og_locale":"da_DK","og_type":"article","og_title":"Nedt\u00e6llingen til den 49. fyrv\u00e6rkeri konkurrence er startet - Camping Bella Terra","og_description":"Den internationale fyrv\u00e6rkeri festival afholdes fra 23.- 27. Juli kl. 22:30.","og_url":"https:\/\/www.campingbellaterra.com\/da\/49-fyrvaerkeri\/","og_site_name":"Camping Bella Terra","article_publisher":"https:\/\/www.facebook.com\/campingbellaterra\/","article_published_time":"2019-07-17T05:00:37+00:00","article_modified_time":"2022-04-12T08:16:03+00:00","author":"vado","twitter_card":"summary_large_image","twitter_creator":"@cbellaterra","twitter_site":"@cbellaterra","twitter_misc":{"Skrevet af":"vado","Estimeret l\u00e6setid":"2 minutter"},"schema":{"@context":"https:\/\/schema.org","@graph":[{"@type":"Article","@id":"https:\/\/www.campingbellaterra.com\/da\/49-fyrvaerkeri\/#article","isPartOf":{"@id":"https:\/\/www.campingbellaterra.com\/da\/49-fyrvaerkeri\/"},"author":{"name":"vado","@id":"https:\/\/www.campingbellaterra.com\/da\/#\/schema\/person\/9dafe106b7fade6dd08664bb60ea89ac"},"headline":"Nedt\u00e6llingen til den 49. fyrv\u00e6rkeri konkurrence er startet","datePublished":"2019-07-17T05:00:37+00:00","dateModified":"2022-04-12T08:16:03+00:00","mainEntityOfPage":{"@id":"https:\/\/www.campingbellaterra.com\/da\/49-fyrvaerkeri\/"},"wordCount":344,"publisher":{"@id":"https:\/\/www.campingbellaterra.com\/da\/#organization"},"keywords":["blanes","BUNGALOWS","Camping","camping bella terra","Fyrv\u00e6rkeri"],"articleSection":["blog"],"inLanguage":"da-DK"},{"@type":"WebPage","@id":"https:\/\/www.campingbellaterra.com\/da\/49-fyrvaerkeri\/","url":"https:\/\/www.campingbellaterra.com\/da\/49-fyrvaerkeri\/","name":"Nedt\u00e6llingen til den 49. fyrv\u00e6rkeri konkurrence er startet - Camping Bella Terra","isPartOf":{"@id":"https:\/\/www.campingbellaterra.com\/da\/#website"},"datePublished":"2019-07-17T05:00:37+00:00","dateModified":"2022-04-12T08:16:03+00:00","breadcrumb":{"@id":"https:\/\/www.campingbellaterra.com\/da\/49-fyrvaerkeri\/#breadcrumb"},"inLanguage":"da-DK","potentialAction":[{"@type":"ReadAction","target":["https:\/\/www.campingbellaterra.com\/da\/49-fyrvaerkeri\/"]}]},{"@type":"BreadcrumbList","@id":"https:\/\/www.campingbellaterra.com\/da\/49-fyrvaerkeri\/#breadcrumb","itemListElement":[{"@type":"ListItem","position":1,"name":"Inici","item":"https:\/\/www.campingbellaterra.com\/da\/"},{"@type":"ListItem","position":2,"name":"Nedt\u00e6llingen til den 49. fyrv\u00e6rkeri konkurrence er startet"}]},{"@type":"WebSite","@id":"https:\/\/www.campingbellaterra.com\/da\/#website","url":"https:\/\/www.campingbellaterra.com\/da\/","name":"Camping Bella Terra","description":"Otro sitio realizado con WordPress","publisher":{"@id":"https:\/\/www.campingbellaterra.com\/da\/#organization"},"potentialAction":[{"@type":"SearchAction","target":{"@type":"EntryPoint","urlTemplate":"https:\/\/www.campingbellaterra.com\/da\/?s={search_term_string}"},"query-input":{"@type":"PropertyValueSpecification","valueRequired":true,"valueName":"search_term_string"}}],"inLanguage":"da-DK"},{"@type":"Organization","@id":"https:\/\/www.campingbellaterra.com\/da\/#organization","name":"Camping Bella Terra","url":"https:\/\/www.campingbellaterra.com\/da\/","logo":{"@type":"ImageObject","inLanguage":"da-DK","@id":"https:\/\/www.campingbellaterra.com\/da\/#\/schema\/logo\/image\/","url":"https:\/\/www.campingbellaterra.com\/wp-content\/uploads\/logo6.svg","contentUrl":"https:\/\/www.campingbellaterra.com\/wp-content\/uploads\/logo6.svg","width":"2048","height":"2048","caption":"Camping Bella Terra"},"image":{"@id":"https:\/\/www.campingbellaterra.com\/da\/#\/schema\/logo\/image\/"},"sameAs":["https:\/\/www.facebook.com\/campingbellaterra\/","https:\/\/x.com\/cbellaterra","https:\/\/www.instagram.com\/campingbellaterra\/","https:\/\/www.youtube.com\/c\/Camping-Bellaterra-Blanes","https:\/\/www.tripadvisor.es\/Hotel_Review-g580331-d3328184-Reviews-Camping_Bella_Terra-Blanes_Costa_Brava_Province_of_Girona_Catalonia.html"]},{"@type":"Person","@id":"https:\/\/www.campingbellaterra.com\/da\/#\/schema\/person\/9dafe106b7fade6dd08664bb60ea89ac","name":"vado","image":{"@type":"ImageObject","inLanguage":"da-DK","@id":"https:\/\/www.campingbellaterra.com\/da\/#\/schema\/person\/image\/","url":"https:\/\/secure.gravatar.com\/avatar\/6edab01d4cd19889ac2b69e05f01a3c93227951cf320620732fca472f184e4f5?s=96&d=mm&r=g","contentUrl":"https:\/\/secure.gravatar.com\/avatar\/6edab01d4cd19889ac2b69e05f01a3c93227951cf320620732fca472f184e4f5?s=96&d=mm&r=g","caption":"vado"},"url":"https:\/\/www.campingbellaterra.com\/da\/author\/vado\/"}]}},"_links":{"self":[{"href":"https:\/\/www.campingbellaterra.com\/da\/wp-json\/wp\/v2\/posts\/7085","targetHints":{"allow":["GET"]}}],"collection":[{"href":"https:\/\/www.campingbellaterra.com\/da\/wp-json\/wp\/v2\/posts"}],"about":[{"href":"https:\/\/www.campingbellaterra.com\/da\/wp-json\/wp\/v2\/types\/post"}],"author":[{"embeddable":true,"href":"https:\/\/www.campingbellaterra.com\/da\/wp-json\/wp\/v2\/users\/2"}],"replies":[{"embeddable":true,"href":"https:\/\/www.campingbellaterra.com\/da\/wp-json\/wp\/v2\/comments?post=7085"}],"version-history":[{"count":1,"href":"https:\/\/www.campingbellaterra.com\/da\/wp-json\/wp\/v2\/posts\/7085\/revisions"}],"predecessor-version":[{"id":10867,"href":"https:\/\/www.campingbellaterra.com\/da\/wp-json\/wp\/v2\/posts\/7085\/revisions\/10867"}],"wp:attachment":[{"href":"https:\/\/www.campingbellaterra.com\/da\/wp-json\/wp\/v2\/media?parent=7085"}],"wp:term":[{"taxonomy":"category","embeddable":true,"href":"https:\/\/www.campingbellaterra.com\/da\/wp-json\/wp\/v2\/categories?post=7085"},{"taxonomy":"post_tag","embeddable":true,"href":"https:\/\/www.campingbellaterra.com\/da\/wp-json\/wp\/v2\/tags?post=7085"}],"curies":[{"name":"wp","href":"https:\/\/api.w.org\/{rel}","templated":true}]}}