{"id":7126,"date":"2019-11-08T13:30:45","date_gmt":"2019-11-08T12:30:45","guid":{"rendered":"https:\/\/www.campingbellaterra.com\/2019\/11\/08\/campister-fra-36-forskellige-nationaliteter-besogte-camping-bella-terra\/"},"modified":"2022-04-12T09:59:35","modified_gmt":"2022-04-12T07:59:35","slug":"campister-fra-36-forskellige-nationaliteter-besogte-camping-bella-terra","status":"publish","type":"post","link":"https:\/\/www.campingbellaterra.com\/da\/campister-fra-36-forskellige-nationaliteter-besogte-camping-bella-terra\/","title":{"rendered":"Campister fra 36 forskellige nationaliteter bes\u00f8gte Camping Bella Terra i 2019"},"content":{"rendered":"<p><span style=\"font-size: 14pt;\">Holland, Frankrig og Tyskland er p\u00e5 toppen af \u200b\u200bden internationale rangering af bes\u00f8gende.<\/span><\/p>\n<p><!--more--><\/p>\n<p style=\"text-align: justify;\">Camping Bella Terra, beliggende i Blanes, porten til Costa Brava, sluttede s\u00e6sonen 2019 den 29. september. I denne periode bes\u00f8gte campister fra 36 forskellige lande turistindkvarteringen. \u00d8verst p\u00e5 rangeringen er den nationale camper, der repr\u00e6senterer 32% af det samlede ophold p\u00e5 campingpladsen. Bag dem er campister fra Holland (26%), Frankrig (18%) og Tyskland (10%). Disse nationaliteter \u00f8ger ogs\u00e5 dagene for sit ophold p\u00e5 campingpladsen. Konkret er gennemsnittet fra den hollandske autocamper 14 dage, det tyske p\u00e5 8 dage og det franske p\u00e5 7,5 dage.<\/p>\n<p style=\"text-align: justify;\">Lige bag disse tre nationaliteter ligger campister fra Belgien, der repr\u00e6senterer 3,2% af det samlede antal, t\u00e6t fulgt af dem fra Storbritannien med 3,1%. Derudover ligger den belgiske autocamper p\u00e5 andenpladsen med hensyn til opholdets l\u00e6ngde med et gennemsnit p\u00e5 12 dage.<\/p>\n<p style=\"text-align: justify;\">Disse campister har ogs\u00e5 bes\u00f8gt vores turistindkvartering &#8211; campister fra lande som Australien, USA, Canada, Brasilien, Argentina, Rusland eller Israel. Blandt de nationaliteter, der har bes\u00f8gt campingpladsen for f\u00f8rste gang, er lande som Ukraine eller Estland.<\/p>\n<p style=\"text-align: justify;\">Den vigtige sportslige tradition, dynamikken og de eksklusive egenskaber ved Blanes kommune har gjort det til en by, hvor vigtige internationale sportsbegivenheder fejres. Byen har certifikatet for destination for turistsport, udstedt af det Catalanske turistkontor.<\/p>\n<p>Camping Bella Terra er for nylig tildelt <a href=\"da\/news-dk\/nyheder\/certifikatet-tripadvisor\">TripAdvisor-certifikatet<\/a> med fremragende karakter, Nr 1 som ekstra hotelophold i Blanes.<\/p>\n<p>Bella Terra \u00e5bner for reservation &nbsp;til den f\u00f8lgende s\u00e6son 2020- mandag 4. november.<\/p>\n<p>I 2020 \u00e5bner campingpladsen den 28. marts og udvider s\u00e6son til 12. oktober.<\/p>\n<p style=\"text-align: justify;\">\n","protected":false},"excerpt":{"rendered":"<p>Holland, Frankrig og Tyskland er p\u00e5 toppen af \u200b\u200bden internationale rangering af bes\u00f8gende.<\/p>\n","protected":false},"author":2,"featured_media":10109,"comment_status":"closed","ping_status":"closed","sticky":false,"template":"","format":"standard","meta":{"_acf_changed":false,"inline_featured_image":false,"_monsterinsights_skip_tracking":false,"_monsterinsights_sitenote_active":false,"_monsterinsights_sitenote_note":"","_monsterinsights_sitenote_category":0,"footnotes":""},"categories":[2273],"tags":[1863,1881,1887,1893],"class_list":["post-7126","post","type-post","status-publish","format-standard","has-post-thumbnail","hentry","category-blog-da","tag-blanes-da","tag-bungalows-da","tag-camping-da","tag-camping-bella-terra-da"],"acf":[],"yoast_head":"<!-- This site is optimized with the Yoast SEO plugin v27.0 - https:\/\/yoast.com\/product\/yoast-seo-wordpress\/ -->\n<title>Campister fra 36 forskellige nationaliteter bes\u00f8gte Camping Bella Terra i 2019 - Camping Bella Terra<\/title>\n<meta name=\"robots\" content=\"index, follow, max-snippet:-1, max-image-preview:large, max-video-preview:-1\" \/>\n<link rel=\"canonical\" href=\"https:\/\/www.campingbellaterra.com\/da\/campister-fra-36-forskellige-nationaliteter-besogte-camping-bella-terra\/\" \/>\n<meta property=\"og:locale\" content=\"da_DK\" \/>\n<meta property=\"og:type\" content=\"article\" \/>\n<meta property=\"og:title\" content=\"Campister fra 36 forskellige nationaliteter bes\u00f8gte Camping Bella Terra i 2019 - Camping Bella Terra\" \/>\n<meta property=\"og:description\" content=\"Holland, Frankrig og Tyskland er p\u00e5 toppen af \u200b\u200bden internationale rangering af bes\u00f8gende.\" \/>\n<meta property=\"og:url\" content=\"https:\/\/www.campingbellaterra.com\/da\/campister-fra-36-forskellige-nationaliteter-besogte-camping-bella-terra\/\" \/>\n<meta property=\"og:site_name\" content=\"Camping Bella Terra\" \/>\n<meta property=\"article:publisher\" content=\"https:\/\/www.facebook.com\/campingbellaterra\/\" \/>\n<meta property=\"article:published_time\" content=\"2019-11-08T12:30:45+00:00\" \/>\n<meta property=\"article:modified_time\" content=\"2022-04-12T07:59:35+00:00\" \/>\n<meta property=\"og:image\" content=\"https:\/\/www.campingbellaterra.com\/wp-content\/uploads\/protocols-air.jpg\" \/>\n\t<meta property=\"og:image:width\" content=\"1033\" \/>\n\t<meta property=\"og:image:height\" content=\"394\" \/>\n\t<meta property=\"og:image:type\" content=\"image\/jpeg\" \/>\n<meta name=\"author\" content=\"vado\" \/>\n<meta name=\"twitter:card\" content=\"summary_large_image\" \/>\n<meta name=\"twitter:creator\" content=\"@cbellaterra\" \/>\n<meta name=\"twitter:site\" content=\"@cbellaterra\" \/>\n<meta name=\"twitter:label1\" content=\"Skrevet af\" \/>\n\t<meta name=\"twitter:data1\" content=\"vado\" \/>\n\t<meta name=\"twitter:label2\" content=\"Estimeret l\u00e6setid\" \/>\n\t<meta name=\"twitter:data2\" content=\"1 minut\" \/>\n<script type=\"application\/ld+json\" class=\"yoast-schema-graph\">{\"@context\":\"https:\/\/schema.org\",\"@graph\":[{\"@type\":\"Article\",\"@id\":\"https:\/\/www.campingbellaterra.com\/da\/campister-fra-36-forskellige-nationaliteter-besogte-camping-bella-terra\/#article\",\"isPartOf\":{\"@id\":\"https:\/\/www.campingbellaterra.com\/da\/campister-fra-36-forskellige-nationaliteter-besogte-camping-bella-terra\/\"},\"author\":{\"name\":\"vado\",\"@id\":\"https:\/\/www.campingbellaterra.com\/da\/#\/schema\/person\/9dafe106b7fade6dd08664bb60ea89ac\"},\"headline\":\"Campister fra 36 forskellige nationaliteter bes\u00f8gte Camping Bella Terra i 2019\",\"datePublished\":\"2019-11-08T12:30:45+00:00\",\"dateModified\":\"2022-04-12T07:59:35+00:00\",\"mainEntityOfPage\":{\"@id\":\"https:\/\/www.campingbellaterra.com\/da\/campister-fra-36-forskellige-nationaliteter-besogte-camping-bella-terra\/\"},\"wordCount\":260,\"publisher\":{\"@id\":\"https:\/\/www.campingbellaterra.com\/da\/#organization\"},\"image\":{\"@id\":\"https:\/\/www.campingbellaterra.com\/da\/campister-fra-36-forskellige-nationaliteter-besogte-camping-bella-terra\/#primaryimage\"},\"thumbnailUrl\":\"https:\/\/www.campingbellaterra.com\/wp-content\/uploads\/protocols-air.jpg\",\"keywords\":[\"blanes\",\"BUNGALOWS\",\"Camping\",\"camping bella terra\"],\"articleSection\":[\"blog\"],\"inLanguage\":\"da-DK\"},{\"@type\":\"WebPage\",\"@id\":\"https:\/\/www.campingbellaterra.com\/da\/campister-fra-36-forskellige-nationaliteter-besogte-camping-bella-terra\/\",\"url\":\"https:\/\/www.campingbellaterra.com\/da\/campister-fra-36-forskellige-nationaliteter-besogte-camping-bella-terra\/\",\"name\":\"Campister fra 36 forskellige nationaliteter bes\u00f8gte Camping Bella Terra i 2019 - Camping Bella Terra\",\"isPartOf\":{\"@id\":\"https:\/\/www.campingbellaterra.com\/da\/#website\"},\"primaryImageOfPage\":{\"@id\":\"https:\/\/www.campingbellaterra.com\/da\/campister-fra-36-forskellige-nationaliteter-besogte-camping-bella-terra\/#primaryimage\"},\"image\":{\"@id\":\"https:\/\/www.campingbellaterra.com\/da\/campister-fra-36-forskellige-nationaliteter-besogte-camping-bella-terra\/#primaryimage\"},\"thumbnailUrl\":\"https:\/\/www.campingbellaterra.com\/wp-content\/uploads\/protocols-air.jpg\",\"datePublished\":\"2019-11-08T12:30:45+00:00\",\"dateModified\":\"2022-04-12T07:59:35+00:00\",\"breadcrumb\":{\"@id\":\"https:\/\/www.campingbellaterra.com\/da\/campister-fra-36-forskellige-nationaliteter-besogte-camping-bella-terra\/#breadcrumb\"},\"inLanguage\":\"da-DK\",\"potentialAction\":[{\"@type\":\"ReadAction\",\"target\":[\"https:\/\/www.campingbellaterra.com\/da\/campister-fra-36-forskellige-nationaliteter-besogte-camping-bella-terra\/\"]}]},{\"@type\":\"ImageObject\",\"inLanguage\":\"da-DK\",\"@id\":\"https:\/\/www.campingbellaterra.com\/da\/campister-fra-36-forskellige-nationaliteter-besogte-camping-bella-terra\/#primaryimage\",\"url\":\"https:\/\/www.campingbellaterra.com\/wp-content\/uploads\/protocols-air.jpg\",\"contentUrl\":\"https:\/\/www.campingbellaterra.com\/wp-content\/uploads\/protocols-air.jpg\",\"width\":1033,\"height\":394},{\"@type\":\"BreadcrumbList\",\"@id\":\"https:\/\/www.campingbellaterra.com\/da\/campister-fra-36-forskellige-nationaliteter-besogte-camping-bella-terra\/#breadcrumb\",\"itemListElement\":[{\"@type\":\"ListItem\",\"position\":1,\"name\":\"Inici\",\"item\":\"https:\/\/www.campingbellaterra.com\/da\/\"},{\"@type\":\"ListItem\",\"position\":2,\"name\":\"Campister fra 36 forskellige nationaliteter bes\u00f8gte Camping Bella Terra i 2019\"}]},{\"@type\":\"WebSite\",\"@id\":\"https:\/\/www.campingbellaterra.com\/da\/#website\",\"url\":\"https:\/\/www.campingbellaterra.com\/da\/\",\"name\":\"Camping Bella Terra\",\"description\":\"Otro sitio realizado con WordPress\",\"publisher\":{\"@id\":\"https:\/\/www.campingbellaterra.com\/da\/#organization\"},\"potentialAction\":[{\"@type\":\"SearchAction\",\"target\":{\"@type\":\"EntryPoint\",\"urlTemplate\":\"https:\/\/www.campingbellaterra.com\/da\/?s={search_term_string}\"},\"query-input\":{\"@type\":\"PropertyValueSpecification\",\"valueRequired\":true,\"valueName\":\"search_term_string\"}}],\"inLanguage\":\"da-DK\"},{\"@type\":\"Organization\",\"@id\":\"https:\/\/www.campingbellaterra.com\/da\/#organization\",\"name\":\"Camping Bella Terra\",\"url\":\"https:\/\/www.campingbellaterra.com\/da\/\",\"logo\":{\"@type\":\"ImageObject\",\"inLanguage\":\"da-DK\",\"@id\":\"https:\/\/www.campingbellaterra.com\/da\/#\/schema\/logo\/image\/\",\"url\":\"https:\/\/www.campingbellaterra.com\/wp-content\/uploads\/logo6.svg\",\"contentUrl\":\"https:\/\/www.campingbellaterra.com\/wp-content\/uploads\/logo6.svg\",\"width\":\"2048\",\"height\":\"2048\",\"caption\":\"Camping Bella Terra\"},\"image\":{\"@id\":\"https:\/\/www.campingbellaterra.com\/da\/#\/schema\/logo\/image\/\"},\"sameAs\":[\"https:\/\/www.facebook.com\/campingbellaterra\/\",\"https:\/\/x.com\/cbellaterra\",\"https:\/\/www.instagram.com\/campingbellaterra\/\",\"https:\/\/www.youtube.com\/c\/Camping-Bellaterra-Blanes\",\"https:\/\/www.tripadvisor.es\/Hotel_Review-g580331-d3328184-Reviews-Camping_Bella_Terra-Blanes_Costa_Brava_Province_of_Girona_Catalonia.html\"]},{\"@type\":\"Person\",\"@id\":\"https:\/\/www.campingbellaterra.com\/da\/#\/schema\/person\/9dafe106b7fade6dd08664bb60ea89ac\",\"name\":\"vado\",\"image\":{\"@type\":\"ImageObject\",\"inLanguage\":\"da-DK\",\"@id\":\"https:\/\/www.campingbellaterra.com\/da\/#\/schema\/person\/image\/\",\"url\":\"https:\/\/secure.gravatar.com\/avatar\/6edab01d4cd19889ac2b69e05f01a3c93227951cf320620732fca472f184e4f5?s=96&d=mm&r=g\",\"contentUrl\":\"https:\/\/secure.gravatar.com\/avatar\/6edab01d4cd19889ac2b69e05f01a3c93227951cf320620732fca472f184e4f5?s=96&d=mm&r=g\",\"caption\":\"vado\"},\"url\":\"https:\/\/www.campingbellaterra.com\/da\/author\/vado\/\"}]}<\/script>\n<!-- \/ Yoast SEO plugin. -->","yoast_head_json":{"title":"Campister fra 36 forskellige nationaliteter bes\u00f8gte Camping Bella Terra i 2019 - Camping Bella Terra","robots":{"index":"index","follow":"follow","max-snippet":"max-snippet:-1","max-image-preview":"max-image-preview:large","max-video-preview":"max-video-preview:-1"},"canonical":"https:\/\/www.campingbellaterra.com\/da\/campister-fra-36-forskellige-nationaliteter-besogte-camping-bella-terra\/","og_locale":"da_DK","og_type":"article","og_title":"Campister fra 36 forskellige nationaliteter bes\u00f8gte Camping Bella Terra i 2019 - Camping Bella Terra","og_description":"Holland, Frankrig og Tyskland er p\u00e5 toppen af \u200b\u200bden internationale rangering af bes\u00f8gende.","og_url":"https:\/\/www.campingbellaterra.com\/da\/campister-fra-36-forskellige-nationaliteter-besogte-camping-bella-terra\/","og_site_name":"Camping Bella Terra","article_publisher":"https:\/\/www.facebook.com\/campingbellaterra\/","article_published_time":"2019-11-08T12:30:45+00:00","article_modified_time":"2022-04-12T07:59:35+00:00","og_image":[{"width":1033,"height":394,"url":"https:\/\/www.campingbellaterra.com\/wp-content\/uploads\/protocols-air.jpg","type":"image\/jpeg"}],"author":"vado","twitter_card":"summary_large_image","twitter_creator":"@cbellaterra","twitter_site":"@cbellaterra","twitter_misc":{"Skrevet af":"vado","Estimeret l\u00e6setid":"1 minut"},"schema":{"@context":"https:\/\/schema.org","@graph":[{"@type":"Article","@id":"https:\/\/www.campingbellaterra.com\/da\/campister-fra-36-forskellige-nationaliteter-besogte-camping-bella-terra\/#article","isPartOf":{"@id":"https:\/\/www.campingbellaterra.com\/da\/campister-fra-36-forskellige-nationaliteter-besogte-camping-bella-terra\/"},"author":{"name":"vado","@id":"https:\/\/www.campingbellaterra.com\/da\/#\/schema\/person\/9dafe106b7fade6dd08664bb60ea89ac"},"headline":"Campister fra 36 forskellige nationaliteter bes\u00f8gte Camping Bella Terra i 2019","datePublished":"2019-11-08T12:30:45+00:00","dateModified":"2022-04-12T07:59:35+00:00","mainEntityOfPage":{"@id":"https:\/\/www.campingbellaterra.com\/da\/campister-fra-36-forskellige-nationaliteter-besogte-camping-bella-terra\/"},"wordCount":260,"publisher":{"@id":"https:\/\/www.campingbellaterra.com\/da\/#organization"},"image":{"@id":"https:\/\/www.campingbellaterra.com\/da\/campister-fra-36-forskellige-nationaliteter-besogte-camping-bella-terra\/#primaryimage"},"thumbnailUrl":"https:\/\/www.campingbellaterra.com\/wp-content\/uploads\/protocols-air.jpg","keywords":["blanes","BUNGALOWS","Camping","camping bella terra"],"articleSection":["blog"],"inLanguage":"da-DK"},{"@type":"WebPage","@id":"https:\/\/www.campingbellaterra.com\/da\/campister-fra-36-forskellige-nationaliteter-besogte-camping-bella-terra\/","url":"https:\/\/www.campingbellaterra.com\/da\/campister-fra-36-forskellige-nationaliteter-besogte-camping-bella-terra\/","name":"Campister fra 36 forskellige nationaliteter bes\u00f8gte Camping Bella Terra i 2019 - Camping Bella Terra","isPartOf":{"@id":"https:\/\/www.campingbellaterra.com\/da\/#website"},"primaryImageOfPage":{"@id":"https:\/\/www.campingbellaterra.com\/da\/campister-fra-36-forskellige-nationaliteter-besogte-camping-bella-terra\/#primaryimage"},"image":{"@id":"https:\/\/www.campingbellaterra.com\/da\/campister-fra-36-forskellige-nationaliteter-besogte-camping-bella-terra\/#primaryimage"},"thumbnailUrl":"https:\/\/www.campingbellaterra.com\/wp-content\/uploads\/protocols-air.jpg","datePublished":"2019-11-08T12:30:45+00:00","dateModified":"2022-04-12T07:59:35+00:00","breadcrumb":{"@id":"https:\/\/www.campingbellaterra.com\/da\/campister-fra-36-forskellige-nationaliteter-besogte-camping-bella-terra\/#breadcrumb"},"inLanguage":"da-DK","potentialAction":[{"@type":"ReadAction","target":["https:\/\/www.campingbellaterra.com\/da\/campister-fra-36-forskellige-nationaliteter-besogte-camping-bella-terra\/"]}]},{"@type":"ImageObject","inLanguage":"da-DK","@id":"https:\/\/www.campingbellaterra.com\/da\/campister-fra-36-forskellige-nationaliteter-besogte-camping-bella-terra\/#primaryimage","url":"https:\/\/www.campingbellaterra.com\/wp-content\/uploads\/protocols-air.jpg","contentUrl":"https:\/\/www.campingbellaterra.com\/wp-content\/uploads\/protocols-air.jpg","width":1033,"height":394},{"@type":"BreadcrumbList","@id":"https:\/\/www.campingbellaterra.com\/da\/campister-fra-36-forskellige-nationaliteter-besogte-camping-bella-terra\/#breadcrumb","itemListElement":[{"@type":"ListItem","position":1,"name":"Inici","item":"https:\/\/www.campingbellaterra.com\/da\/"},{"@type":"ListItem","position":2,"name":"Campister fra 36 forskellige nationaliteter bes\u00f8gte Camping Bella Terra i 2019"}]},{"@type":"WebSite","@id":"https:\/\/www.campingbellaterra.com\/da\/#website","url":"https:\/\/www.campingbellaterra.com\/da\/","name":"Camping Bella Terra","description":"Otro sitio realizado con WordPress","publisher":{"@id":"https:\/\/www.campingbellaterra.com\/da\/#organization"},"potentialAction":[{"@type":"SearchAction","target":{"@type":"EntryPoint","urlTemplate":"https:\/\/www.campingbellaterra.com\/da\/?s={search_term_string}"},"query-input":{"@type":"PropertyValueSpecification","valueRequired":true,"valueName":"search_term_string"}}],"inLanguage":"da-DK"},{"@type":"Organization","@id":"https:\/\/www.campingbellaterra.com\/da\/#organization","name":"Camping Bella Terra","url":"https:\/\/www.campingbellaterra.com\/da\/","logo":{"@type":"ImageObject","inLanguage":"da-DK","@id":"https:\/\/www.campingbellaterra.com\/da\/#\/schema\/logo\/image\/","url":"https:\/\/www.campingbellaterra.com\/wp-content\/uploads\/logo6.svg","contentUrl":"https:\/\/www.campingbellaterra.com\/wp-content\/uploads\/logo6.svg","width":"2048","height":"2048","caption":"Camping Bella Terra"},"image":{"@id":"https:\/\/www.campingbellaterra.com\/da\/#\/schema\/logo\/image\/"},"sameAs":["https:\/\/www.facebook.com\/campingbellaterra\/","https:\/\/x.com\/cbellaterra","https:\/\/www.instagram.com\/campingbellaterra\/","https:\/\/www.youtube.com\/c\/Camping-Bellaterra-Blanes","https:\/\/www.tripadvisor.es\/Hotel_Review-g580331-d3328184-Reviews-Camping_Bella_Terra-Blanes_Costa_Brava_Province_of_Girona_Catalonia.html"]},{"@type":"Person","@id":"https:\/\/www.campingbellaterra.com\/da\/#\/schema\/person\/9dafe106b7fade6dd08664bb60ea89ac","name":"vado","image":{"@type":"ImageObject","inLanguage":"da-DK","@id":"https:\/\/www.campingbellaterra.com\/da\/#\/schema\/person\/image\/","url":"https:\/\/secure.gravatar.com\/avatar\/6edab01d4cd19889ac2b69e05f01a3c93227951cf320620732fca472f184e4f5?s=96&d=mm&r=g","contentUrl":"https:\/\/secure.gravatar.com\/avatar\/6edab01d4cd19889ac2b69e05f01a3c93227951cf320620732fca472f184e4f5?s=96&d=mm&r=g","caption":"vado"},"url":"https:\/\/www.campingbellaterra.com\/da\/author\/vado\/"}]}},"_links":{"self":[{"href":"https:\/\/www.campingbellaterra.com\/da\/wp-json\/wp\/v2\/posts\/7126","targetHints":{"allow":["GET"]}}],"collection":[{"href":"https:\/\/www.campingbellaterra.com\/da\/wp-json\/wp\/v2\/posts"}],"about":[{"href":"https:\/\/www.campingbellaterra.com\/da\/wp-json\/wp\/v2\/types\/post"}],"author":[{"embeddable":true,"href":"https:\/\/www.campingbellaterra.com\/da\/wp-json\/wp\/v2\/users\/2"}],"replies":[{"embeddable":true,"href":"https:\/\/www.campingbellaterra.com\/da\/wp-json\/wp\/v2\/comments?post=7126"}],"version-history":[{"count":3,"href":"https:\/\/www.campingbellaterra.com\/da\/wp-json\/wp\/v2\/posts\/7126\/revisions"}],"predecessor-version":[{"id":12739,"href":"https:\/\/www.campingbellaterra.com\/da\/wp-json\/wp\/v2\/posts\/7126\/revisions\/12739"}],"wp:featuredmedia":[{"embeddable":true,"href":"https:\/\/www.campingbellaterra.com\/da\/wp-json\/wp\/v2\/media\/10109"}],"wp:attachment":[{"href":"https:\/\/www.campingbellaterra.com\/da\/wp-json\/wp\/v2\/media?parent=7126"}],"wp:term":[{"taxonomy":"category","embeddable":true,"href":"https:\/\/www.campingbellaterra.com\/da\/wp-json\/wp\/v2\/categories?post=7126"},{"taxonomy":"post_tag","embeddable":true,"href":"https:\/\/www.campingbellaterra.com\/da\/wp-json\/wp\/v2\/tags?post=7126"}],"curies":[{"name":"wp","href":"https:\/\/api.w.org\/{rel}","templated":true}]}}