{"id":7150,"date":"2020-02-20T11:30:50","date_gmt":"2020-02-20T10:30:50","guid":{"rendered":"https:\/\/www.campingbellaterra.com\/2020\/02\/20\/herning-ferie-for-alle\/"},"modified":"2022-04-12T09:53:27","modified_gmt":"2022-04-12T07:53:27","slug":"herning-ferie-for-alle","status":"publish","type":"post","link":"https:\/\/www.campingbellaterra.com\/da\/herning-ferie-for-alle\/","title":{"rendered":"Messen &#8220;Ferie for alle&#8221; afholdes fra 21. til 23. februar i Herning."},"content":{"rendered":"<p><span style=\"font-size: 14pt;\">Messen &#8220;Ferie for alle&#8221; afholdes fra 21. til 23. februar i Herning.&nbsp;<\/span><\/p>\n<p><!--more--><\/p>\n<p style=\"color: #222222; font-family: Arial, Helvetica, sans-serif; font-size: small; font-style: normal; font-weight: 400; letter-spacing: normal; orphans: 2; text-align: start; text-indent: 0px; text-transform: none; white-space: normal; widows: 2; word-spacing: 0px; background-color: #ffffff;\">Camping Bella Terra vil v\u00e6re til stede i endnu et \u00e5r p\u00e5 Messen Ferie For Alle i Herning, den st\u00f8rste begivenhed inden for turistindustrien p\u00e5 det skandinaviske marked.&nbsp;Det finder sted fra fredag 21\/2 \u200b\u200btil s\u00f8ndag 23\/2 2020 p\u00e5 MCH Messecenter.&nbsp;Det er et meget popul\u00e6r messe, rettet mod b\u00e5de branchefolk og enkeltpersoner. Messen har oplevet stor v\u00e6kst i de senere \u00e5r og har f\u00e5et en stigende international deltagelse.&nbsp;2019-udgaven samlede 1.131 udstillere, og mere end 60.000 mennesker bes\u00f8gte begivenheden.<\/p>\n<p style=\"text-align: justify;\"><span style=\"color: #222222; font-family: Arial, Helvetica, sans-serif; font-size: small; font-style: normal; font-weight: 400; letter-spacing: normal; orphans: 2; text-align: start; text-indent: 0px; text-transform: none; white-space: normal; widows: 2; word-spacing: 0px; background-color: #ffffff; float: none;\">Camping Bella Terra vil v\u00e6re placeret i Hal M, p\u00e5 Spaniens stand 9768, med det form\u00e5l at \u00f8ge g\u00e6ster fra Danmark og ogs\u00e5 resten af \u200b\u200bdet nordiske marked.<\/span><\/p>\n<p style=\"text-align: justify;\"><span style=\"color: #222222; font-family: Arial, Helvetica, sans-serif; font-size: small; font-style: normal; font-weight: 400; letter-spacing: normal; orphans: 2; text-align: start; text-indent: 0px; text-transform: none; white-space: normal; widows: 2; word-spacing: 0px; background-color: #ffffff; float: none;\">Mikkel og Bodil Rolighed, dansk \u00e6gtepar, vil v\u00e6re vores repr\u00e6sentanter p\u00e5 udstillingen igen.<\/span><\/p>\n<p style=\"color: #222222; font-family: Arial, Helvetica, sans-serif; font-size: small; font-style: normal; font-weight: 400; letter-spacing: normal; orphans: 2; text-align: start; text-indent: 0px; text-transform: none; white-space: normal; widows: 2; word-spacing: 0px; background-color: #ffffff;\"><em>&#8220;Vores m\u00e5l p\u00e5 Feriemessen i Herning er at f\u00e5 st\u00f8rre opm\u00e6rksomhed p\u00e5 det Skandinaviske marked, der repr\u00e6senterer en meget vigtig del af vores forretning uden for h\u00f8js\u00e6sonen.&nbsp;Familien Rolighed er de bedste repr\u00e6sentanter til at forklare dette&#8221;<\/em>, siger Vicen\u00e7 Fern\u00e1ndez, direkt\u00f8r for Camping Bella Terra.<\/p>\n<p style=\"text-align: justify;\"><span style=\"color: #222222; font-family: Arial, Helvetica, sans-serif; font-size: small; font-style: normal; font-weight: 400; letter-spacing: normal; orphans: 2; text-align: start; text-indent: 0px; text-transform: none; white-space: normal; widows: 2; word-spacing: 0px; background-color: #ffffff; float: none;\">Campingpladsen, beliggende i kystbyen Blanes, \u00e5bner l\u00f8rdag 28. marts og forl\u00e6nger i \u00e5r s\u00e6sonen indtil 12. oktober.<\/span><\/p>\n<p>{gallery}Herning2020{\/gallery}<\/p>\n<p style=\"text-align: justify;\">\n","protected":false},"excerpt":{"rendered":"<p>Messen &#8220;Ferie for alle&#8221; afholdes fra 21. til 23. februar i Herning.&nbsp;<\/p>\n","protected":false},"author":2,"featured_media":9929,"comment_status":"closed","ping_status":"closed","sticky":false,"template":"","format":"standard","meta":{"_acf_changed":false,"inline_featured_image":false,"_monsterinsights_skip_tracking":false,"_monsterinsights_sitenote_active":false,"_monsterinsights_sitenote_note":"","_monsterinsights_sitenote_category":0,"footnotes":""},"categories":[2273],"tags":[1863,1881,1887,1893,1935,1965,2019,2007],"class_list":["post-7150","post","type-post","status-publish","format-standard","has-post-thumbnail","hentry","category-blog-da","tag-blanes-da","tag-bungalows-da","tag-camping-da","tag-camping-bella-terra-da","tag-costa-brava-da","tag-denmark-da","tag-ferie-for-alle-da","tag-udstilling"],"acf":[],"yoast_head":"<!-- This site is optimized with the Yoast SEO plugin v27.0 - https:\/\/yoast.com\/product\/yoast-seo-wordpress\/ -->\n<title>Messen &quot;Ferie for alle&quot; afholdes fra 21. til 23. februar i Herning. - Camping Bella Terra<\/title>\n<meta name=\"robots\" content=\"index, follow, max-snippet:-1, max-image-preview:large, max-video-preview:-1\" \/>\n<link rel=\"canonical\" href=\"https:\/\/www.campingbellaterra.com\/da\/herning-ferie-for-alle\/\" \/>\n<meta property=\"og:locale\" content=\"da_DK\" \/>\n<meta property=\"og:type\" content=\"article\" \/>\n<meta property=\"og:title\" content=\"Messen &quot;Ferie for alle&quot; afholdes fra 21. til 23. februar i Herning. - Camping Bella Terra\" \/>\n<meta property=\"og:description\" content=\"Messen &#8220;Ferie for alle&#8221; afholdes fra 21. til 23. februar i Herning.&nbsp;\" \/>\n<meta property=\"og:url\" content=\"https:\/\/www.campingbellaterra.com\/da\/herning-ferie-for-alle\/\" \/>\n<meta property=\"og:site_name\" content=\"Camping Bella Terra\" \/>\n<meta property=\"article:publisher\" content=\"https:\/\/www.facebook.com\/campingbellaterra\/\" \/>\n<meta property=\"article:published_time\" content=\"2020-02-20T10:30:50+00:00\" \/>\n<meta property=\"article:modified_time\" content=\"2022-04-12T07:53:27+00:00\" \/>\n<meta property=\"og:image\" content=\"https:\/\/www.campingbellaterra.com\/wp-content\/uploads\/media\/k2\/items\/src\/a3193da9f744508278b55342b9cabd86.jpg\" \/>\n\t<meta property=\"og:image:width\" content=\"1024\" \/>\n\t<meta property=\"og:image:height\" content=\"576\" \/>\n\t<meta property=\"og:image:type\" content=\"image\/jpeg\" \/>\n<meta name=\"author\" content=\"vado\" \/>\n<meta name=\"twitter:card\" content=\"summary_large_image\" \/>\n<meta name=\"twitter:creator\" content=\"@cbellaterra\" \/>\n<meta name=\"twitter:site\" content=\"@cbellaterra\" \/>\n<meta name=\"twitter:label1\" content=\"Skrevet af\" \/>\n\t<meta name=\"twitter:data1\" content=\"vado\" \/>\n\t<meta name=\"twitter:label2\" content=\"Estimeret l\u00e6setid\" \/>\n\t<meta name=\"twitter:data2\" content=\"1 minut\" \/>\n<script type=\"application\/ld+json\" class=\"yoast-schema-graph\">{\"@context\":\"https:\/\/schema.org\",\"@graph\":[{\"@type\":\"Article\",\"@id\":\"https:\/\/www.campingbellaterra.com\/da\/herning-ferie-for-alle\/#article\",\"isPartOf\":{\"@id\":\"https:\/\/www.campingbellaterra.com\/da\/herning-ferie-for-alle\/\"},\"author\":{\"name\":\"vado\",\"@id\":\"https:\/\/www.campingbellaterra.com\/da\/#\/schema\/person\/9dafe106b7fade6dd08664bb60ea89ac\"},\"headline\":\"Messen &#8220;Ferie for alle&#8221; afholdes fra 21. til 23. februar i Herning.\",\"datePublished\":\"2020-02-20T10:30:50+00:00\",\"dateModified\":\"2022-04-12T07:53:27+00:00\",\"mainEntityOfPage\":{\"@id\":\"https:\/\/www.campingbellaterra.com\/da\/herning-ferie-for-alle\/\"},\"wordCount\":228,\"publisher\":{\"@id\":\"https:\/\/www.campingbellaterra.com\/da\/#organization\"},\"image\":{\"@id\":\"https:\/\/www.campingbellaterra.com\/da\/herning-ferie-for-alle\/#primaryimage\"},\"thumbnailUrl\":\"https:\/\/www.campingbellaterra.com\/wp-content\/uploads\/media\/k2\/items\/src\/a3193da9f744508278b55342b9cabd86.jpg\",\"keywords\":[\"blanes\",\"BUNGALOWS\",\"Camping\",\"camping bella terra\",\"costa brava\",\"denmark\",\"ferie for alle\",\"udstilling\"],\"articleSection\":[\"blog\"],\"inLanguage\":\"da-DK\"},{\"@type\":\"WebPage\",\"@id\":\"https:\/\/www.campingbellaterra.com\/da\/herning-ferie-for-alle\/\",\"url\":\"https:\/\/www.campingbellaterra.com\/da\/herning-ferie-for-alle\/\",\"name\":\"Messen \\\"Ferie for alle\\\" afholdes fra 21. til 23. februar i Herning. - Camping Bella Terra\",\"isPartOf\":{\"@id\":\"https:\/\/www.campingbellaterra.com\/da\/#website\"},\"primaryImageOfPage\":{\"@id\":\"https:\/\/www.campingbellaterra.com\/da\/herning-ferie-for-alle\/#primaryimage\"},\"image\":{\"@id\":\"https:\/\/www.campingbellaterra.com\/da\/herning-ferie-for-alle\/#primaryimage\"},\"thumbnailUrl\":\"https:\/\/www.campingbellaterra.com\/wp-content\/uploads\/media\/k2\/items\/src\/a3193da9f744508278b55342b9cabd86.jpg\",\"datePublished\":\"2020-02-20T10:30:50+00:00\",\"dateModified\":\"2022-04-12T07:53:27+00:00\",\"breadcrumb\":{\"@id\":\"https:\/\/www.campingbellaterra.com\/da\/herning-ferie-for-alle\/#breadcrumb\"},\"inLanguage\":\"da-DK\",\"potentialAction\":[{\"@type\":\"ReadAction\",\"target\":[\"https:\/\/www.campingbellaterra.com\/da\/herning-ferie-for-alle\/\"]}]},{\"@type\":\"ImageObject\",\"inLanguage\":\"da-DK\",\"@id\":\"https:\/\/www.campingbellaterra.com\/da\/herning-ferie-for-alle\/#primaryimage\",\"url\":\"https:\/\/www.campingbellaterra.com\/wp-content\/uploads\/media\/k2\/items\/src\/a3193da9f744508278b55342b9cabd86.jpg\",\"contentUrl\":\"https:\/\/www.campingbellaterra.com\/wp-content\/uploads\/media\/k2\/items\/src\/a3193da9f744508278b55342b9cabd86.jpg\",\"width\":1024,\"height\":576},{\"@type\":\"BreadcrumbList\",\"@id\":\"https:\/\/www.campingbellaterra.com\/da\/herning-ferie-for-alle\/#breadcrumb\",\"itemListElement\":[{\"@type\":\"ListItem\",\"position\":1,\"name\":\"Inici\",\"item\":\"https:\/\/www.campingbellaterra.com\/da\/\"},{\"@type\":\"ListItem\",\"position\":2,\"name\":\"Messen &#8220;Ferie for alle&#8221; afholdes fra 21. til 23. februar i Herning.\"}]},{\"@type\":\"WebSite\",\"@id\":\"https:\/\/www.campingbellaterra.com\/da\/#website\",\"url\":\"https:\/\/www.campingbellaterra.com\/da\/\",\"name\":\"Camping Bella Terra\",\"description\":\"Otro sitio realizado con WordPress\",\"publisher\":{\"@id\":\"https:\/\/www.campingbellaterra.com\/da\/#organization\"},\"potentialAction\":[{\"@type\":\"SearchAction\",\"target\":{\"@type\":\"EntryPoint\",\"urlTemplate\":\"https:\/\/www.campingbellaterra.com\/da\/?s={search_term_string}\"},\"query-input\":{\"@type\":\"PropertyValueSpecification\",\"valueRequired\":true,\"valueName\":\"search_term_string\"}}],\"inLanguage\":\"da-DK\"},{\"@type\":\"Organization\",\"@id\":\"https:\/\/www.campingbellaterra.com\/da\/#organization\",\"name\":\"Camping Bella Terra\",\"url\":\"https:\/\/www.campingbellaterra.com\/da\/\",\"logo\":{\"@type\":\"ImageObject\",\"inLanguage\":\"da-DK\",\"@id\":\"https:\/\/www.campingbellaterra.com\/da\/#\/schema\/logo\/image\/\",\"url\":\"https:\/\/www.campingbellaterra.com\/wp-content\/uploads\/logo6.svg\",\"contentUrl\":\"https:\/\/www.campingbellaterra.com\/wp-content\/uploads\/logo6.svg\",\"width\":\"2048\",\"height\":\"2048\",\"caption\":\"Camping Bella Terra\"},\"image\":{\"@id\":\"https:\/\/www.campingbellaterra.com\/da\/#\/schema\/logo\/image\/\"},\"sameAs\":[\"https:\/\/www.facebook.com\/campingbellaterra\/\",\"https:\/\/x.com\/cbellaterra\",\"https:\/\/www.instagram.com\/campingbellaterra\/\",\"https:\/\/www.youtube.com\/c\/Camping-Bellaterra-Blanes\",\"https:\/\/www.tripadvisor.es\/Hotel_Review-g580331-d3328184-Reviews-Camping_Bella_Terra-Blanes_Costa_Brava_Province_of_Girona_Catalonia.html\"]},{\"@type\":\"Person\",\"@id\":\"https:\/\/www.campingbellaterra.com\/da\/#\/schema\/person\/9dafe106b7fade6dd08664bb60ea89ac\",\"name\":\"vado\",\"image\":{\"@type\":\"ImageObject\",\"inLanguage\":\"da-DK\",\"@id\":\"https:\/\/www.campingbellaterra.com\/da\/#\/schema\/person\/image\/\",\"url\":\"https:\/\/secure.gravatar.com\/avatar\/6edab01d4cd19889ac2b69e05f01a3c93227951cf320620732fca472f184e4f5?s=96&d=mm&r=g\",\"contentUrl\":\"https:\/\/secure.gravatar.com\/avatar\/6edab01d4cd19889ac2b69e05f01a3c93227951cf320620732fca472f184e4f5?s=96&d=mm&r=g\",\"caption\":\"vado\"},\"url\":\"https:\/\/www.campingbellaterra.com\/da\/author\/vado\/\"}]}<\/script>\n<!-- \/ Yoast SEO plugin. -->","yoast_head_json":{"title":"Messen \"Ferie for alle\" afholdes fra 21. til 23. februar i Herning. - Camping Bella Terra","robots":{"index":"index","follow":"follow","max-snippet":"max-snippet:-1","max-image-preview":"max-image-preview:large","max-video-preview":"max-video-preview:-1"},"canonical":"https:\/\/www.campingbellaterra.com\/da\/herning-ferie-for-alle\/","og_locale":"da_DK","og_type":"article","og_title":"Messen \"Ferie for alle\" afholdes fra 21. til 23. februar i Herning. - Camping Bella Terra","og_description":"Messen &#8220;Ferie for alle&#8221; afholdes fra 21. til 23. februar i Herning.&nbsp;","og_url":"https:\/\/www.campingbellaterra.com\/da\/herning-ferie-for-alle\/","og_site_name":"Camping Bella Terra","article_publisher":"https:\/\/www.facebook.com\/campingbellaterra\/","article_published_time":"2020-02-20T10:30:50+00:00","article_modified_time":"2022-04-12T07:53:27+00:00","og_image":[{"width":1024,"height":576,"url":"https:\/\/www.campingbellaterra.com\/wp-content\/uploads\/media\/k2\/items\/src\/a3193da9f744508278b55342b9cabd86.jpg","type":"image\/jpeg"}],"author":"vado","twitter_card":"summary_large_image","twitter_creator":"@cbellaterra","twitter_site":"@cbellaterra","twitter_misc":{"Skrevet af":"vado","Estimeret l\u00e6setid":"1 minut"},"schema":{"@context":"https:\/\/schema.org","@graph":[{"@type":"Article","@id":"https:\/\/www.campingbellaterra.com\/da\/herning-ferie-for-alle\/#article","isPartOf":{"@id":"https:\/\/www.campingbellaterra.com\/da\/herning-ferie-for-alle\/"},"author":{"name":"vado","@id":"https:\/\/www.campingbellaterra.com\/da\/#\/schema\/person\/9dafe106b7fade6dd08664bb60ea89ac"},"headline":"Messen &#8220;Ferie for alle&#8221; afholdes fra 21. til 23. februar i Herning.","datePublished":"2020-02-20T10:30:50+00:00","dateModified":"2022-04-12T07:53:27+00:00","mainEntityOfPage":{"@id":"https:\/\/www.campingbellaterra.com\/da\/herning-ferie-for-alle\/"},"wordCount":228,"publisher":{"@id":"https:\/\/www.campingbellaterra.com\/da\/#organization"},"image":{"@id":"https:\/\/www.campingbellaterra.com\/da\/herning-ferie-for-alle\/#primaryimage"},"thumbnailUrl":"https:\/\/www.campingbellaterra.com\/wp-content\/uploads\/media\/k2\/items\/src\/a3193da9f744508278b55342b9cabd86.jpg","keywords":["blanes","BUNGALOWS","Camping","camping bella terra","costa brava","denmark","ferie for alle","udstilling"],"articleSection":["blog"],"inLanguage":"da-DK"},{"@type":"WebPage","@id":"https:\/\/www.campingbellaterra.com\/da\/herning-ferie-for-alle\/","url":"https:\/\/www.campingbellaterra.com\/da\/herning-ferie-for-alle\/","name":"Messen \"Ferie for alle\" afholdes fra 21. til 23. februar i Herning. - Camping Bella Terra","isPartOf":{"@id":"https:\/\/www.campingbellaterra.com\/da\/#website"},"primaryImageOfPage":{"@id":"https:\/\/www.campingbellaterra.com\/da\/herning-ferie-for-alle\/#primaryimage"},"image":{"@id":"https:\/\/www.campingbellaterra.com\/da\/herning-ferie-for-alle\/#primaryimage"},"thumbnailUrl":"https:\/\/www.campingbellaterra.com\/wp-content\/uploads\/media\/k2\/items\/src\/a3193da9f744508278b55342b9cabd86.jpg","datePublished":"2020-02-20T10:30:50+00:00","dateModified":"2022-04-12T07:53:27+00:00","breadcrumb":{"@id":"https:\/\/www.campingbellaterra.com\/da\/herning-ferie-for-alle\/#breadcrumb"},"inLanguage":"da-DK","potentialAction":[{"@type":"ReadAction","target":["https:\/\/www.campingbellaterra.com\/da\/herning-ferie-for-alle\/"]}]},{"@type":"ImageObject","inLanguage":"da-DK","@id":"https:\/\/www.campingbellaterra.com\/da\/herning-ferie-for-alle\/#primaryimage","url":"https:\/\/www.campingbellaterra.com\/wp-content\/uploads\/media\/k2\/items\/src\/a3193da9f744508278b55342b9cabd86.jpg","contentUrl":"https:\/\/www.campingbellaterra.com\/wp-content\/uploads\/media\/k2\/items\/src\/a3193da9f744508278b55342b9cabd86.jpg","width":1024,"height":576},{"@type":"BreadcrumbList","@id":"https:\/\/www.campingbellaterra.com\/da\/herning-ferie-for-alle\/#breadcrumb","itemListElement":[{"@type":"ListItem","position":1,"name":"Inici","item":"https:\/\/www.campingbellaterra.com\/da\/"},{"@type":"ListItem","position":2,"name":"Messen &#8220;Ferie for alle&#8221; afholdes fra 21. til 23. februar i Herning."}]},{"@type":"WebSite","@id":"https:\/\/www.campingbellaterra.com\/da\/#website","url":"https:\/\/www.campingbellaterra.com\/da\/","name":"Camping Bella Terra","description":"Otro sitio realizado con WordPress","publisher":{"@id":"https:\/\/www.campingbellaterra.com\/da\/#organization"},"potentialAction":[{"@type":"SearchAction","target":{"@type":"EntryPoint","urlTemplate":"https:\/\/www.campingbellaterra.com\/da\/?s={search_term_string}"},"query-input":{"@type":"PropertyValueSpecification","valueRequired":true,"valueName":"search_term_string"}}],"inLanguage":"da-DK"},{"@type":"Organization","@id":"https:\/\/www.campingbellaterra.com\/da\/#organization","name":"Camping Bella Terra","url":"https:\/\/www.campingbellaterra.com\/da\/","logo":{"@type":"ImageObject","inLanguage":"da-DK","@id":"https:\/\/www.campingbellaterra.com\/da\/#\/schema\/logo\/image\/","url":"https:\/\/www.campingbellaterra.com\/wp-content\/uploads\/logo6.svg","contentUrl":"https:\/\/www.campingbellaterra.com\/wp-content\/uploads\/logo6.svg","width":"2048","height":"2048","caption":"Camping Bella Terra"},"image":{"@id":"https:\/\/www.campingbellaterra.com\/da\/#\/schema\/logo\/image\/"},"sameAs":["https:\/\/www.facebook.com\/campingbellaterra\/","https:\/\/x.com\/cbellaterra","https:\/\/www.instagram.com\/campingbellaterra\/","https:\/\/www.youtube.com\/c\/Camping-Bellaterra-Blanes","https:\/\/www.tripadvisor.es\/Hotel_Review-g580331-d3328184-Reviews-Camping_Bella_Terra-Blanes_Costa_Brava_Province_of_Girona_Catalonia.html"]},{"@type":"Person","@id":"https:\/\/www.campingbellaterra.com\/da\/#\/schema\/person\/9dafe106b7fade6dd08664bb60ea89ac","name":"vado","image":{"@type":"ImageObject","inLanguage":"da-DK","@id":"https:\/\/www.campingbellaterra.com\/da\/#\/schema\/person\/image\/","url":"https:\/\/secure.gravatar.com\/avatar\/6edab01d4cd19889ac2b69e05f01a3c93227951cf320620732fca472f184e4f5?s=96&d=mm&r=g","contentUrl":"https:\/\/secure.gravatar.com\/avatar\/6edab01d4cd19889ac2b69e05f01a3c93227951cf320620732fca472f184e4f5?s=96&d=mm&r=g","caption":"vado"},"url":"https:\/\/www.campingbellaterra.com\/da\/author\/vado\/"}]}},"_links":{"self":[{"href":"https:\/\/www.campingbellaterra.com\/da\/wp-json\/wp\/v2\/posts\/7150","targetHints":{"allow":["GET"]}}],"collection":[{"href":"https:\/\/www.campingbellaterra.com\/da\/wp-json\/wp\/v2\/posts"}],"about":[{"href":"https:\/\/www.campingbellaterra.com\/da\/wp-json\/wp\/v2\/types\/post"}],"author":[{"embeddable":true,"href":"https:\/\/www.campingbellaterra.com\/da\/wp-json\/wp\/v2\/users\/2"}],"replies":[{"embeddable":true,"href":"https:\/\/www.campingbellaterra.com\/da\/wp-json\/wp\/v2\/comments?post=7150"}],"version-history":[{"count":1,"href":"https:\/\/www.campingbellaterra.com\/da\/wp-json\/wp\/v2\/posts\/7150\/revisions"}],"predecessor-version":[{"id":10820,"href":"https:\/\/www.campingbellaterra.com\/da\/wp-json\/wp\/v2\/posts\/7150\/revisions\/10820"}],"wp:featuredmedia":[{"embeddable":true,"href":"https:\/\/www.campingbellaterra.com\/da\/wp-json\/wp\/v2\/media\/9929"}],"wp:attachment":[{"href":"https:\/\/www.campingbellaterra.com\/da\/wp-json\/wp\/v2\/media?parent=7150"}],"wp:term":[{"taxonomy":"category","embeddable":true,"href":"https:\/\/www.campingbellaterra.com\/da\/wp-json\/wp\/v2\/categories?post=7150"},{"taxonomy":"post_tag","embeddable":true,"href":"https:\/\/www.campingbellaterra.com\/da\/wp-json\/wp\/v2\/tags?post=7150"}],"curies":[{"name":"wp","href":"https:\/\/api.w.org\/{rel}","templated":true}]}}