{"id":7194,"date":"2020-06-05T16:55:22","date_gmt":"2020-06-05T14:55:22","guid":{"rendered":"https:\/\/www.campingbellaterra.com\/2020\/06\/05\/abning-camping-bella-terra\/"},"modified":"2022-04-12T09:44:28","modified_gmt":"2022-04-12T07:44:28","slug":"abning-camping-bella-terra","status":"publish","type":"post","link":"https:\/\/www.campingbellaterra.com\/da\/abning-camping-bella-terra\/","title":{"rendered":"\u00c5bning af Camping Bella Terra"},"content":{"rendered":"<p><span style=\"font-size: 14pt;\"><span style=\"font-size: 14pt;\">Officiel erkl\u00e6ring om \u00e5bning for offentligheden.<\/span><\/span><\/p>\n<p><!--more--><\/p>\n<div>&nbsp;<\/div>\n<div dir=\"ltr\" style=\"color: #222222; font-family: Arial, Helvetica, sans-serif; font-size: small; font-style: normal; font-weight: 400; letter-spacing: normal; orphans: 2; text-align: start; text-indent: 0px; text-transform: none; white-space: normal; widows: 2; word-spacing: 0px; background-color: #ffffff;\">Endelig. Vi har nu en \u00e5bningsdato 27. juni. Vi ser frem til at se jer igen! F\u00f8lg vores sociale medier. Vi vil holde dig informeret.<\/div>\n<p style=\"text-align: justify;\"><strong>&nbsp;<\/strong><\/p>\n","protected":false},"excerpt":{"rendered":"<p>Officiel erkl\u00e6ring om \u00e5bning for offentligheden.<\/p>\n","protected":false},"author":2,"featured_media":10049,"comment_status":"closed","ping_status":"closed","sticky":false,"template":"","format":"standard","meta":{"_acf_changed":false,"inline_featured_image":false,"_monsterinsights_skip_tracking":false,"_monsterinsights_sitenote_active":false,"_monsterinsights_sitenote_note":"","_monsterinsights_sitenote_category":0,"footnotes":""},"categories":[2273],"tags":[1863,1887,1935],"class_list":["post-7194","post","type-post","status-publish","format-standard","has-post-thumbnail","hentry","category-blog-da","tag-blanes-da","tag-camping-da","tag-costa-brava-da"],"acf":[],"yoast_head":"<!-- This site is optimized with the Yoast SEO plugin v27.0 - https:\/\/yoast.com\/product\/yoast-seo-wordpress\/ -->\n<title>\u00c5bning af Camping Bella Terra - Camping Bella Terra<\/title>\n<meta name=\"robots\" content=\"index, follow, max-snippet:-1, max-image-preview:large, max-video-preview:-1\" \/>\n<link rel=\"canonical\" href=\"https:\/\/www.campingbellaterra.com\/da\/abning-camping-bella-terra\/\" \/>\n<meta property=\"og:locale\" content=\"da_DK\" \/>\n<meta property=\"og:type\" content=\"article\" \/>\n<meta property=\"og:title\" content=\"\u00c5bning af Camping Bella Terra - Camping Bella Terra\" \/>\n<meta property=\"og:description\" content=\"Officiel erkl\u00e6ring om \u00e5bning for offentligheden.\" \/>\n<meta property=\"og:url\" content=\"https:\/\/www.campingbellaterra.com\/da\/abning-camping-bella-terra\/\" \/>\n<meta property=\"og:site_name\" content=\"Camping Bella Terra\" \/>\n<meta property=\"article:publisher\" content=\"https:\/\/www.facebook.com\/campingbellaterra\/\" \/>\n<meta property=\"article:published_time\" content=\"2020-06-05T14:55:22+00:00\" \/>\n<meta property=\"article:modified_time\" content=\"2022-04-12T07:44:28+00:00\" \/>\n<meta property=\"og:image\" content=\"https:\/\/www.campingbellaterra.com\/wp-content\/uploads\/media\/k2\/items\/src\/e0b863f873638efa81a0f8773b39882d.jpg\" \/>\n\t<meta property=\"og:image:width\" content=\"1024\" \/>\n\t<meta property=\"og:image:height\" content=\"680\" \/>\n\t<meta property=\"og:image:type\" content=\"image\/jpeg\" \/>\n<meta name=\"author\" content=\"vado\" \/>\n<meta name=\"twitter:card\" content=\"summary_large_image\" \/>\n<meta name=\"twitter:creator\" content=\"@cbellaterra\" \/>\n<meta name=\"twitter:site\" content=\"@cbellaterra\" \/>\n<meta name=\"twitter:label1\" content=\"Skrevet af\" \/>\n\t<meta name=\"twitter:data1\" content=\"vado\" \/>\n<script type=\"application\/ld+json\" class=\"yoast-schema-graph\">{\"@context\":\"https:\/\/schema.org\",\"@graph\":[{\"@type\":\"Article\",\"@id\":\"https:\/\/www.campingbellaterra.com\/da\/abning-camping-bella-terra\/#article\",\"isPartOf\":{\"@id\":\"https:\/\/www.campingbellaterra.com\/da\/abning-camping-bella-terra\/\"},\"author\":{\"name\":\"vado\",\"@id\":\"https:\/\/www.campingbellaterra.com\/da\/#\/schema\/person\/9dafe106b7fade6dd08664bb60ea89ac\"},\"headline\":\"\u00c5bning af Camping Bella Terra\",\"datePublished\":\"2020-06-05T14:55:22+00:00\",\"dateModified\":\"2022-04-12T07:44:28+00:00\",\"mainEntityOfPage\":{\"@id\":\"https:\/\/www.campingbellaterra.com\/da\/abning-camping-bella-terra\/\"},\"wordCount\":39,\"publisher\":{\"@id\":\"https:\/\/www.campingbellaterra.com\/da\/#organization\"},\"image\":{\"@id\":\"https:\/\/www.campingbellaterra.com\/da\/abning-camping-bella-terra\/#primaryimage\"},\"thumbnailUrl\":\"https:\/\/www.campingbellaterra.com\/wp-content\/uploads\/media\/k2\/items\/src\/e0b863f873638efa81a0f8773b39882d.jpg\",\"keywords\":[\"blanes\",\"Camping\",\"costa brava\"],\"articleSection\":[\"blog\"],\"inLanguage\":\"da-DK\"},{\"@type\":\"WebPage\",\"@id\":\"https:\/\/www.campingbellaterra.com\/da\/abning-camping-bella-terra\/\",\"url\":\"https:\/\/www.campingbellaterra.com\/da\/abning-camping-bella-terra\/\",\"name\":\"\u00c5bning af Camping Bella Terra - Camping Bella Terra\",\"isPartOf\":{\"@id\":\"https:\/\/www.campingbellaterra.com\/da\/#website\"},\"primaryImageOfPage\":{\"@id\":\"https:\/\/www.campingbellaterra.com\/da\/abning-camping-bella-terra\/#primaryimage\"},\"image\":{\"@id\":\"https:\/\/www.campingbellaterra.com\/da\/abning-camping-bella-terra\/#primaryimage\"},\"thumbnailUrl\":\"https:\/\/www.campingbellaterra.com\/wp-content\/uploads\/media\/k2\/items\/src\/e0b863f873638efa81a0f8773b39882d.jpg\",\"datePublished\":\"2020-06-05T14:55:22+00:00\",\"dateModified\":\"2022-04-12T07:44:28+00:00\",\"breadcrumb\":{\"@id\":\"https:\/\/www.campingbellaterra.com\/da\/abning-camping-bella-terra\/#breadcrumb\"},\"inLanguage\":\"da-DK\",\"potentialAction\":[{\"@type\":\"ReadAction\",\"target\":[\"https:\/\/www.campingbellaterra.com\/da\/abning-camping-bella-terra\/\"]}]},{\"@type\":\"ImageObject\",\"inLanguage\":\"da-DK\",\"@id\":\"https:\/\/www.campingbellaterra.com\/da\/abning-camping-bella-terra\/#primaryimage\",\"url\":\"https:\/\/www.campingbellaterra.com\/wp-content\/uploads\/media\/k2\/items\/src\/e0b863f873638efa81a0f8773b39882d.jpg\",\"contentUrl\":\"https:\/\/www.campingbellaterra.com\/wp-content\/uploads\/media\/k2\/items\/src\/e0b863f873638efa81a0f8773b39882d.jpg\",\"width\":1024,\"height\":680},{\"@type\":\"BreadcrumbList\",\"@id\":\"https:\/\/www.campingbellaterra.com\/da\/abning-camping-bella-terra\/#breadcrumb\",\"itemListElement\":[{\"@type\":\"ListItem\",\"position\":1,\"name\":\"Inici\",\"item\":\"https:\/\/www.campingbellaterra.com\/da\/\"},{\"@type\":\"ListItem\",\"position\":2,\"name\":\"\u00c5bning af Camping Bella Terra\"}]},{\"@type\":\"WebSite\",\"@id\":\"https:\/\/www.campingbellaterra.com\/da\/#website\",\"url\":\"https:\/\/www.campingbellaterra.com\/da\/\",\"name\":\"Camping Bella Terra\",\"description\":\"Otro sitio realizado con WordPress\",\"publisher\":{\"@id\":\"https:\/\/www.campingbellaterra.com\/da\/#organization\"},\"potentialAction\":[{\"@type\":\"SearchAction\",\"target\":{\"@type\":\"EntryPoint\",\"urlTemplate\":\"https:\/\/www.campingbellaterra.com\/da\/?s={search_term_string}\"},\"query-input\":{\"@type\":\"PropertyValueSpecification\",\"valueRequired\":true,\"valueName\":\"search_term_string\"}}],\"inLanguage\":\"da-DK\"},{\"@type\":\"Organization\",\"@id\":\"https:\/\/www.campingbellaterra.com\/da\/#organization\",\"name\":\"Camping Bella Terra\",\"url\":\"https:\/\/www.campingbellaterra.com\/da\/\",\"logo\":{\"@type\":\"ImageObject\",\"inLanguage\":\"da-DK\",\"@id\":\"https:\/\/www.campingbellaterra.com\/da\/#\/schema\/logo\/image\/\",\"url\":\"https:\/\/www.campingbellaterra.com\/wp-content\/uploads\/logo6.svg\",\"contentUrl\":\"https:\/\/www.campingbellaterra.com\/wp-content\/uploads\/logo6.svg\",\"width\":\"2048\",\"height\":\"2048\",\"caption\":\"Camping Bella Terra\"},\"image\":{\"@id\":\"https:\/\/www.campingbellaterra.com\/da\/#\/schema\/logo\/image\/\"},\"sameAs\":[\"https:\/\/www.facebook.com\/campingbellaterra\/\",\"https:\/\/x.com\/cbellaterra\",\"https:\/\/www.instagram.com\/campingbellaterra\/\",\"https:\/\/www.youtube.com\/c\/Camping-Bellaterra-Blanes\",\"https:\/\/www.tripadvisor.es\/Hotel_Review-g580331-d3328184-Reviews-Camping_Bella_Terra-Blanes_Costa_Brava_Province_of_Girona_Catalonia.html\"]},{\"@type\":\"Person\",\"@id\":\"https:\/\/www.campingbellaterra.com\/da\/#\/schema\/person\/9dafe106b7fade6dd08664bb60ea89ac\",\"name\":\"vado\",\"image\":{\"@type\":\"ImageObject\",\"inLanguage\":\"da-DK\",\"@id\":\"https:\/\/www.campingbellaterra.com\/da\/#\/schema\/person\/image\/\",\"url\":\"https:\/\/secure.gravatar.com\/avatar\/6edab01d4cd19889ac2b69e05f01a3c93227951cf320620732fca472f184e4f5?s=96&d=mm&r=g\",\"contentUrl\":\"https:\/\/secure.gravatar.com\/avatar\/6edab01d4cd19889ac2b69e05f01a3c93227951cf320620732fca472f184e4f5?s=96&d=mm&r=g\",\"caption\":\"vado\"},\"url\":\"https:\/\/www.campingbellaterra.com\/da\/author\/vado\/\"}]}<\/script>\n<!-- \/ Yoast SEO plugin. -->","yoast_head_json":{"title":"\u00c5bning af Camping Bella Terra - Camping Bella Terra","robots":{"index":"index","follow":"follow","max-snippet":"max-snippet:-1","max-image-preview":"max-image-preview:large","max-video-preview":"max-video-preview:-1"},"canonical":"https:\/\/www.campingbellaterra.com\/da\/abning-camping-bella-terra\/","og_locale":"da_DK","og_type":"article","og_title":"\u00c5bning af Camping Bella Terra - Camping Bella Terra","og_description":"Officiel erkl\u00e6ring om \u00e5bning for offentligheden.","og_url":"https:\/\/www.campingbellaterra.com\/da\/abning-camping-bella-terra\/","og_site_name":"Camping Bella Terra","article_publisher":"https:\/\/www.facebook.com\/campingbellaterra\/","article_published_time":"2020-06-05T14:55:22+00:00","article_modified_time":"2022-04-12T07:44:28+00:00","og_image":[{"width":1024,"height":680,"url":"https:\/\/www.campingbellaterra.com\/wp-content\/uploads\/media\/k2\/items\/src\/e0b863f873638efa81a0f8773b39882d.jpg","type":"image\/jpeg"}],"author":"vado","twitter_card":"summary_large_image","twitter_creator":"@cbellaterra","twitter_site":"@cbellaterra","twitter_misc":{"Skrevet af":"vado"},"schema":{"@context":"https:\/\/schema.org","@graph":[{"@type":"Article","@id":"https:\/\/www.campingbellaterra.com\/da\/abning-camping-bella-terra\/#article","isPartOf":{"@id":"https:\/\/www.campingbellaterra.com\/da\/abning-camping-bella-terra\/"},"author":{"name":"vado","@id":"https:\/\/www.campingbellaterra.com\/da\/#\/schema\/person\/9dafe106b7fade6dd08664bb60ea89ac"},"headline":"\u00c5bning af Camping Bella Terra","datePublished":"2020-06-05T14:55:22+00:00","dateModified":"2022-04-12T07:44:28+00:00","mainEntityOfPage":{"@id":"https:\/\/www.campingbellaterra.com\/da\/abning-camping-bella-terra\/"},"wordCount":39,"publisher":{"@id":"https:\/\/www.campingbellaterra.com\/da\/#organization"},"image":{"@id":"https:\/\/www.campingbellaterra.com\/da\/abning-camping-bella-terra\/#primaryimage"},"thumbnailUrl":"https:\/\/www.campingbellaterra.com\/wp-content\/uploads\/media\/k2\/items\/src\/e0b863f873638efa81a0f8773b39882d.jpg","keywords":["blanes","Camping","costa brava"],"articleSection":["blog"],"inLanguage":"da-DK"},{"@type":"WebPage","@id":"https:\/\/www.campingbellaterra.com\/da\/abning-camping-bella-terra\/","url":"https:\/\/www.campingbellaterra.com\/da\/abning-camping-bella-terra\/","name":"\u00c5bning af Camping Bella Terra - Camping Bella Terra","isPartOf":{"@id":"https:\/\/www.campingbellaterra.com\/da\/#website"},"primaryImageOfPage":{"@id":"https:\/\/www.campingbellaterra.com\/da\/abning-camping-bella-terra\/#primaryimage"},"image":{"@id":"https:\/\/www.campingbellaterra.com\/da\/abning-camping-bella-terra\/#primaryimage"},"thumbnailUrl":"https:\/\/www.campingbellaterra.com\/wp-content\/uploads\/media\/k2\/items\/src\/e0b863f873638efa81a0f8773b39882d.jpg","datePublished":"2020-06-05T14:55:22+00:00","dateModified":"2022-04-12T07:44:28+00:00","breadcrumb":{"@id":"https:\/\/www.campingbellaterra.com\/da\/abning-camping-bella-terra\/#breadcrumb"},"inLanguage":"da-DK","potentialAction":[{"@type":"ReadAction","target":["https:\/\/www.campingbellaterra.com\/da\/abning-camping-bella-terra\/"]}]},{"@type":"ImageObject","inLanguage":"da-DK","@id":"https:\/\/www.campingbellaterra.com\/da\/abning-camping-bella-terra\/#primaryimage","url":"https:\/\/www.campingbellaterra.com\/wp-content\/uploads\/media\/k2\/items\/src\/e0b863f873638efa81a0f8773b39882d.jpg","contentUrl":"https:\/\/www.campingbellaterra.com\/wp-content\/uploads\/media\/k2\/items\/src\/e0b863f873638efa81a0f8773b39882d.jpg","width":1024,"height":680},{"@type":"BreadcrumbList","@id":"https:\/\/www.campingbellaterra.com\/da\/abning-camping-bella-terra\/#breadcrumb","itemListElement":[{"@type":"ListItem","position":1,"name":"Inici","item":"https:\/\/www.campingbellaterra.com\/da\/"},{"@type":"ListItem","position":2,"name":"\u00c5bning af Camping Bella Terra"}]},{"@type":"WebSite","@id":"https:\/\/www.campingbellaterra.com\/da\/#website","url":"https:\/\/www.campingbellaterra.com\/da\/","name":"Camping Bella Terra","description":"Otro sitio realizado con WordPress","publisher":{"@id":"https:\/\/www.campingbellaterra.com\/da\/#organization"},"potentialAction":[{"@type":"SearchAction","target":{"@type":"EntryPoint","urlTemplate":"https:\/\/www.campingbellaterra.com\/da\/?s={search_term_string}"},"query-input":{"@type":"PropertyValueSpecification","valueRequired":true,"valueName":"search_term_string"}}],"inLanguage":"da-DK"},{"@type":"Organization","@id":"https:\/\/www.campingbellaterra.com\/da\/#organization","name":"Camping Bella Terra","url":"https:\/\/www.campingbellaterra.com\/da\/","logo":{"@type":"ImageObject","inLanguage":"da-DK","@id":"https:\/\/www.campingbellaterra.com\/da\/#\/schema\/logo\/image\/","url":"https:\/\/www.campingbellaterra.com\/wp-content\/uploads\/logo6.svg","contentUrl":"https:\/\/www.campingbellaterra.com\/wp-content\/uploads\/logo6.svg","width":"2048","height":"2048","caption":"Camping Bella Terra"},"image":{"@id":"https:\/\/www.campingbellaterra.com\/da\/#\/schema\/logo\/image\/"},"sameAs":["https:\/\/www.facebook.com\/campingbellaterra\/","https:\/\/x.com\/cbellaterra","https:\/\/www.instagram.com\/campingbellaterra\/","https:\/\/www.youtube.com\/c\/Camping-Bellaterra-Blanes","https:\/\/www.tripadvisor.es\/Hotel_Review-g580331-d3328184-Reviews-Camping_Bella_Terra-Blanes_Costa_Brava_Province_of_Girona_Catalonia.html"]},{"@type":"Person","@id":"https:\/\/www.campingbellaterra.com\/da\/#\/schema\/person\/9dafe106b7fade6dd08664bb60ea89ac","name":"vado","image":{"@type":"ImageObject","inLanguage":"da-DK","@id":"https:\/\/www.campingbellaterra.com\/da\/#\/schema\/person\/image\/","url":"https:\/\/secure.gravatar.com\/avatar\/6edab01d4cd19889ac2b69e05f01a3c93227951cf320620732fca472f184e4f5?s=96&d=mm&r=g","contentUrl":"https:\/\/secure.gravatar.com\/avatar\/6edab01d4cd19889ac2b69e05f01a3c93227951cf320620732fca472f184e4f5?s=96&d=mm&r=g","caption":"vado"},"url":"https:\/\/www.campingbellaterra.com\/da\/author\/vado\/"}]}},"_links":{"self":[{"href":"https:\/\/www.campingbellaterra.com\/da\/wp-json\/wp\/v2\/posts\/7194","targetHints":{"allow":["GET"]}}],"collection":[{"href":"https:\/\/www.campingbellaterra.com\/da\/wp-json\/wp\/v2\/posts"}],"about":[{"href":"https:\/\/www.campingbellaterra.com\/da\/wp-json\/wp\/v2\/types\/post"}],"author":[{"embeddable":true,"href":"https:\/\/www.campingbellaterra.com\/da\/wp-json\/wp\/v2\/users\/2"}],"replies":[{"embeddable":true,"href":"https:\/\/www.campingbellaterra.com\/da\/wp-json\/wp\/v2\/comments?post=7194"}],"version-history":[{"count":1,"href":"https:\/\/www.campingbellaterra.com\/da\/wp-json\/wp\/v2\/posts\/7194\/revisions"}],"predecessor-version":[{"id":10797,"href":"https:\/\/www.campingbellaterra.com\/da\/wp-json\/wp\/v2\/posts\/7194\/revisions\/10797"}],"wp:featuredmedia":[{"embeddable":true,"href":"https:\/\/www.campingbellaterra.com\/da\/wp-json\/wp\/v2\/media\/10049"}],"wp:attachment":[{"href":"https:\/\/www.campingbellaterra.com\/da\/wp-json\/wp\/v2\/media?parent=7194"}],"wp:term":[{"taxonomy":"category","embeddable":true,"href":"https:\/\/www.campingbellaterra.com\/da\/wp-json\/wp\/v2\/categories?post=7194"},{"taxonomy":"post_tag","embeddable":true,"href":"https:\/\/www.campingbellaterra.com\/da\/wp-json\/wp\/v2\/tags?post=7194"}],"curies":[{"name":"wp","href":"https:\/\/api.w.org\/{rel}","templated":true}]}}