{"id":7215,"date":"2021-04-27T07:15:41","date_gmt":"2021-04-27T05:15:41","guid":{"rendered":"https:\/\/www.campingbellaterra.com\/2021\/04\/27\/hygiejneprotokoller\/"},"modified":"2022-04-12T09:09:33","modified_gmt":"2022-04-12T07:09:33","slug":"hygiejneprotokoller","status":"publish","type":"post","link":"https:\/\/www.campingbellaterra.com\/da\/hygiejneprotokoller\/","title":{"rendered":"Sanit\u00e6re hygiejneprotokoller for s\u00e6sonen 2021"},"content":{"rendered":"<p><span style=\"font-size: 14pt;\">Sanit\u00e6re hygiejneprotokoller for s\u00e6sonen 2021<\/span><\/p>\n<p><!--more--><\/p>\n<p>K\u00e6re venner,<\/p>\n<p>Vi har alt klar til at \u00e5bne med maksimal sikkerhed.<\/p>\n<p>Af denne grund har Camping Bella Terra udviklet hygiejneprotokoller, designet til at passe p\u00e5 dig og beskytte dig, s\u00e5 du kan nyde en velfortjent ferie.<\/p>\n<p>Disse protokoller opdateres og tilpasses afh\u00e6ngigt af den nuv\u00e6rende lovgivning.<\/p>\n<p>Vi forts\u00e6tter med at arbejde for dig.&nbsp;<\/p>\n<p>&nbsp;<\/p>\n<p><noscript><img decoding=\"async\" class=\" size-full wp-image-7196\" src=\"https:\/\/www.campingbellaterra.com\/wp-content\/uploads\/protocols-separador.jpg\" alt=\"protocols separador\" width=\"139\" height=\"22\"><\/noscript><img decoding=\"async\" class=\" size-full wp-image-7196 lazyload\" src=\"data:image\/svg+xml,%3Csvg%20xmlns%3D%22http%3A%2F%2Fwww.w3.org%2F2000%2Fsvg%22%20viewBox%3D%220%200%20139%2022%22%3E%3C%2Fsvg%3E\" alt=\"protocols separador\" width=\"139\" height=\"22\" data-src=\"https:\/\/www.campingbellaterra.com\/wp-content\/uploads\/protocols-separador.jpg\"><\/p>\n<p>&nbsp;<\/p>\n<h3 style=\"text-align: justify;\">HVILKE FORANSTALTNINGER TAGER VI?<\/h3>\n<p>(Opdateret 27.04.2021)<\/p>\n<p style=\"text-align: justify;\"><noscript><img decoding=\"async\" class=\" size-full wp-image-7197\" src=\"https:\/\/www.campingbellaterra.com\/wp-content\/uploads\/pngwave-verd.png\" alt=\"pngwave verd\" width=\"15\" height=\"15\"><\/noscript><img decoding=\"async\" class=\" size-full wp-image-7197 lazyload\" src=\"data:image\/svg+xml,%3Csvg%20xmlns%3D%22http%3A%2F%2Fwww.w3.org%2F2000%2Fsvg%22%20viewBox%3D%220%200%2015%2015%22%3E%3C%2Fsvg%3E\" alt=\"pngwave verd\" width=\"15\" height=\"15\" data-src=\"https:\/\/www.campingbellaterra.com\/wp-content\/uploads\/pngwave-verd.png\">&nbsp;Vores medarbejdere er konstant tr\u00e6net til at minimere de risici, som deres specifikke opgaver udg\u00f8r for b\u00e5de kunder og kolleger.<br>\n<noscript><img decoding=\"async\" class=\" size-full wp-image-7197\" src=\"https:\/\/www.campingbellaterra.com\/wp-content\/uploads\/pngwave-verd.png\" alt=\"pngwave verd\" width=\"15\" height=\"15\"><\/noscript><img decoding=\"async\" class=\" size-full wp-image-7197 lazyload\" src=\"data:image\/svg+xml,%3Csvg%20xmlns%3D%22http%3A%2F%2Fwww.w3.org%2F2000%2Fsvg%22%20viewBox%3D%220%200%2015%2015%22%3E%3C%2Fsvg%3E\" alt=\"pngwave verd\" width=\"15\" height=\"15\" data-src=\"https:\/\/www.campingbellaterra.com\/wp-content\/uploads\/pngwave-verd.png\"> Alt personale har det n\u00f8dvendige beskyttelsesudstyr (PPE) til at udf\u00f8re deres arbejde sikkert: masker, hydroalkohol gel, handsker &#8230;<br>\n<noscript><img decoding=\"async\" class=\" size-full wp-image-7197\" src=\"https:\/\/www.campingbellaterra.com\/wp-content\/uploads\/pngwave-verd.png\" alt=\"pngwave verd\" width=\"15\" height=\"15\"><\/noscript><img decoding=\"async\" class=\" size-full wp-image-7197 lazyload\" src=\"data:image\/svg+xml,%3Csvg%20xmlns%3D%22http%3A%2F%2Fwww.w3.org%2F2000%2Fsvg%22%20viewBox%3D%220%200%2015%2015%22%3E%3C%2Fsvg%3E\" alt=\"pngwave verd\" width=\"15\" height=\"15\" data-src=\"https:\/\/www.campingbellaterra.com\/wp-content\/uploads\/pngwave-verd.png\"> Reng\u00f8ring forbliver en prioritet og suppleres med et specielt desinfektionssystem.&nbsp;&nbsp;Derfor har vi k\u00f8bt nyt udstyr til at styrke og forbedre reng\u00f8rings- og desinfektionsprocessen.<br>\n<noscript><img decoding=\"async\" class=\" size-full wp-image-7197\" src=\"https:\/\/www.campingbellaterra.com\/wp-content\/uploads\/pngwave-verd.png\" alt=\"pngwave verd\" width=\"15\" height=\"15\"><\/noscript><img decoding=\"async\" class=\" size-full wp-image-7197 lazyload\" src=\"data:image\/svg+xml,%3Csvg%20xmlns%3D%22http%3A%2F%2Fwww.w3.org%2F2000%2Fsvg%22%20viewBox%3D%220%200%2015%2015%22%3E%3C%2Fsvg%3E\" alt=\"pngwave verd\" width=\"15\" height=\"15\" data-src=\"https:\/\/www.campingbellaterra.com\/wp-content\/uploads\/pngwave-verd.png\">&nbsp;Vi vil give personalet desinfektionsmidler godkendt af sundhedsmyndighederne.&nbsp;&nbsp;Hver afdeling anvender sine specifikke foranstaltninger.<br>\n<noscript><img decoding=\"async\" class=\" size-full wp-image-7197\" src=\"https:\/\/www.campingbellaterra.com\/wp-content\/uploads\/pngwave-verd.png\" alt=\"pngwave verd\" width=\"15\" height=\"15\"><\/noscript><img decoding=\"async\" class=\" size-full wp-image-7197 lazyload\" src=\"data:image\/svg+xml,%3Csvg%20xmlns%3D%22http%3A%2F%2Fwww.w3.org%2F2000%2Fsvg%22%20viewBox%3D%220%200%2015%2015%22%3E%3C%2Fsvg%3E\" alt=\"pngwave verd\" width=\"15\" height=\"15\" data-src=\"https:\/\/www.campingbellaterra.com\/wp-content\/uploads\/pngwave-verd.png\"> Vi har designet en informativ plakat for at lette overholdelsen af \u200b\u200breglerne for social afstand, kapacitet, beskyttelse og individuel hygiejne osv<br>\n<noscript><img decoding=\"async\" class=\" size-full wp-image-7197\" src=\"https:\/\/www.campingbellaterra.com\/wp-content\/uploads\/pngwave-verd.png\" alt=\"pngwave verd\" width=\"15\" height=\"15\"><\/noscript><img decoding=\"async\" class=\" size-full wp-image-7197 lazyload\" src=\"data:image\/svg+xml,%3Csvg%20xmlns%3D%22http%3A%2F%2Fwww.w3.org%2F2000%2Fsvg%22%20viewBox%3D%220%200%2015%2015%22%3E%3C%2Fsvg%3E\" alt=\"pngwave verd\" width=\"15\" height=\"15\" data-src=\"https:\/\/www.campingbellaterra.com\/wp-content\/uploads\/pngwave-verd.png\"> Separationssk\u00e6rme er installeret for at undg\u00e5 kontakter p\u00e5 visse arbejdsstationer.<br>\n<noscript><img decoding=\"async\" class=\" size-full wp-image-7197\" src=\"https:\/\/www.campingbellaterra.com\/wp-content\/uploads\/pngwave-verd.png\" alt=\"pngwave verd\" width=\"15\" height=\"15\"><\/noscript><img decoding=\"async\" class=\" size-full wp-image-7197 lazyload\" src=\"data:image\/svg+xml,%3Csvg%20xmlns%3D%22http%3A%2F%2Fwww.w3.org%2F2000%2Fsvg%22%20viewBox%3D%220%200%2015%2015%22%3E%3C%2Fsvg%3E\" alt=\"pngwave verd\" width=\"15\" height=\"15\" data-src=\"https:\/\/www.campingbellaterra.com\/wp-content\/uploads\/pngwave-verd.png\"> Ved indgange og udgange til f\u00e6llesarealerne har vi hydroalkoholiske gel-dispensere: reception, toiletter, supermarked, bar-restaurant, miniklub, swimmingpool, strand &#8230;<br>\n<noscript><img decoding=\"async\" class=\" size-full wp-image-7197\" src=\"https:\/\/www.campingbellaterra.com\/wp-content\/uploads\/pngwave-verd.png\" alt=\"pngwave verd\" width=\"15\" height=\"15\"><\/noscript><img decoding=\"async\" class=\" size-full wp-image-7197 lazyload\" src=\"data:image\/svg+xml,%3Csvg%20xmlns%3D%22http%3A%2F%2Fwww.w3.org%2F2000%2Fsvg%22%20viewBox%3D%220%200%2015%2015%22%3E%3C%2Fsvg%3E\" alt=\"pngwave verd\" width=\"15\" height=\"15\" data-src=\"https:\/\/www.campingbellaterra.com\/wp-content\/uploads\/pngwave-verd.png\"> Reng\u00f8ring og desinfektion af affaldsbeholdere styrkes.&nbsp;&nbsp;Der placeres specifikke skraldespande, hvor du kan kaste masker og handsker efter brug.<br>\n<noscript><img decoding=\"async\" class=\" size-full wp-image-7197\" src=\"https:\/\/www.campingbellaterra.com\/wp-content\/uploads\/pngwave-verd.png\" alt=\"pngwave verd\" width=\"15\" height=\"15\"><\/noscript><img decoding=\"async\" class=\" size-full wp-image-7197 lazyload\" src=\"data:image\/svg+xml,%3Csvg%20xmlns%3D%22http%3A%2F%2Fwww.w3.org%2F2000%2Fsvg%22%20viewBox%3D%220%200%2015%2015%22%3E%3C%2Fsvg%3E\" alt=\"pngwave verd\" width=\"15\" height=\"15\" data-src=\"https:\/\/www.campingbellaterra.com\/wp-content\/uploads\/pngwave-verd.png\"> F\u00e6lles omr\u00e5der har begr\u00e6nset kapacitet til at sikre sikkerhedsafstanden, og hvis dette ikke er muligt, skal du bruge en maske.&nbsp;<br>\n<noscript><img decoding=\"async\" class=\" size-full wp-image-7197\" src=\"https:\/\/www.campingbellaterra.com\/wp-content\/uploads\/pngwave-verd.png\" alt=\"pngwave verd\" width=\"15\" height=\"15\"><\/noscript><img decoding=\"async\" class=\" size-full wp-image-7197 lazyload\" src=\"data:image\/svg+xml,%3Csvg%20xmlns%3D%22http%3A%2F%2Fwww.w3.org%2F2000%2Fsvg%22%20viewBox%3D%220%200%2015%2015%22%3E%3C%2Fsvg%3E\" alt=\"pngwave verd\" width=\"15\" height=\"15\" data-src=\"https:\/\/www.campingbellaterra.com\/wp-content\/uploads\/pngwave-verd.png\"> Legepladserne forbliver \u00e5ben med de tilh\u00f8rende hygiejneforanstaltninger og protokoller.<br>\n<noscript><img decoding=\"async\" class=\" size-full wp-image-7197\" src=\"https:\/\/www.campingbellaterra.com\/wp-content\/uploads\/pngwave-verd.png\" alt=\"pngwave verd\" width=\"15\" height=\"15\"><\/noscript><img decoding=\"async\" class=\" size-full wp-image-7197 lazyload\" src=\"data:image\/svg+xml,%3Csvg%20xmlns%3D%22http%3A%2F%2Fwww.w3.org%2F2000%2Fsvg%22%20viewBox%3D%220%200%2015%2015%22%3E%3C%2Fsvg%3E\" alt=\"pngwave verd\" width=\"15\" height=\"15\" data-src=\"https:\/\/www.campingbellaterra.com\/wp-content\/uploads\/pngwave-verd.png\"> For at minimere kontakten med kunderne og undg\u00e5 store forsamlinger, beder vi om at I kommer til supermarkedet og modtagelsen med en person per husstand.<br>\n<noscript><img decoding=\"async\" class=\" size-full wp-image-7197\" src=\"https:\/\/www.campingbellaterra.com\/wp-content\/uploads\/pngwave-verd.png\" alt=\"pngwave verd\" width=\"15\" height=\"15\"><\/noscript><img decoding=\"async\" class=\" size-full wp-image-7197 lazyload\" src=\"data:image\/svg+xml,%3Csvg%20xmlns%3D%22http%3A%2F%2Fwww.w3.org%2F2000%2Fsvg%22%20viewBox%3D%220%200%2015%2015%22%3E%3C%2Fsvg%3E\" alt=\"pngwave verd\" width=\"15\" height=\"15\" data-src=\"https:\/\/www.campingbellaterra.com\/wp-content\/uploads\/pngwave-verd.png\"> Vi har oprettet et salgssted uden for supermarkedet for at lette k\u00f8b af br\u00f8d og kager for at undg\u00e5 k\u00f8er og kontakter inde.&nbsp;&nbsp;Betalingsformen er kun p\u00e5 Kort.&nbsp;<br>\n<noscript><img decoding=\"async\" class=\" size-full wp-image-7197\" src=\"https:\/\/www.campingbellaterra.com\/wp-content\/uploads\/pngwave-verd.png\" alt=\"pngwave verd\" width=\"15\" height=\"15\"><\/noscript><img decoding=\"async\" class=\" size-full wp-image-7197 lazyload\" src=\"data:image\/svg+xml,%3Csvg%20xmlns%3D%22http%3A%2F%2Fwww.w3.org%2F2000%2Fsvg%22%20viewBox%3D%220%200%2015%2015%22%3E%3C%2Fsvg%3E\" alt=\"pngwave verd\" width=\"15\" height=\"15\" data-src=\"https:\/\/www.campingbellaterra.com\/wp-content\/uploads\/pngwave-verd.png\"> Restauranten har en begr\u00e6nset kapacitet som bestemt af sundhedsmyndighederne.&nbsp;&nbsp;Det anbefales at booke p\u00e5 forh\u00e5nd.<br>\n<noscript><img decoding=\"async\" class=\" size-full wp-image-7197\" src=\"https:\/\/www.campingbellaterra.com\/wp-content\/uploads\/pngwave-verd.png\" alt=\"pngwave verd\" width=\"15\" height=\"15\"><\/noscript><img decoding=\"async\" class=\" size-full wp-image-7197 lazyload\" src=\"data:image\/svg+xml,%3Csvg%20xmlns%3D%22http%3A%2F%2Fwww.w3.org%2F2000%2Fsvg%22%20viewBox%3D%220%200%2015%2015%22%3E%3C%2Fsvg%3E\" alt=\"pngwave verd\" width=\"15\" height=\"15\" data-src=\"https:\/\/www.campingbellaterra.com\/wp-content\/uploads\/pngwave-verd.png\"> Vi har forberedt en menu i digitalt format ved hj\u00e6lp af en QR-kode.&nbsp;&nbsp;Et take away-system med online ordrer og betaling implementeres ogs\u00e5.<br>\n<noscript><img decoding=\"async\" class=\" size-full wp-image-7197\" src=\"https:\/\/www.campingbellaterra.com\/wp-content\/uploads\/pngwave-verd.png\" alt=\"pngwave verd\" width=\"15\" height=\"15\"><\/noscript><img decoding=\"async\" class=\" size-full wp-image-7197 lazyload\" src=\"data:image\/svg+xml,%3Csvg%20xmlns%3D%22http%3A%2F%2Fwww.w3.org%2F2000%2Fsvg%22%20viewBox%3D%220%200%2015%2015%22%3E%3C%2Fsvg%3E\" alt=\"pngwave verd\" width=\"15\" height=\"15\" data-src=\"https:\/\/www.campingbellaterra.com\/wp-content\/uploads\/pngwave-verd.png\">&nbsp;Mini-klubbens kapacitet er begr\u00e6nset, og udend\u00f8rsomr\u00e5derne prioriteres h\u00f8jt.&nbsp;&nbsp;Der oprettes aktiviteter, hvor man undg\u00e5r kontakt for at respektere sikkerhedsafstanden.<br>\n<noscript><img decoding=\"async\" class=\" size-full wp-image-7197\" src=\"https:\/\/www.campingbellaterra.com\/wp-content\/uploads\/pngwave-verd.png\" alt=\"pngwave verd\" width=\"15\" height=\"15\"><\/noscript><img decoding=\"async\" class=\" size-full wp-image-7197 lazyload\" src=\"data:image\/svg+xml,%3Csvg%20xmlns%3D%22http%3A%2F%2Fwww.w3.org%2F2000%2Fsvg%22%20viewBox%3D%220%200%2015%2015%22%3E%3C%2Fsvg%3E\" alt=\"pngwave verd\" width=\"15\" height=\"15\" data-src=\"https:\/\/www.campingbellaterra.com\/wp-content\/uploads\/pngwave-verd.png\"> Afh\u00e6ngig af de nuv\u00e6rende regler afholdes shows med respekt for den maksimalt tilladte kapacitet.<br>\n<noscript><img decoding=\"async\" class=\" size-full wp-image-7197\" src=\"https:\/\/www.campingbellaterra.com\/wp-content\/uploads\/pngwave-verd.png\" alt=\"pngwave verd\" width=\"15\" height=\"15\"><\/noscript><img decoding=\"async\" class=\" size-full wp-image-7197 lazyload\" src=\"data:image\/svg+xml,%3Csvg%20xmlns%3D%22http%3A%2F%2Fwww.w3.org%2F2000%2Fsvg%22%20viewBox%3D%220%200%2015%2015%22%3E%3C%2Fsvg%3E\" alt=\"pngwave verd\" width=\"15\" height=\"15\" data-src=\"https:\/\/www.campingbellaterra.com\/wp-content\/uploads\/pngwave-verd.png\"> Selvom kapaciteten i poolen vil v\u00e6re begr\u00e6nset, kan familier sidde sammen, mens de holder sikkerhedsafstanden til andre grupper. Livreddere er ansvarlige for h\u00e5ndh\u00e6velse af dette.<br>\n<noscript><img decoding=\"async\" class=\" size-full wp-image-7197\" src=\"https:\/\/www.campingbellaterra.com\/wp-content\/uploads\/pngwave-verd.png\" alt=\"pngwave verd\" width=\"15\" height=\"15\"><\/noscript><img decoding=\"async\" class=\" size-full wp-image-7197 lazyload\" src=\"data:image\/svg+xml,%3Csvg%20xmlns%3D%22http%3A%2F%2Fwww.w3.org%2F2000%2Fsvg%22%20viewBox%3D%220%200%2015%2015%22%3E%3C%2Fsvg%3E\" alt=\"pngwave verd\" width=\"15\" height=\"15\" data-src=\"https:\/\/www.campingbellaterra.com\/wp-content\/uploads\/pngwave-verd.png\">&nbsp;PH og parametrene for poolvandet kontrolleres mere udf\u00f8rligt.<br>\n<noscript><img decoding=\"async\" class=\" size-full wp-image-7197\" src=\"https:\/\/www.campingbellaterra.com\/wp-content\/uploads\/pngwave-verd.png\" alt=\"pngwave verd\" width=\"15\" height=\"15\"><\/noscript><img decoding=\"async\" class=\" size-full wp-image-7197 lazyload\" src=\"data:image\/svg+xml,%3Csvg%20xmlns%3D%22http%3A%2F%2Fwww.w3.org%2F2000%2Fsvg%22%20viewBox%3D%220%200%2015%2015%22%3E%3C%2Fsvg%3E\" alt=\"pngwave verd\" width=\"15\" height=\"15\" data-src=\"https:\/\/www.campingbellaterra.com\/wp-content\/uploads\/pngwave-verd.png\"> Liggestole vil kun v\u00e6re tilg\u00e6ngelige for handicappede.&nbsp;<br>\n<noscript><img decoding=\"async\" class=\" size-full wp-image-7197\" src=\"https:\/\/www.campingbellaterra.com\/wp-content\/uploads\/pngwave-verd.png\" alt=\"pngwave verd\" width=\"15\" height=\"15\"><\/noscript><img decoding=\"async\" class=\" size-full wp-image-7197 lazyload\" src=\"data:image\/svg+xml,%3Csvg%20xmlns%3D%22http%3A%2F%2Fwww.w3.org%2F2000%2Fsvg%22%20viewBox%3D%220%200%2015%2015%22%3E%3C%2Fsvg%3E\" alt=\"pngwave verd\" width=\"15\" height=\"15\" data-src=\"https:\/\/www.campingbellaterra.com\/wp-content\/uploads\/pngwave-verd.png\"> Badning p\u00e5 stranden er ikke noget problem.&nbsp;&nbsp;Vi anbefaler at holde sikkerhedsafstande mellem familiegrupper.<\/p>\n<p>&nbsp;<\/p>\n<p><strong>Under hensyntagen til disse forholdsregler vil du v\u00e6re i stand til at tilbringe en god ferie.<\/strong><\/p>\n<p>&nbsp;<\/p>\n<p>&nbsp;<\/p>\n<p><noscript><img decoding=\"async\" class=\" size-full wp-image-7196\" src=\"https:\/\/www.campingbellaterra.com\/wp-content\/uploads\/protocols-separador.jpg\" alt=\"protocols separador\" width=\"139\" height=\"22\"><\/noscript><img decoding=\"async\" class=\" size-full wp-image-7196 lazyload\" src=\"data:image\/svg+xml,%3Csvg%20xmlns%3D%22http%3A%2F%2Fwww.w3.org%2F2000%2Fsvg%22%20viewBox%3D%220%200%20139%2022%22%3E%3C%2Fsvg%3E\" alt=\"protocols separador\" width=\"139\" height=\"22\" data-src=\"https:\/\/www.campingbellaterra.com\/wp-content\/uploads\/protocols-separador.jpg\"><\/p>\n<p>&nbsp;<\/p>\n<p><noscript><img decoding=\"async\" class=\" size-full wp-image-7198\" src=\"https:\/\/www.campingbellaterra.com\/wp-content\/uploads\/protocols-air.jpg\" alt=\"protocols air\" width=\"1033\" height=\"394\" srcset=\"https:\/\/www.campingbellaterra.com\/wp-content\/uploads\/protocols-air.jpg 1033w, https:\/\/www.campingbellaterra.com\/wp-content\/uploads\/protocols-air-1024x391.jpg 1024w, https:\/\/www.campingbellaterra.com\/wp-content\/uploads\/protocols-air-768x293.jpg 768w\" sizes=\"(max-width: 1033px) 100vw, 1033px\"><\/noscript><img decoding=\"async\" class=\" size-full wp-image-7198 lazyload\" src=\"data:image\/svg+xml,%3Csvg%20xmlns%3D%22http%3A%2F%2Fwww.w3.org%2F2000%2Fsvg%22%20viewBox%3D%220%200%201033%20394%22%3E%3C%2Fsvg%3E\" alt=\"protocols air\" width=\"1033\" height=\"394\" srcset=\"data:image\/svg+xml,%3Csvg%20xmlns%3D%22http%3A%2F%2Fwww.w3.org%2F2000%2Fsvg%22%20viewBox%3D%220%200%201033%20394%22%3E%3C%2Fsvg%3E 1033w\" sizes=\"(max-width: 1033px) 100vw, 1033px\" data-srcset=\"https:\/\/www.campingbellaterra.com\/wp-content\/uploads\/protocols-air.jpg 1033w, https:\/\/www.campingbellaterra.com\/wp-content\/uploads\/protocols-air-1024x391.jpg 1024w, https:\/\/www.campingbellaterra.com\/wp-content\/uploads\/protocols-air-768x293.jpg 768w\" data-src=\"https:\/\/www.campingbellaterra.com\/wp-content\/uploads\/protocols-air.jpg\"><\/p>\n","protected":false},"excerpt":{"rendered":"<p>Sanit\u00e6re hygiejneprotokoller for s\u00e6sonen 2021<\/p>\n","protected":false},"author":2,"featured_media":10115,"comment_status":"closed","ping_status":"closed","sticky":false,"template":"","format":"standard","meta":{"_acf_changed":false,"inline_featured_image":false,"_monsterinsights_skip_tracking":false,"_monsterinsights_sitenote_active":false,"_monsterinsights_sitenote_note":"","_monsterinsights_sitenote_category":0,"footnotes":""},"categories":[2273],"tags":[1887,1947,1959,2013,2249],"class_list":["post-7215","post","type-post","status-publish","format-standard","has-post-thumbnail","hentry","category-blog-da","tag-camping-da","tag-covid-da","tag-covid19cat-da","tag-familie","tag-virucidal"],"acf":[],"yoast_head":"<!-- This site is optimized with the Yoast SEO plugin v27.0 - https:\/\/yoast.com\/product\/yoast-seo-wordpress\/ -->\n<title>Sanit\u00e6re hygiejneprotokoller for s\u00e6sonen 2021 - Camping Bella Terra<\/title>\n<meta name=\"robots\" content=\"index, follow, max-snippet:-1, max-image-preview:large, max-video-preview:-1\" \/>\n<link rel=\"canonical\" href=\"https:\/\/www.campingbellaterra.com\/da\/hygiejneprotokoller\/\" \/>\n<meta property=\"og:locale\" content=\"da_DK\" \/>\n<meta property=\"og:type\" content=\"article\" \/>\n<meta property=\"og:title\" content=\"Sanit\u00e6re hygiejneprotokoller for s\u00e6sonen 2021 - Camping Bella Terra\" \/>\n<meta property=\"og:description\" content=\"Sanit\u00e6re hygiejneprotokoller for s\u00e6sonen 2021\" \/>\n<meta property=\"og:url\" content=\"https:\/\/www.campingbellaterra.com\/da\/hygiejneprotokoller\/\" \/>\n<meta property=\"og:site_name\" content=\"Camping Bella Terra\" \/>\n<meta property=\"article:publisher\" content=\"https:\/\/www.facebook.com\/campingbellaterra\/\" \/>\n<meta property=\"article:published_time\" content=\"2021-04-27T05:15:41+00:00\" \/>\n<meta property=\"article:modified_time\" content=\"2022-04-12T07:09:33+00:00\" \/>\n<meta property=\"og:image\" content=\"https:\/\/www.campingbellaterra.com\/wp-content\/uploads\/media\/k2\/items\/src\/e9b0f857826ab994b1b1904c051bbf59.jpg\" \/>\n\t<meta property=\"og:image:width\" content=\"1033\" \/>\n\t<meta property=\"og:image:height\" content=\"246\" \/>\n\t<meta property=\"og:image:type\" content=\"image\/jpeg\" \/>\n<meta name=\"author\" content=\"vado\" \/>\n<meta name=\"twitter:card\" content=\"summary_large_image\" \/>\n<meta name=\"twitter:creator\" content=\"@cbellaterra\" \/>\n<meta name=\"twitter:site\" content=\"@cbellaterra\" \/>\n<meta name=\"twitter:label1\" content=\"Skrevet af\" \/>\n\t<meta name=\"twitter:data1\" content=\"vado\" \/>\n\t<meta name=\"twitter:label2\" content=\"Estimeret l\u00e6setid\" \/>\n\t<meta name=\"twitter:data2\" content=\"3 minutter\" \/>\n<script type=\"application\/ld+json\" class=\"yoast-schema-graph\">{\"@context\":\"https:\/\/schema.org\",\"@graph\":[{\"@type\":\"Article\",\"@id\":\"https:\/\/www.campingbellaterra.com\/da\/hygiejneprotokoller\/#article\",\"isPartOf\":{\"@id\":\"https:\/\/www.campingbellaterra.com\/da\/hygiejneprotokoller\/\"},\"author\":{\"name\":\"vado\",\"@id\":\"https:\/\/www.campingbellaterra.com\/da\/#\/schema\/person\/9dafe106b7fade6dd08664bb60ea89ac\"},\"headline\":\"Sanit\u00e6re hygiejneprotokoller for s\u00e6sonen 2021\",\"datePublished\":\"2021-04-27T05:15:41+00:00\",\"dateModified\":\"2022-04-12T07:09:33+00:00\",\"mainEntityOfPage\":{\"@id\":\"https:\/\/www.campingbellaterra.com\/da\/hygiejneprotokoller\/\"},\"wordCount\":506,\"publisher\":{\"@id\":\"https:\/\/www.campingbellaterra.com\/da\/#organization\"},\"image\":{\"@id\":\"https:\/\/www.campingbellaterra.com\/da\/hygiejneprotokoller\/#primaryimage\"},\"thumbnailUrl\":\"https:\/\/www.campingbellaterra.com\/wp-content\/uploads\/media\/k2\/items\/src\/e9b0f857826ab994b1b1904c051bbf59.jpg\",\"keywords\":[\"Camping\",\"covid\",\"covid19cat\",\"familie\",\"virucidal\"],\"articleSection\":[\"blog\"],\"inLanguage\":\"da-DK\"},{\"@type\":\"WebPage\",\"@id\":\"https:\/\/www.campingbellaterra.com\/da\/hygiejneprotokoller\/\",\"url\":\"https:\/\/www.campingbellaterra.com\/da\/hygiejneprotokoller\/\",\"name\":\"Sanit\u00e6re hygiejneprotokoller for s\u00e6sonen 2021 - Camping Bella Terra\",\"isPartOf\":{\"@id\":\"https:\/\/www.campingbellaterra.com\/da\/#website\"},\"primaryImageOfPage\":{\"@id\":\"https:\/\/www.campingbellaterra.com\/da\/hygiejneprotokoller\/#primaryimage\"},\"image\":{\"@id\":\"https:\/\/www.campingbellaterra.com\/da\/hygiejneprotokoller\/#primaryimage\"},\"thumbnailUrl\":\"https:\/\/www.campingbellaterra.com\/wp-content\/uploads\/media\/k2\/items\/src\/e9b0f857826ab994b1b1904c051bbf59.jpg\",\"datePublished\":\"2021-04-27T05:15:41+00:00\",\"dateModified\":\"2022-04-12T07:09:33+00:00\",\"breadcrumb\":{\"@id\":\"https:\/\/www.campingbellaterra.com\/da\/hygiejneprotokoller\/#breadcrumb\"},\"inLanguage\":\"da-DK\",\"potentialAction\":[{\"@type\":\"ReadAction\",\"target\":[\"https:\/\/www.campingbellaterra.com\/da\/hygiejneprotokoller\/\"]}]},{\"@type\":\"ImageObject\",\"inLanguage\":\"da-DK\",\"@id\":\"https:\/\/www.campingbellaterra.com\/da\/hygiejneprotokoller\/#primaryimage\",\"url\":\"https:\/\/www.campingbellaterra.com\/wp-content\/uploads\/media\/k2\/items\/src\/e9b0f857826ab994b1b1904c051bbf59.jpg\",\"contentUrl\":\"https:\/\/www.campingbellaterra.com\/wp-content\/uploads\/media\/k2\/items\/src\/e9b0f857826ab994b1b1904c051bbf59.jpg\",\"width\":1033,\"height\":246},{\"@type\":\"BreadcrumbList\",\"@id\":\"https:\/\/www.campingbellaterra.com\/da\/hygiejneprotokoller\/#breadcrumb\",\"itemListElement\":[{\"@type\":\"ListItem\",\"position\":1,\"name\":\"Inici\",\"item\":\"https:\/\/www.campingbellaterra.com\/da\/\"},{\"@type\":\"ListItem\",\"position\":2,\"name\":\"Sanit\u00e6re hygiejneprotokoller for s\u00e6sonen 2021\"}]},{\"@type\":\"WebSite\",\"@id\":\"https:\/\/www.campingbellaterra.com\/da\/#website\",\"url\":\"https:\/\/www.campingbellaterra.com\/da\/\",\"name\":\"Camping Bella Terra\",\"description\":\"Otro sitio realizado con WordPress\",\"publisher\":{\"@id\":\"https:\/\/www.campingbellaterra.com\/da\/#organization\"},\"potentialAction\":[{\"@type\":\"SearchAction\",\"target\":{\"@type\":\"EntryPoint\",\"urlTemplate\":\"https:\/\/www.campingbellaterra.com\/da\/?s={search_term_string}\"},\"query-input\":{\"@type\":\"PropertyValueSpecification\",\"valueRequired\":true,\"valueName\":\"search_term_string\"}}],\"inLanguage\":\"da-DK\"},{\"@type\":\"Organization\",\"@id\":\"https:\/\/www.campingbellaterra.com\/da\/#organization\",\"name\":\"Camping Bella Terra\",\"url\":\"https:\/\/www.campingbellaterra.com\/da\/\",\"logo\":{\"@type\":\"ImageObject\",\"inLanguage\":\"da-DK\",\"@id\":\"https:\/\/www.campingbellaterra.com\/da\/#\/schema\/logo\/image\/\",\"url\":\"https:\/\/www.campingbellaterra.com\/wp-content\/uploads\/logo6.svg\",\"contentUrl\":\"https:\/\/www.campingbellaterra.com\/wp-content\/uploads\/logo6.svg\",\"width\":\"2048\",\"height\":\"2048\",\"caption\":\"Camping Bella Terra\"},\"image\":{\"@id\":\"https:\/\/www.campingbellaterra.com\/da\/#\/schema\/logo\/image\/\"},\"sameAs\":[\"https:\/\/www.facebook.com\/campingbellaterra\/\",\"https:\/\/x.com\/cbellaterra\",\"https:\/\/www.instagram.com\/campingbellaterra\/\",\"https:\/\/www.youtube.com\/c\/Camping-Bellaterra-Blanes\",\"https:\/\/www.tripadvisor.es\/Hotel_Review-g580331-d3328184-Reviews-Camping_Bella_Terra-Blanes_Costa_Brava_Province_of_Girona_Catalonia.html\"]},{\"@type\":\"Person\",\"@id\":\"https:\/\/www.campingbellaterra.com\/da\/#\/schema\/person\/9dafe106b7fade6dd08664bb60ea89ac\",\"name\":\"vado\",\"image\":{\"@type\":\"ImageObject\",\"inLanguage\":\"da-DK\",\"@id\":\"https:\/\/www.campingbellaterra.com\/da\/#\/schema\/person\/image\/\",\"url\":\"https:\/\/secure.gravatar.com\/avatar\/6edab01d4cd19889ac2b69e05f01a3c93227951cf320620732fca472f184e4f5?s=96&d=mm&r=g\",\"contentUrl\":\"https:\/\/secure.gravatar.com\/avatar\/6edab01d4cd19889ac2b69e05f01a3c93227951cf320620732fca472f184e4f5?s=96&d=mm&r=g\",\"caption\":\"vado\"},\"url\":\"https:\/\/www.campingbellaterra.com\/da\/author\/vado\/\"}]}<\/script>\n<!-- \/ Yoast SEO plugin. -->","yoast_head_json":{"title":"Sanit\u00e6re hygiejneprotokoller for s\u00e6sonen 2021 - Camping Bella Terra","robots":{"index":"index","follow":"follow","max-snippet":"max-snippet:-1","max-image-preview":"max-image-preview:large","max-video-preview":"max-video-preview:-1"},"canonical":"https:\/\/www.campingbellaterra.com\/da\/hygiejneprotokoller\/","og_locale":"da_DK","og_type":"article","og_title":"Sanit\u00e6re hygiejneprotokoller for s\u00e6sonen 2021 - Camping Bella Terra","og_description":"Sanit\u00e6re hygiejneprotokoller for s\u00e6sonen 2021","og_url":"https:\/\/www.campingbellaterra.com\/da\/hygiejneprotokoller\/","og_site_name":"Camping Bella Terra","article_publisher":"https:\/\/www.facebook.com\/campingbellaterra\/","article_published_time":"2021-04-27T05:15:41+00:00","article_modified_time":"2022-04-12T07:09:33+00:00","og_image":[{"width":1033,"height":246,"url":"https:\/\/www.campingbellaterra.com\/wp-content\/uploads\/media\/k2\/items\/src\/e9b0f857826ab994b1b1904c051bbf59.jpg","type":"image\/jpeg"}],"author":"vado","twitter_card":"summary_large_image","twitter_creator":"@cbellaterra","twitter_site":"@cbellaterra","twitter_misc":{"Skrevet af":"vado","Estimeret l\u00e6setid":"3 minutter"},"schema":{"@context":"https:\/\/schema.org","@graph":[{"@type":"Article","@id":"https:\/\/www.campingbellaterra.com\/da\/hygiejneprotokoller\/#article","isPartOf":{"@id":"https:\/\/www.campingbellaterra.com\/da\/hygiejneprotokoller\/"},"author":{"name":"vado","@id":"https:\/\/www.campingbellaterra.com\/da\/#\/schema\/person\/9dafe106b7fade6dd08664bb60ea89ac"},"headline":"Sanit\u00e6re hygiejneprotokoller for s\u00e6sonen 2021","datePublished":"2021-04-27T05:15:41+00:00","dateModified":"2022-04-12T07:09:33+00:00","mainEntityOfPage":{"@id":"https:\/\/www.campingbellaterra.com\/da\/hygiejneprotokoller\/"},"wordCount":506,"publisher":{"@id":"https:\/\/www.campingbellaterra.com\/da\/#organization"},"image":{"@id":"https:\/\/www.campingbellaterra.com\/da\/hygiejneprotokoller\/#primaryimage"},"thumbnailUrl":"https:\/\/www.campingbellaterra.com\/wp-content\/uploads\/media\/k2\/items\/src\/e9b0f857826ab994b1b1904c051bbf59.jpg","keywords":["Camping","covid","covid19cat","familie","virucidal"],"articleSection":["blog"],"inLanguage":"da-DK"},{"@type":"WebPage","@id":"https:\/\/www.campingbellaterra.com\/da\/hygiejneprotokoller\/","url":"https:\/\/www.campingbellaterra.com\/da\/hygiejneprotokoller\/","name":"Sanit\u00e6re hygiejneprotokoller for s\u00e6sonen 2021 - Camping Bella Terra","isPartOf":{"@id":"https:\/\/www.campingbellaterra.com\/da\/#website"},"primaryImageOfPage":{"@id":"https:\/\/www.campingbellaterra.com\/da\/hygiejneprotokoller\/#primaryimage"},"image":{"@id":"https:\/\/www.campingbellaterra.com\/da\/hygiejneprotokoller\/#primaryimage"},"thumbnailUrl":"https:\/\/www.campingbellaterra.com\/wp-content\/uploads\/media\/k2\/items\/src\/e9b0f857826ab994b1b1904c051bbf59.jpg","datePublished":"2021-04-27T05:15:41+00:00","dateModified":"2022-04-12T07:09:33+00:00","breadcrumb":{"@id":"https:\/\/www.campingbellaterra.com\/da\/hygiejneprotokoller\/#breadcrumb"},"inLanguage":"da-DK","potentialAction":[{"@type":"ReadAction","target":["https:\/\/www.campingbellaterra.com\/da\/hygiejneprotokoller\/"]}]},{"@type":"ImageObject","inLanguage":"da-DK","@id":"https:\/\/www.campingbellaterra.com\/da\/hygiejneprotokoller\/#primaryimage","url":"https:\/\/www.campingbellaterra.com\/wp-content\/uploads\/media\/k2\/items\/src\/e9b0f857826ab994b1b1904c051bbf59.jpg","contentUrl":"https:\/\/www.campingbellaterra.com\/wp-content\/uploads\/media\/k2\/items\/src\/e9b0f857826ab994b1b1904c051bbf59.jpg","width":1033,"height":246},{"@type":"BreadcrumbList","@id":"https:\/\/www.campingbellaterra.com\/da\/hygiejneprotokoller\/#breadcrumb","itemListElement":[{"@type":"ListItem","position":1,"name":"Inici","item":"https:\/\/www.campingbellaterra.com\/da\/"},{"@type":"ListItem","position":2,"name":"Sanit\u00e6re hygiejneprotokoller for s\u00e6sonen 2021"}]},{"@type":"WebSite","@id":"https:\/\/www.campingbellaterra.com\/da\/#website","url":"https:\/\/www.campingbellaterra.com\/da\/","name":"Camping Bella Terra","description":"Otro sitio realizado con WordPress","publisher":{"@id":"https:\/\/www.campingbellaterra.com\/da\/#organization"},"potentialAction":[{"@type":"SearchAction","target":{"@type":"EntryPoint","urlTemplate":"https:\/\/www.campingbellaterra.com\/da\/?s={search_term_string}"},"query-input":{"@type":"PropertyValueSpecification","valueRequired":true,"valueName":"search_term_string"}}],"inLanguage":"da-DK"},{"@type":"Organization","@id":"https:\/\/www.campingbellaterra.com\/da\/#organization","name":"Camping Bella Terra","url":"https:\/\/www.campingbellaterra.com\/da\/","logo":{"@type":"ImageObject","inLanguage":"da-DK","@id":"https:\/\/www.campingbellaterra.com\/da\/#\/schema\/logo\/image\/","url":"https:\/\/www.campingbellaterra.com\/wp-content\/uploads\/logo6.svg","contentUrl":"https:\/\/www.campingbellaterra.com\/wp-content\/uploads\/logo6.svg","width":"2048","height":"2048","caption":"Camping Bella Terra"},"image":{"@id":"https:\/\/www.campingbellaterra.com\/da\/#\/schema\/logo\/image\/"},"sameAs":["https:\/\/www.facebook.com\/campingbellaterra\/","https:\/\/x.com\/cbellaterra","https:\/\/www.instagram.com\/campingbellaterra\/","https:\/\/www.youtube.com\/c\/Camping-Bellaterra-Blanes","https:\/\/www.tripadvisor.es\/Hotel_Review-g580331-d3328184-Reviews-Camping_Bella_Terra-Blanes_Costa_Brava_Province_of_Girona_Catalonia.html"]},{"@type":"Person","@id":"https:\/\/www.campingbellaterra.com\/da\/#\/schema\/person\/9dafe106b7fade6dd08664bb60ea89ac","name":"vado","image":{"@type":"ImageObject","inLanguage":"da-DK","@id":"https:\/\/www.campingbellaterra.com\/da\/#\/schema\/person\/image\/","url":"https:\/\/secure.gravatar.com\/avatar\/6edab01d4cd19889ac2b69e05f01a3c93227951cf320620732fca472f184e4f5?s=96&d=mm&r=g","contentUrl":"https:\/\/secure.gravatar.com\/avatar\/6edab01d4cd19889ac2b69e05f01a3c93227951cf320620732fca472f184e4f5?s=96&d=mm&r=g","caption":"vado"},"url":"https:\/\/www.campingbellaterra.com\/da\/author\/vado\/"}]}},"_links":{"self":[{"href":"https:\/\/www.campingbellaterra.com\/da\/wp-json\/wp\/v2\/posts\/7215","targetHints":{"allow":["GET"]}}],"collection":[{"href":"https:\/\/www.campingbellaterra.com\/da\/wp-json\/wp\/v2\/posts"}],"about":[{"href":"https:\/\/www.campingbellaterra.com\/da\/wp-json\/wp\/v2\/types\/post"}],"author":[{"embeddable":true,"href":"https:\/\/www.campingbellaterra.com\/da\/wp-json\/wp\/v2\/users\/2"}],"replies":[{"embeddable":true,"href":"https:\/\/www.campingbellaterra.com\/da\/wp-json\/wp\/v2\/comments?post=7215"}],"version-history":[{"count":1,"href":"https:\/\/www.campingbellaterra.com\/da\/wp-json\/wp\/v2\/posts\/7215\/revisions"}],"predecessor-version":[{"id":10757,"href":"https:\/\/www.campingbellaterra.com\/da\/wp-json\/wp\/v2\/posts\/7215\/revisions\/10757"}],"wp:featuredmedia":[{"embeddable":true,"href":"https:\/\/www.campingbellaterra.com\/da\/wp-json\/wp\/v2\/media\/10115"}],"wp:attachment":[{"href":"https:\/\/www.campingbellaterra.com\/da\/wp-json\/wp\/v2\/media?parent=7215"}],"wp:term":[{"taxonomy":"category","embeddable":true,"href":"https:\/\/www.campingbellaterra.com\/da\/wp-json\/wp\/v2\/categories?post=7215"},{"taxonomy":"post_tag","embeddable":true,"href":"https:\/\/www.campingbellaterra.com\/da\/wp-json\/wp\/v2\/tags?post=7215"}],"curies":[{"name":"wp","href":"https:\/\/api.w.org\/{rel}","templated":true}]}}