{"id":7278,"date":"2021-01-29T11:30:29","date_gmt":"2021-01-29T10:30:29","guid":{"rendered":"https:\/\/www.campingbellaterra.com\/2021\/01\/29\/blanes-tordera-deltaet-naturreservat\/"},"modified":"2022-04-12T09:19:34","modified_gmt":"2022-04-12T07:19:34","slug":"blanes-tordera-deltaet-naturreservat","status":"publish","type":"post","link":"https:\/\/www.campingbellaterra.com\/da\/blanes-tordera-deltaet-naturreservat\/","title":{"rendered":"Blanes sigter mod at erkl\u00e6re Tordera-deltaet som et &#8216;delvis naturreservat&#8217;"},"content":{"rendered":"<p><span style=\"font-size: 14pt;\">Camping Bella Terra, altid forpligtet til b\u00e6redygtighed og milj\u00f8, appellerer befolkningen til at samarbejde om at beskytte dette naturlige omr\u00e5de.<\/span><\/p>\n<p><!--more--><\/p>\n<p style=\"text-align: justify;\">I Januar var det f\u00f8rste jubil\u00e6um for Gloria-stormen, som ramte en vigtig del af Catalonien, is\u00e6r regionerne i Girona, med episoder af vind, regn, stormfuldt hav og udstr\u00f8mningen p\u00e5 forskellige steder langs Tordera-floden, hvor vand str\u00f8mmen gik fra n\u00e6sten 0 til 500 kubikmeter pr. sekund.<br \/>\nTordera-deltaet var en af \u200b\u200bstormens store modtagere, da der p\u00e5 grund af det enorme bidrag fra sedimenter fra oversv\u00f8mmelsen blev dannet en enorm sandbarriere og en stor brakvandlagune i det \u00e5bne hav, der i \u00f8jeblikket optager et omr\u00e5de p\u00e5 5,5 hektar.<br \/>\nDerudover er der fra stormens dag til i dag opdaget 160 forskellige arter af beskyttede fugle, i nogle tilf\u00e6lde i fare for udryddelse. Det er det eneste hvilepunkt for v\u00e5domr\u00e5der, der stadig eksisterer mellem Llobregat Delta og Aiguamolls del Empord\u00e0.<\/p>\n<p style=\"text-align: justify;\">Det er grunden til, at byr\u00e5det i Blanes sammen med byr\u00e5det i Malgrat de Mar har underskrevet en aftale om at anmode Generalitat de Catalunya (den catalanske regering) om erkl\u00e6ring om &#8216;delvis naturreservat&#8217;, munden deles af Blanes og Malgrat med det form\u00e5l at bevare dette omr\u00e5de af stor milj\u00f8m\u00e6ssig v\u00e6rdi og udg\u00f8re et vigtigt punkt i dyrelivets vandringssti.<\/p>\n<p><strong>Camping Bella Terra vil altid v\u00e6re engageret i milj\u00f8et<\/strong><\/p>\n<p style=\"text-align: justify;\"><em>&#8220;Fra Camping Bella Terra mener vi, at det er meget vigtigt at beskytte dette omr\u00e5de for at undg\u00e5 at \u00f8del\u00e6gge den milj\u00f8m\u00e6ssige velstand, der er skabt det sidste \u00e5r. Det er grunden til, at vi yder vores fulde st\u00f8tte til Blanes konsistorie i dens krav om erkl\u00e6ringen om delvis naturreservat. Det er administrationernes ansvar at bevare rummet, men vi m\u00e5 ogs\u00e5 opfordre befolkningen til at samarbejde om beskyttelsen af \u200b\u200bdenne naturlige skat&#8221;<\/em>, siger Vicen\u00e7 Fern\u00e1ndez, direkt\u00f8r for Camping Bella Terra, hvis plads ligger et par kilometer v\u00e6k fra Tordera Delta. Turistindkvarteringen, der altid er forpligtet til at bevare milj\u00f8et, st\u00e5r til myndighedernes r\u00e5dighed for at samarbejde om bevarelsen af \u200b\u200bdette naturlige rum.<\/p>\n<p>&nbsp;<\/p>\n","protected":false},"excerpt":{"rendered":"<p>Camping Bella Terra, altid forpligtet til b\u00e6redygtighed og milj\u00f8, appellerer befolkningen til at samarbejde om at beskytte dette naturlige omr\u00e5de.<\/p>\n","protected":false},"author":2,"featured_media":10313,"comment_status":"closed","ping_status":"closed","sticky":false,"template":"","format":"standard","meta":{"_acf_changed":false,"inline_featured_image":false,"_monsterinsights_skip_tracking":false,"_monsterinsights_sitenote_active":false,"_monsterinsights_sitenote_note":"","_monsterinsights_sitenote_category":0,"footnotes":""},"categories":[2273],"tags":[2195,1863,1887,1893,1935],"class_list":["post-7278","post","type-post","status-publish","format-standard","has-post-thumbnail","hentry","category-blog-da","tag-baeredygtighed","tag-blanes-da","tag-camping-da","tag-camping-bella-terra-da","tag-costa-brava-da"],"acf":[],"yoast_head":"<!-- This site is optimized with the Yoast SEO plugin v27.0 - https:\/\/yoast.com\/product\/yoast-seo-wordpress\/ -->\n<title>Blanes sigter mod at erkl\u00e6re Tordera-deltaet som et &#039;delvis naturreservat&#039; - Camping Bella Terra<\/title>\n<meta name=\"robots\" content=\"index, follow, max-snippet:-1, max-image-preview:large, max-video-preview:-1\" \/>\n<link rel=\"canonical\" href=\"https:\/\/www.campingbellaterra.com\/da\/blanes-tordera-deltaet-naturreservat\/\" \/>\n<meta property=\"og:locale\" content=\"da_DK\" \/>\n<meta property=\"og:type\" content=\"article\" \/>\n<meta property=\"og:title\" content=\"Blanes sigter mod at erkl\u00e6re Tordera-deltaet som et &#039;delvis naturreservat&#039; - Camping Bella Terra\" \/>\n<meta property=\"og:description\" content=\"Camping Bella Terra, altid forpligtet til b\u00e6redygtighed og milj\u00f8, appellerer befolkningen til at samarbejde om at beskytte dette naturlige omr\u00e5de.\" \/>\n<meta property=\"og:url\" content=\"https:\/\/www.campingbellaterra.com\/da\/blanes-tordera-deltaet-naturreservat\/\" \/>\n<meta property=\"og:site_name\" content=\"Camping Bella Terra\" \/>\n<meta property=\"article:publisher\" content=\"https:\/\/www.facebook.com\/campingbellaterra\/\" \/>\n<meta property=\"article:published_time\" content=\"2021-01-29T10:30:29+00:00\" \/>\n<meta property=\"article:modified_time\" content=\"2022-04-12T07:19:34+00:00\" \/>\n<meta property=\"og:image\" content=\"https:\/\/www.campingbellaterra.com\/wp-content\/uploads\/media\/k2\/items\/src\/85ca514f9886a96d3c067f991afcb736.jpg\" \/>\n\t<meta property=\"og:image:width\" content=\"652\" \/>\n\t<meta property=\"og:image:height\" content=\"332\" \/>\n\t<meta property=\"og:image:type\" content=\"image\/jpeg\" \/>\n<meta name=\"author\" content=\"vado\" \/>\n<meta name=\"twitter:card\" content=\"summary_large_image\" \/>\n<meta name=\"twitter:creator\" content=\"@cbellaterra\" \/>\n<meta name=\"twitter:site\" content=\"@cbellaterra\" \/>\n<meta name=\"twitter:label1\" content=\"Skrevet af\" \/>\n\t<meta name=\"twitter:data1\" content=\"vado\" \/>\n\t<meta name=\"twitter:label2\" content=\"Estimeret l\u00e6setid\" \/>\n\t<meta name=\"twitter:data2\" content=\"2 minutter\" \/>\n<script type=\"application\/ld+json\" class=\"yoast-schema-graph\">{\"@context\":\"https:\/\/schema.org\",\"@graph\":[{\"@type\":\"Article\",\"@id\":\"https:\/\/www.campingbellaterra.com\/da\/blanes-tordera-deltaet-naturreservat\/#article\",\"isPartOf\":{\"@id\":\"https:\/\/www.campingbellaterra.com\/da\/blanes-tordera-deltaet-naturreservat\/\"},\"author\":{\"name\":\"vado\",\"@id\":\"https:\/\/www.campingbellaterra.com\/da\/#\/schema\/person\/9dafe106b7fade6dd08664bb60ea89ac\"},\"headline\":\"Blanes sigter mod at erkl\u00e6re Tordera-deltaet som et &#8216;delvis naturreservat&#8217;\",\"datePublished\":\"2021-01-29T10:30:29+00:00\",\"dateModified\":\"2022-04-12T07:19:34+00:00\",\"mainEntityOfPage\":{\"@id\":\"https:\/\/www.campingbellaterra.com\/da\/blanes-tordera-deltaet-naturreservat\/\"},\"wordCount\":369,\"publisher\":{\"@id\":\"https:\/\/www.campingbellaterra.com\/da\/#organization\"},\"image\":{\"@id\":\"https:\/\/www.campingbellaterra.com\/da\/blanes-tordera-deltaet-naturreservat\/#primaryimage\"},\"thumbnailUrl\":\"https:\/\/www.campingbellaterra.com\/wp-content\/uploads\/media\/k2\/items\/src\/85ca514f9886a96d3c067f991afcb736.jpg\",\"keywords\":[\"b\u00e6redygtighed\",\"blanes\",\"Camping\",\"camping bella terra\",\"costa brava\"],\"articleSection\":[\"blog\"],\"inLanguage\":\"da-DK\"},{\"@type\":\"WebPage\",\"@id\":\"https:\/\/www.campingbellaterra.com\/da\/blanes-tordera-deltaet-naturreservat\/\",\"url\":\"https:\/\/www.campingbellaterra.com\/da\/blanes-tordera-deltaet-naturreservat\/\",\"name\":\"Blanes sigter mod at erkl\u00e6re Tordera-deltaet som et 'delvis naturreservat' - Camping Bella Terra\",\"isPartOf\":{\"@id\":\"https:\/\/www.campingbellaterra.com\/da\/#website\"},\"primaryImageOfPage\":{\"@id\":\"https:\/\/www.campingbellaterra.com\/da\/blanes-tordera-deltaet-naturreservat\/#primaryimage\"},\"image\":{\"@id\":\"https:\/\/www.campingbellaterra.com\/da\/blanes-tordera-deltaet-naturreservat\/#primaryimage\"},\"thumbnailUrl\":\"https:\/\/www.campingbellaterra.com\/wp-content\/uploads\/media\/k2\/items\/src\/85ca514f9886a96d3c067f991afcb736.jpg\",\"datePublished\":\"2021-01-29T10:30:29+00:00\",\"dateModified\":\"2022-04-12T07:19:34+00:00\",\"breadcrumb\":{\"@id\":\"https:\/\/www.campingbellaterra.com\/da\/blanes-tordera-deltaet-naturreservat\/#breadcrumb\"},\"inLanguage\":\"da-DK\",\"potentialAction\":[{\"@type\":\"ReadAction\",\"target\":[\"https:\/\/www.campingbellaterra.com\/da\/blanes-tordera-deltaet-naturreservat\/\"]}]},{\"@type\":\"ImageObject\",\"inLanguage\":\"da-DK\",\"@id\":\"https:\/\/www.campingbellaterra.com\/da\/blanes-tordera-deltaet-naturreservat\/#primaryimage\",\"url\":\"https:\/\/www.campingbellaterra.com\/wp-content\/uploads\/media\/k2\/items\/src\/85ca514f9886a96d3c067f991afcb736.jpg\",\"contentUrl\":\"https:\/\/www.campingbellaterra.com\/wp-content\/uploads\/media\/k2\/items\/src\/85ca514f9886a96d3c067f991afcb736.jpg\",\"width\":652,\"height\":332},{\"@type\":\"BreadcrumbList\",\"@id\":\"https:\/\/www.campingbellaterra.com\/da\/blanes-tordera-deltaet-naturreservat\/#breadcrumb\",\"itemListElement\":[{\"@type\":\"ListItem\",\"position\":1,\"name\":\"Inici\",\"item\":\"https:\/\/www.campingbellaterra.com\/da\/\"},{\"@type\":\"ListItem\",\"position\":2,\"name\":\"Blanes sigter mod at erkl\u00e6re Tordera-deltaet som et &#8216;delvis naturreservat&#8217;\"}]},{\"@type\":\"WebSite\",\"@id\":\"https:\/\/www.campingbellaterra.com\/da\/#website\",\"url\":\"https:\/\/www.campingbellaterra.com\/da\/\",\"name\":\"Camping Bella Terra\",\"description\":\"Otro sitio realizado con WordPress\",\"publisher\":{\"@id\":\"https:\/\/www.campingbellaterra.com\/da\/#organization\"},\"potentialAction\":[{\"@type\":\"SearchAction\",\"target\":{\"@type\":\"EntryPoint\",\"urlTemplate\":\"https:\/\/www.campingbellaterra.com\/da\/?s={search_term_string}\"},\"query-input\":{\"@type\":\"PropertyValueSpecification\",\"valueRequired\":true,\"valueName\":\"search_term_string\"}}],\"inLanguage\":\"da-DK\"},{\"@type\":\"Organization\",\"@id\":\"https:\/\/www.campingbellaterra.com\/da\/#organization\",\"name\":\"Camping Bella Terra\",\"url\":\"https:\/\/www.campingbellaterra.com\/da\/\",\"logo\":{\"@type\":\"ImageObject\",\"inLanguage\":\"da-DK\",\"@id\":\"https:\/\/www.campingbellaterra.com\/da\/#\/schema\/logo\/image\/\",\"url\":\"https:\/\/www.campingbellaterra.com\/wp-content\/uploads\/logo6.svg\",\"contentUrl\":\"https:\/\/www.campingbellaterra.com\/wp-content\/uploads\/logo6.svg\",\"width\":\"2048\",\"height\":\"2048\",\"caption\":\"Camping Bella Terra\"},\"image\":{\"@id\":\"https:\/\/www.campingbellaterra.com\/da\/#\/schema\/logo\/image\/\"},\"sameAs\":[\"https:\/\/www.facebook.com\/campingbellaterra\/\",\"https:\/\/x.com\/cbellaterra\",\"https:\/\/www.instagram.com\/campingbellaterra\/\",\"https:\/\/www.youtube.com\/c\/Camping-Bellaterra-Blanes\",\"https:\/\/www.tripadvisor.es\/Hotel_Review-g580331-d3328184-Reviews-Camping_Bella_Terra-Blanes_Costa_Brava_Province_of_Girona_Catalonia.html\"]},{\"@type\":\"Person\",\"@id\":\"https:\/\/www.campingbellaterra.com\/da\/#\/schema\/person\/9dafe106b7fade6dd08664bb60ea89ac\",\"name\":\"vado\",\"image\":{\"@type\":\"ImageObject\",\"inLanguage\":\"da-DK\",\"@id\":\"https:\/\/www.campingbellaterra.com\/da\/#\/schema\/person\/image\/\",\"url\":\"https:\/\/secure.gravatar.com\/avatar\/6edab01d4cd19889ac2b69e05f01a3c93227951cf320620732fca472f184e4f5?s=96&d=mm&r=g\",\"contentUrl\":\"https:\/\/secure.gravatar.com\/avatar\/6edab01d4cd19889ac2b69e05f01a3c93227951cf320620732fca472f184e4f5?s=96&d=mm&r=g\",\"caption\":\"vado\"},\"url\":\"https:\/\/www.campingbellaterra.com\/da\/author\/vado\/\"}]}<\/script>\n<!-- \/ Yoast SEO plugin. -->","yoast_head_json":{"title":"Blanes sigter mod at erkl\u00e6re Tordera-deltaet som et 'delvis naturreservat' - Camping Bella Terra","robots":{"index":"index","follow":"follow","max-snippet":"max-snippet:-1","max-image-preview":"max-image-preview:large","max-video-preview":"max-video-preview:-1"},"canonical":"https:\/\/www.campingbellaterra.com\/da\/blanes-tordera-deltaet-naturreservat\/","og_locale":"da_DK","og_type":"article","og_title":"Blanes sigter mod at erkl\u00e6re Tordera-deltaet som et 'delvis naturreservat' - Camping Bella Terra","og_description":"Camping Bella Terra, altid forpligtet til b\u00e6redygtighed og milj\u00f8, appellerer befolkningen til at samarbejde om at beskytte dette naturlige omr\u00e5de.","og_url":"https:\/\/www.campingbellaterra.com\/da\/blanes-tordera-deltaet-naturreservat\/","og_site_name":"Camping Bella Terra","article_publisher":"https:\/\/www.facebook.com\/campingbellaterra\/","article_published_time":"2021-01-29T10:30:29+00:00","article_modified_time":"2022-04-12T07:19:34+00:00","og_image":[{"width":652,"height":332,"url":"https:\/\/www.campingbellaterra.com\/wp-content\/uploads\/media\/k2\/items\/src\/85ca514f9886a96d3c067f991afcb736.jpg","type":"image\/jpeg"}],"author":"vado","twitter_card":"summary_large_image","twitter_creator":"@cbellaterra","twitter_site":"@cbellaterra","twitter_misc":{"Skrevet af":"vado","Estimeret l\u00e6setid":"2 minutter"},"schema":{"@context":"https:\/\/schema.org","@graph":[{"@type":"Article","@id":"https:\/\/www.campingbellaterra.com\/da\/blanes-tordera-deltaet-naturreservat\/#article","isPartOf":{"@id":"https:\/\/www.campingbellaterra.com\/da\/blanes-tordera-deltaet-naturreservat\/"},"author":{"name":"vado","@id":"https:\/\/www.campingbellaterra.com\/da\/#\/schema\/person\/9dafe106b7fade6dd08664bb60ea89ac"},"headline":"Blanes sigter mod at erkl\u00e6re Tordera-deltaet som et &#8216;delvis naturreservat&#8217;","datePublished":"2021-01-29T10:30:29+00:00","dateModified":"2022-04-12T07:19:34+00:00","mainEntityOfPage":{"@id":"https:\/\/www.campingbellaterra.com\/da\/blanes-tordera-deltaet-naturreservat\/"},"wordCount":369,"publisher":{"@id":"https:\/\/www.campingbellaterra.com\/da\/#organization"},"image":{"@id":"https:\/\/www.campingbellaterra.com\/da\/blanes-tordera-deltaet-naturreservat\/#primaryimage"},"thumbnailUrl":"https:\/\/www.campingbellaterra.com\/wp-content\/uploads\/media\/k2\/items\/src\/85ca514f9886a96d3c067f991afcb736.jpg","keywords":["b\u00e6redygtighed","blanes","Camping","camping bella terra","costa brava"],"articleSection":["blog"],"inLanguage":"da-DK"},{"@type":"WebPage","@id":"https:\/\/www.campingbellaterra.com\/da\/blanes-tordera-deltaet-naturreservat\/","url":"https:\/\/www.campingbellaterra.com\/da\/blanes-tordera-deltaet-naturreservat\/","name":"Blanes sigter mod at erkl\u00e6re Tordera-deltaet som et 'delvis naturreservat' - Camping Bella Terra","isPartOf":{"@id":"https:\/\/www.campingbellaterra.com\/da\/#website"},"primaryImageOfPage":{"@id":"https:\/\/www.campingbellaterra.com\/da\/blanes-tordera-deltaet-naturreservat\/#primaryimage"},"image":{"@id":"https:\/\/www.campingbellaterra.com\/da\/blanes-tordera-deltaet-naturreservat\/#primaryimage"},"thumbnailUrl":"https:\/\/www.campingbellaterra.com\/wp-content\/uploads\/media\/k2\/items\/src\/85ca514f9886a96d3c067f991afcb736.jpg","datePublished":"2021-01-29T10:30:29+00:00","dateModified":"2022-04-12T07:19:34+00:00","breadcrumb":{"@id":"https:\/\/www.campingbellaterra.com\/da\/blanes-tordera-deltaet-naturreservat\/#breadcrumb"},"inLanguage":"da-DK","potentialAction":[{"@type":"ReadAction","target":["https:\/\/www.campingbellaterra.com\/da\/blanes-tordera-deltaet-naturreservat\/"]}]},{"@type":"ImageObject","inLanguage":"da-DK","@id":"https:\/\/www.campingbellaterra.com\/da\/blanes-tordera-deltaet-naturreservat\/#primaryimage","url":"https:\/\/www.campingbellaterra.com\/wp-content\/uploads\/media\/k2\/items\/src\/85ca514f9886a96d3c067f991afcb736.jpg","contentUrl":"https:\/\/www.campingbellaterra.com\/wp-content\/uploads\/media\/k2\/items\/src\/85ca514f9886a96d3c067f991afcb736.jpg","width":652,"height":332},{"@type":"BreadcrumbList","@id":"https:\/\/www.campingbellaterra.com\/da\/blanes-tordera-deltaet-naturreservat\/#breadcrumb","itemListElement":[{"@type":"ListItem","position":1,"name":"Inici","item":"https:\/\/www.campingbellaterra.com\/da\/"},{"@type":"ListItem","position":2,"name":"Blanes sigter mod at erkl\u00e6re Tordera-deltaet som et &#8216;delvis naturreservat&#8217;"}]},{"@type":"WebSite","@id":"https:\/\/www.campingbellaterra.com\/da\/#website","url":"https:\/\/www.campingbellaterra.com\/da\/","name":"Camping Bella Terra","description":"Otro sitio realizado con WordPress","publisher":{"@id":"https:\/\/www.campingbellaterra.com\/da\/#organization"},"potentialAction":[{"@type":"SearchAction","target":{"@type":"EntryPoint","urlTemplate":"https:\/\/www.campingbellaterra.com\/da\/?s={search_term_string}"},"query-input":{"@type":"PropertyValueSpecification","valueRequired":true,"valueName":"search_term_string"}}],"inLanguage":"da-DK"},{"@type":"Organization","@id":"https:\/\/www.campingbellaterra.com\/da\/#organization","name":"Camping Bella Terra","url":"https:\/\/www.campingbellaterra.com\/da\/","logo":{"@type":"ImageObject","inLanguage":"da-DK","@id":"https:\/\/www.campingbellaterra.com\/da\/#\/schema\/logo\/image\/","url":"https:\/\/www.campingbellaterra.com\/wp-content\/uploads\/logo6.svg","contentUrl":"https:\/\/www.campingbellaterra.com\/wp-content\/uploads\/logo6.svg","width":"2048","height":"2048","caption":"Camping Bella Terra"},"image":{"@id":"https:\/\/www.campingbellaterra.com\/da\/#\/schema\/logo\/image\/"},"sameAs":["https:\/\/www.facebook.com\/campingbellaterra\/","https:\/\/x.com\/cbellaterra","https:\/\/www.instagram.com\/campingbellaterra\/","https:\/\/www.youtube.com\/c\/Camping-Bellaterra-Blanes","https:\/\/www.tripadvisor.es\/Hotel_Review-g580331-d3328184-Reviews-Camping_Bella_Terra-Blanes_Costa_Brava_Province_of_Girona_Catalonia.html"]},{"@type":"Person","@id":"https:\/\/www.campingbellaterra.com\/da\/#\/schema\/person\/9dafe106b7fade6dd08664bb60ea89ac","name":"vado","image":{"@type":"ImageObject","inLanguage":"da-DK","@id":"https:\/\/www.campingbellaterra.com\/da\/#\/schema\/person\/image\/","url":"https:\/\/secure.gravatar.com\/avatar\/6edab01d4cd19889ac2b69e05f01a3c93227951cf320620732fca472f184e4f5?s=96&d=mm&r=g","contentUrl":"https:\/\/secure.gravatar.com\/avatar\/6edab01d4cd19889ac2b69e05f01a3c93227951cf320620732fca472f184e4f5?s=96&d=mm&r=g","caption":"vado"},"url":"https:\/\/www.campingbellaterra.com\/da\/author\/vado\/"}]}},"_links":{"self":[{"href":"https:\/\/www.campingbellaterra.com\/da\/wp-json\/wp\/v2\/posts\/7278","targetHints":{"allow":["GET"]}}],"collection":[{"href":"https:\/\/www.campingbellaterra.com\/da\/wp-json\/wp\/v2\/posts"}],"about":[{"href":"https:\/\/www.campingbellaterra.com\/da\/wp-json\/wp\/v2\/types\/post"}],"author":[{"embeddable":true,"href":"https:\/\/www.campingbellaterra.com\/da\/wp-json\/wp\/v2\/users\/2"}],"replies":[{"embeddable":true,"href":"https:\/\/www.campingbellaterra.com\/da\/wp-json\/wp\/v2\/comments?post=7278"}],"version-history":[{"count":1,"href":"https:\/\/www.campingbellaterra.com\/da\/wp-json\/wp\/v2\/posts\/7278\/revisions"}],"predecessor-version":[{"id":10780,"href":"https:\/\/www.campingbellaterra.com\/da\/wp-json\/wp\/v2\/posts\/7278\/revisions\/10780"}],"wp:featuredmedia":[{"embeddable":true,"href":"https:\/\/www.campingbellaterra.com\/da\/wp-json\/wp\/v2\/media\/10313"}],"wp:attachment":[{"href":"https:\/\/www.campingbellaterra.com\/da\/wp-json\/wp\/v2\/media?parent=7278"}],"wp:term":[{"taxonomy":"category","embeddable":true,"href":"https:\/\/www.campingbellaterra.com\/da\/wp-json\/wp\/v2\/categories?post=7278"},{"taxonomy":"post_tag","embeddable":true,"href":"https:\/\/www.campingbellaterra.com\/da\/wp-json\/wp\/v2\/tags?post=7278"}],"curies":[{"name":"wp","href":"https:\/\/api.w.org\/{rel}","templated":true}]}}