{"id":17971,"date":"2023-09-29T17:25:23","date_gmt":"2023-09-29T15:25:23","guid":{"rendered":"https:\/\/www.campingbellaterra.com\/?p=17971"},"modified":"2023-09-29T17:25:25","modified_gmt":"2023-09-29T15:25:25","slug":"erweitert-seinen-pipican-bereich","status":"publish","type":"post","link":"https:\/\/www.campingbellaterra.com\/de\/erweitert-seinen-pipican-bereich\/","title":{"rendered":"Camping Bella Terra erweitert seinen Pipic\u00e1n-Bereich"},"content":{"rendered":"<h3 class=\"wp-block-heading\">Der Familiencampingplatz in der Stadt Blanes erweitert im Rahmen seiner hundefreundlichen Politik seine Einrichtungen f\u00fcr Hunde.<\/h3>\n\n\n\n<p>In einer Welt, in der Haustiere ein wesentlicher Bestandteil vieler Familien sind, hat Camping Bella Terra in dieser Saison den Erholungs- und Pflegebereich f\u00fcr Hunde erweitert und ist so ein noch einladenderer Ort f\u00fcr Hundeliebhaber und ihre treuen vierbeinigen Begleiter geworden.<\/p>\n\n\n\n<p>Der neue Pipic\u00e1n-Bereich, der die bisherige Fl\u00e4che verdoppelt, bietet einen sicheren und komfortablen Raum, in dem Hunde ihre Beine ausstrecken, rennen und mit anderen pelzigen Abenteurern in Kontakt treten k\u00f6nnen.<\/p>\n\n\n\n<p><strong>Ein \u201chundefreundlicher\u201c Campingplatz<\/strong><\/p>\n\n\n\n<p>Seit seiner Gr\u00fcndung ist Camping Bella Terra eine Unterkunft, in der Hunde mit offenen Armen empfangen werden. <em>\u201cDie Erweiterung des Pipic\u00e1n-Bereichs ist nur ein weiteres Beispiel unseres Engagements f\u00fcr Hundeliebhaber<\/em>\u201d, sagt Vicen\u00e7 Fern\u00e1ndez, Direktor des Campingplatzes.<\/p>\n\n\n\n<figure class=\"wp-block-image size-full\"><noscript><img decoding=\"async\" width=\"1000\" height=\"1333\" src=\"https:\/\/www.campingbellaterra.com\/wp-content\/uploads\/image-3.jpg\" alt class=\"wp-image-17972\" srcset=\"https:\/\/www.campingbellaterra.com\/wp-content\/uploads\/image-3.jpg 1000w, https:\/\/www.campingbellaterra.com\/wp-content\/uploads\/image-3-768x1024.jpg 768w\" sizes=\"(max-width: 1000px) 100vw, 1000px\"><\/noscript><img decoding=\"async\" width=\"1000\" height=\"1333\" src=\"data:image\/svg+xml,%3Csvg%20xmlns%3D%22http%3A%2F%2Fwww.w3.org%2F2000%2Fsvg%22%20viewBox%3D%220%200%201000%201333%22%3E%3C%2Fsvg%3E\" alt class=\"wp-image-17972 lazyload\" srcset=\"data:image\/svg+xml,%3Csvg%20xmlns%3D%22http%3A%2F%2Fwww.w3.org%2F2000%2Fsvg%22%20viewBox%3D%220%200%201000%201333%22%3E%3C%2Fsvg%3E 1000w\" sizes=\"(max-width: 1000px) 100vw, 1000px\" data-srcset=\"https:\/\/www.campingbellaterra.com\/wp-content\/uploads\/image-3.jpg 1000w, https:\/\/www.campingbellaterra.com\/wp-content\/uploads\/image-3-768x1024.jpg 768w\" data-src=\"https:\/\/www.campingbellaterra.com\/wp-content\/uploads\/image-3.jpg\"><\/figure>\n\n\n\n<p>Die Beherbergungsbetriebe verf\u00fcgen \u00fcber <a href=\"https:\/\/www.campingbellaterra.com\/de\/interne-regeln-haustiere-camping\/\"><strong>interne Regelungen<\/strong><\/a> f\u00fcr den Zugang zum Campingplatz mit Haustieren. Bei der Ankunft auf dem Campingplatz wird der Hund an der Rezeption registriert und erh\u00e4lt dort eine Identifikationsmarke mit einer Nummer, die an sein Halsband geh\u00e4ngt werden muss. Der Campingplatz achtet auch darauf, dass der Hund immer an der Leine bleiben muss, er also auf keinen Fall frei in den Einrichtungen herumlaufen darf und dass er nie allein auf dem Stellplatz gelassen werden darf, sodass er immer von einem seiner Halter begleitet werden muss.<\/p>\n\n\n\n<p>Hunde sind nur und ausschlie\u00dflich in Stellplatzunterk\u00fcnften erlaubt, nicht jedoch in anderen Unterk\u00fcnften wie Bungalows oder Mietwohnwagen.<\/p>\n\n\n\n<p>Mit der Erweiterung des Pipican-Gebiets positioniert sich Camping Bella Terra, das dieses Jahr zum f\u00fcnften Mal in Folge mit dem Travellers&#8216; Choice Award von <strong><a href=\"https:\/\/www.tripadvisor.com\/HotelsList-Costa_Brava-Pets-Allowed-Campground-zfp13840844.html\">TripAdvisor<\/a><\/strong> ausgezeichnet wurde, als ideales Reiseziel f\u00fcr alle Hundeliebhaber, die einen unvergesslichen Urlaub mit ihnen verbringen m\u00f6chten Eure treuen Begleiter.<\/p>\n","protected":false},"excerpt":{"rendered":"<p>Der Familiencampingplatz in der Stadt Blanes erweitert im Rahmen seiner hundefreundlichen Politik seine Einrichtungen f\u00fcr Hunde. In einer Welt, in der Haustiere ein wesentlicher Bestandteil&#8230;<\/p>\n","protected":false},"author":3,"featured_media":17936,"comment_status":"closed","ping_status":"closed","sticky":false,"template":"","format":"standard","meta":{"_acf_changed":false,"inline_featured_image":false,"_monsterinsights_skip_tracking":false,"_monsterinsights_sitenote_active":false,"_monsterinsights_sitenote_note":"","_monsterinsights_sitenote_category":0,"footnotes":""},"categories":[2278],"tags":[],"class_list":["post-17971","post","type-post","status-publish","format-standard","has-post-thumbnail","hentry","category-blog-de"],"acf":[],"yoast_head":"<!-- This site is optimized with the Yoast SEO plugin v27.0 - https:\/\/yoast.com\/product\/yoast-seo-wordpress\/ -->\n<title>Camping Bella Terra erweitert seinen Pipic\u00e1n-Bereich - Camping Bella Terra<\/title>\n<meta name=\"robots\" content=\"index, follow, max-snippet:-1, max-image-preview:large, max-video-preview:-1\" \/>\n<link rel=\"canonical\" href=\"https:\/\/www.campingbellaterra.com\/de\/erweitert-seinen-pipican-bereich\/\" \/>\n<meta property=\"og:locale\" content=\"de_DE\" \/>\n<meta property=\"og:type\" content=\"article\" \/>\n<meta property=\"og:title\" content=\"Camping Bella Terra erweitert seinen Pipic\u00e1n-Bereich - Camping Bella Terra\" \/>\n<meta property=\"og:description\" content=\"Der Familiencampingplatz in der Stadt Blanes erweitert im Rahmen seiner hundefreundlichen Politik seine Einrichtungen f\u00fcr Hunde. In einer Welt, in der Haustiere ein wesentlicher Bestandteil...\" \/>\n<meta property=\"og:url\" content=\"https:\/\/www.campingbellaterra.com\/de\/erweitert-seinen-pipican-bereich\/\" \/>\n<meta property=\"og:site_name\" content=\"Camping Bella Terra\" \/>\n<meta property=\"article:publisher\" content=\"https:\/\/www.facebook.com\/campingbellaterra\/\" \/>\n<meta property=\"article:published_time\" content=\"2023-09-29T15:25:23+00:00\" \/>\n<meta property=\"article:modified_time\" content=\"2023-09-29T15:25:25+00:00\" \/>\n<meta property=\"og:image\" content=\"https:\/\/www.campingbellaterra.com\/wp-content\/uploads\/image-3.jpg\" \/>\n<meta name=\"author\" content=\"edeon\" \/>\n<meta name=\"twitter:card\" content=\"summary_large_image\" \/>\n<meta name=\"twitter:creator\" content=\"@cbellaterra\" \/>\n<meta name=\"twitter:site\" content=\"@cbellaterra\" \/>\n<meta name=\"twitter:label1\" content=\"Verfasst von\" \/>\n\t<meta name=\"twitter:data1\" content=\"edeon\" \/>\n\t<meta name=\"twitter:label2\" content=\"Gesch\u00e4tzte Lesezeit\" \/>\n\t<meta name=\"twitter:data2\" content=\"1\u00a0Minute\" \/>\n<script type=\"application\/ld+json\" class=\"yoast-schema-graph\">{\"@context\":\"https:\/\/schema.org\",\"@graph\":[{\"@type\":\"Article\",\"@id\":\"https:\/\/www.campingbellaterra.com\/de\/erweitert-seinen-pipican-bereich\/#article\",\"isPartOf\":{\"@id\":\"https:\/\/www.campingbellaterra.com\/de\/erweitert-seinen-pipican-bereich\/\"},\"author\":{\"name\":\"edeon\",\"@id\":\"https:\/\/www.campingbellaterra.com\/de\/#\/schema\/person\/d55882bf9a4557623a111e53bebd64fa\"},\"headline\":\"Camping Bella Terra erweitert seinen Pipic\u00e1n-Bereich\",\"datePublished\":\"2023-09-29T15:25:23+00:00\",\"dateModified\":\"2023-09-29T15:25:25+00:00\",\"mainEntityOfPage\":{\"@id\":\"https:\/\/www.campingbellaterra.com\/de\/erweitert-seinen-pipican-bereich\/\"},\"wordCount\":301,\"publisher\":{\"@id\":\"https:\/\/www.campingbellaterra.com\/de\/#organization\"},\"image\":{\"@id\":\"https:\/\/www.campingbellaterra.com\/de\/erweitert-seinen-pipican-bereich\/#primaryimage\"},\"thumbnailUrl\":\"https:\/\/www.campingbellaterra.com\/wp-content\/uploads\/pipican-camping-bella-terra.jpg\",\"articleSection\":[\"blog\"],\"inLanguage\":\"de\"},{\"@type\":\"WebPage\",\"@id\":\"https:\/\/www.campingbellaterra.com\/de\/erweitert-seinen-pipican-bereich\/\",\"url\":\"https:\/\/www.campingbellaterra.com\/de\/erweitert-seinen-pipican-bereich\/\",\"name\":\"Camping Bella Terra erweitert seinen Pipic\u00e1n-Bereich - Camping Bella Terra\",\"isPartOf\":{\"@id\":\"https:\/\/www.campingbellaterra.com\/de\/#website\"},\"primaryImageOfPage\":{\"@id\":\"https:\/\/www.campingbellaterra.com\/de\/erweitert-seinen-pipican-bereich\/#primaryimage\"},\"image\":{\"@id\":\"https:\/\/www.campingbellaterra.com\/de\/erweitert-seinen-pipican-bereich\/#primaryimage\"},\"thumbnailUrl\":\"https:\/\/www.campingbellaterra.com\/wp-content\/uploads\/pipican-camping-bella-terra.jpg\",\"datePublished\":\"2023-09-29T15:25:23+00:00\",\"dateModified\":\"2023-09-29T15:25:25+00:00\",\"breadcrumb\":{\"@id\":\"https:\/\/www.campingbellaterra.com\/de\/erweitert-seinen-pipican-bereich\/#breadcrumb\"},\"inLanguage\":\"de\",\"potentialAction\":[{\"@type\":\"ReadAction\",\"target\":[\"https:\/\/www.campingbellaterra.com\/de\/erweitert-seinen-pipican-bereich\/\"]}]},{\"@type\":\"ImageObject\",\"inLanguage\":\"de\",\"@id\":\"https:\/\/www.campingbellaterra.com\/de\/erweitert-seinen-pipican-bereich\/#primaryimage\",\"url\":\"https:\/\/www.campingbellaterra.com\/wp-content\/uploads\/pipican-camping-bella-terra.jpg\",\"contentUrl\":\"https:\/\/www.campingbellaterra.com\/wp-content\/uploads\/pipican-camping-bella-terra.jpg\",\"width\":1000,\"height\":1333,\"caption\":\"El Camping Bella Terra ampl\u00eda su zona del pipic\u00e1n\"},{\"@type\":\"BreadcrumbList\",\"@id\":\"https:\/\/www.campingbellaterra.com\/de\/erweitert-seinen-pipican-bereich\/#breadcrumb\",\"itemListElement\":[{\"@type\":\"ListItem\",\"position\":1,\"name\":\"Inici\",\"item\":\"https:\/\/www.campingbellaterra.com\/de\/\"},{\"@type\":\"ListItem\",\"position\":2,\"name\":\"Camping Bella Terra erweitert seinen Pipic\u00e1n-Bereich\"}]},{\"@type\":\"WebSite\",\"@id\":\"https:\/\/www.campingbellaterra.com\/de\/#website\",\"url\":\"https:\/\/www.campingbellaterra.com\/de\/\",\"name\":\"Camping Bella Terra\",\"description\":\"Otro sitio realizado con WordPress\",\"publisher\":{\"@id\":\"https:\/\/www.campingbellaterra.com\/de\/#organization\"},\"potentialAction\":[{\"@type\":\"SearchAction\",\"target\":{\"@type\":\"EntryPoint\",\"urlTemplate\":\"https:\/\/www.campingbellaterra.com\/de\/?s={search_term_string}\"},\"query-input\":{\"@type\":\"PropertyValueSpecification\",\"valueRequired\":true,\"valueName\":\"search_term_string\"}}],\"inLanguage\":\"de\"},{\"@type\":\"Organization\",\"@id\":\"https:\/\/www.campingbellaterra.com\/de\/#organization\",\"name\":\"Camping Bella Terra\",\"url\":\"https:\/\/www.campingbellaterra.com\/de\/\",\"logo\":{\"@type\":\"ImageObject\",\"inLanguage\":\"de\",\"@id\":\"https:\/\/www.campingbellaterra.com\/de\/#\/schema\/logo\/image\/\",\"url\":\"https:\/\/www.campingbellaterra.com\/wp-content\/uploads\/logo6.svg\",\"contentUrl\":\"https:\/\/www.campingbellaterra.com\/wp-content\/uploads\/logo6.svg\",\"width\":\"2048\",\"height\":\"2048\",\"caption\":\"Camping Bella Terra\"},\"image\":{\"@id\":\"https:\/\/www.campingbellaterra.com\/de\/#\/schema\/logo\/image\/\"},\"sameAs\":[\"https:\/\/www.facebook.com\/campingbellaterra\/\",\"https:\/\/x.com\/cbellaterra\",\"https:\/\/www.instagram.com\/campingbellaterra\/\",\"https:\/\/www.youtube.com\/c\/Camping-Bellaterra-Blanes\",\"https:\/\/www.tripadvisor.es\/Hotel_Review-g580331-d3328184-Reviews-Camping_Bella_Terra-Blanes_Costa_Brava_Province_of_Girona_Catalonia.html\"]},{\"@type\":\"Person\",\"@id\":\"https:\/\/www.campingbellaterra.com\/de\/#\/schema\/person\/d55882bf9a4557623a111e53bebd64fa\",\"name\":\"edeon\",\"image\":{\"@type\":\"ImageObject\",\"inLanguage\":\"de\",\"@id\":\"https:\/\/www.campingbellaterra.com\/de\/#\/schema\/person\/image\/\",\"url\":\"https:\/\/secure.gravatar.com\/avatar\/0acf6853c1331223f1e6dd9315f43b6c193357018427cf6629ed42a07a8ab707?s=96&d=mm&r=g\",\"contentUrl\":\"https:\/\/secure.gravatar.com\/avatar\/0acf6853c1331223f1e6dd9315f43b6c193357018427cf6629ed42a07a8ab707?s=96&d=mm&r=g\",\"caption\":\"edeon\"},\"url\":\"https:\/\/www.campingbellaterra.com\/de\/author\/edeon\/\"}]}<\/script>\n<!-- \/ Yoast SEO plugin. -->","yoast_head_json":{"title":"Camping Bella Terra erweitert seinen Pipic\u00e1n-Bereich - Camping Bella Terra","robots":{"index":"index","follow":"follow","max-snippet":"max-snippet:-1","max-image-preview":"max-image-preview:large","max-video-preview":"max-video-preview:-1"},"canonical":"https:\/\/www.campingbellaterra.com\/de\/erweitert-seinen-pipican-bereich\/","og_locale":"de_DE","og_type":"article","og_title":"Camping Bella Terra erweitert seinen Pipic\u00e1n-Bereich - Camping Bella Terra","og_description":"Der Familiencampingplatz in der Stadt Blanes erweitert im Rahmen seiner hundefreundlichen Politik seine Einrichtungen f\u00fcr Hunde. In einer Welt, in der Haustiere ein wesentlicher Bestandteil...","og_url":"https:\/\/www.campingbellaterra.com\/de\/erweitert-seinen-pipican-bereich\/","og_site_name":"Camping Bella Terra","article_publisher":"https:\/\/www.facebook.com\/campingbellaterra\/","article_published_time":"2023-09-29T15:25:23+00:00","article_modified_time":"2023-09-29T15:25:25+00:00","og_image":[{"url":"https:\/\/www.campingbellaterra.com\/wp-content\/uploads\/image-3.jpg","type":"","width":"","height":""}],"author":"edeon","twitter_card":"summary_large_image","twitter_creator":"@cbellaterra","twitter_site":"@cbellaterra","twitter_misc":{"Verfasst von":"edeon","Gesch\u00e4tzte Lesezeit":"1\u00a0Minute"},"schema":{"@context":"https:\/\/schema.org","@graph":[{"@type":"Article","@id":"https:\/\/www.campingbellaterra.com\/de\/erweitert-seinen-pipican-bereich\/#article","isPartOf":{"@id":"https:\/\/www.campingbellaterra.com\/de\/erweitert-seinen-pipican-bereich\/"},"author":{"name":"edeon","@id":"https:\/\/www.campingbellaterra.com\/de\/#\/schema\/person\/d55882bf9a4557623a111e53bebd64fa"},"headline":"Camping Bella Terra erweitert seinen Pipic\u00e1n-Bereich","datePublished":"2023-09-29T15:25:23+00:00","dateModified":"2023-09-29T15:25:25+00:00","mainEntityOfPage":{"@id":"https:\/\/www.campingbellaterra.com\/de\/erweitert-seinen-pipican-bereich\/"},"wordCount":301,"publisher":{"@id":"https:\/\/www.campingbellaterra.com\/de\/#organization"},"image":{"@id":"https:\/\/www.campingbellaterra.com\/de\/erweitert-seinen-pipican-bereich\/#primaryimage"},"thumbnailUrl":"https:\/\/www.campingbellaterra.com\/wp-content\/uploads\/pipican-camping-bella-terra.jpg","articleSection":["blog"],"inLanguage":"de"},{"@type":"WebPage","@id":"https:\/\/www.campingbellaterra.com\/de\/erweitert-seinen-pipican-bereich\/","url":"https:\/\/www.campingbellaterra.com\/de\/erweitert-seinen-pipican-bereich\/","name":"Camping Bella Terra erweitert seinen Pipic\u00e1n-Bereich - Camping Bella Terra","isPartOf":{"@id":"https:\/\/www.campingbellaterra.com\/de\/#website"},"primaryImageOfPage":{"@id":"https:\/\/www.campingbellaterra.com\/de\/erweitert-seinen-pipican-bereich\/#primaryimage"},"image":{"@id":"https:\/\/www.campingbellaterra.com\/de\/erweitert-seinen-pipican-bereich\/#primaryimage"},"thumbnailUrl":"https:\/\/www.campingbellaterra.com\/wp-content\/uploads\/pipican-camping-bella-terra.jpg","datePublished":"2023-09-29T15:25:23+00:00","dateModified":"2023-09-29T15:25:25+00:00","breadcrumb":{"@id":"https:\/\/www.campingbellaterra.com\/de\/erweitert-seinen-pipican-bereich\/#breadcrumb"},"inLanguage":"de","potentialAction":[{"@type":"ReadAction","target":["https:\/\/www.campingbellaterra.com\/de\/erweitert-seinen-pipican-bereich\/"]}]},{"@type":"ImageObject","inLanguage":"de","@id":"https:\/\/www.campingbellaterra.com\/de\/erweitert-seinen-pipican-bereich\/#primaryimage","url":"https:\/\/www.campingbellaterra.com\/wp-content\/uploads\/pipican-camping-bella-terra.jpg","contentUrl":"https:\/\/www.campingbellaterra.com\/wp-content\/uploads\/pipican-camping-bella-terra.jpg","width":1000,"height":1333,"caption":"El Camping Bella Terra ampl\u00eda su zona del pipic\u00e1n"},{"@type":"BreadcrumbList","@id":"https:\/\/www.campingbellaterra.com\/de\/erweitert-seinen-pipican-bereich\/#breadcrumb","itemListElement":[{"@type":"ListItem","position":1,"name":"Inici","item":"https:\/\/www.campingbellaterra.com\/de\/"},{"@type":"ListItem","position":2,"name":"Camping Bella Terra erweitert seinen Pipic\u00e1n-Bereich"}]},{"@type":"WebSite","@id":"https:\/\/www.campingbellaterra.com\/de\/#website","url":"https:\/\/www.campingbellaterra.com\/de\/","name":"Camping Bella Terra","description":"Otro sitio realizado con WordPress","publisher":{"@id":"https:\/\/www.campingbellaterra.com\/de\/#organization"},"potentialAction":[{"@type":"SearchAction","target":{"@type":"EntryPoint","urlTemplate":"https:\/\/www.campingbellaterra.com\/de\/?s={search_term_string}"},"query-input":{"@type":"PropertyValueSpecification","valueRequired":true,"valueName":"search_term_string"}}],"inLanguage":"de"},{"@type":"Organization","@id":"https:\/\/www.campingbellaterra.com\/de\/#organization","name":"Camping Bella Terra","url":"https:\/\/www.campingbellaterra.com\/de\/","logo":{"@type":"ImageObject","inLanguage":"de","@id":"https:\/\/www.campingbellaterra.com\/de\/#\/schema\/logo\/image\/","url":"https:\/\/www.campingbellaterra.com\/wp-content\/uploads\/logo6.svg","contentUrl":"https:\/\/www.campingbellaterra.com\/wp-content\/uploads\/logo6.svg","width":"2048","height":"2048","caption":"Camping Bella Terra"},"image":{"@id":"https:\/\/www.campingbellaterra.com\/de\/#\/schema\/logo\/image\/"},"sameAs":["https:\/\/www.facebook.com\/campingbellaterra\/","https:\/\/x.com\/cbellaterra","https:\/\/www.instagram.com\/campingbellaterra\/","https:\/\/www.youtube.com\/c\/Camping-Bellaterra-Blanes","https:\/\/www.tripadvisor.es\/Hotel_Review-g580331-d3328184-Reviews-Camping_Bella_Terra-Blanes_Costa_Brava_Province_of_Girona_Catalonia.html"]},{"@type":"Person","@id":"https:\/\/www.campingbellaterra.com\/de\/#\/schema\/person\/d55882bf9a4557623a111e53bebd64fa","name":"edeon","image":{"@type":"ImageObject","inLanguage":"de","@id":"https:\/\/www.campingbellaterra.com\/de\/#\/schema\/person\/image\/","url":"https:\/\/secure.gravatar.com\/avatar\/0acf6853c1331223f1e6dd9315f43b6c193357018427cf6629ed42a07a8ab707?s=96&d=mm&r=g","contentUrl":"https:\/\/secure.gravatar.com\/avatar\/0acf6853c1331223f1e6dd9315f43b6c193357018427cf6629ed42a07a8ab707?s=96&d=mm&r=g","caption":"edeon"},"url":"https:\/\/www.campingbellaterra.com\/de\/author\/edeon\/"}]}},"_links":{"self":[{"href":"https:\/\/www.campingbellaterra.com\/de\/wp-json\/wp\/v2\/posts\/17971","targetHints":{"allow":["GET"]}}],"collection":[{"href":"https:\/\/www.campingbellaterra.com\/de\/wp-json\/wp\/v2\/posts"}],"about":[{"href":"https:\/\/www.campingbellaterra.com\/de\/wp-json\/wp\/v2\/types\/post"}],"author":[{"embeddable":true,"href":"https:\/\/www.campingbellaterra.com\/de\/wp-json\/wp\/v2\/users\/3"}],"replies":[{"embeddable":true,"href":"https:\/\/www.campingbellaterra.com\/de\/wp-json\/wp\/v2\/comments?post=17971"}],"version-history":[{"count":1,"href":"https:\/\/www.campingbellaterra.com\/de\/wp-json\/wp\/v2\/posts\/17971\/revisions"}],"predecessor-version":[{"id":17979,"href":"https:\/\/www.campingbellaterra.com\/de\/wp-json\/wp\/v2\/posts\/17971\/revisions\/17979"}],"wp:featuredmedia":[{"embeddable":true,"href":"https:\/\/www.campingbellaterra.com\/de\/wp-json\/wp\/v2\/media\/17936"}],"wp:attachment":[{"href":"https:\/\/www.campingbellaterra.com\/de\/wp-json\/wp\/v2\/media?parent=17971"}],"wp:term":[{"taxonomy":"category","embeddable":true,"href":"https:\/\/www.campingbellaterra.com\/de\/wp-json\/wp\/v2\/categories?post=17971"},{"taxonomy":"post_tag","embeddable":true,"href":"https:\/\/www.campingbellaterra.com\/de\/wp-json\/wp\/v2\/tags?post=17971"}],"curies":[{"name":"wp","href":"https:\/\/api.w.org\/{rel}","templated":true}]}}