{"id":19078,"date":"2024-02-23T17:39:26","date_gmt":"2024-02-23T16:39:26","guid":{"rendered":"https:\/\/www.campingbellaterra.com\/?p=19078"},"modified":"2024-02-26T14:53:16","modified_gmt":"2024-02-26T13:53:16","slug":"installiert-neue-steckdosen","status":"publish","type":"post","link":"https:\/\/www.campingbellaterra.com\/de\/installiert-neue-steckdosen\/","title":{"rendered":"Camping Bella Terra installiert neue Steckdosen auf den Stellpl\u00e4tzen Confort, Confort Playa und Stellars"},"content":{"rendered":"<h3 class=\"wp-block-heading\">Im Rahmen unseres kontinuierlichen Engagements f\u00fcr einen hervorragenden Service haben wir in letzter Zeit Verbesserungen vorgenommen, insbesondere den Austausch von Steckdosen in den Lichtk\u00e4sten der Parzellen Confort, Confort Playa und Stellars.<\/h3>\n\n\n\n<p>In den letzten Wochen hat das Wartungsteam des Camping Bella Terra die Stecker in den Leuchtt\u00fcrmen auf den Parzellen Confort, Confort Playa und Stellars ausgetauscht und auf Blau 3 Pins (CEE-17) umgestellt. Diese Verbesserung soll unseren Campern ein noch komfortableres und effizienteres Erlebnis bieten.<\/p>\n\n\n\n<p><strong>Komfort Strand-Stellpl\u00e4tze: Eleganz am Meer<\/strong><\/p>\n\n\n\n<p>Die <strong><a href=\"https:\/\/www.campingbellaterra.com\/de\/stellplaetze\/komfort-strand\/\">Komfort Strand-Stellpl\u00e4tze<\/a><\/strong> sind die ideale Wahl f\u00fcr alle, die ein einzigartiges Erlebnis am Meer suchen. Diese ger\u00e4umigen 90 m\u00b2 gro\u00dfen Stellpl\u00e4tze wurden speziell f\u00fcr gro\u00dfe Wohnwagen konzipiert und bieten erstklassige Annehmlichkeiten. Die Stellpl\u00e4tze mit 6 Ampere Strom-, Wasser- und Abwasseranschluss liegen strategisch g\u00fcnstig in Meeresn\u00e4he, so dass unsere G\u00e4ste die Meeresbrise und die spektakul\u00e4re Aussicht genie\u00dfen k\u00f6nnen.<\/p>\n\n\n\n<figure class=\"wp-block-image size-full\"><noscript><img decoding=\"async\" width=\"1530\" height=\"2040\" src=\"https:\/\/www.campingbellaterra.com\/wp-content\/uploads\/endolls-cb-1.jpg\" alt class=\"wp-image-18984\" srcset=\"https:\/\/www.campingbellaterra.com\/wp-content\/uploads\/endolls-cb-1.jpg 1530w, https:\/\/www.campingbellaterra.com\/wp-content\/uploads\/endolls-cb-1-768x1024.jpg 768w, https:\/\/www.campingbellaterra.com\/wp-content\/uploads\/endolls-cb-1-1152x1536.jpg 1152w\" sizes=\"(max-width: 1530px) 100vw, 1530px\"><\/noscript><img decoding=\"async\" width=\"1530\" height=\"2040\" src=\"data:image\/svg+xml,%3Csvg%20xmlns%3D%22http%3A%2F%2Fwww.w3.org%2F2000%2Fsvg%22%20viewBox%3D%220%200%201530%202040%22%3E%3C%2Fsvg%3E\" alt class=\"wp-image-18984 lazyload\" srcset=\"data:image\/svg+xml,%3Csvg%20xmlns%3D%22http%3A%2F%2Fwww.w3.org%2F2000%2Fsvg%22%20viewBox%3D%220%200%201530%202040%22%3E%3C%2Fsvg%3E 1530w\" sizes=\"(max-width: 1530px) 100vw, 1530px\" data-srcset=\"https:\/\/www.campingbellaterra.com\/wp-content\/uploads\/endolls-cb-1.jpg 1530w, https:\/\/www.campingbellaterra.com\/wp-content\/uploads\/endolls-cb-1-768x1024.jpg 768w, https:\/\/www.campingbellaterra.com\/wp-content\/uploads\/endolls-cb-1-1152x1536.jpg 1152w\" data-src=\"https:\/\/www.campingbellaterra.com\/wp-content\/uploads\/endolls-cb-1.jpg\"><\/figure>\n\n\n\n<p><\/p>\n\n\n\n<p><strong>Komfort-Stellpl\u00e4tze: Schatten und Komfort im Herzen des Campingplatzes<\/strong><\/p>\n\n\n\n<p>F\u00fcr diejenigen, die den nat\u00fcrlichen Schatten des Pinienwaldes des Campingplatzes bevorzugen, sind die <strong><a href=\"https:\/\/www.campingbellaterra.com\/de\/stellplaetze\/komfort-stellplatz\/\">Comfort-Stellpl\u00e4tze<\/a><\/strong> die perfekte Wahl. Sie sind in verschiedenen schattigen Bereichen verf\u00fcgbar und bieten 90 m\u00b2 Platz, 6 Ampere Strom, Wasser und Abfluss. Die Comfort-Stellpl\u00e4tze sind ideal f\u00fcr gro\u00dfe Wohnwagen und bieten Ruhe und Komfort inmitten der Natur, jetzt mit verbesserten Steckdosen f\u00fcr zus\u00e4tzlichen Komfort.<\/p>\n\n\n\n<p><strong>Stellars-Stellpl\u00e4tze: Eleganz und Komfort in den Strand- und Bungalowbereichen<\/strong><\/p>\n\n\n\n<p>Die<strong><a href=\"https:\/\/www.campingbellaterra.com\/de\/stellplaetze\/stellar-1\/\"> Stellpl\u00e4tze Stellars 1<\/a><\/strong> (Strandbereich) und Stellars 2 (Bungalowbereich) sind zwischen 70 und 80 Quadratmeter gro\u00df und verf\u00fcgen \u00fcber einen Wasser- und Abwasseranschluss, einen 6A-Stromanschluss und einen Parkplatz au\u00dferhalb des Gemeinschaftsbereichs. Die beiden schattigen Stellpl\u00e4tze sind die perfekte Wahl f\u00fcr diejenigen, die w\u00e4hrend ihres Aufenthalts auf dem Campingplatz Bella Terra Eleganz und Komfort suchen.<\/p>\n\n\n\n<figure class=\"wp-block-image size-full is-style-rounded\"><noscript><img decoding=\"async\" width=\"1530\" height=\"2040\" src=\"https:\/\/www.campingbellaterra.com\/wp-content\/uploads\/image-5.jpg\" alt class=\"wp-image-19003\" srcset=\"https:\/\/www.campingbellaterra.com\/wp-content\/uploads\/image-5.jpg 1530w, https:\/\/www.campingbellaterra.com\/wp-content\/uploads\/image-5-768x1024.jpg 768w, https:\/\/www.campingbellaterra.com\/wp-content\/uploads\/image-5-1152x1536.jpg 1152w\" sizes=\"(max-width: 1530px) 100vw, 1530px\"><\/noscript><img decoding=\"async\" width=\"1530\" height=\"2040\" src=\"data:image\/svg+xml,%3Csvg%20xmlns%3D%22http%3A%2F%2Fwww.w3.org%2F2000%2Fsvg%22%20viewBox%3D%220%200%201530%202040%22%3E%3C%2Fsvg%3E\" alt class=\"wp-image-19003 lazyload\" srcset=\"data:image\/svg+xml,%3Csvg%20xmlns%3D%22http%3A%2F%2Fwww.w3.org%2F2000%2Fsvg%22%20viewBox%3D%220%200%201530%202040%22%3E%3C%2Fsvg%3E 1530w\" sizes=\"(max-width: 1530px) 100vw, 1530px\" data-srcset=\"https:\/\/www.campingbellaterra.com\/wp-content\/uploads\/image-5.jpg 1530w, https:\/\/www.campingbellaterra.com\/wp-content\/uploads\/image-5-768x1024.jpg 768w, https:\/\/www.campingbellaterra.com\/wp-content\/uploads\/image-5-1152x1536.jpg 1152w\" data-src=\"https:\/\/www.campingbellaterra.com\/wp-content\/uploads\/image-5.jpg\"><\/figure>\n\n\n\n<p><\/p>\n\n\n\n<p>Mit diesen Verbesserungen ist der Campingplatz Bella Terra stolz darauf, seinen Besuchern ein einzigartiges Erlebnis zu bieten. Wir freuen uns darauf, alle unsere Camper ab Samstag, den 23. M\u00e4rz, zu begr\u00fc\u00dfen und diese Verbesserungen, die unsere Einrichtungen zu Ihrem Zuhause machen, mit Ihnen zu teilen.<\/p>\n","protected":false},"excerpt":{"rendered":"<p>Im Rahmen unseres kontinuierlichen Engagements f\u00fcr einen hervorragenden Service haben wir in letzter Zeit Verbesserungen vorgenommen, insbesondere den Austausch von Steckdosen in den Lichtk\u00e4sten der&#8230;<\/p>\n","protected":false},"author":3,"featured_media":18977,"comment_status":"closed","ping_status":"closed","sticky":false,"template":"","format":"standard","meta":{"_acf_changed":false,"inline_featured_image":false,"_monsterinsights_skip_tracking":false,"_monsterinsights_sitenote_active":false,"_monsterinsights_sitenote_note":"","_monsterinsights_sitenote_category":0,"footnotes":""},"categories":[2349],"tags":[],"class_list":["post-19078","post","type-post","status-publish","format-standard","has-post-thumbnail","hentry","category-stellplaetze"],"acf":[],"yoast_head":"<!-- This site is optimized with the Yoast SEO plugin v27.0 - https:\/\/yoast.com\/product\/yoast-seo-wordpress\/ -->\n<title>Camping Bella Terra installiert neue Steckdosen auf den Stellpl\u00e4tzen Confort, Confort Playa und Stellars - Camping Bella Terra<\/title>\n<meta name=\"description\" content=\"In den letzten Wochen hat das Wartungsteam des Camping Bella Terra die Stecker in den Leuchtt\u00fcrmen auf den Parzellen Confort, Confort Playa und Stellars\" \/>\n<meta name=\"robots\" content=\"index, follow, max-snippet:-1, max-image-preview:large, max-video-preview:-1\" \/>\n<link rel=\"canonical\" href=\"https:\/\/www.campingbellaterra.com\/de\/installiert-neue-steckdosen\/\" \/>\n<meta property=\"og:locale\" content=\"de_DE\" \/>\n<meta property=\"og:type\" content=\"article\" \/>\n<meta property=\"og:title\" content=\"Camping Bella Terra installiert neue Steckdosen auf den Stellpl\u00e4tzen Confort, Confort Playa und Stellars - Camping Bella Terra\" \/>\n<meta property=\"og:description\" content=\"In den letzten Wochen hat das Wartungsteam des Camping Bella Terra die Stecker in den Leuchtt\u00fcrmen auf den Parzellen Confort, Confort Playa und Stellars\" \/>\n<meta property=\"og:url\" content=\"https:\/\/www.campingbellaterra.com\/de\/installiert-neue-steckdosen\/\" \/>\n<meta property=\"og:site_name\" content=\"Camping Bella Terra\" \/>\n<meta property=\"article:publisher\" content=\"https:\/\/www.facebook.com\/campingbellaterra\/\" \/>\n<meta property=\"article:published_time\" content=\"2024-02-23T16:39:26+00:00\" \/>\n<meta property=\"article:modified_time\" content=\"2024-02-26T13:53:16+00:00\" \/>\n<meta property=\"og:image\" content=\"https:\/\/www.campingbellaterra.com\/wp-content\/uploads\/nous-endolls-cb-1.jpg\" \/>\n\t<meta property=\"og:image:width\" content=\"2040\" \/>\n\t<meta property=\"og:image:height\" content=\"1403\" \/>\n\t<meta property=\"og:image:type\" content=\"image\/jpeg\" \/>\n<meta name=\"author\" content=\"edeon\" \/>\n<meta name=\"twitter:card\" content=\"summary_large_image\" \/>\n<meta name=\"twitter:creator\" content=\"@cbellaterra\" \/>\n<meta name=\"twitter:site\" content=\"@cbellaterra\" \/>\n<meta name=\"twitter:label1\" content=\"Verfasst von\" \/>\n\t<meta name=\"twitter:data1\" content=\"edeon\" \/>\n\t<meta name=\"twitter:label2\" content=\"Gesch\u00e4tzte Lesezeit\" \/>\n\t<meta name=\"twitter:data2\" content=\"3\u00a0Minuten\" \/>\n<script type=\"application\/ld+json\" class=\"yoast-schema-graph\">{\"@context\":\"https:\/\/schema.org\",\"@graph\":[{\"@type\":\"Article\",\"@id\":\"https:\/\/www.campingbellaterra.com\/de\/installiert-neue-steckdosen\/#article\",\"isPartOf\":{\"@id\":\"https:\/\/www.campingbellaterra.com\/de\/installiert-neue-steckdosen\/\"},\"author\":{\"name\":\"edeon\",\"@id\":\"https:\/\/www.campingbellaterra.com\/de\/#\/schema\/person\/d55882bf9a4557623a111e53bebd64fa\"},\"headline\":\"Camping Bella Terra installiert neue Steckdosen auf den Stellpl\u00e4tzen Confort, Confort Playa und Stellars\",\"datePublished\":\"2024-02-23T16:39:26+00:00\",\"dateModified\":\"2024-02-26T13:53:16+00:00\",\"mainEntityOfPage\":{\"@id\":\"https:\/\/www.campingbellaterra.com\/de\/installiert-neue-steckdosen\/\"},\"wordCount\":353,\"publisher\":{\"@id\":\"https:\/\/www.campingbellaterra.com\/de\/#organization\"},\"image\":{\"@id\":\"https:\/\/www.campingbellaterra.com\/de\/installiert-neue-steckdosen\/#primaryimage\"},\"thumbnailUrl\":\"https:\/\/www.campingbellaterra.com\/wp-content\/uploads\/nous-endolls-cb-1.jpg\",\"articleSection\":[\"Stellpl\u00e4tze\"],\"inLanguage\":\"de\"},{\"@type\":\"WebPage\",\"@id\":\"https:\/\/www.campingbellaterra.com\/de\/installiert-neue-steckdosen\/\",\"url\":\"https:\/\/www.campingbellaterra.com\/de\/installiert-neue-steckdosen\/\",\"name\":\"Camping Bella Terra installiert neue Steckdosen auf den Stellpl\u00e4tzen Confort, Confort Playa und Stellars - Camping Bella Terra\",\"isPartOf\":{\"@id\":\"https:\/\/www.campingbellaterra.com\/de\/#website\"},\"primaryImageOfPage\":{\"@id\":\"https:\/\/www.campingbellaterra.com\/de\/installiert-neue-steckdosen\/#primaryimage\"},\"image\":{\"@id\":\"https:\/\/www.campingbellaterra.com\/de\/installiert-neue-steckdosen\/#primaryimage\"},\"thumbnailUrl\":\"https:\/\/www.campingbellaterra.com\/wp-content\/uploads\/nous-endolls-cb-1.jpg\",\"datePublished\":\"2024-02-23T16:39:26+00:00\",\"dateModified\":\"2024-02-26T13:53:16+00:00\",\"description\":\"In den letzten Wochen hat das Wartungsteam des Camping Bella Terra die Stecker in den Leuchtt\u00fcrmen auf den Parzellen Confort, Confort Playa und Stellars\",\"breadcrumb\":{\"@id\":\"https:\/\/www.campingbellaterra.com\/de\/installiert-neue-steckdosen\/#breadcrumb\"},\"inLanguage\":\"de\",\"potentialAction\":[{\"@type\":\"ReadAction\",\"target\":[\"https:\/\/www.campingbellaterra.com\/de\/installiert-neue-steckdosen\/\"]}]},{\"@type\":\"ImageObject\",\"inLanguage\":\"de\",\"@id\":\"https:\/\/www.campingbellaterra.com\/de\/installiert-neue-steckdosen\/#primaryimage\",\"url\":\"https:\/\/www.campingbellaterra.com\/wp-content\/uploads\/nous-endolls-cb-1.jpg\",\"contentUrl\":\"https:\/\/www.campingbellaterra.com\/wp-content\/uploads\/nous-endolls-cb-1.jpg\",\"width\":2040,\"height\":1403,\"caption\":\"El C\u00e0mping Bella instal\u00b7la nous endolls en les parcel\u00b7les Confort, Confort Platja, i Estel\u00b7lars\"},{\"@type\":\"BreadcrumbList\",\"@id\":\"https:\/\/www.campingbellaterra.com\/de\/installiert-neue-steckdosen\/#breadcrumb\",\"itemListElement\":[{\"@type\":\"ListItem\",\"position\":1,\"name\":\"Inici\",\"item\":\"https:\/\/www.campingbellaterra.com\/de\/\"},{\"@type\":\"ListItem\",\"position\":2,\"name\":\"Camping Bella Terra installiert neue Steckdosen auf den Stellpl\u00e4tzen Confort, Confort Playa und Stellars\"}]},{\"@type\":\"WebSite\",\"@id\":\"https:\/\/www.campingbellaterra.com\/de\/#website\",\"url\":\"https:\/\/www.campingbellaterra.com\/de\/\",\"name\":\"Camping Bella Terra\",\"description\":\"Otro sitio realizado con WordPress\",\"publisher\":{\"@id\":\"https:\/\/www.campingbellaterra.com\/de\/#organization\"},\"potentialAction\":[{\"@type\":\"SearchAction\",\"target\":{\"@type\":\"EntryPoint\",\"urlTemplate\":\"https:\/\/www.campingbellaterra.com\/de\/?s={search_term_string}\"},\"query-input\":{\"@type\":\"PropertyValueSpecification\",\"valueRequired\":true,\"valueName\":\"search_term_string\"}}],\"inLanguage\":\"de\"},{\"@type\":\"Organization\",\"@id\":\"https:\/\/www.campingbellaterra.com\/de\/#organization\",\"name\":\"Camping Bella Terra\",\"url\":\"https:\/\/www.campingbellaterra.com\/de\/\",\"logo\":{\"@type\":\"ImageObject\",\"inLanguage\":\"de\",\"@id\":\"https:\/\/www.campingbellaterra.com\/de\/#\/schema\/logo\/image\/\",\"url\":\"https:\/\/www.campingbellaterra.com\/wp-content\/uploads\/logo6.svg\",\"contentUrl\":\"https:\/\/www.campingbellaterra.com\/wp-content\/uploads\/logo6.svg\",\"width\":\"2048\",\"height\":\"2048\",\"caption\":\"Camping Bella Terra\"},\"image\":{\"@id\":\"https:\/\/www.campingbellaterra.com\/de\/#\/schema\/logo\/image\/\"},\"sameAs\":[\"https:\/\/www.facebook.com\/campingbellaterra\/\",\"https:\/\/x.com\/cbellaterra\",\"https:\/\/www.instagram.com\/campingbellaterra\/\",\"https:\/\/www.youtube.com\/c\/Camping-Bellaterra-Blanes\",\"https:\/\/www.tripadvisor.es\/Hotel_Review-g580331-d3328184-Reviews-Camping_Bella_Terra-Blanes_Costa_Brava_Province_of_Girona_Catalonia.html\"]},{\"@type\":\"Person\",\"@id\":\"https:\/\/www.campingbellaterra.com\/de\/#\/schema\/person\/d55882bf9a4557623a111e53bebd64fa\",\"name\":\"edeon\",\"image\":{\"@type\":\"ImageObject\",\"inLanguage\":\"de\",\"@id\":\"https:\/\/www.campingbellaterra.com\/de\/#\/schema\/person\/image\/\",\"url\":\"https:\/\/secure.gravatar.com\/avatar\/0acf6853c1331223f1e6dd9315f43b6c193357018427cf6629ed42a07a8ab707?s=96&d=mm&r=g\",\"contentUrl\":\"https:\/\/secure.gravatar.com\/avatar\/0acf6853c1331223f1e6dd9315f43b6c193357018427cf6629ed42a07a8ab707?s=96&d=mm&r=g\",\"caption\":\"edeon\"},\"url\":\"https:\/\/www.campingbellaterra.com\/de\/author\/edeon\/\"}]}<\/script>\n<!-- \/ Yoast SEO plugin. -->","yoast_head_json":{"title":"Camping Bella Terra installiert neue Steckdosen auf den Stellpl\u00e4tzen Confort, Confort Playa und Stellars - Camping Bella Terra","description":"In den letzten Wochen hat das Wartungsteam des Camping Bella Terra die Stecker in den Leuchtt\u00fcrmen auf den Parzellen Confort, Confort Playa und Stellars","robots":{"index":"index","follow":"follow","max-snippet":"max-snippet:-1","max-image-preview":"max-image-preview:large","max-video-preview":"max-video-preview:-1"},"canonical":"https:\/\/www.campingbellaterra.com\/de\/installiert-neue-steckdosen\/","og_locale":"de_DE","og_type":"article","og_title":"Camping Bella Terra installiert neue Steckdosen auf den Stellpl\u00e4tzen Confort, Confort Playa und Stellars - Camping Bella Terra","og_description":"In den letzten Wochen hat das Wartungsteam des Camping Bella Terra die Stecker in den Leuchtt\u00fcrmen auf den Parzellen Confort, Confort Playa und Stellars","og_url":"https:\/\/www.campingbellaterra.com\/de\/installiert-neue-steckdosen\/","og_site_name":"Camping Bella Terra","article_publisher":"https:\/\/www.facebook.com\/campingbellaterra\/","article_published_time":"2024-02-23T16:39:26+00:00","article_modified_time":"2024-02-26T13:53:16+00:00","og_image":[{"width":2040,"height":1403,"url":"https:\/\/www.campingbellaterra.com\/wp-content\/uploads\/nous-endolls-cb-1.jpg","type":"image\/jpeg"}],"author":"edeon","twitter_card":"summary_large_image","twitter_creator":"@cbellaterra","twitter_site":"@cbellaterra","twitter_misc":{"Verfasst von":"edeon","Gesch\u00e4tzte Lesezeit":"3\u00a0Minuten"},"schema":{"@context":"https:\/\/schema.org","@graph":[{"@type":"Article","@id":"https:\/\/www.campingbellaterra.com\/de\/installiert-neue-steckdosen\/#article","isPartOf":{"@id":"https:\/\/www.campingbellaterra.com\/de\/installiert-neue-steckdosen\/"},"author":{"name":"edeon","@id":"https:\/\/www.campingbellaterra.com\/de\/#\/schema\/person\/d55882bf9a4557623a111e53bebd64fa"},"headline":"Camping Bella Terra installiert neue Steckdosen auf den Stellpl\u00e4tzen Confort, Confort Playa und Stellars","datePublished":"2024-02-23T16:39:26+00:00","dateModified":"2024-02-26T13:53:16+00:00","mainEntityOfPage":{"@id":"https:\/\/www.campingbellaterra.com\/de\/installiert-neue-steckdosen\/"},"wordCount":353,"publisher":{"@id":"https:\/\/www.campingbellaterra.com\/de\/#organization"},"image":{"@id":"https:\/\/www.campingbellaterra.com\/de\/installiert-neue-steckdosen\/#primaryimage"},"thumbnailUrl":"https:\/\/www.campingbellaterra.com\/wp-content\/uploads\/nous-endolls-cb-1.jpg","articleSection":["Stellpl\u00e4tze"],"inLanguage":"de"},{"@type":"WebPage","@id":"https:\/\/www.campingbellaterra.com\/de\/installiert-neue-steckdosen\/","url":"https:\/\/www.campingbellaterra.com\/de\/installiert-neue-steckdosen\/","name":"Camping Bella Terra installiert neue Steckdosen auf den Stellpl\u00e4tzen Confort, Confort Playa und Stellars - Camping Bella Terra","isPartOf":{"@id":"https:\/\/www.campingbellaterra.com\/de\/#website"},"primaryImageOfPage":{"@id":"https:\/\/www.campingbellaterra.com\/de\/installiert-neue-steckdosen\/#primaryimage"},"image":{"@id":"https:\/\/www.campingbellaterra.com\/de\/installiert-neue-steckdosen\/#primaryimage"},"thumbnailUrl":"https:\/\/www.campingbellaterra.com\/wp-content\/uploads\/nous-endolls-cb-1.jpg","datePublished":"2024-02-23T16:39:26+00:00","dateModified":"2024-02-26T13:53:16+00:00","description":"In den letzten Wochen hat das Wartungsteam des Camping Bella Terra die Stecker in den Leuchtt\u00fcrmen auf den Parzellen Confort, Confort Playa und Stellars","breadcrumb":{"@id":"https:\/\/www.campingbellaterra.com\/de\/installiert-neue-steckdosen\/#breadcrumb"},"inLanguage":"de","potentialAction":[{"@type":"ReadAction","target":["https:\/\/www.campingbellaterra.com\/de\/installiert-neue-steckdosen\/"]}]},{"@type":"ImageObject","inLanguage":"de","@id":"https:\/\/www.campingbellaterra.com\/de\/installiert-neue-steckdosen\/#primaryimage","url":"https:\/\/www.campingbellaterra.com\/wp-content\/uploads\/nous-endolls-cb-1.jpg","contentUrl":"https:\/\/www.campingbellaterra.com\/wp-content\/uploads\/nous-endolls-cb-1.jpg","width":2040,"height":1403,"caption":"El C\u00e0mping Bella instal\u00b7la nous endolls en les parcel\u00b7les Confort, Confort Platja, i Estel\u00b7lars"},{"@type":"BreadcrumbList","@id":"https:\/\/www.campingbellaterra.com\/de\/installiert-neue-steckdosen\/#breadcrumb","itemListElement":[{"@type":"ListItem","position":1,"name":"Inici","item":"https:\/\/www.campingbellaterra.com\/de\/"},{"@type":"ListItem","position":2,"name":"Camping Bella Terra installiert neue Steckdosen auf den Stellpl\u00e4tzen Confort, Confort Playa und Stellars"}]},{"@type":"WebSite","@id":"https:\/\/www.campingbellaterra.com\/de\/#website","url":"https:\/\/www.campingbellaterra.com\/de\/","name":"Camping Bella Terra","description":"Otro sitio realizado con WordPress","publisher":{"@id":"https:\/\/www.campingbellaterra.com\/de\/#organization"},"potentialAction":[{"@type":"SearchAction","target":{"@type":"EntryPoint","urlTemplate":"https:\/\/www.campingbellaterra.com\/de\/?s={search_term_string}"},"query-input":{"@type":"PropertyValueSpecification","valueRequired":true,"valueName":"search_term_string"}}],"inLanguage":"de"},{"@type":"Organization","@id":"https:\/\/www.campingbellaterra.com\/de\/#organization","name":"Camping Bella Terra","url":"https:\/\/www.campingbellaterra.com\/de\/","logo":{"@type":"ImageObject","inLanguage":"de","@id":"https:\/\/www.campingbellaterra.com\/de\/#\/schema\/logo\/image\/","url":"https:\/\/www.campingbellaterra.com\/wp-content\/uploads\/logo6.svg","contentUrl":"https:\/\/www.campingbellaterra.com\/wp-content\/uploads\/logo6.svg","width":"2048","height":"2048","caption":"Camping Bella Terra"},"image":{"@id":"https:\/\/www.campingbellaterra.com\/de\/#\/schema\/logo\/image\/"},"sameAs":["https:\/\/www.facebook.com\/campingbellaterra\/","https:\/\/x.com\/cbellaterra","https:\/\/www.instagram.com\/campingbellaterra\/","https:\/\/www.youtube.com\/c\/Camping-Bellaterra-Blanes","https:\/\/www.tripadvisor.es\/Hotel_Review-g580331-d3328184-Reviews-Camping_Bella_Terra-Blanes_Costa_Brava_Province_of_Girona_Catalonia.html"]},{"@type":"Person","@id":"https:\/\/www.campingbellaterra.com\/de\/#\/schema\/person\/d55882bf9a4557623a111e53bebd64fa","name":"edeon","image":{"@type":"ImageObject","inLanguage":"de","@id":"https:\/\/www.campingbellaterra.com\/de\/#\/schema\/person\/image\/","url":"https:\/\/secure.gravatar.com\/avatar\/0acf6853c1331223f1e6dd9315f43b6c193357018427cf6629ed42a07a8ab707?s=96&d=mm&r=g","contentUrl":"https:\/\/secure.gravatar.com\/avatar\/0acf6853c1331223f1e6dd9315f43b6c193357018427cf6629ed42a07a8ab707?s=96&d=mm&r=g","caption":"edeon"},"url":"https:\/\/www.campingbellaterra.com\/de\/author\/edeon\/"}]}},"_links":{"self":[{"href":"https:\/\/www.campingbellaterra.com\/de\/wp-json\/wp\/v2\/posts\/19078","targetHints":{"allow":["GET"]}}],"collection":[{"href":"https:\/\/www.campingbellaterra.com\/de\/wp-json\/wp\/v2\/posts"}],"about":[{"href":"https:\/\/www.campingbellaterra.com\/de\/wp-json\/wp\/v2\/types\/post"}],"author":[{"embeddable":true,"href":"https:\/\/www.campingbellaterra.com\/de\/wp-json\/wp\/v2\/users\/3"}],"replies":[{"embeddable":true,"href":"https:\/\/www.campingbellaterra.com\/de\/wp-json\/wp\/v2\/comments?post=19078"}],"version-history":[{"count":2,"href":"https:\/\/www.campingbellaterra.com\/de\/wp-json\/wp\/v2\/posts\/19078\/revisions"}],"predecessor-version":[{"id":19084,"href":"https:\/\/www.campingbellaterra.com\/de\/wp-json\/wp\/v2\/posts\/19078\/revisions\/19084"}],"wp:featuredmedia":[{"embeddable":true,"href":"https:\/\/www.campingbellaterra.com\/de\/wp-json\/wp\/v2\/media\/18977"}],"wp:attachment":[{"href":"https:\/\/www.campingbellaterra.com\/de\/wp-json\/wp\/v2\/media?parent=19078"}],"wp:term":[{"taxonomy":"category","embeddable":true,"href":"https:\/\/www.campingbellaterra.com\/de\/wp-json\/wp\/v2\/categories?post=19078"},{"taxonomy":"post_tag","embeddable":true,"href":"https:\/\/www.campingbellaterra.com\/de\/wp-json\/wp\/v2\/tags?post=19078"}],"curies":[{"name":"wp","href":"https:\/\/api.w.org\/{rel}","templated":true}]}}