{"id":19888,"date":"2024-09-02T11:14:59","date_gmt":"2024-09-02T09:14:59","guid":{"rendered":"https:\/\/www.campingbellaterra.com\/?p=19888"},"modified":"2024-09-02T11:16:02","modified_gmt":"2024-09-02T09:16:02","slug":"neue-fahrradreparaturstation-auf-dem-campingplatz-bella-terra","status":"publish","type":"post","link":"https:\/\/www.campingbellaterra.com\/de\/neue-fahrradreparaturstation-auf-dem-campingplatz-bella-terra\/","title":{"rendered":"Neue fahrradreparaturstation auf dem Campingplatz Bella Terra"},"content":{"rendered":"<p>Wir freuen uns sehr, eine gro\u00dfartige Neuigkeit mit euch zu teilen: Der Campingplatz Bella Terra, gelegen in Blanes, dem Tor zur Costa Brava, hat einen Bereich f\u00fcr die Fahrradreparatur eingerichtet, der f\u00fcr alle gedacht ist, die das Radfahren lieben, sei es als Leidenschaft oder als t\u00e4gliches Fortbewegungsmittel.<\/p>\n\n\n\n<p>In Anbetracht des wachsenden Interesses und der Nutzung von Fahrr\u00e4dern haben wir uns entschieden, unser Serviceangebot zu erweitern, um unseren G\u00e4sten ein noch umfassenderes und zufriedenstellenderes Erlebnis zu bieten. Mit dieser neuen Einrichtung bekr\u00e4ftigen wir unser Engagement f\u00fcr Exzellenz und das Wohlbefinden unserer Besucher.<\/p>\n\n\n\n<p>Die Fahrradreparaturstation wurde im Juli er\u00f6ffnet, p\u00fcnktlich zum Beginn der Sommerferien. So k\u00f6nnen unsere G\u00e4ste diesen Service genau dann nutzen, wenn sie ihn am meisten brauchen.<\/p>\n\n\n\n<p>Die Station befindet sich direkt hinter dem Bella Club, unserem Mini-Kinderclub, und ist so gestaltet, dass ausreichend Platz f\u00fcr eine komfortable und sichere Wartung vorhanden ist, bevor man sich aufmacht, die sch\u00f6nen Landschaften der Costa Brava mit dem Fahrrad zu erkunden.<\/p>\n\n\n\n<p>Wir sind \u00fcberzeugt, dass diese neue Einrichtung von allen, die den <a href=\"https:\/\/www.campingbellaterra.com\/da\/\">Campingplatz Bella Terra<\/a> als Urlaubsziel w\u00e4hlen, sehr gesch\u00e4tzt wird und zus\u00e4tzlichen Wert zu dem einzigartigen Erlebnis hinzuf\u00fcgt, das wir in Blanes bieten.<\/p>\n\n\n\n<figure class=\"wp-block-image size-full\"><noscript><img decoding=\"async\" width=\"1500\" height=\"1125\" src=\"https:\/\/www.campingbellaterra.com\/wp-content\/uploads\/neue-fahrradreparaturstation.jpg\" alt class=\"wp-image-19889\" srcset=\"https:\/\/www.campingbellaterra.com\/wp-content\/uploads\/neue-fahrradreparaturstation.jpg 1500w, https:\/\/www.campingbellaterra.com\/wp-content\/uploads\/neue-fahrradreparaturstation-1024x768.jpg 1024w, https:\/\/www.campingbellaterra.com\/wp-content\/uploads\/neue-fahrradreparaturstation-768x576.jpg 768w\" sizes=\"(max-width: 1500px) 100vw, 1500px\"><\/noscript><img decoding=\"async\" width=\"1500\" height=\"1125\" src=\"data:image\/svg+xml,%3Csvg%20xmlns%3D%22http%3A%2F%2Fwww.w3.org%2F2000%2Fsvg%22%20viewBox%3D%220%200%201500%201125%22%3E%3C%2Fsvg%3E\" alt class=\"wp-image-19889 lazyload\" srcset=\"data:image\/svg+xml,%3Csvg%20xmlns%3D%22http%3A%2F%2Fwww.w3.org%2F2000%2Fsvg%22%20viewBox%3D%220%200%201500%201125%22%3E%3C%2Fsvg%3E 1500w\" sizes=\"(max-width: 1500px) 100vw, 1500px\" data-srcset=\"https:\/\/www.campingbellaterra.com\/wp-content\/uploads\/neue-fahrradreparaturstation.jpg 1500w, https:\/\/www.campingbellaterra.com\/wp-content\/uploads\/neue-fahrradreparaturstation-1024x768.jpg 1024w, https:\/\/www.campingbellaterra.com\/wp-content\/uploads\/neue-fahrradreparaturstation-768x576.jpg 768w\" data-src=\"https:\/\/www.campingbellaterra.com\/wp-content\/uploads\/neue-fahrradreparaturstation.jpg\"><\/figure>\n\n\n\n<p><\/p>\n\n\n\n<p><strong>Bed &amp; Bike Siegel<\/strong><\/p>\n\n\n\n<p>Egal, ob ihr Liebhaber von Rennr\u00e4dern seid, Mountainbiking bevorzugt oder entspannte Fahrradtouren genie\u00dft, die Costa Brava bietet die perfekte Kulisse f\u00fcr diesen Sport. Der Campingplatz Bella Terra tr\u00e4gt das Bed &amp; Bike-Siegel, verliehen von <a href=\"https:\/\/www.viesverdes.cat\/en\/bedbike\/\">Vies Verdes de Girona<\/a>, das eine Garantie f\u00fcr alle Liebhaber des Radreise-Tourismus darstellt.<\/p>\n","protected":false},"excerpt":{"rendered":"<p>Wir freuen uns sehr, eine gro\u00dfartige Neuigkeit mit euch zu teilen: Der Campingplatz Bella Terra, gelegen in Blanes, dem Tor zur Costa Brava, hat einen&#8230;<\/p>\n","protected":false},"author":3,"featured_media":19889,"comment_status":"closed","ping_status":"closed","sticky":false,"template":"","format":"standard","meta":{"_acf_changed":false,"inline_featured_image":false,"_monsterinsights_skip_tracking":false,"_monsterinsights_sitenote_active":false,"_monsterinsights_sitenote_note":"","_monsterinsights_sitenote_category":0,"footnotes":""},"categories":[1766],"tags":[],"class_list":["post-19888","post","type-post","status-publish","format-standard","has-post-thumbnail","hentry","category-geen-onderdeel-van-een-categorie"],"acf":[],"yoast_head":"<!-- This site is optimized with the Yoast SEO plugin v27.0 - https:\/\/yoast.com\/product\/yoast-seo-wordpress\/ -->\n<title>Neue fahrradreparaturstation auf dem Campingplatz Bella Terra - Camping Bella Terra<\/title>\n<meta name=\"description\" content=\"Der Campingplatz Bella Terra, gelegen in Blanes, hat einen Bereich f\u00fcr die fahrradreparaturstation eingerichtet, der f\u00fcr alle gedacht ist\" \/>\n<meta name=\"robots\" content=\"index, follow, max-snippet:-1, max-image-preview:large, max-video-preview:-1\" \/>\n<link rel=\"canonical\" href=\"https:\/\/www.campingbellaterra.com\/de\/neue-fahrradreparaturstation-auf-dem-campingplatz-bella-terra\/\" \/>\n<meta property=\"og:locale\" content=\"de_DE\" \/>\n<meta property=\"og:type\" content=\"article\" \/>\n<meta property=\"og:title\" content=\"Neue fahrradreparaturstation auf dem Campingplatz Bella Terra - Camping Bella Terra\" \/>\n<meta property=\"og:description\" content=\"Der Campingplatz Bella Terra, gelegen in Blanes, hat einen Bereich f\u00fcr die fahrradreparaturstation eingerichtet, der f\u00fcr alle gedacht ist\" \/>\n<meta property=\"og:url\" content=\"https:\/\/www.campingbellaterra.com\/de\/neue-fahrradreparaturstation-auf-dem-campingplatz-bella-terra\/\" \/>\n<meta property=\"og:site_name\" content=\"Camping Bella Terra\" \/>\n<meta property=\"article:publisher\" content=\"https:\/\/www.facebook.com\/campingbellaterra\/\" \/>\n<meta property=\"article:published_time\" content=\"2024-09-02T09:14:59+00:00\" \/>\n<meta property=\"article:modified_time\" content=\"2024-09-02T09:16:02+00:00\" \/>\n<meta property=\"og:image\" content=\"https:\/\/www.campingbellaterra.com\/wp-content\/uploads\/neue-fahrradreparaturstation.jpg\" \/>\n\t<meta property=\"og:image:width\" content=\"1500\" \/>\n\t<meta property=\"og:image:height\" content=\"1125\" \/>\n\t<meta property=\"og:image:type\" content=\"image\/jpeg\" \/>\n<meta name=\"author\" content=\"edeon\" \/>\n<meta name=\"twitter:card\" content=\"summary_large_image\" \/>\n<meta name=\"twitter:creator\" content=\"@cbellaterra\" \/>\n<meta name=\"twitter:site\" content=\"@cbellaterra\" \/>\n<meta name=\"twitter:label1\" content=\"Verfasst von\" \/>\n\t<meta name=\"twitter:data1\" content=\"edeon\" \/>\n\t<meta name=\"twitter:label2\" content=\"Gesch\u00e4tzte Lesezeit\" \/>\n\t<meta name=\"twitter:data2\" content=\"2\u00a0Minuten\" \/>\n<script type=\"application\/ld+json\" class=\"yoast-schema-graph\">{\"@context\":\"https:\/\/schema.org\",\"@graph\":[{\"@type\":\"Article\",\"@id\":\"https:\/\/www.campingbellaterra.com\/de\/neue-fahrradreparaturstation-auf-dem-campingplatz-bella-terra\/#article\",\"isPartOf\":{\"@id\":\"https:\/\/www.campingbellaterra.com\/de\/neue-fahrradreparaturstation-auf-dem-campingplatz-bella-terra\/\"},\"author\":{\"name\":\"edeon\",\"@id\":\"https:\/\/www.campingbellaterra.com\/de\/#\/schema\/person\/d55882bf9a4557623a111e53bebd64fa\"},\"headline\":\"Neue fahrradreparaturstation auf dem Campingplatz Bella Terra\",\"datePublished\":\"2024-09-02T09:14:59+00:00\",\"dateModified\":\"2024-09-02T09:16:02+00:00\",\"mainEntityOfPage\":{\"@id\":\"https:\/\/www.campingbellaterra.com\/de\/neue-fahrradreparaturstation-auf-dem-campingplatz-bella-terra\/\"},\"wordCount\":272,\"publisher\":{\"@id\":\"https:\/\/www.campingbellaterra.com\/de\/#organization\"},\"image\":{\"@id\":\"https:\/\/www.campingbellaterra.com\/de\/neue-fahrradreparaturstation-auf-dem-campingplatz-bella-terra\/#primaryimage\"},\"thumbnailUrl\":\"https:\/\/www.campingbellaterra.com\/wp-content\/uploads\/neue-fahrradreparaturstation.jpg\",\"articleSection\":[\"Geen onderdeel van een categorie\"],\"inLanguage\":\"de\"},{\"@type\":\"WebPage\",\"@id\":\"https:\/\/www.campingbellaterra.com\/de\/neue-fahrradreparaturstation-auf-dem-campingplatz-bella-terra\/\",\"url\":\"https:\/\/www.campingbellaterra.com\/de\/neue-fahrradreparaturstation-auf-dem-campingplatz-bella-terra\/\",\"name\":\"Neue fahrradreparaturstation auf dem Campingplatz Bella Terra - Camping Bella Terra\",\"isPartOf\":{\"@id\":\"https:\/\/www.campingbellaterra.com\/de\/#website\"},\"primaryImageOfPage\":{\"@id\":\"https:\/\/www.campingbellaterra.com\/de\/neue-fahrradreparaturstation-auf-dem-campingplatz-bella-terra\/#primaryimage\"},\"image\":{\"@id\":\"https:\/\/www.campingbellaterra.com\/de\/neue-fahrradreparaturstation-auf-dem-campingplatz-bella-terra\/#primaryimage\"},\"thumbnailUrl\":\"https:\/\/www.campingbellaterra.com\/wp-content\/uploads\/neue-fahrradreparaturstation.jpg\",\"datePublished\":\"2024-09-02T09:14:59+00:00\",\"dateModified\":\"2024-09-02T09:16:02+00:00\",\"description\":\"Der Campingplatz Bella Terra, gelegen in Blanes, hat einen Bereich f\u00fcr die fahrradreparaturstation eingerichtet, der f\u00fcr alle gedacht ist\",\"breadcrumb\":{\"@id\":\"https:\/\/www.campingbellaterra.com\/de\/neue-fahrradreparaturstation-auf-dem-campingplatz-bella-terra\/#breadcrumb\"},\"inLanguage\":\"de\",\"potentialAction\":[{\"@type\":\"ReadAction\",\"target\":[\"https:\/\/www.campingbellaterra.com\/de\/neue-fahrradreparaturstation-auf-dem-campingplatz-bella-terra\/\"]}]},{\"@type\":\"ImageObject\",\"inLanguage\":\"de\",\"@id\":\"https:\/\/www.campingbellaterra.com\/de\/neue-fahrradreparaturstation-auf-dem-campingplatz-bella-terra\/#primaryimage\",\"url\":\"https:\/\/www.campingbellaterra.com\/wp-content\/uploads\/neue-fahrradreparaturstation.jpg\",\"contentUrl\":\"https:\/\/www.campingbellaterra.com\/wp-content\/uploads\/neue-fahrradreparaturstation.jpg\",\"width\":1500,\"height\":1125},{\"@type\":\"BreadcrumbList\",\"@id\":\"https:\/\/www.campingbellaterra.com\/de\/neue-fahrradreparaturstation-auf-dem-campingplatz-bella-terra\/#breadcrumb\",\"itemListElement\":[{\"@type\":\"ListItem\",\"position\":1,\"name\":\"Inici\",\"item\":\"https:\/\/www.campingbellaterra.com\/de\/\"},{\"@type\":\"ListItem\",\"position\":2,\"name\":\"Neue fahrradreparaturstation auf dem Campingplatz Bella Terra\"}]},{\"@type\":\"WebSite\",\"@id\":\"https:\/\/www.campingbellaterra.com\/de\/#website\",\"url\":\"https:\/\/www.campingbellaterra.com\/de\/\",\"name\":\"Camping Bella Terra\",\"description\":\"Otro sitio realizado con WordPress\",\"publisher\":{\"@id\":\"https:\/\/www.campingbellaterra.com\/de\/#organization\"},\"potentialAction\":[{\"@type\":\"SearchAction\",\"target\":{\"@type\":\"EntryPoint\",\"urlTemplate\":\"https:\/\/www.campingbellaterra.com\/de\/?s={search_term_string}\"},\"query-input\":{\"@type\":\"PropertyValueSpecification\",\"valueRequired\":true,\"valueName\":\"search_term_string\"}}],\"inLanguage\":\"de\"},{\"@type\":\"Organization\",\"@id\":\"https:\/\/www.campingbellaterra.com\/de\/#organization\",\"name\":\"Camping Bella Terra\",\"url\":\"https:\/\/www.campingbellaterra.com\/de\/\",\"logo\":{\"@type\":\"ImageObject\",\"inLanguage\":\"de\",\"@id\":\"https:\/\/www.campingbellaterra.com\/de\/#\/schema\/logo\/image\/\",\"url\":\"https:\/\/www.campingbellaterra.com\/wp-content\/uploads\/logo6.svg\",\"contentUrl\":\"https:\/\/www.campingbellaterra.com\/wp-content\/uploads\/logo6.svg\",\"width\":\"2048\",\"height\":\"2048\",\"caption\":\"Camping Bella Terra\"},\"image\":{\"@id\":\"https:\/\/www.campingbellaterra.com\/de\/#\/schema\/logo\/image\/\"},\"sameAs\":[\"https:\/\/www.facebook.com\/campingbellaterra\/\",\"https:\/\/x.com\/cbellaterra\",\"https:\/\/www.instagram.com\/campingbellaterra\/\",\"https:\/\/www.youtube.com\/c\/Camping-Bellaterra-Blanes\",\"https:\/\/www.tripadvisor.es\/Hotel_Review-g580331-d3328184-Reviews-Camping_Bella_Terra-Blanes_Costa_Brava_Province_of_Girona_Catalonia.html\"]},{\"@type\":\"Person\",\"@id\":\"https:\/\/www.campingbellaterra.com\/de\/#\/schema\/person\/d55882bf9a4557623a111e53bebd64fa\",\"name\":\"edeon\",\"image\":{\"@type\":\"ImageObject\",\"inLanguage\":\"de\",\"@id\":\"https:\/\/www.campingbellaterra.com\/de\/#\/schema\/person\/image\/\",\"url\":\"https:\/\/secure.gravatar.com\/avatar\/0acf6853c1331223f1e6dd9315f43b6c193357018427cf6629ed42a07a8ab707?s=96&d=mm&r=g\",\"contentUrl\":\"https:\/\/secure.gravatar.com\/avatar\/0acf6853c1331223f1e6dd9315f43b6c193357018427cf6629ed42a07a8ab707?s=96&d=mm&r=g\",\"caption\":\"edeon\"},\"url\":\"https:\/\/www.campingbellaterra.com\/de\/author\/edeon\/\"}]}<\/script>\n<!-- \/ Yoast SEO plugin. -->","yoast_head_json":{"title":"Neue fahrradreparaturstation auf dem Campingplatz Bella Terra - Camping Bella Terra","description":"Der Campingplatz Bella Terra, gelegen in Blanes, hat einen Bereich f\u00fcr die fahrradreparaturstation eingerichtet, der f\u00fcr alle gedacht ist","robots":{"index":"index","follow":"follow","max-snippet":"max-snippet:-1","max-image-preview":"max-image-preview:large","max-video-preview":"max-video-preview:-1"},"canonical":"https:\/\/www.campingbellaterra.com\/de\/neue-fahrradreparaturstation-auf-dem-campingplatz-bella-terra\/","og_locale":"de_DE","og_type":"article","og_title":"Neue fahrradreparaturstation auf dem Campingplatz Bella Terra - Camping Bella Terra","og_description":"Der Campingplatz Bella Terra, gelegen in Blanes, hat einen Bereich f\u00fcr die fahrradreparaturstation eingerichtet, der f\u00fcr alle gedacht ist","og_url":"https:\/\/www.campingbellaterra.com\/de\/neue-fahrradreparaturstation-auf-dem-campingplatz-bella-terra\/","og_site_name":"Camping Bella Terra","article_publisher":"https:\/\/www.facebook.com\/campingbellaterra\/","article_published_time":"2024-09-02T09:14:59+00:00","article_modified_time":"2024-09-02T09:16:02+00:00","og_image":[{"width":1500,"height":1125,"url":"https:\/\/www.campingbellaterra.com\/wp-content\/uploads\/neue-fahrradreparaturstation.jpg","type":"image\/jpeg"}],"author":"edeon","twitter_card":"summary_large_image","twitter_creator":"@cbellaterra","twitter_site":"@cbellaterra","twitter_misc":{"Verfasst von":"edeon","Gesch\u00e4tzte Lesezeit":"2\u00a0Minuten"},"schema":{"@context":"https:\/\/schema.org","@graph":[{"@type":"Article","@id":"https:\/\/www.campingbellaterra.com\/de\/neue-fahrradreparaturstation-auf-dem-campingplatz-bella-terra\/#article","isPartOf":{"@id":"https:\/\/www.campingbellaterra.com\/de\/neue-fahrradreparaturstation-auf-dem-campingplatz-bella-terra\/"},"author":{"name":"edeon","@id":"https:\/\/www.campingbellaterra.com\/de\/#\/schema\/person\/d55882bf9a4557623a111e53bebd64fa"},"headline":"Neue fahrradreparaturstation auf dem Campingplatz Bella Terra","datePublished":"2024-09-02T09:14:59+00:00","dateModified":"2024-09-02T09:16:02+00:00","mainEntityOfPage":{"@id":"https:\/\/www.campingbellaterra.com\/de\/neue-fahrradreparaturstation-auf-dem-campingplatz-bella-terra\/"},"wordCount":272,"publisher":{"@id":"https:\/\/www.campingbellaterra.com\/de\/#organization"},"image":{"@id":"https:\/\/www.campingbellaterra.com\/de\/neue-fahrradreparaturstation-auf-dem-campingplatz-bella-terra\/#primaryimage"},"thumbnailUrl":"https:\/\/www.campingbellaterra.com\/wp-content\/uploads\/neue-fahrradreparaturstation.jpg","articleSection":["Geen onderdeel van een categorie"],"inLanguage":"de"},{"@type":"WebPage","@id":"https:\/\/www.campingbellaterra.com\/de\/neue-fahrradreparaturstation-auf-dem-campingplatz-bella-terra\/","url":"https:\/\/www.campingbellaterra.com\/de\/neue-fahrradreparaturstation-auf-dem-campingplatz-bella-terra\/","name":"Neue fahrradreparaturstation auf dem Campingplatz Bella Terra - Camping Bella Terra","isPartOf":{"@id":"https:\/\/www.campingbellaterra.com\/de\/#website"},"primaryImageOfPage":{"@id":"https:\/\/www.campingbellaterra.com\/de\/neue-fahrradreparaturstation-auf-dem-campingplatz-bella-terra\/#primaryimage"},"image":{"@id":"https:\/\/www.campingbellaterra.com\/de\/neue-fahrradreparaturstation-auf-dem-campingplatz-bella-terra\/#primaryimage"},"thumbnailUrl":"https:\/\/www.campingbellaterra.com\/wp-content\/uploads\/neue-fahrradreparaturstation.jpg","datePublished":"2024-09-02T09:14:59+00:00","dateModified":"2024-09-02T09:16:02+00:00","description":"Der Campingplatz Bella Terra, gelegen in Blanes, hat einen Bereich f\u00fcr die fahrradreparaturstation eingerichtet, der f\u00fcr alle gedacht ist","breadcrumb":{"@id":"https:\/\/www.campingbellaterra.com\/de\/neue-fahrradreparaturstation-auf-dem-campingplatz-bella-terra\/#breadcrumb"},"inLanguage":"de","potentialAction":[{"@type":"ReadAction","target":["https:\/\/www.campingbellaterra.com\/de\/neue-fahrradreparaturstation-auf-dem-campingplatz-bella-terra\/"]}]},{"@type":"ImageObject","inLanguage":"de","@id":"https:\/\/www.campingbellaterra.com\/de\/neue-fahrradreparaturstation-auf-dem-campingplatz-bella-terra\/#primaryimage","url":"https:\/\/www.campingbellaterra.com\/wp-content\/uploads\/neue-fahrradreparaturstation.jpg","contentUrl":"https:\/\/www.campingbellaterra.com\/wp-content\/uploads\/neue-fahrradreparaturstation.jpg","width":1500,"height":1125},{"@type":"BreadcrumbList","@id":"https:\/\/www.campingbellaterra.com\/de\/neue-fahrradreparaturstation-auf-dem-campingplatz-bella-terra\/#breadcrumb","itemListElement":[{"@type":"ListItem","position":1,"name":"Inici","item":"https:\/\/www.campingbellaterra.com\/de\/"},{"@type":"ListItem","position":2,"name":"Neue fahrradreparaturstation auf dem Campingplatz Bella Terra"}]},{"@type":"WebSite","@id":"https:\/\/www.campingbellaterra.com\/de\/#website","url":"https:\/\/www.campingbellaterra.com\/de\/","name":"Camping Bella Terra","description":"Otro sitio realizado con WordPress","publisher":{"@id":"https:\/\/www.campingbellaterra.com\/de\/#organization"},"potentialAction":[{"@type":"SearchAction","target":{"@type":"EntryPoint","urlTemplate":"https:\/\/www.campingbellaterra.com\/de\/?s={search_term_string}"},"query-input":{"@type":"PropertyValueSpecification","valueRequired":true,"valueName":"search_term_string"}}],"inLanguage":"de"},{"@type":"Organization","@id":"https:\/\/www.campingbellaterra.com\/de\/#organization","name":"Camping Bella Terra","url":"https:\/\/www.campingbellaterra.com\/de\/","logo":{"@type":"ImageObject","inLanguage":"de","@id":"https:\/\/www.campingbellaterra.com\/de\/#\/schema\/logo\/image\/","url":"https:\/\/www.campingbellaterra.com\/wp-content\/uploads\/logo6.svg","contentUrl":"https:\/\/www.campingbellaterra.com\/wp-content\/uploads\/logo6.svg","width":"2048","height":"2048","caption":"Camping Bella Terra"},"image":{"@id":"https:\/\/www.campingbellaterra.com\/de\/#\/schema\/logo\/image\/"},"sameAs":["https:\/\/www.facebook.com\/campingbellaterra\/","https:\/\/x.com\/cbellaterra","https:\/\/www.instagram.com\/campingbellaterra\/","https:\/\/www.youtube.com\/c\/Camping-Bellaterra-Blanes","https:\/\/www.tripadvisor.es\/Hotel_Review-g580331-d3328184-Reviews-Camping_Bella_Terra-Blanes_Costa_Brava_Province_of_Girona_Catalonia.html"]},{"@type":"Person","@id":"https:\/\/www.campingbellaterra.com\/de\/#\/schema\/person\/d55882bf9a4557623a111e53bebd64fa","name":"edeon","image":{"@type":"ImageObject","inLanguage":"de","@id":"https:\/\/www.campingbellaterra.com\/de\/#\/schema\/person\/image\/","url":"https:\/\/secure.gravatar.com\/avatar\/0acf6853c1331223f1e6dd9315f43b6c193357018427cf6629ed42a07a8ab707?s=96&d=mm&r=g","contentUrl":"https:\/\/secure.gravatar.com\/avatar\/0acf6853c1331223f1e6dd9315f43b6c193357018427cf6629ed42a07a8ab707?s=96&d=mm&r=g","caption":"edeon"},"url":"https:\/\/www.campingbellaterra.com\/de\/author\/edeon\/"}]}},"_links":{"self":[{"href":"https:\/\/www.campingbellaterra.com\/de\/wp-json\/wp\/v2\/posts\/19888","targetHints":{"allow":["GET"]}}],"collection":[{"href":"https:\/\/www.campingbellaterra.com\/de\/wp-json\/wp\/v2\/posts"}],"about":[{"href":"https:\/\/www.campingbellaterra.com\/de\/wp-json\/wp\/v2\/types\/post"}],"author":[{"embeddable":true,"href":"https:\/\/www.campingbellaterra.com\/de\/wp-json\/wp\/v2\/users\/3"}],"replies":[{"embeddable":true,"href":"https:\/\/www.campingbellaterra.com\/de\/wp-json\/wp\/v2\/comments?post=19888"}],"version-history":[{"count":1,"href":"https:\/\/www.campingbellaterra.com\/de\/wp-json\/wp\/v2\/posts\/19888\/revisions"}],"predecessor-version":[{"id":19896,"href":"https:\/\/www.campingbellaterra.com\/de\/wp-json\/wp\/v2\/posts\/19888\/revisions\/19896"}],"wp:featuredmedia":[{"embeddable":true,"href":"https:\/\/www.campingbellaterra.com\/de\/wp-json\/wp\/v2\/media\/19889"}],"wp:attachment":[{"href":"https:\/\/www.campingbellaterra.com\/de\/wp-json\/wp\/v2\/media?parent=19888"}],"wp:term":[{"taxonomy":"category","embeddable":true,"href":"https:\/\/www.campingbellaterra.com\/de\/wp-json\/wp\/v2\/categories?post=19888"},{"taxonomy":"post_tag","embeddable":true,"href":"https:\/\/www.campingbellaterra.com\/de\/wp-json\/wp\/v2\/tags?post=19888"}],"curies":[{"name":"wp","href":"https:\/\/api.w.org\/{rel}","templated":true}]}}