{"id":20754,"date":"2025-03-13T14:37:30","date_gmt":"2025-03-13T13:37:30","guid":{"rendered":"https:\/\/www.campingbellaterra.com\/?p=20754"},"modified":"2025-03-13T14:37:32","modified_gmt":"2025-03-13T13:37:32","slug":"der-flughafen-girona-erweitert-seine-internationalen-verbindungen-mit-5-neuen-routen-fuer-2025-und-erreicht-insgesamt-48-reiseziele","status":"publish","type":"post","link":"https:\/\/www.campingbellaterra.com\/de\/der-flughafen-girona-erweitert-seine-internationalen-verbindungen-mit-5-neuen-routen-fuer-2025-und-erreicht-insgesamt-48-reiseziele\/","title":{"rendered":"Der Flughafen Girona erweitert seine internationalen Verbindungen mit 5 neuen Routen f\u00fcr 2025 und erreicht insgesamt 48 Reiseziele"},"content":{"rendered":"<p class=\"has-normal-font-size\">Dieses neue Streckennetz positioniert den Flughafen Girona als ein zentrales Drehkreuz f\u00fcr den Tourismus an der Costa Brava.<\/p>\n\n\n\n<p>Ab dem letzten M\u00e4rzwochenende 2025 wird der Flughafen Girona insgesamt <a href=\"https:\/\/drive.google.com\/file\/d\/1K9-vDM8i9qgNDLV7xjLxxevm7EkxsIZ1\/view\">48 internationale Reiseziele<\/a> anbieten und sich damit weiter als strategisches Tor f\u00fcr Reisende etablieren, die die Sch\u00f6nheit der Costa Brava entdecken m\u00f6chten. Diese Erweiterung kommt nicht nur internationalen Touristen zugute, sondern bietet auch den Einheimischen eine gr\u00f6\u00dfere Auswahl an Flugverbindungen innerhalb Europas.<\/p>\n\n\n\n<p>In diesem Jahr werden f\u00fcnf neue Ziele im Vergleich zum Vorjahr hinzugef\u00fcgt: Sarajevo (Bosnien), Lublin (Polen), Ostrava (Tschechien), Budapest (Ungarn) und London Luton (Vereinigtes K\u00f6nigreich).<\/p>\n\n\n\n<p>Diese Erweiterung st\u00e4rkt die Rolle Gironas als strategisches Eingangstor f\u00fcr den Tourismus an der Costa Brava. Und f\u00fcr uns vom <strong>Camping Bella Terra<\/strong> ist dies eine gro\u00dfartige Gelegenheit.<\/p>\n\n\n\n<p><em>&#8222;Diese Erweiterung der Flugverbindungen ist ein gro\u00dfer Vorteil f\u00fcr den Tourismussektor an der Costa Brava und insbesondere f\u00fcr Einrichtungen wie unsere. Wir befinden uns nur 40 Minuten vom Flughafen Girona entfernt, was es uns erm\u00f6glicht, unseren Campern ein einzigartiges Erlebnis zu bieten, das den Komfort hervorragender Flugverbindungen mit der nat\u00fcrlichen Sch\u00f6nheit unserer K\u00fcste verbindet.&#8220;<\/em><\/p>\n\n\n\n<p>Im <strong>Camping Bella Terra<\/strong>, wo wir die Saison am 12. April er\u00f6ffnen, ist bereits alles bereit, um diesen neuen Zustrom von Reisenden willkommen zu hei\u00dfen. Wir bieten eine gro\u00dfe Auswahl an Unterk\u00fcnften und Aktivit\u00e4ten f\u00fcr alle G\u00e4ste, um ein unvergessliches Erlebnis in einer wundersch\u00f6nen nat\u00fcrlichen Umgebung zu garantieren.<\/p>\n\n\n\n<p><strong>Von wo aus besuchst du uns dieses Jahr?<\/strong><\/p>\n\n\n\n<figure class=\"wp-block-image size-full\"><noscript><img decoding=\"async\" width=\"1150\" height=\"800\" src=\"https:\/\/www.campingbellaterra.com\/wp-content\/uploads\/aeroport-de-girona-2025.jpg\" alt=\"Girona Airport Expands Its International Connections with 5 New Routes for 2025, Reaching a Total of 48 Destinations\" class=\"wp-image-20734\" srcset=\"https:\/\/www.campingbellaterra.com\/wp-content\/uploads\/aeroport-de-girona-2025.jpg 1150w, https:\/\/www.campingbellaterra.com\/wp-content\/uploads\/aeroport-de-girona-2025-1024x712.jpg 1024w, https:\/\/www.campingbellaterra.com\/wp-content\/uploads\/aeroport-de-girona-2025-768x534.jpg 768w\" sizes=\"(max-width: 1150px) 100vw, 1150px\"><\/noscript><img decoding=\"async\" width=\"1150\" height=\"800\" src=\"data:image\/svg+xml,%3Csvg%20xmlns%3D%22http%3A%2F%2Fwww.w3.org%2F2000%2Fsvg%22%20viewBox%3D%220%200%201150%20800%22%3E%3C%2Fsvg%3E\" alt=\"Girona Airport Expands Its International Connections with 5 New Routes for 2025, Reaching a Total of 48 Destinations\" class=\"wp-image-20734 lazyload\" srcset=\"data:image\/svg+xml,%3Csvg%20xmlns%3D%22http%3A%2F%2Fwww.w3.org%2F2000%2Fsvg%22%20viewBox%3D%220%200%201150%20800%22%3E%3C%2Fsvg%3E 1150w\" sizes=\"(max-width: 1150px) 100vw, 1150px\" data-srcset=\"https:\/\/www.campingbellaterra.com\/wp-content\/uploads\/aeroport-de-girona-2025.jpg 1150w, https:\/\/www.campingbellaterra.com\/wp-content\/uploads\/aeroport-de-girona-2025-1024x712.jpg 1024w, https:\/\/www.campingbellaterra.com\/wp-content\/uploads\/aeroport-de-girona-2025-768x534.jpg 768w\" data-src=\"https:\/\/www.campingbellaterra.com\/wp-content\/uploads\/aeroport-de-girona-2025.jpg\"><\/figure>\n","protected":false},"excerpt":{"rendered":"<p>Dieses neue Streckennetz positioniert den Flughafen Girona als ein zentrales Drehkreuz f\u00fcr den Tourismus an der Costa Brava. Ab dem letzten M\u00e4rzwochenende 2025 wird der&#8230;<\/p>\n","protected":false},"author":3,"featured_media":20741,"comment_status":"closed","ping_status":"closed","sticky":false,"template":"","format":"standard","meta":{"_acf_changed":false,"inline_featured_image":false,"_monsterinsights_skip_tracking":false,"_monsterinsights_sitenote_active":false,"_monsterinsights_sitenote_note":"","_monsterinsights_sitenote_category":0,"footnotes":""},"categories":[2432],"tags":[2434,2433],"class_list":["post-20754","post","type-post","status-publish","format-standard","has-post-thumbnail","hentry","category-tourismus","tag-flughafen-girona","tag-tourismus"],"acf":[],"yoast_head":"<!-- This site is optimized with the Yoast SEO plugin v27.0 - https:\/\/yoast.com\/product\/yoast-seo-wordpress\/ -->\n<title>Der Flughafen Girona erweitert seine internationalen Verbindungen<\/title>\n<meta name=\"description\" content=\"Ab dem letzten M\u00e4rzwochenende 2025 wird der Flughafen Girona insgesamt 48 internationale Reiseziele\" \/>\n<meta name=\"robots\" content=\"index, follow, max-snippet:-1, max-image-preview:large, max-video-preview:-1\" \/>\n<link rel=\"canonical\" href=\"https:\/\/www.campingbellaterra.com\/de\/der-flughafen-girona-erweitert-seine-internationalen-verbindungen-mit-5-neuen-routen-fuer-2025-und-erreicht-insgesamt-48-reiseziele\/\" \/>\n<meta property=\"og:locale\" content=\"de_DE\" \/>\n<meta property=\"og:type\" content=\"article\" \/>\n<meta property=\"og:title\" content=\"Der Flughafen Girona erweitert seine internationalen Verbindungen\" \/>\n<meta property=\"og:description\" content=\"Ab dem letzten M\u00e4rzwochenende 2025 wird der Flughafen Girona insgesamt 48 internationale Reiseziele\" \/>\n<meta property=\"og:url\" content=\"https:\/\/www.campingbellaterra.com\/de\/der-flughafen-girona-erweitert-seine-internationalen-verbindungen-mit-5-neuen-routen-fuer-2025-und-erreicht-insgesamt-48-reiseziele\/\" \/>\n<meta property=\"og:site_name\" content=\"Camping Bella Terra\" \/>\n<meta property=\"article:publisher\" content=\"https:\/\/www.facebook.com\/campingbellaterra\/\" \/>\n<meta property=\"article:published_time\" content=\"2025-03-13T13:37:30+00:00\" \/>\n<meta property=\"article:modified_time\" content=\"2025-03-13T13:37:32+00:00\" \/>\n<meta property=\"og:image\" content=\"https:\/\/www.campingbellaterra.com\/wp-content\/uploads\/aeroport-de-girona-2025-cb.jpg\" \/>\n\t<meta property=\"og:image:width\" content=\"2000\" \/>\n\t<meta property=\"og:image:height\" content=\"1234\" \/>\n\t<meta property=\"og:image:type\" content=\"image\/jpeg\" \/>\n<meta name=\"author\" content=\"edeon\" \/>\n<meta name=\"twitter:card\" content=\"summary_large_image\" \/>\n<meta name=\"twitter:creator\" content=\"@cbellaterra\" \/>\n<meta name=\"twitter:site\" content=\"@cbellaterra\" \/>\n<meta name=\"twitter:label1\" content=\"Verfasst von\" \/>\n\t<meta name=\"twitter:data1\" content=\"edeon\" \/>\n\t<meta name=\"twitter:label2\" content=\"Gesch\u00e4tzte Lesezeit\" \/>\n\t<meta name=\"twitter:data2\" content=\"2\u00a0Minuten\" \/>\n<script type=\"application\/ld+json\" class=\"yoast-schema-graph\">{\"@context\":\"https:\/\/schema.org\",\"@graph\":[{\"@type\":\"Article\",\"@id\":\"https:\/\/www.campingbellaterra.com\/de\/der-flughafen-girona-erweitert-seine-internationalen-verbindungen-mit-5-neuen-routen-fuer-2025-und-erreicht-insgesamt-48-reiseziele\/#article\",\"isPartOf\":{\"@id\":\"https:\/\/www.campingbellaterra.com\/de\/der-flughafen-girona-erweitert-seine-internationalen-verbindungen-mit-5-neuen-routen-fuer-2025-und-erreicht-insgesamt-48-reiseziele\/\"},\"author\":{\"name\":\"edeon\",\"@id\":\"https:\/\/www.campingbellaterra.com\/de\/#\/schema\/person\/d55882bf9a4557623a111e53bebd64fa\"},\"headline\":\"Der Flughafen Girona erweitert seine internationalen Verbindungen mit 5 neuen Routen f\u00fcr 2025 und erreicht insgesamt 48 Reiseziele\",\"datePublished\":\"2025-03-13T13:37:30+00:00\",\"dateModified\":\"2025-03-13T13:37:32+00:00\",\"mainEntityOfPage\":{\"@id\":\"https:\/\/www.campingbellaterra.com\/de\/der-flughafen-girona-erweitert-seine-internationalen-verbindungen-mit-5-neuen-routen-fuer-2025-und-erreicht-insgesamt-48-reiseziele\/\"},\"wordCount\":274,\"publisher\":{\"@id\":\"https:\/\/www.campingbellaterra.com\/de\/#organization\"},\"image\":{\"@id\":\"https:\/\/www.campingbellaterra.com\/de\/der-flughafen-girona-erweitert-seine-internationalen-verbindungen-mit-5-neuen-routen-fuer-2025-und-erreicht-insgesamt-48-reiseziele\/#primaryimage\"},\"thumbnailUrl\":\"https:\/\/www.campingbellaterra.com\/wp-content\/uploads\/aeroport-de-girona-2025-cb.jpg\",\"keywords\":[\"Flughafen Girona\",\"Tourismus\"],\"articleSection\":[\"Tourismus\"],\"inLanguage\":\"de\"},{\"@type\":\"WebPage\",\"@id\":\"https:\/\/www.campingbellaterra.com\/de\/der-flughafen-girona-erweitert-seine-internationalen-verbindungen-mit-5-neuen-routen-fuer-2025-und-erreicht-insgesamt-48-reiseziele\/\",\"url\":\"https:\/\/www.campingbellaterra.com\/de\/der-flughafen-girona-erweitert-seine-internationalen-verbindungen-mit-5-neuen-routen-fuer-2025-und-erreicht-insgesamt-48-reiseziele\/\",\"name\":\"Der Flughafen Girona erweitert seine internationalen Verbindungen\",\"isPartOf\":{\"@id\":\"https:\/\/www.campingbellaterra.com\/de\/#website\"},\"primaryImageOfPage\":{\"@id\":\"https:\/\/www.campingbellaterra.com\/de\/der-flughafen-girona-erweitert-seine-internationalen-verbindungen-mit-5-neuen-routen-fuer-2025-und-erreicht-insgesamt-48-reiseziele\/#primaryimage\"},\"image\":{\"@id\":\"https:\/\/www.campingbellaterra.com\/de\/der-flughafen-girona-erweitert-seine-internationalen-verbindungen-mit-5-neuen-routen-fuer-2025-und-erreicht-insgesamt-48-reiseziele\/#primaryimage\"},\"thumbnailUrl\":\"https:\/\/www.campingbellaterra.com\/wp-content\/uploads\/aeroport-de-girona-2025-cb.jpg\",\"datePublished\":\"2025-03-13T13:37:30+00:00\",\"dateModified\":\"2025-03-13T13:37:32+00:00\",\"description\":\"Ab dem letzten M\u00e4rzwochenende 2025 wird der Flughafen Girona insgesamt 48 internationale Reiseziele\",\"breadcrumb\":{\"@id\":\"https:\/\/www.campingbellaterra.com\/de\/der-flughafen-girona-erweitert-seine-internationalen-verbindungen-mit-5-neuen-routen-fuer-2025-und-erreicht-insgesamt-48-reiseziele\/#breadcrumb\"},\"inLanguage\":\"de\",\"potentialAction\":[{\"@type\":\"ReadAction\",\"target\":[\"https:\/\/www.campingbellaterra.com\/de\/der-flughafen-girona-erweitert-seine-internationalen-verbindungen-mit-5-neuen-routen-fuer-2025-und-erreicht-insgesamt-48-reiseziele\/\"]}]},{\"@type\":\"ImageObject\",\"inLanguage\":\"de\",\"@id\":\"https:\/\/www.campingbellaterra.com\/de\/der-flughafen-girona-erweitert-seine-internationalen-verbindungen-mit-5-neuen-routen-fuer-2025-und-erreicht-insgesamt-48-reiseziele\/#primaryimage\",\"url\":\"https:\/\/www.campingbellaterra.com\/wp-content\/uploads\/aeroport-de-girona-2025-cb.jpg\",\"contentUrl\":\"https:\/\/www.campingbellaterra.com\/wp-content\/uploads\/aeroport-de-girona-2025-cb.jpg\",\"width\":2000,\"height\":1234,\"caption\":\"Airplane descending over a blue ocean to maldives island\"},{\"@type\":\"BreadcrumbList\",\"@id\":\"https:\/\/www.campingbellaterra.com\/de\/der-flughafen-girona-erweitert-seine-internationalen-verbindungen-mit-5-neuen-routen-fuer-2025-und-erreicht-insgesamt-48-reiseziele\/#breadcrumb\",\"itemListElement\":[{\"@type\":\"ListItem\",\"position\":1,\"name\":\"Inici\",\"item\":\"https:\/\/www.campingbellaterra.com\/de\/\"},{\"@type\":\"ListItem\",\"position\":2,\"name\":\"Der Flughafen Girona erweitert seine internationalen Verbindungen mit 5 neuen Routen f\u00fcr 2025 und erreicht insgesamt 48 Reiseziele\"}]},{\"@type\":\"WebSite\",\"@id\":\"https:\/\/www.campingbellaterra.com\/de\/#website\",\"url\":\"https:\/\/www.campingbellaterra.com\/de\/\",\"name\":\"Camping Bella Terra\",\"description\":\"Otro sitio realizado con WordPress\",\"publisher\":{\"@id\":\"https:\/\/www.campingbellaterra.com\/de\/#organization\"},\"potentialAction\":[{\"@type\":\"SearchAction\",\"target\":{\"@type\":\"EntryPoint\",\"urlTemplate\":\"https:\/\/www.campingbellaterra.com\/de\/?s={search_term_string}\"},\"query-input\":{\"@type\":\"PropertyValueSpecification\",\"valueRequired\":true,\"valueName\":\"search_term_string\"}}],\"inLanguage\":\"de\"},{\"@type\":\"Organization\",\"@id\":\"https:\/\/www.campingbellaterra.com\/de\/#organization\",\"name\":\"Camping Bella Terra\",\"url\":\"https:\/\/www.campingbellaterra.com\/de\/\",\"logo\":{\"@type\":\"ImageObject\",\"inLanguage\":\"de\",\"@id\":\"https:\/\/www.campingbellaterra.com\/de\/#\/schema\/logo\/image\/\",\"url\":\"https:\/\/www.campingbellaterra.com\/wp-content\/uploads\/logo6.svg\",\"contentUrl\":\"https:\/\/www.campingbellaterra.com\/wp-content\/uploads\/logo6.svg\",\"width\":\"2048\",\"height\":\"2048\",\"caption\":\"Camping Bella Terra\"},\"image\":{\"@id\":\"https:\/\/www.campingbellaterra.com\/de\/#\/schema\/logo\/image\/\"},\"sameAs\":[\"https:\/\/www.facebook.com\/campingbellaterra\/\",\"https:\/\/x.com\/cbellaterra\",\"https:\/\/www.instagram.com\/campingbellaterra\/\",\"https:\/\/www.youtube.com\/c\/Camping-Bellaterra-Blanes\",\"https:\/\/www.tripadvisor.es\/Hotel_Review-g580331-d3328184-Reviews-Camping_Bella_Terra-Blanes_Costa_Brava_Province_of_Girona_Catalonia.html\"]},{\"@type\":\"Person\",\"@id\":\"https:\/\/www.campingbellaterra.com\/de\/#\/schema\/person\/d55882bf9a4557623a111e53bebd64fa\",\"name\":\"edeon\",\"image\":{\"@type\":\"ImageObject\",\"inLanguage\":\"de\",\"@id\":\"https:\/\/www.campingbellaterra.com\/de\/#\/schema\/person\/image\/\",\"url\":\"https:\/\/secure.gravatar.com\/avatar\/0acf6853c1331223f1e6dd9315f43b6c193357018427cf6629ed42a07a8ab707?s=96&d=mm&r=g\",\"contentUrl\":\"https:\/\/secure.gravatar.com\/avatar\/0acf6853c1331223f1e6dd9315f43b6c193357018427cf6629ed42a07a8ab707?s=96&d=mm&r=g\",\"caption\":\"edeon\"},\"url\":\"https:\/\/www.campingbellaterra.com\/de\/author\/edeon\/\"}]}<\/script>\n<!-- \/ Yoast SEO plugin. -->","yoast_head_json":{"title":"Der Flughafen Girona erweitert seine internationalen Verbindungen","description":"Ab dem letzten M\u00e4rzwochenende 2025 wird der Flughafen Girona insgesamt 48 internationale Reiseziele","robots":{"index":"index","follow":"follow","max-snippet":"max-snippet:-1","max-image-preview":"max-image-preview:large","max-video-preview":"max-video-preview:-1"},"canonical":"https:\/\/www.campingbellaterra.com\/de\/der-flughafen-girona-erweitert-seine-internationalen-verbindungen-mit-5-neuen-routen-fuer-2025-und-erreicht-insgesamt-48-reiseziele\/","og_locale":"de_DE","og_type":"article","og_title":"Der Flughafen Girona erweitert seine internationalen Verbindungen","og_description":"Ab dem letzten M\u00e4rzwochenende 2025 wird der Flughafen Girona insgesamt 48 internationale Reiseziele","og_url":"https:\/\/www.campingbellaterra.com\/de\/der-flughafen-girona-erweitert-seine-internationalen-verbindungen-mit-5-neuen-routen-fuer-2025-und-erreicht-insgesamt-48-reiseziele\/","og_site_name":"Camping Bella Terra","article_publisher":"https:\/\/www.facebook.com\/campingbellaterra\/","article_published_time":"2025-03-13T13:37:30+00:00","article_modified_time":"2025-03-13T13:37:32+00:00","og_image":[{"width":2000,"height":1234,"url":"https:\/\/www.campingbellaterra.com\/wp-content\/uploads\/aeroport-de-girona-2025-cb.jpg","type":"image\/jpeg"}],"author":"edeon","twitter_card":"summary_large_image","twitter_creator":"@cbellaterra","twitter_site":"@cbellaterra","twitter_misc":{"Verfasst von":"edeon","Gesch\u00e4tzte Lesezeit":"2\u00a0Minuten"},"schema":{"@context":"https:\/\/schema.org","@graph":[{"@type":"Article","@id":"https:\/\/www.campingbellaterra.com\/de\/der-flughafen-girona-erweitert-seine-internationalen-verbindungen-mit-5-neuen-routen-fuer-2025-und-erreicht-insgesamt-48-reiseziele\/#article","isPartOf":{"@id":"https:\/\/www.campingbellaterra.com\/de\/der-flughafen-girona-erweitert-seine-internationalen-verbindungen-mit-5-neuen-routen-fuer-2025-und-erreicht-insgesamt-48-reiseziele\/"},"author":{"name":"edeon","@id":"https:\/\/www.campingbellaterra.com\/de\/#\/schema\/person\/d55882bf9a4557623a111e53bebd64fa"},"headline":"Der Flughafen Girona erweitert seine internationalen Verbindungen mit 5 neuen Routen f\u00fcr 2025 und erreicht insgesamt 48 Reiseziele","datePublished":"2025-03-13T13:37:30+00:00","dateModified":"2025-03-13T13:37:32+00:00","mainEntityOfPage":{"@id":"https:\/\/www.campingbellaterra.com\/de\/der-flughafen-girona-erweitert-seine-internationalen-verbindungen-mit-5-neuen-routen-fuer-2025-und-erreicht-insgesamt-48-reiseziele\/"},"wordCount":274,"publisher":{"@id":"https:\/\/www.campingbellaterra.com\/de\/#organization"},"image":{"@id":"https:\/\/www.campingbellaterra.com\/de\/der-flughafen-girona-erweitert-seine-internationalen-verbindungen-mit-5-neuen-routen-fuer-2025-und-erreicht-insgesamt-48-reiseziele\/#primaryimage"},"thumbnailUrl":"https:\/\/www.campingbellaterra.com\/wp-content\/uploads\/aeroport-de-girona-2025-cb.jpg","keywords":["Flughafen Girona","Tourismus"],"articleSection":["Tourismus"],"inLanguage":"de"},{"@type":"WebPage","@id":"https:\/\/www.campingbellaterra.com\/de\/der-flughafen-girona-erweitert-seine-internationalen-verbindungen-mit-5-neuen-routen-fuer-2025-und-erreicht-insgesamt-48-reiseziele\/","url":"https:\/\/www.campingbellaterra.com\/de\/der-flughafen-girona-erweitert-seine-internationalen-verbindungen-mit-5-neuen-routen-fuer-2025-und-erreicht-insgesamt-48-reiseziele\/","name":"Der Flughafen Girona erweitert seine internationalen Verbindungen","isPartOf":{"@id":"https:\/\/www.campingbellaterra.com\/de\/#website"},"primaryImageOfPage":{"@id":"https:\/\/www.campingbellaterra.com\/de\/der-flughafen-girona-erweitert-seine-internationalen-verbindungen-mit-5-neuen-routen-fuer-2025-und-erreicht-insgesamt-48-reiseziele\/#primaryimage"},"image":{"@id":"https:\/\/www.campingbellaterra.com\/de\/der-flughafen-girona-erweitert-seine-internationalen-verbindungen-mit-5-neuen-routen-fuer-2025-und-erreicht-insgesamt-48-reiseziele\/#primaryimage"},"thumbnailUrl":"https:\/\/www.campingbellaterra.com\/wp-content\/uploads\/aeroport-de-girona-2025-cb.jpg","datePublished":"2025-03-13T13:37:30+00:00","dateModified":"2025-03-13T13:37:32+00:00","description":"Ab dem letzten M\u00e4rzwochenende 2025 wird der Flughafen Girona insgesamt 48 internationale Reiseziele","breadcrumb":{"@id":"https:\/\/www.campingbellaterra.com\/de\/der-flughafen-girona-erweitert-seine-internationalen-verbindungen-mit-5-neuen-routen-fuer-2025-und-erreicht-insgesamt-48-reiseziele\/#breadcrumb"},"inLanguage":"de","potentialAction":[{"@type":"ReadAction","target":["https:\/\/www.campingbellaterra.com\/de\/der-flughafen-girona-erweitert-seine-internationalen-verbindungen-mit-5-neuen-routen-fuer-2025-und-erreicht-insgesamt-48-reiseziele\/"]}]},{"@type":"ImageObject","inLanguage":"de","@id":"https:\/\/www.campingbellaterra.com\/de\/der-flughafen-girona-erweitert-seine-internationalen-verbindungen-mit-5-neuen-routen-fuer-2025-und-erreicht-insgesamt-48-reiseziele\/#primaryimage","url":"https:\/\/www.campingbellaterra.com\/wp-content\/uploads\/aeroport-de-girona-2025-cb.jpg","contentUrl":"https:\/\/www.campingbellaterra.com\/wp-content\/uploads\/aeroport-de-girona-2025-cb.jpg","width":2000,"height":1234,"caption":"Airplane descending over a blue ocean to maldives island"},{"@type":"BreadcrumbList","@id":"https:\/\/www.campingbellaterra.com\/de\/der-flughafen-girona-erweitert-seine-internationalen-verbindungen-mit-5-neuen-routen-fuer-2025-und-erreicht-insgesamt-48-reiseziele\/#breadcrumb","itemListElement":[{"@type":"ListItem","position":1,"name":"Inici","item":"https:\/\/www.campingbellaterra.com\/de\/"},{"@type":"ListItem","position":2,"name":"Der Flughafen Girona erweitert seine internationalen Verbindungen mit 5 neuen Routen f\u00fcr 2025 und erreicht insgesamt 48 Reiseziele"}]},{"@type":"WebSite","@id":"https:\/\/www.campingbellaterra.com\/de\/#website","url":"https:\/\/www.campingbellaterra.com\/de\/","name":"Camping Bella Terra","description":"Otro sitio realizado con WordPress","publisher":{"@id":"https:\/\/www.campingbellaterra.com\/de\/#organization"},"potentialAction":[{"@type":"SearchAction","target":{"@type":"EntryPoint","urlTemplate":"https:\/\/www.campingbellaterra.com\/de\/?s={search_term_string}"},"query-input":{"@type":"PropertyValueSpecification","valueRequired":true,"valueName":"search_term_string"}}],"inLanguage":"de"},{"@type":"Organization","@id":"https:\/\/www.campingbellaterra.com\/de\/#organization","name":"Camping Bella Terra","url":"https:\/\/www.campingbellaterra.com\/de\/","logo":{"@type":"ImageObject","inLanguage":"de","@id":"https:\/\/www.campingbellaterra.com\/de\/#\/schema\/logo\/image\/","url":"https:\/\/www.campingbellaterra.com\/wp-content\/uploads\/logo6.svg","contentUrl":"https:\/\/www.campingbellaterra.com\/wp-content\/uploads\/logo6.svg","width":"2048","height":"2048","caption":"Camping Bella Terra"},"image":{"@id":"https:\/\/www.campingbellaterra.com\/de\/#\/schema\/logo\/image\/"},"sameAs":["https:\/\/www.facebook.com\/campingbellaterra\/","https:\/\/x.com\/cbellaterra","https:\/\/www.instagram.com\/campingbellaterra\/","https:\/\/www.youtube.com\/c\/Camping-Bellaterra-Blanes","https:\/\/www.tripadvisor.es\/Hotel_Review-g580331-d3328184-Reviews-Camping_Bella_Terra-Blanes_Costa_Brava_Province_of_Girona_Catalonia.html"]},{"@type":"Person","@id":"https:\/\/www.campingbellaterra.com\/de\/#\/schema\/person\/d55882bf9a4557623a111e53bebd64fa","name":"edeon","image":{"@type":"ImageObject","inLanguage":"de","@id":"https:\/\/www.campingbellaterra.com\/de\/#\/schema\/person\/image\/","url":"https:\/\/secure.gravatar.com\/avatar\/0acf6853c1331223f1e6dd9315f43b6c193357018427cf6629ed42a07a8ab707?s=96&d=mm&r=g","contentUrl":"https:\/\/secure.gravatar.com\/avatar\/0acf6853c1331223f1e6dd9315f43b6c193357018427cf6629ed42a07a8ab707?s=96&d=mm&r=g","caption":"edeon"},"url":"https:\/\/www.campingbellaterra.com\/de\/author\/edeon\/"}]}},"_links":{"self":[{"href":"https:\/\/www.campingbellaterra.com\/de\/wp-json\/wp\/v2\/posts\/20754","targetHints":{"allow":["GET"]}}],"collection":[{"href":"https:\/\/www.campingbellaterra.com\/de\/wp-json\/wp\/v2\/posts"}],"about":[{"href":"https:\/\/www.campingbellaterra.com\/de\/wp-json\/wp\/v2\/types\/post"}],"author":[{"embeddable":true,"href":"https:\/\/www.campingbellaterra.com\/de\/wp-json\/wp\/v2\/users\/3"}],"replies":[{"embeddable":true,"href":"https:\/\/www.campingbellaterra.com\/de\/wp-json\/wp\/v2\/comments?post=20754"}],"version-history":[{"count":1,"href":"https:\/\/www.campingbellaterra.com\/de\/wp-json\/wp\/v2\/posts\/20754\/revisions"}],"predecessor-version":[{"id":20755,"href":"https:\/\/www.campingbellaterra.com\/de\/wp-json\/wp\/v2\/posts\/20754\/revisions\/20755"}],"wp:featuredmedia":[{"embeddable":true,"href":"https:\/\/www.campingbellaterra.com\/de\/wp-json\/wp\/v2\/media\/20741"}],"wp:attachment":[{"href":"https:\/\/www.campingbellaterra.com\/de\/wp-json\/wp\/v2\/media?parent=20754"}],"wp:term":[{"taxonomy":"category","embeddable":true,"href":"https:\/\/www.campingbellaterra.com\/de\/wp-json\/wp\/v2\/categories?post=20754"},{"taxonomy":"post_tag","embeddable":true,"href":"https:\/\/www.campingbellaterra.com\/de\/wp-json\/wp\/v2\/tags?post=20754"}],"curies":[{"name":"wp","href":"https:\/\/api.w.org\/{rel}","templated":true}]}}