{"id":20975,"date":"2025-05-29T08:25:54","date_gmt":"2025-05-29T06:25:54","guid":{"rendered":"https:\/\/www.campingbellaterra.com\/?p=20975"},"modified":"2025-05-29T08:25:55","modified_gmt":"2025-05-29T06:25:55","slug":"stimme-fuer-camping-bella-terra-als-camping-des-jahres-2025-und-gewinne-einen-gratisaufenthalt","status":"publish","type":"post","link":"https:\/\/www.campingbellaterra.com\/de\/stimme-fuer-camping-bella-terra-als-camping-des-jahres-2025-und-gewinne-einen-gratisaufenthalt\/","title":{"rendered":"Stimme f\u00fcr Camping Bella Terra als \u201eCamping des Jahres 2025\u201c und gewinne einen Gratisaufenthalt"},"content":{"rendered":"<p class=\"has-normal-font-size\">Wir freuen uns sehr, bekannt zu geben, dass <strong>Camping Bella Terra<\/strong> erneut im Rennen um die angesehene Auszeichnung <strong>\u201eCamping des Jahres 2025\u201c<\/strong> ist \u2013 ein Preis, der die Qualit\u00e4t der Campingpl\u00e4tze in Girona w\u00fcrdigt und auf der wichtigsten Stimme basiert: der unserer Camperinnen und Camper.<\/p>\n\n\n\n<p>Dieser besondere Preis wird im Rahmen der <strong>\u201eNacht der Campingpl\u00e4tze von Girona\u201c<\/strong> verliehen, die im September w\u00e4hrend der <strong>Girocamping PRO 2025<\/strong> stattfindet. Das \u00f6ffentliche Voting ist bereits ge\u00f6ffnet und l\u00e4uft noch bis zum <strong>31. August 2025<\/strong>.<\/p>\n\n\n\n<p>Im vergangenen Jahr wurde Camping Bella Terra bereits als einer der <strong>10 besten Campingpl\u00e4tze in Girona im Jahr 2024<\/strong> ausgezeichnet \u2013 eine Anerkennung, die wir mit gro\u00dfer Freude erhalten haben und die ohne eure Unterst\u00fctzung nicht m\u00f6glich gewesen w\u00e4re. Nun m\u00f6chten wir erneut auf euch z\u00e4hlen!<\/p>\n\n\n\n<p><strong>Wie kannst du abstimmen?<\/strong><\/p>\n\n\n\n<p>Die Abstimmung ist bis zum 31. August 2025 m\u00f6glich:<\/p>\n\n\n\n<ul class=\"wp-block-list\">\n<li>Besuche den Abstimmungslink: <a class href=\"https:\/\/pr.easypromosapp.com\/p\/992105\">https:\/\/pr.easypromosapp.com\/p\/992105<\/a><\/li>\n\n\n\n<li>W\u00e4hle Camping Bella Terra als einen deiner drei Lieblingscampingpl\u00e4tze<\/li>\n\n\n\n<li>F\u00fclle das Formular mit deinen pers\u00f6nlichen Daten aus<\/li>\n\n\n\n<li>Und schon hast du abgestimmt!<\/li>\n<\/ul>\n\n\n\n<p><strong>Was kannst du gewinnen?<\/strong><br>Alle Teilnehmerinnen und Teilnehmer an der Abstimmung nehmen an der <strong>Verlosung eines kostenlosen Wochenendaufenthalts<\/strong> auf dem siegreichen Campingplatz teil: <strong>2 \u00dcbernachtungen f\u00fcr 4 Personen in einem Bungalow oder einer \u00e4hnlichen Unterkunft<\/strong>.<\/p>\n\n\n\n<p><strong>Wichtig:<\/strong> Nur diejenigen, die f\u00fcr den am Ende siegreichen Campingplatz abgestimmt haben, nehmen an der Verlosung teil.<\/p>\n\n\n\n<p><strong>Lasst es uns gemeinsam schaffen!<\/strong><br>Bei Camping Bella Terra laden wir euch ein, abzustimmen und die Aktion mit euren Freunden, Familienmitgliedern und Reisepartnern zu teilen. Mit eurer Unterst\u00fctzung ist alles m\u00f6glich. Wir w\u00fcrden uns freuen, erneut die B\u00fchne zu betreten und euch diesen Preis als Zeichen unserer Dankbarkeit f\u00fcr euer Vertrauen Jahr f\u00fcr Jahr zu widmen.<\/p>\n\n\n\n<p><strong>Vielen Dank, dass ihr das m\u00f6glich macht!<\/strong><\/p>\n\n\n\n<figure class=\"wp-block-image aligncenter size-full\"><noscript><img decoding=\"async\" width=\"1241\" height=\"1754\" src=\"https:\/\/www.campingbellaterra.com\/wp-content\/uploads\/camping-bella-terra-as-camping-of-the-year-2025.jpg\" alt class=\"wp-image-20967\" srcset=\"https:\/\/www.campingbellaterra.com\/wp-content\/uploads\/camping-bella-terra-as-camping-of-the-year-2025.jpg 1241w, https:\/\/www.campingbellaterra.com\/wp-content\/uploads\/camping-bella-terra-as-camping-of-the-year-2025-725x1024.jpg 725w, https:\/\/www.campingbellaterra.com\/wp-content\/uploads\/camping-bella-terra-as-camping-of-the-year-2025-768x1085.jpg 768w, https:\/\/www.campingbellaterra.com\/wp-content\/uploads\/camping-bella-terra-as-camping-of-the-year-2025-1087x1536.jpg 1087w\" sizes=\"(max-width: 1241px) 100vw, 1241px\"><\/noscript><img decoding=\"async\" width=\"1241\" height=\"1754\" src=\"data:image\/svg+xml,%3Csvg%20xmlns%3D%22http%3A%2F%2Fwww.w3.org%2F2000%2Fsvg%22%20viewBox%3D%220%200%201241%201754%22%3E%3C%2Fsvg%3E\" alt class=\"wp-image-20967 lazyload\" srcset=\"data:image\/svg+xml,%3Csvg%20xmlns%3D%22http%3A%2F%2Fwww.w3.org%2F2000%2Fsvg%22%20viewBox%3D%220%200%201241%201754%22%3E%3C%2Fsvg%3E 1241w\" sizes=\"(max-width: 1241px) 100vw, 1241px\" data-srcset=\"https:\/\/www.campingbellaterra.com\/wp-content\/uploads\/camping-bella-terra-as-camping-of-the-year-2025.jpg 1241w, https:\/\/www.campingbellaterra.com\/wp-content\/uploads\/camping-bella-terra-as-camping-of-the-year-2025-725x1024.jpg 725w, https:\/\/www.campingbellaterra.com\/wp-content\/uploads\/camping-bella-terra-as-camping-of-the-year-2025-768x1085.jpg 768w, https:\/\/www.campingbellaterra.com\/wp-content\/uploads\/camping-bella-terra-as-camping-of-the-year-2025-1087x1536.jpg 1087w\" data-src=\"https:\/\/www.campingbellaterra.com\/wp-content\/uploads\/camping-bella-terra-as-camping-of-the-year-2025.jpg\"><\/figure>\n","protected":false},"excerpt":{"rendered":"<p>Wir freuen uns sehr, bekannt zu geben, dass Camping Bella Terra erneut im Rennen um die angesehene Auszeichnung \u201eCamping des Jahres 2025\u201c ist \u2013 ein&#8230;<\/p>\n","protected":false},"author":3,"featured_media":20955,"comment_status":"closed","ping_status":"closed","sticky":false,"template":"","format":"standard","meta":{"_acf_changed":false,"inline_featured_image":false,"_monsterinsights_skip_tracking":false,"_monsterinsights_sitenote_active":false,"_monsterinsights_sitenote_note":"","_monsterinsights_sitenote_category":0,"footnotes":""},"categories":[2405],"tags":[2445],"class_list":["post-20975","post","type-post","status-publish","format-standard","has-post-thumbnail","hentry","category-camping-bella-terra-6","tag-camping-des-jahres"],"acf":[],"yoast_head":"<!-- This site is optimized with the Yoast SEO plugin v27.0 - https:\/\/yoast.com\/product\/yoast-seo-wordpress\/ -->\n<title>Stimme f\u00fcr Camping Bella Terra als \u201eCamping des Jahres 2025\u201c<\/title>\n<meta name=\"description\" content=\"dass Camping Bella Terra erneut im Rennen um die angesehene Auszeichnung \u201eCamping des Jahres 2025\u201c ist \u2013 ein Preis\" \/>\n<meta name=\"robots\" content=\"index, follow, max-snippet:-1, max-image-preview:large, max-video-preview:-1\" \/>\n<link rel=\"canonical\" href=\"https:\/\/www.campingbellaterra.com\/de\/stimme-fuer-camping-bella-terra-als-camping-des-jahres-2025-und-gewinne-einen-gratisaufenthalt\/\" \/>\n<meta property=\"og:locale\" content=\"de_DE\" \/>\n<meta property=\"og:type\" content=\"article\" \/>\n<meta property=\"og:title\" content=\"Stimme f\u00fcr Camping Bella Terra als \u201eCamping des Jahres 2025\u201c\" \/>\n<meta property=\"og:description\" content=\"dass Camping Bella Terra erneut im Rennen um die angesehene Auszeichnung \u201eCamping des Jahres 2025\u201c ist \u2013 ein Preis\" \/>\n<meta property=\"og:url\" content=\"https:\/\/www.campingbellaterra.com\/de\/stimme-fuer-camping-bella-terra-als-camping-des-jahres-2025-und-gewinne-einen-gratisaufenthalt\/\" \/>\n<meta property=\"og:site_name\" content=\"Camping Bella Terra\" \/>\n<meta property=\"article:publisher\" content=\"https:\/\/www.facebook.com\/campingbellaterra\/\" \/>\n<meta property=\"article:published_time\" content=\"2025-05-29T06:25:54+00:00\" \/>\n<meta property=\"article:modified_time\" content=\"2025-05-29T06:25:55+00:00\" \/>\n<meta property=\"og:image\" content=\"https:\/\/www.campingbellaterra.com\/wp-content\/uploads\/cb-camping-de-lany-2025.jpg\" \/>\n\t<meta property=\"og:image:width\" content=\"2048\" \/>\n\t<meta property=\"og:image:height\" content=\"1218\" \/>\n\t<meta property=\"og:image:type\" content=\"image\/jpeg\" \/>\n<meta name=\"author\" content=\"edeon\" \/>\n<meta name=\"twitter:card\" content=\"summary_large_image\" \/>\n<meta name=\"twitter:creator\" content=\"@cbellaterra\" \/>\n<meta name=\"twitter:site\" content=\"@cbellaterra\" \/>\n<meta name=\"twitter:label1\" content=\"Verfasst von\" \/>\n\t<meta name=\"twitter:data1\" content=\"edeon\" \/>\n\t<meta name=\"twitter:label2\" content=\"Gesch\u00e4tzte Lesezeit\" \/>\n\t<meta name=\"twitter:data2\" content=\"2\u00a0Minuten\" \/>\n<script type=\"application\/ld+json\" class=\"yoast-schema-graph\">{\"@context\":\"https:\/\/schema.org\",\"@graph\":[{\"@type\":\"Article\",\"@id\":\"https:\/\/www.campingbellaterra.com\/de\/stimme-fuer-camping-bella-terra-als-camping-des-jahres-2025-und-gewinne-einen-gratisaufenthalt\/#article\",\"isPartOf\":{\"@id\":\"https:\/\/www.campingbellaterra.com\/de\/stimme-fuer-camping-bella-terra-als-camping-des-jahres-2025-und-gewinne-einen-gratisaufenthalt\/\"},\"author\":{\"name\":\"edeon\",\"@id\":\"https:\/\/www.campingbellaterra.com\/de\/#\/schema\/person\/d55882bf9a4557623a111e53bebd64fa\"},\"headline\":\"Stimme f\u00fcr Camping Bella Terra als \u201eCamping des Jahres 2025\u201c und gewinne einen Gratisaufenthalt\",\"datePublished\":\"2025-05-29T06:25:54+00:00\",\"dateModified\":\"2025-05-29T06:25:55+00:00\",\"mainEntityOfPage\":{\"@id\":\"https:\/\/www.campingbellaterra.com\/de\/stimme-fuer-camping-bella-terra-als-camping-des-jahres-2025-und-gewinne-einen-gratisaufenthalt\/\"},\"wordCount\":315,\"publisher\":{\"@id\":\"https:\/\/www.campingbellaterra.com\/de\/#organization\"},\"image\":{\"@id\":\"https:\/\/www.campingbellaterra.com\/de\/stimme-fuer-camping-bella-terra-als-camping-des-jahres-2025-und-gewinne-einen-gratisaufenthalt\/#primaryimage\"},\"thumbnailUrl\":\"https:\/\/www.campingbellaterra.com\/wp-content\/uploads\/cb-camping-de-lany-2025.jpg\",\"keywords\":[\"Camping des Jahres\"],\"articleSection\":[\"Camping Bella Terra\"],\"inLanguage\":\"de\"},{\"@type\":\"WebPage\",\"@id\":\"https:\/\/www.campingbellaterra.com\/de\/stimme-fuer-camping-bella-terra-als-camping-des-jahres-2025-und-gewinne-einen-gratisaufenthalt\/\",\"url\":\"https:\/\/www.campingbellaterra.com\/de\/stimme-fuer-camping-bella-terra-als-camping-des-jahres-2025-und-gewinne-einen-gratisaufenthalt\/\",\"name\":\"Stimme f\u00fcr Camping Bella Terra als \u201eCamping des Jahres 2025\u201c\",\"isPartOf\":{\"@id\":\"https:\/\/www.campingbellaterra.com\/de\/#website\"},\"primaryImageOfPage\":{\"@id\":\"https:\/\/www.campingbellaterra.com\/de\/stimme-fuer-camping-bella-terra-als-camping-des-jahres-2025-und-gewinne-einen-gratisaufenthalt\/#primaryimage\"},\"image\":{\"@id\":\"https:\/\/www.campingbellaterra.com\/de\/stimme-fuer-camping-bella-terra-als-camping-des-jahres-2025-und-gewinne-einen-gratisaufenthalt\/#primaryimage\"},\"thumbnailUrl\":\"https:\/\/www.campingbellaterra.com\/wp-content\/uploads\/cb-camping-de-lany-2025.jpg\",\"datePublished\":\"2025-05-29T06:25:54+00:00\",\"dateModified\":\"2025-05-29T06:25:55+00:00\",\"description\":\"dass Camping Bella Terra erneut im Rennen um die angesehene Auszeichnung \u201eCamping des Jahres 2025\u201c ist \u2013 ein Preis\",\"breadcrumb\":{\"@id\":\"https:\/\/www.campingbellaterra.com\/de\/stimme-fuer-camping-bella-terra-als-camping-des-jahres-2025-und-gewinne-einen-gratisaufenthalt\/#breadcrumb\"},\"inLanguage\":\"de\",\"potentialAction\":[{\"@type\":\"ReadAction\",\"target\":[\"https:\/\/www.campingbellaterra.com\/de\/stimme-fuer-camping-bella-terra-als-camping-des-jahres-2025-und-gewinne-einen-gratisaufenthalt\/\"]}]},{\"@type\":\"ImageObject\",\"inLanguage\":\"de\",\"@id\":\"https:\/\/www.campingbellaterra.com\/de\/stimme-fuer-camping-bella-terra-als-camping-des-jahres-2025-und-gewinne-einen-gratisaufenthalt\/#primaryimage\",\"url\":\"https:\/\/www.campingbellaterra.com\/wp-content\/uploads\/cb-camping-de-lany-2025.jpg\",\"contentUrl\":\"https:\/\/www.campingbellaterra.com\/wp-content\/uploads\/cb-camping-de-lany-2025.jpg\",\"width\":2048,\"height\":1218,\"caption\":\"Vota pel C\u00e0mping Bella Terra com a \u2018C\u00e0mping de l\u2019Any 2025\u2019 i guanya una estada gratu\u00efta!\"},{\"@type\":\"BreadcrumbList\",\"@id\":\"https:\/\/www.campingbellaterra.com\/de\/stimme-fuer-camping-bella-terra-als-camping-des-jahres-2025-und-gewinne-einen-gratisaufenthalt\/#breadcrumb\",\"itemListElement\":[{\"@type\":\"ListItem\",\"position\":1,\"name\":\"Inici\",\"item\":\"https:\/\/www.campingbellaterra.com\/de\/\"},{\"@type\":\"ListItem\",\"position\":2,\"name\":\"Stimme f\u00fcr Camping Bella Terra als \u201eCamping des Jahres 2025\u201c und gewinne einen Gratisaufenthalt\"}]},{\"@type\":\"WebSite\",\"@id\":\"https:\/\/www.campingbellaterra.com\/de\/#website\",\"url\":\"https:\/\/www.campingbellaterra.com\/de\/\",\"name\":\"Camping Bella Terra\",\"description\":\"Otro sitio realizado con WordPress\",\"publisher\":{\"@id\":\"https:\/\/www.campingbellaterra.com\/de\/#organization\"},\"potentialAction\":[{\"@type\":\"SearchAction\",\"target\":{\"@type\":\"EntryPoint\",\"urlTemplate\":\"https:\/\/www.campingbellaterra.com\/de\/?s={search_term_string}\"},\"query-input\":{\"@type\":\"PropertyValueSpecification\",\"valueRequired\":true,\"valueName\":\"search_term_string\"}}],\"inLanguage\":\"de\"},{\"@type\":\"Organization\",\"@id\":\"https:\/\/www.campingbellaterra.com\/de\/#organization\",\"name\":\"Camping Bella Terra\",\"url\":\"https:\/\/www.campingbellaterra.com\/de\/\",\"logo\":{\"@type\":\"ImageObject\",\"inLanguage\":\"de\",\"@id\":\"https:\/\/www.campingbellaterra.com\/de\/#\/schema\/logo\/image\/\",\"url\":\"https:\/\/www.campingbellaterra.com\/wp-content\/uploads\/logo6.svg\",\"contentUrl\":\"https:\/\/www.campingbellaterra.com\/wp-content\/uploads\/logo6.svg\",\"width\":\"2048\",\"height\":\"2048\",\"caption\":\"Camping Bella Terra\"},\"image\":{\"@id\":\"https:\/\/www.campingbellaterra.com\/de\/#\/schema\/logo\/image\/\"},\"sameAs\":[\"https:\/\/www.facebook.com\/campingbellaterra\/\",\"https:\/\/x.com\/cbellaterra\",\"https:\/\/www.instagram.com\/campingbellaterra\/\",\"https:\/\/www.youtube.com\/c\/Camping-Bellaterra-Blanes\",\"https:\/\/www.tripadvisor.es\/Hotel_Review-g580331-d3328184-Reviews-Camping_Bella_Terra-Blanes_Costa_Brava_Province_of_Girona_Catalonia.html\"]},{\"@type\":\"Person\",\"@id\":\"https:\/\/www.campingbellaterra.com\/de\/#\/schema\/person\/d55882bf9a4557623a111e53bebd64fa\",\"name\":\"edeon\",\"image\":{\"@type\":\"ImageObject\",\"inLanguage\":\"de\",\"@id\":\"https:\/\/www.campingbellaterra.com\/de\/#\/schema\/person\/image\/\",\"url\":\"https:\/\/secure.gravatar.com\/avatar\/0acf6853c1331223f1e6dd9315f43b6c193357018427cf6629ed42a07a8ab707?s=96&d=mm&r=g\",\"contentUrl\":\"https:\/\/secure.gravatar.com\/avatar\/0acf6853c1331223f1e6dd9315f43b6c193357018427cf6629ed42a07a8ab707?s=96&d=mm&r=g\",\"caption\":\"edeon\"},\"url\":\"https:\/\/www.campingbellaterra.com\/de\/author\/edeon\/\"}]}<\/script>\n<!-- \/ Yoast SEO plugin. -->","yoast_head_json":{"title":"Stimme f\u00fcr Camping Bella Terra als \u201eCamping des Jahres 2025\u201c","description":"dass Camping Bella Terra erneut im Rennen um die angesehene Auszeichnung \u201eCamping des Jahres 2025\u201c ist \u2013 ein Preis","robots":{"index":"index","follow":"follow","max-snippet":"max-snippet:-1","max-image-preview":"max-image-preview:large","max-video-preview":"max-video-preview:-1"},"canonical":"https:\/\/www.campingbellaterra.com\/de\/stimme-fuer-camping-bella-terra-als-camping-des-jahres-2025-und-gewinne-einen-gratisaufenthalt\/","og_locale":"de_DE","og_type":"article","og_title":"Stimme f\u00fcr Camping Bella Terra als \u201eCamping des Jahres 2025\u201c","og_description":"dass Camping Bella Terra erneut im Rennen um die angesehene Auszeichnung \u201eCamping des Jahres 2025\u201c ist \u2013 ein Preis","og_url":"https:\/\/www.campingbellaterra.com\/de\/stimme-fuer-camping-bella-terra-als-camping-des-jahres-2025-und-gewinne-einen-gratisaufenthalt\/","og_site_name":"Camping Bella Terra","article_publisher":"https:\/\/www.facebook.com\/campingbellaterra\/","article_published_time":"2025-05-29T06:25:54+00:00","article_modified_time":"2025-05-29T06:25:55+00:00","og_image":[{"width":2048,"height":1218,"url":"https:\/\/www.campingbellaterra.com\/wp-content\/uploads\/cb-camping-de-lany-2025.jpg","type":"image\/jpeg"}],"author":"edeon","twitter_card":"summary_large_image","twitter_creator":"@cbellaterra","twitter_site":"@cbellaterra","twitter_misc":{"Verfasst von":"edeon","Gesch\u00e4tzte Lesezeit":"2\u00a0Minuten"},"schema":{"@context":"https:\/\/schema.org","@graph":[{"@type":"Article","@id":"https:\/\/www.campingbellaterra.com\/de\/stimme-fuer-camping-bella-terra-als-camping-des-jahres-2025-und-gewinne-einen-gratisaufenthalt\/#article","isPartOf":{"@id":"https:\/\/www.campingbellaterra.com\/de\/stimme-fuer-camping-bella-terra-als-camping-des-jahres-2025-und-gewinne-einen-gratisaufenthalt\/"},"author":{"name":"edeon","@id":"https:\/\/www.campingbellaterra.com\/de\/#\/schema\/person\/d55882bf9a4557623a111e53bebd64fa"},"headline":"Stimme f\u00fcr Camping Bella Terra als \u201eCamping des Jahres 2025\u201c und gewinne einen Gratisaufenthalt","datePublished":"2025-05-29T06:25:54+00:00","dateModified":"2025-05-29T06:25:55+00:00","mainEntityOfPage":{"@id":"https:\/\/www.campingbellaterra.com\/de\/stimme-fuer-camping-bella-terra-als-camping-des-jahres-2025-und-gewinne-einen-gratisaufenthalt\/"},"wordCount":315,"publisher":{"@id":"https:\/\/www.campingbellaterra.com\/de\/#organization"},"image":{"@id":"https:\/\/www.campingbellaterra.com\/de\/stimme-fuer-camping-bella-terra-als-camping-des-jahres-2025-und-gewinne-einen-gratisaufenthalt\/#primaryimage"},"thumbnailUrl":"https:\/\/www.campingbellaterra.com\/wp-content\/uploads\/cb-camping-de-lany-2025.jpg","keywords":["Camping des Jahres"],"articleSection":["Camping Bella Terra"],"inLanguage":"de"},{"@type":"WebPage","@id":"https:\/\/www.campingbellaterra.com\/de\/stimme-fuer-camping-bella-terra-als-camping-des-jahres-2025-und-gewinne-einen-gratisaufenthalt\/","url":"https:\/\/www.campingbellaterra.com\/de\/stimme-fuer-camping-bella-terra-als-camping-des-jahres-2025-und-gewinne-einen-gratisaufenthalt\/","name":"Stimme f\u00fcr Camping Bella Terra als \u201eCamping des Jahres 2025\u201c","isPartOf":{"@id":"https:\/\/www.campingbellaterra.com\/de\/#website"},"primaryImageOfPage":{"@id":"https:\/\/www.campingbellaterra.com\/de\/stimme-fuer-camping-bella-terra-als-camping-des-jahres-2025-und-gewinne-einen-gratisaufenthalt\/#primaryimage"},"image":{"@id":"https:\/\/www.campingbellaterra.com\/de\/stimme-fuer-camping-bella-terra-als-camping-des-jahres-2025-und-gewinne-einen-gratisaufenthalt\/#primaryimage"},"thumbnailUrl":"https:\/\/www.campingbellaterra.com\/wp-content\/uploads\/cb-camping-de-lany-2025.jpg","datePublished":"2025-05-29T06:25:54+00:00","dateModified":"2025-05-29T06:25:55+00:00","description":"dass Camping Bella Terra erneut im Rennen um die angesehene Auszeichnung \u201eCamping des Jahres 2025\u201c ist \u2013 ein Preis","breadcrumb":{"@id":"https:\/\/www.campingbellaterra.com\/de\/stimme-fuer-camping-bella-terra-als-camping-des-jahres-2025-und-gewinne-einen-gratisaufenthalt\/#breadcrumb"},"inLanguage":"de","potentialAction":[{"@type":"ReadAction","target":["https:\/\/www.campingbellaterra.com\/de\/stimme-fuer-camping-bella-terra-als-camping-des-jahres-2025-und-gewinne-einen-gratisaufenthalt\/"]}]},{"@type":"ImageObject","inLanguage":"de","@id":"https:\/\/www.campingbellaterra.com\/de\/stimme-fuer-camping-bella-terra-als-camping-des-jahres-2025-und-gewinne-einen-gratisaufenthalt\/#primaryimage","url":"https:\/\/www.campingbellaterra.com\/wp-content\/uploads\/cb-camping-de-lany-2025.jpg","contentUrl":"https:\/\/www.campingbellaterra.com\/wp-content\/uploads\/cb-camping-de-lany-2025.jpg","width":2048,"height":1218,"caption":"Vota pel C\u00e0mping Bella Terra com a \u2018C\u00e0mping de l\u2019Any 2025\u2019 i guanya una estada gratu\u00efta!"},{"@type":"BreadcrumbList","@id":"https:\/\/www.campingbellaterra.com\/de\/stimme-fuer-camping-bella-terra-als-camping-des-jahres-2025-und-gewinne-einen-gratisaufenthalt\/#breadcrumb","itemListElement":[{"@type":"ListItem","position":1,"name":"Inici","item":"https:\/\/www.campingbellaterra.com\/de\/"},{"@type":"ListItem","position":2,"name":"Stimme f\u00fcr Camping Bella Terra als \u201eCamping des Jahres 2025\u201c und gewinne einen Gratisaufenthalt"}]},{"@type":"WebSite","@id":"https:\/\/www.campingbellaterra.com\/de\/#website","url":"https:\/\/www.campingbellaterra.com\/de\/","name":"Camping Bella Terra","description":"Otro sitio realizado con WordPress","publisher":{"@id":"https:\/\/www.campingbellaterra.com\/de\/#organization"},"potentialAction":[{"@type":"SearchAction","target":{"@type":"EntryPoint","urlTemplate":"https:\/\/www.campingbellaterra.com\/de\/?s={search_term_string}"},"query-input":{"@type":"PropertyValueSpecification","valueRequired":true,"valueName":"search_term_string"}}],"inLanguage":"de"},{"@type":"Organization","@id":"https:\/\/www.campingbellaterra.com\/de\/#organization","name":"Camping Bella Terra","url":"https:\/\/www.campingbellaterra.com\/de\/","logo":{"@type":"ImageObject","inLanguage":"de","@id":"https:\/\/www.campingbellaterra.com\/de\/#\/schema\/logo\/image\/","url":"https:\/\/www.campingbellaterra.com\/wp-content\/uploads\/logo6.svg","contentUrl":"https:\/\/www.campingbellaterra.com\/wp-content\/uploads\/logo6.svg","width":"2048","height":"2048","caption":"Camping Bella Terra"},"image":{"@id":"https:\/\/www.campingbellaterra.com\/de\/#\/schema\/logo\/image\/"},"sameAs":["https:\/\/www.facebook.com\/campingbellaterra\/","https:\/\/x.com\/cbellaterra","https:\/\/www.instagram.com\/campingbellaterra\/","https:\/\/www.youtube.com\/c\/Camping-Bellaterra-Blanes","https:\/\/www.tripadvisor.es\/Hotel_Review-g580331-d3328184-Reviews-Camping_Bella_Terra-Blanes_Costa_Brava_Province_of_Girona_Catalonia.html"]},{"@type":"Person","@id":"https:\/\/www.campingbellaterra.com\/de\/#\/schema\/person\/d55882bf9a4557623a111e53bebd64fa","name":"edeon","image":{"@type":"ImageObject","inLanguage":"de","@id":"https:\/\/www.campingbellaterra.com\/de\/#\/schema\/person\/image\/","url":"https:\/\/secure.gravatar.com\/avatar\/0acf6853c1331223f1e6dd9315f43b6c193357018427cf6629ed42a07a8ab707?s=96&d=mm&r=g","contentUrl":"https:\/\/secure.gravatar.com\/avatar\/0acf6853c1331223f1e6dd9315f43b6c193357018427cf6629ed42a07a8ab707?s=96&d=mm&r=g","caption":"edeon"},"url":"https:\/\/www.campingbellaterra.com\/de\/author\/edeon\/"}]}},"_links":{"self":[{"href":"https:\/\/www.campingbellaterra.com\/de\/wp-json\/wp\/v2\/posts\/20975","targetHints":{"allow":["GET"]}}],"collection":[{"href":"https:\/\/www.campingbellaterra.com\/de\/wp-json\/wp\/v2\/posts"}],"about":[{"href":"https:\/\/www.campingbellaterra.com\/de\/wp-json\/wp\/v2\/types\/post"}],"author":[{"embeddable":true,"href":"https:\/\/www.campingbellaterra.com\/de\/wp-json\/wp\/v2\/users\/3"}],"replies":[{"embeddable":true,"href":"https:\/\/www.campingbellaterra.com\/de\/wp-json\/wp\/v2\/comments?post=20975"}],"version-history":[{"count":1,"href":"https:\/\/www.campingbellaterra.com\/de\/wp-json\/wp\/v2\/posts\/20975\/revisions"}],"predecessor-version":[{"id":20976,"href":"https:\/\/www.campingbellaterra.com\/de\/wp-json\/wp\/v2\/posts\/20975\/revisions\/20976"}],"wp:featuredmedia":[{"embeddable":true,"href":"https:\/\/www.campingbellaterra.com\/de\/wp-json\/wp\/v2\/media\/20955"}],"wp:attachment":[{"href":"https:\/\/www.campingbellaterra.com\/de\/wp-json\/wp\/v2\/media?parent=20975"}],"wp:term":[{"taxonomy":"category","embeddable":true,"href":"https:\/\/www.campingbellaterra.com\/de\/wp-json\/wp\/v2\/categories?post=20975"},{"taxonomy":"post_tag","embeddable":true,"href":"https:\/\/www.campingbellaterra.com\/de\/wp-json\/wp\/v2\/tags?post=20975"}],"curies":[{"name":"wp","href":"https:\/\/api.w.org\/{rel}","templated":true}]}}