{"id":21136,"date":"2025-07-31T08:25:27","date_gmt":"2025-07-31T06:25:27","guid":{"rendered":"https:\/\/www.campingbellaterra.com\/?p=21136"},"modified":"2025-07-31T08:25:28","modified_gmt":"2025-07-31T06:25:28","slug":"camping-bella-terra-installiert-neue-ladestation-fuer-elektrofahrzeuge","status":"publish","type":"post","link":"https:\/\/www.campingbellaterra.com\/de\/camping-bella-terra-installiert-neue-ladestation-fuer-elektrofahrzeuge\/","title":{"rendered":"Camping Bella Terra installiert neue Ladestation f\u00fcr Elektrofahrzeuge"},"content":{"rendered":"\n<p>Auf dem <strong>Camping Bella Terra<\/strong> setzen wir unseren Weg zu einem <strong>verantwortungsvolleren, nachhaltigeren und umweltfreundlicheren Tourismusmodell<\/strong> fort. Aus diesem Grund haben wir k\u00fcrzlich eine neue <strong>Ladestation f\u00fcr Elektrofahrzeuge<\/strong> installiert \u2013 als Antwort auf die wachsenden Bed\u00fcrfnisse unserer Camper und zur F\u00f6rderung der <strong>nachhaltigen Mobilit\u00e4t<\/strong>.<\/p>\n\n\n\n<p>Mit diesem neuen Service kann das Fahrzeug bequem aufgeladen werden, w\u00e4hrend man seinen Aufenthalt auf dem Campingplatz genie\u00dft. Die Ladestation ist modern, sicher und mit den meisten Elektrofahrzeugmodellen kompatibel.<\/p>\n\n\n\n<h3 class=\"wp-block-heading\">Unser Engagement f\u00fcr die Umwelt<\/h3>\n\n\n\n<p>\u201eImmer mehr Menschen reisen mit einem Elektrofahrzeug, und wir m\u00f6chten ihren Aufenthalt erleichtern, indem wir passende Dienstleistungen anbieten. Wir setzen auf konkrete Ma\u00dfnahmen zur Reduzierung der Umweltbelastung \u2013 und die Installation von Ladestationen ist ein Teil davon. Sie ist Ausdruck unseres Engagements f\u00fcr <strong>Dekarbonisierung, Energieeffizienz und einen gr\u00fcneren Tourismus<\/strong>\u201c, erkl\u00e4rt <strong>Vicen\u00e7 Fern\u00e0ndez<\/strong>, Direktor des <a href=\"https:\/\/www.campingbellaterra.com\/de\/dienstleistungen\/\">Camping Bella Terra<\/a>.<\/p>\n\n\n\n<p>Dieser Schritt ist nur einer von vielen, die noch folgen werden.<br>Bei <strong>Camping Bella Terra<\/strong> gehen wir gemeinsam mit euch&#8230; und mit dem Planeten voran.<\/p>\n","protected":false},"excerpt":{"rendered":"<p>Auf dem Camping Bella Terra setzen wir unseren Weg zu einem verantwortungsvolleren, nachhaltigeren und umweltfreundlicheren Tourismusmodell fort. Aus diesem Grund haben wir k\u00fcrzlich eine neue&#8230;<\/p>\n","protected":false},"author":3,"featured_media":21131,"comment_status":"closed","ping_status":"closed","sticky":false,"template":"","format":"standard","meta":{"_acf_changed":false,"inline_featured_image":false,"_monsterinsights_skip_tracking":false,"_monsterinsights_sitenote_active":false,"_monsterinsights_sitenote_note":"","_monsterinsights_sitenote_category":0,"footnotes":""},"categories":[2382],"tags":[2460],"class_list":["post-21136","post","type-post","status-publish","format-standard","has-post-thumbnail","hentry","category-dienstleistungen","tag-elektrofahrzeuge"],"acf":[],"yoast_head":"<!-- This site is optimized with the Yoast SEO plugin v27.0 - https:\/\/yoast.com\/product\/yoast-seo-wordpress\/ -->\n<title>Neue Ladestation f\u00fcr Elektrofahrzeuge<\/title>\n<meta name=\"description\" content=\"Wir k\u00fcrzlich eine neue Ladestation f\u00fcr Elektrofahrzeuge installiert\" \/>\n<meta name=\"robots\" content=\"index, follow, max-snippet:-1, max-image-preview:large, max-video-preview:-1\" \/>\n<link rel=\"canonical\" href=\"https:\/\/www.campingbellaterra.com\/de\/camping-bella-terra-installiert-neue-ladestation-fuer-elektrofahrzeuge\/\" \/>\n<meta property=\"og:locale\" content=\"de_DE\" \/>\n<meta property=\"og:type\" content=\"article\" \/>\n<meta property=\"og:title\" content=\"Neue Ladestation f\u00fcr Elektrofahrzeuge\" \/>\n<meta property=\"og:description\" content=\"Wir k\u00fcrzlich eine neue Ladestation f\u00fcr Elektrofahrzeuge installiert\" \/>\n<meta property=\"og:url\" content=\"https:\/\/www.campingbellaterra.com\/de\/camping-bella-terra-installiert-neue-ladestation-fuer-elektrofahrzeuge\/\" \/>\n<meta property=\"og:site_name\" content=\"Camping Bella Terra\" \/>\n<meta property=\"article:publisher\" content=\"https:\/\/www.facebook.com\/campingbellaterra\/\" \/>\n<meta property=\"article:published_time\" content=\"2025-07-31T06:25:27+00:00\" \/>\n<meta property=\"article:modified_time\" content=\"2025-07-31T06:25:28+00:00\" \/>\n<meta property=\"og:image\" content=\"https:\/\/www.campingbellaterra.com\/wp-content\/uploads\/new-electric-vehicle-charging-point.jpg\" \/>\n\t<meta property=\"og:image:width\" content=\"1080\" \/>\n\t<meta property=\"og:image:height\" content=\"606\" \/>\n\t<meta property=\"og:image:type\" content=\"image\/jpeg\" \/>\n<meta name=\"author\" content=\"edeon\" \/>\n<meta name=\"twitter:card\" content=\"summary_large_image\" \/>\n<meta name=\"twitter:creator\" content=\"@cbellaterra\" \/>\n<meta name=\"twitter:site\" content=\"@cbellaterra\" \/>\n<meta name=\"twitter:label1\" content=\"Verfasst von\" \/>\n\t<meta name=\"twitter:data1\" content=\"edeon\" \/>\n\t<meta name=\"twitter:label2\" content=\"Gesch\u00e4tzte Lesezeit\" \/>\n\t<meta name=\"twitter:data2\" content=\"2\u00a0Minuten\" \/>\n<script type=\"application\/ld+json\" class=\"yoast-schema-graph\">{\"@context\":\"https:\/\/schema.org\",\"@graph\":[{\"@type\":\"Article\",\"@id\":\"https:\/\/www.campingbellaterra.com\/de\/camping-bella-terra-installiert-neue-ladestation-fuer-elektrofahrzeuge\/#article\",\"isPartOf\":{\"@id\":\"https:\/\/www.campingbellaterra.com\/de\/camping-bella-terra-installiert-neue-ladestation-fuer-elektrofahrzeuge\/\"},\"author\":{\"name\":\"edeon\",\"@id\":\"https:\/\/www.campingbellaterra.com\/de\/#\/schema\/person\/d55882bf9a4557623a111e53bebd64fa\"},\"headline\":\"Camping Bella Terra installiert neue Ladestation f\u00fcr Elektrofahrzeuge\",\"datePublished\":\"2025-07-31T06:25:27+00:00\",\"dateModified\":\"2025-07-31T06:25:28+00:00\",\"mainEntityOfPage\":{\"@id\":\"https:\/\/www.campingbellaterra.com\/de\/camping-bella-terra-installiert-neue-ladestation-fuer-elektrofahrzeuge\/\"},\"wordCount\":181,\"publisher\":{\"@id\":\"https:\/\/www.campingbellaterra.com\/de\/#organization\"},\"image\":{\"@id\":\"https:\/\/www.campingbellaterra.com\/de\/camping-bella-terra-installiert-neue-ladestation-fuer-elektrofahrzeuge\/#primaryimage\"},\"thumbnailUrl\":\"https:\/\/www.campingbellaterra.com\/wp-content\/uploads\/new-electric-vehicle-charging-point.jpg\",\"keywords\":[\"Elektrofahrzeuge\"],\"articleSection\":[\"Dienstleistungen\"],\"inLanguage\":\"de\"},{\"@type\":\"WebPage\",\"@id\":\"https:\/\/www.campingbellaterra.com\/de\/camping-bella-terra-installiert-neue-ladestation-fuer-elektrofahrzeuge\/\",\"url\":\"https:\/\/www.campingbellaterra.com\/de\/camping-bella-terra-installiert-neue-ladestation-fuer-elektrofahrzeuge\/\",\"name\":\"Neue Ladestation f\u00fcr Elektrofahrzeuge\",\"isPartOf\":{\"@id\":\"https:\/\/www.campingbellaterra.com\/de\/#website\"},\"primaryImageOfPage\":{\"@id\":\"https:\/\/www.campingbellaterra.com\/de\/camping-bella-terra-installiert-neue-ladestation-fuer-elektrofahrzeuge\/#primaryimage\"},\"image\":{\"@id\":\"https:\/\/www.campingbellaterra.com\/de\/camping-bella-terra-installiert-neue-ladestation-fuer-elektrofahrzeuge\/#primaryimage\"},\"thumbnailUrl\":\"https:\/\/www.campingbellaterra.com\/wp-content\/uploads\/new-electric-vehicle-charging-point.jpg\",\"datePublished\":\"2025-07-31T06:25:27+00:00\",\"dateModified\":\"2025-07-31T06:25:28+00:00\",\"description\":\"Wir k\u00fcrzlich eine neue Ladestation f\u00fcr Elektrofahrzeuge installiert\",\"breadcrumb\":{\"@id\":\"https:\/\/www.campingbellaterra.com\/de\/camping-bella-terra-installiert-neue-ladestation-fuer-elektrofahrzeuge\/#breadcrumb\"},\"inLanguage\":\"de\",\"potentialAction\":[{\"@type\":\"ReadAction\",\"target\":[\"https:\/\/www.campingbellaterra.com\/de\/camping-bella-terra-installiert-neue-ladestation-fuer-elektrofahrzeuge\/\"]}]},{\"@type\":\"ImageObject\",\"inLanguage\":\"de\",\"@id\":\"https:\/\/www.campingbellaterra.com\/de\/camping-bella-terra-installiert-neue-ladestation-fuer-elektrofahrzeuge\/#primaryimage\",\"url\":\"https:\/\/www.campingbellaterra.com\/wp-content\/uploads\/new-electric-vehicle-charging-point.jpg\",\"contentUrl\":\"https:\/\/www.campingbellaterra.com\/wp-content\/uploads\/new-electric-vehicle-charging-point.jpg\",\"width\":1080,\"height\":606,\"caption\":\"Camping Bella Terra installs a new electric vehicle charging point\"},{\"@type\":\"BreadcrumbList\",\"@id\":\"https:\/\/www.campingbellaterra.com\/de\/camping-bella-terra-installiert-neue-ladestation-fuer-elektrofahrzeuge\/#breadcrumb\",\"itemListElement\":[{\"@type\":\"ListItem\",\"position\":1,\"name\":\"Inici\",\"item\":\"https:\/\/www.campingbellaterra.com\/de\/\"},{\"@type\":\"ListItem\",\"position\":2,\"name\":\"Camping Bella Terra installiert neue Ladestation f\u00fcr Elektrofahrzeuge\"}]},{\"@type\":\"WebSite\",\"@id\":\"https:\/\/www.campingbellaterra.com\/de\/#website\",\"url\":\"https:\/\/www.campingbellaterra.com\/de\/\",\"name\":\"Camping Bella Terra\",\"description\":\"Otro sitio realizado con WordPress\",\"publisher\":{\"@id\":\"https:\/\/www.campingbellaterra.com\/de\/#organization\"},\"potentialAction\":[{\"@type\":\"SearchAction\",\"target\":{\"@type\":\"EntryPoint\",\"urlTemplate\":\"https:\/\/www.campingbellaterra.com\/de\/?s={search_term_string}\"},\"query-input\":{\"@type\":\"PropertyValueSpecification\",\"valueRequired\":true,\"valueName\":\"search_term_string\"}}],\"inLanguage\":\"de\"},{\"@type\":\"Organization\",\"@id\":\"https:\/\/www.campingbellaterra.com\/de\/#organization\",\"name\":\"Camping Bella Terra\",\"url\":\"https:\/\/www.campingbellaterra.com\/de\/\",\"logo\":{\"@type\":\"ImageObject\",\"inLanguage\":\"de\",\"@id\":\"https:\/\/www.campingbellaterra.com\/de\/#\/schema\/logo\/image\/\",\"url\":\"https:\/\/www.campingbellaterra.com\/wp-content\/uploads\/logo6.svg\",\"contentUrl\":\"https:\/\/www.campingbellaterra.com\/wp-content\/uploads\/logo6.svg\",\"width\":\"2048\",\"height\":\"2048\",\"caption\":\"Camping Bella Terra\"},\"image\":{\"@id\":\"https:\/\/www.campingbellaterra.com\/de\/#\/schema\/logo\/image\/\"},\"sameAs\":[\"https:\/\/www.facebook.com\/campingbellaterra\/\",\"https:\/\/x.com\/cbellaterra\",\"https:\/\/www.instagram.com\/campingbellaterra\/\",\"https:\/\/www.youtube.com\/c\/Camping-Bellaterra-Blanes\",\"https:\/\/www.tripadvisor.es\/Hotel_Review-g580331-d3328184-Reviews-Camping_Bella_Terra-Blanes_Costa_Brava_Province_of_Girona_Catalonia.html\"]},{\"@type\":\"Person\",\"@id\":\"https:\/\/www.campingbellaterra.com\/de\/#\/schema\/person\/d55882bf9a4557623a111e53bebd64fa\",\"name\":\"edeon\",\"image\":{\"@type\":\"ImageObject\",\"inLanguage\":\"de\",\"@id\":\"https:\/\/www.campingbellaterra.com\/de\/#\/schema\/person\/image\/\",\"url\":\"https:\/\/secure.gravatar.com\/avatar\/0acf6853c1331223f1e6dd9315f43b6c193357018427cf6629ed42a07a8ab707?s=96&d=mm&r=g\",\"contentUrl\":\"https:\/\/secure.gravatar.com\/avatar\/0acf6853c1331223f1e6dd9315f43b6c193357018427cf6629ed42a07a8ab707?s=96&d=mm&r=g\",\"caption\":\"edeon\"},\"url\":\"https:\/\/www.campingbellaterra.com\/de\/author\/edeon\/\"}]}<\/script>\n<!-- \/ Yoast SEO plugin. -->","yoast_head_json":{"title":"Neue Ladestation f\u00fcr Elektrofahrzeuge","description":"Wir k\u00fcrzlich eine neue Ladestation f\u00fcr Elektrofahrzeuge installiert","robots":{"index":"index","follow":"follow","max-snippet":"max-snippet:-1","max-image-preview":"max-image-preview:large","max-video-preview":"max-video-preview:-1"},"canonical":"https:\/\/www.campingbellaterra.com\/de\/camping-bella-terra-installiert-neue-ladestation-fuer-elektrofahrzeuge\/","og_locale":"de_DE","og_type":"article","og_title":"Neue Ladestation f\u00fcr Elektrofahrzeuge","og_description":"Wir k\u00fcrzlich eine neue Ladestation f\u00fcr Elektrofahrzeuge installiert","og_url":"https:\/\/www.campingbellaterra.com\/de\/camping-bella-terra-installiert-neue-ladestation-fuer-elektrofahrzeuge\/","og_site_name":"Camping Bella Terra","article_publisher":"https:\/\/www.facebook.com\/campingbellaterra\/","article_published_time":"2025-07-31T06:25:27+00:00","article_modified_time":"2025-07-31T06:25:28+00:00","og_image":[{"width":1080,"height":606,"url":"https:\/\/www.campingbellaterra.com\/wp-content\/uploads\/new-electric-vehicle-charging-point.jpg","type":"image\/jpeg"}],"author":"edeon","twitter_card":"summary_large_image","twitter_creator":"@cbellaterra","twitter_site":"@cbellaterra","twitter_misc":{"Verfasst von":"edeon","Gesch\u00e4tzte Lesezeit":"2\u00a0Minuten"},"schema":{"@context":"https:\/\/schema.org","@graph":[{"@type":"Article","@id":"https:\/\/www.campingbellaterra.com\/de\/camping-bella-terra-installiert-neue-ladestation-fuer-elektrofahrzeuge\/#article","isPartOf":{"@id":"https:\/\/www.campingbellaterra.com\/de\/camping-bella-terra-installiert-neue-ladestation-fuer-elektrofahrzeuge\/"},"author":{"name":"edeon","@id":"https:\/\/www.campingbellaterra.com\/de\/#\/schema\/person\/d55882bf9a4557623a111e53bebd64fa"},"headline":"Camping Bella Terra installiert neue Ladestation f\u00fcr Elektrofahrzeuge","datePublished":"2025-07-31T06:25:27+00:00","dateModified":"2025-07-31T06:25:28+00:00","mainEntityOfPage":{"@id":"https:\/\/www.campingbellaterra.com\/de\/camping-bella-terra-installiert-neue-ladestation-fuer-elektrofahrzeuge\/"},"wordCount":181,"publisher":{"@id":"https:\/\/www.campingbellaterra.com\/de\/#organization"},"image":{"@id":"https:\/\/www.campingbellaterra.com\/de\/camping-bella-terra-installiert-neue-ladestation-fuer-elektrofahrzeuge\/#primaryimage"},"thumbnailUrl":"https:\/\/www.campingbellaterra.com\/wp-content\/uploads\/new-electric-vehicle-charging-point.jpg","keywords":["Elektrofahrzeuge"],"articleSection":["Dienstleistungen"],"inLanguage":"de"},{"@type":"WebPage","@id":"https:\/\/www.campingbellaterra.com\/de\/camping-bella-terra-installiert-neue-ladestation-fuer-elektrofahrzeuge\/","url":"https:\/\/www.campingbellaterra.com\/de\/camping-bella-terra-installiert-neue-ladestation-fuer-elektrofahrzeuge\/","name":"Neue Ladestation f\u00fcr Elektrofahrzeuge","isPartOf":{"@id":"https:\/\/www.campingbellaterra.com\/de\/#website"},"primaryImageOfPage":{"@id":"https:\/\/www.campingbellaterra.com\/de\/camping-bella-terra-installiert-neue-ladestation-fuer-elektrofahrzeuge\/#primaryimage"},"image":{"@id":"https:\/\/www.campingbellaterra.com\/de\/camping-bella-terra-installiert-neue-ladestation-fuer-elektrofahrzeuge\/#primaryimage"},"thumbnailUrl":"https:\/\/www.campingbellaterra.com\/wp-content\/uploads\/new-electric-vehicle-charging-point.jpg","datePublished":"2025-07-31T06:25:27+00:00","dateModified":"2025-07-31T06:25:28+00:00","description":"Wir k\u00fcrzlich eine neue Ladestation f\u00fcr Elektrofahrzeuge installiert","breadcrumb":{"@id":"https:\/\/www.campingbellaterra.com\/de\/camping-bella-terra-installiert-neue-ladestation-fuer-elektrofahrzeuge\/#breadcrumb"},"inLanguage":"de","potentialAction":[{"@type":"ReadAction","target":["https:\/\/www.campingbellaterra.com\/de\/camping-bella-terra-installiert-neue-ladestation-fuer-elektrofahrzeuge\/"]}]},{"@type":"ImageObject","inLanguage":"de","@id":"https:\/\/www.campingbellaterra.com\/de\/camping-bella-terra-installiert-neue-ladestation-fuer-elektrofahrzeuge\/#primaryimage","url":"https:\/\/www.campingbellaterra.com\/wp-content\/uploads\/new-electric-vehicle-charging-point.jpg","contentUrl":"https:\/\/www.campingbellaterra.com\/wp-content\/uploads\/new-electric-vehicle-charging-point.jpg","width":1080,"height":606,"caption":"Camping Bella Terra installs a new electric vehicle charging point"},{"@type":"BreadcrumbList","@id":"https:\/\/www.campingbellaterra.com\/de\/camping-bella-terra-installiert-neue-ladestation-fuer-elektrofahrzeuge\/#breadcrumb","itemListElement":[{"@type":"ListItem","position":1,"name":"Inici","item":"https:\/\/www.campingbellaterra.com\/de\/"},{"@type":"ListItem","position":2,"name":"Camping Bella Terra installiert neue Ladestation f\u00fcr Elektrofahrzeuge"}]},{"@type":"WebSite","@id":"https:\/\/www.campingbellaterra.com\/de\/#website","url":"https:\/\/www.campingbellaterra.com\/de\/","name":"Camping Bella Terra","description":"Otro sitio realizado con WordPress","publisher":{"@id":"https:\/\/www.campingbellaterra.com\/de\/#organization"},"potentialAction":[{"@type":"SearchAction","target":{"@type":"EntryPoint","urlTemplate":"https:\/\/www.campingbellaterra.com\/de\/?s={search_term_string}"},"query-input":{"@type":"PropertyValueSpecification","valueRequired":true,"valueName":"search_term_string"}}],"inLanguage":"de"},{"@type":"Organization","@id":"https:\/\/www.campingbellaterra.com\/de\/#organization","name":"Camping Bella Terra","url":"https:\/\/www.campingbellaterra.com\/de\/","logo":{"@type":"ImageObject","inLanguage":"de","@id":"https:\/\/www.campingbellaterra.com\/de\/#\/schema\/logo\/image\/","url":"https:\/\/www.campingbellaterra.com\/wp-content\/uploads\/logo6.svg","contentUrl":"https:\/\/www.campingbellaterra.com\/wp-content\/uploads\/logo6.svg","width":"2048","height":"2048","caption":"Camping Bella Terra"},"image":{"@id":"https:\/\/www.campingbellaterra.com\/de\/#\/schema\/logo\/image\/"},"sameAs":["https:\/\/www.facebook.com\/campingbellaterra\/","https:\/\/x.com\/cbellaterra","https:\/\/www.instagram.com\/campingbellaterra\/","https:\/\/www.youtube.com\/c\/Camping-Bellaterra-Blanes","https:\/\/www.tripadvisor.es\/Hotel_Review-g580331-d3328184-Reviews-Camping_Bella_Terra-Blanes_Costa_Brava_Province_of_Girona_Catalonia.html"]},{"@type":"Person","@id":"https:\/\/www.campingbellaterra.com\/de\/#\/schema\/person\/d55882bf9a4557623a111e53bebd64fa","name":"edeon","image":{"@type":"ImageObject","inLanguage":"de","@id":"https:\/\/www.campingbellaterra.com\/de\/#\/schema\/person\/image\/","url":"https:\/\/secure.gravatar.com\/avatar\/0acf6853c1331223f1e6dd9315f43b6c193357018427cf6629ed42a07a8ab707?s=96&d=mm&r=g","contentUrl":"https:\/\/secure.gravatar.com\/avatar\/0acf6853c1331223f1e6dd9315f43b6c193357018427cf6629ed42a07a8ab707?s=96&d=mm&r=g","caption":"edeon"},"url":"https:\/\/www.campingbellaterra.com\/de\/author\/edeon\/"}]}},"_links":{"self":[{"href":"https:\/\/www.campingbellaterra.com\/de\/wp-json\/wp\/v2\/posts\/21136","targetHints":{"allow":["GET"]}}],"collection":[{"href":"https:\/\/www.campingbellaterra.com\/de\/wp-json\/wp\/v2\/posts"}],"about":[{"href":"https:\/\/www.campingbellaterra.com\/de\/wp-json\/wp\/v2\/types\/post"}],"author":[{"embeddable":true,"href":"https:\/\/www.campingbellaterra.com\/de\/wp-json\/wp\/v2\/users\/3"}],"replies":[{"embeddable":true,"href":"https:\/\/www.campingbellaterra.com\/de\/wp-json\/wp\/v2\/comments?post=21136"}],"version-history":[{"count":1,"href":"https:\/\/www.campingbellaterra.com\/de\/wp-json\/wp\/v2\/posts\/21136\/revisions"}],"predecessor-version":[{"id":21137,"href":"https:\/\/www.campingbellaterra.com\/de\/wp-json\/wp\/v2\/posts\/21136\/revisions\/21137"}],"wp:featuredmedia":[{"embeddable":true,"href":"https:\/\/www.campingbellaterra.com\/de\/wp-json\/wp\/v2\/media\/21131"}],"wp:attachment":[{"href":"https:\/\/www.campingbellaterra.com\/de\/wp-json\/wp\/v2\/media?parent=21136"}],"wp:term":[{"taxonomy":"category","embeddable":true,"href":"https:\/\/www.campingbellaterra.com\/de\/wp-json\/wp\/v2\/categories?post=21136"},{"taxonomy":"post_tag","embeddable":true,"href":"https:\/\/www.campingbellaterra.com\/de\/wp-json\/wp\/v2\/tags?post=21136"}],"curies":[{"name":"wp","href":"https:\/\/api.w.org\/{rel}","templated":true}]}}