{"id":6821,"date":"2017-10-27T07:41:56","date_gmt":"2017-10-27T05:41:56","guid":{"rendered":"https:\/\/www.campingbellaterra.com\/2017\/10\/27\/offizielle-ankuendigung-reservierungen-2018\/"},"modified":"2022-04-11T16:41:50","modified_gmt":"2022-04-11T14:41:50","slug":"offizielle-ankuendigung-reservierungen-2018","status":"publish","type":"post","link":"https:\/\/www.campingbellaterra.com\/de\/offizielle-ankuendigung-reservierungen-2018\/","title":{"rendered":"Offizielle Ank\u00fcndigung Reservierungen 2018"},"content":{"rendered":"<p style=\"text-align: justify;\">Camping Bella Terra plant, die Buchungsperiode f\u00fcr die Saison 2018 ab dem 6. November zu er\u00f6ffnen. Wir bedauern jedoch, Ihnen mitteilen zu m\u00fcssen, dass wir das machen von Reservierung der unten aufgef\u00fchrten Parzellen und Bungalows nicht garantieren k\u00f6nnen:<\/p>\n<p><!--more--><\/p>\n<p style=\"text-align: justify;\">1. Von den Stellplatz 5101 bis 5618.<\/p>\n<p style=\"text-align: justify;\">2. Von den Stellplatz 8001 bis 8106.<\/p>\n<p style=\"text-align: justify;\">3. Von den Stellplatz 9201 bis 9703.<\/p>\n<p style=\"text-align: justify;\">4. Von den Stellplatz 0001 bis 0094.<\/p>\n<p style=\"text-align: justify;\">5. Bungalows Mediterrani.<\/p>\n<p style=\"text-align: justify;\">6. Bungalows Treumal.<\/p>\n<p style=\"text-align: justify;\">Ab Anfang 2018 k\u00f6nnen wir Ihnen mehr Details geben.<\/p>\n<p style=\"text-align: justify;\">Wir entschuldigen uns f\u00fcr die Unannehmlichkeiten, die diese ungl\u00fccklichen Neuigkeiten verursachen k\u00f6nnten.<\/p>\n<p style=\"text-align: justify;\">Das Management.<\/p>\n","protected":false},"excerpt":{"rendered":"<p>Camping Bella Terra plant, die Buchungsperiode f\u00fcr die Saison 2018 ab dem 6. November zu er\u00f6ffnen. Wir bedauern jedoch, Ihnen mitteilen zu m\u00fcssen, dass wir&#8230;<\/p>\n","protected":false},"author":2,"featured_media":0,"comment_status":"closed","ping_status":"closed","sticky":false,"template":"","format":"standard","meta":{"_acf_changed":false,"inline_featured_image":false,"_monsterinsights_skip_tracking":false,"_monsterinsights_sitenote_active":false,"_monsterinsights_sitenote_note":"","_monsterinsights_sitenote_category":0,"footnotes":""},"categories":[2278],"tags":[],"class_list":["post-6821","post","type-post","status-publish","format-standard","hentry","category-blog-de"],"acf":[],"yoast_head":"<!-- This site is optimized with the Yoast SEO plugin v27.0 - https:\/\/yoast.com\/product\/yoast-seo-wordpress\/ -->\n<title>Offizielle Ank\u00fcndigung Reservierungen 2018 - Camping Bella Terra<\/title>\n<meta name=\"robots\" content=\"index, follow, max-snippet:-1, max-image-preview:large, max-video-preview:-1\" \/>\n<link rel=\"canonical\" href=\"https:\/\/www.campingbellaterra.com\/de\/offizielle-ankuendigung-reservierungen-2018\/\" \/>\n<meta property=\"og:locale\" content=\"de_DE\" \/>\n<meta property=\"og:type\" content=\"article\" \/>\n<meta property=\"og:title\" content=\"Offizielle Ank\u00fcndigung Reservierungen 2018 - Camping Bella Terra\" \/>\n<meta property=\"og:description\" content=\"Camping Bella Terra plant, die Buchungsperiode f\u00fcr die Saison 2018 ab dem 6. November zu er\u00f6ffnen. Wir bedauern jedoch, Ihnen mitteilen zu m\u00fcssen, dass wir...\" \/>\n<meta property=\"og:url\" content=\"https:\/\/www.campingbellaterra.com\/de\/offizielle-ankuendigung-reservierungen-2018\/\" \/>\n<meta property=\"og:site_name\" content=\"Camping Bella Terra\" \/>\n<meta property=\"article:publisher\" content=\"https:\/\/www.facebook.com\/campingbellaterra\/\" \/>\n<meta property=\"article:published_time\" content=\"2017-10-27T05:41:56+00:00\" \/>\n<meta property=\"article:modified_time\" content=\"2022-04-11T14:41:50+00:00\" \/>\n<meta name=\"author\" content=\"vado\" \/>\n<meta name=\"twitter:card\" content=\"summary_large_image\" \/>\n<meta name=\"twitter:creator\" content=\"@cbellaterra\" \/>\n<meta name=\"twitter:site\" content=\"@cbellaterra\" \/>\n<meta name=\"twitter:label1\" content=\"Verfasst von\" \/>\n\t<meta name=\"twitter:data1\" content=\"vado\" \/>\n<script type=\"application\/ld+json\" class=\"yoast-schema-graph\">{\"@context\":\"https:\/\/schema.org\",\"@graph\":[{\"@type\":\"Article\",\"@id\":\"https:\/\/www.campingbellaterra.com\/de\/offizielle-ankuendigung-reservierungen-2018\/#article\",\"isPartOf\":{\"@id\":\"https:\/\/www.campingbellaterra.com\/de\/offizielle-ankuendigung-reservierungen-2018\/\"},\"author\":{\"name\":\"vado\",\"@id\":\"https:\/\/www.campingbellaterra.com\/de\/#\/schema\/person\/9dafe106b7fade6dd08664bb60ea89ac\"},\"headline\":\"Offizielle Ank\u00fcndigung Reservierungen 2018\",\"datePublished\":\"2017-10-27T05:41:56+00:00\",\"dateModified\":\"2022-04-11T14:41:50+00:00\",\"mainEntityOfPage\":{\"@id\":\"https:\/\/www.campingbellaterra.com\/de\/offizielle-ankuendigung-reservierungen-2018\/\"},\"wordCount\":91,\"publisher\":{\"@id\":\"https:\/\/www.campingbellaterra.com\/de\/#organization\"},\"articleSection\":[\"blog\"],\"inLanguage\":\"de\"},{\"@type\":\"WebPage\",\"@id\":\"https:\/\/www.campingbellaterra.com\/de\/offizielle-ankuendigung-reservierungen-2018\/\",\"url\":\"https:\/\/www.campingbellaterra.com\/de\/offizielle-ankuendigung-reservierungen-2018\/\",\"name\":\"Offizielle Ank\u00fcndigung Reservierungen 2018 - Camping Bella Terra\",\"isPartOf\":{\"@id\":\"https:\/\/www.campingbellaterra.com\/de\/#website\"},\"datePublished\":\"2017-10-27T05:41:56+00:00\",\"dateModified\":\"2022-04-11T14:41:50+00:00\",\"breadcrumb\":{\"@id\":\"https:\/\/www.campingbellaterra.com\/de\/offizielle-ankuendigung-reservierungen-2018\/#breadcrumb\"},\"inLanguage\":\"de\",\"potentialAction\":[{\"@type\":\"ReadAction\",\"target\":[\"https:\/\/www.campingbellaterra.com\/de\/offizielle-ankuendigung-reservierungen-2018\/\"]}]},{\"@type\":\"BreadcrumbList\",\"@id\":\"https:\/\/www.campingbellaterra.com\/de\/offizielle-ankuendigung-reservierungen-2018\/#breadcrumb\",\"itemListElement\":[{\"@type\":\"ListItem\",\"position\":1,\"name\":\"Inici\",\"item\":\"https:\/\/www.campingbellaterra.com\/de\/\"},{\"@type\":\"ListItem\",\"position\":2,\"name\":\"Offizielle Ank\u00fcndigung Reservierungen 2018\"}]},{\"@type\":\"WebSite\",\"@id\":\"https:\/\/www.campingbellaterra.com\/de\/#website\",\"url\":\"https:\/\/www.campingbellaterra.com\/de\/\",\"name\":\"Camping Bella Terra\",\"description\":\"Otro sitio realizado con WordPress\",\"publisher\":{\"@id\":\"https:\/\/www.campingbellaterra.com\/de\/#organization\"},\"potentialAction\":[{\"@type\":\"SearchAction\",\"target\":{\"@type\":\"EntryPoint\",\"urlTemplate\":\"https:\/\/www.campingbellaterra.com\/de\/?s={search_term_string}\"},\"query-input\":{\"@type\":\"PropertyValueSpecification\",\"valueRequired\":true,\"valueName\":\"search_term_string\"}}],\"inLanguage\":\"de\"},{\"@type\":\"Organization\",\"@id\":\"https:\/\/www.campingbellaterra.com\/de\/#organization\",\"name\":\"Camping Bella Terra\",\"url\":\"https:\/\/www.campingbellaterra.com\/de\/\",\"logo\":{\"@type\":\"ImageObject\",\"inLanguage\":\"de\",\"@id\":\"https:\/\/www.campingbellaterra.com\/de\/#\/schema\/logo\/image\/\",\"url\":\"https:\/\/www.campingbellaterra.com\/wp-content\/uploads\/logo6.svg\",\"contentUrl\":\"https:\/\/www.campingbellaterra.com\/wp-content\/uploads\/logo6.svg\",\"width\":\"2048\",\"height\":\"2048\",\"caption\":\"Camping Bella Terra\"},\"image\":{\"@id\":\"https:\/\/www.campingbellaterra.com\/de\/#\/schema\/logo\/image\/\"},\"sameAs\":[\"https:\/\/www.facebook.com\/campingbellaterra\/\",\"https:\/\/x.com\/cbellaterra\",\"https:\/\/www.instagram.com\/campingbellaterra\/\",\"https:\/\/www.youtube.com\/c\/Camping-Bellaterra-Blanes\",\"https:\/\/www.tripadvisor.es\/Hotel_Review-g580331-d3328184-Reviews-Camping_Bella_Terra-Blanes_Costa_Brava_Province_of_Girona_Catalonia.html\"]},{\"@type\":\"Person\",\"@id\":\"https:\/\/www.campingbellaterra.com\/de\/#\/schema\/person\/9dafe106b7fade6dd08664bb60ea89ac\",\"name\":\"vado\",\"image\":{\"@type\":\"ImageObject\",\"inLanguage\":\"de\",\"@id\":\"https:\/\/www.campingbellaterra.com\/de\/#\/schema\/person\/image\/\",\"url\":\"https:\/\/secure.gravatar.com\/avatar\/6edab01d4cd19889ac2b69e05f01a3c93227951cf320620732fca472f184e4f5?s=96&d=mm&r=g\",\"contentUrl\":\"https:\/\/secure.gravatar.com\/avatar\/6edab01d4cd19889ac2b69e05f01a3c93227951cf320620732fca472f184e4f5?s=96&d=mm&r=g\",\"caption\":\"vado\"},\"url\":\"https:\/\/www.campingbellaterra.com\/de\/author\/vado\/\"}]}<\/script>\n<!-- \/ Yoast SEO plugin. -->","yoast_head_json":{"title":"Offizielle Ank\u00fcndigung Reservierungen 2018 - Camping Bella Terra","robots":{"index":"index","follow":"follow","max-snippet":"max-snippet:-1","max-image-preview":"max-image-preview:large","max-video-preview":"max-video-preview:-1"},"canonical":"https:\/\/www.campingbellaterra.com\/de\/offizielle-ankuendigung-reservierungen-2018\/","og_locale":"de_DE","og_type":"article","og_title":"Offizielle Ank\u00fcndigung Reservierungen 2018 - Camping Bella Terra","og_description":"Camping Bella Terra plant, die Buchungsperiode f\u00fcr die Saison 2018 ab dem 6. November zu er\u00f6ffnen. Wir bedauern jedoch, Ihnen mitteilen zu m\u00fcssen, dass wir...","og_url":"https:\/\/www.campingbellaterra.com\/de\/offizielle-ankuendigung-reservierungen-2018\/","og_site_name":"Camping Bella Terra","article_publisher":"https:\/\/www.facebook.com\/campingbellaterra\/","article_published_time":"2017-10-27T05:41:56+00:00","article_modified_time":"2022-04-11T14:41:50+00:00","author":"vado","twitter_card":"summary_large_image","twitter_creator":"@cbellaterra","twitter_site":"@cbellaterra","twitter_misc":{"Verfasst von":"vado"},"schema":{"@context":"https:\/\/schema.org","@graph":[{"@type":"Article","@id":"https:\/\/www.campingbellaterra.com\/de\/offizielle-ankuendigung-reservierungen-2018\/#article","isPartOf":{"@id":"https:\/\/www.campingbellaterra.com\/de\/offizielle-ankuendigung-reservierungen-2018\/"},"author":{"name":"vado","@id":"https:\/\/www.campingbellaterra.com\/de\/#\/schema\/person\/9dafe106b7fade6dd08664bb60ea89ac"},"headline":"Offizielle Ank\u00fcndigung Reservierungen 2018","datePublished":"2017-10-27T05:41:56+00:00","dateModified":"2022-04-11T14:41:50+00:00","mainEntityOfPage":{"@id":"https:\/\/www.campingbellaterra.com\/de\/offizielle-ankuendigung-reservierungen-2018\/"},"wordCount":91,"publisher":{"@id":"https:\/\/www.campingbellaterra.com\/de\/#organization"},"articleSection":["blog"],"inLanguage":"de"},{"@type":"WebPage","@id":"https:\/\/www.campingbellaterra.com\/de\/offizielle-ankuendigung-reservierungen-2018\/","url":"https:\/\/www.campingbellaterra.com\/de\/offizielle-ankuendigung-reservierungen-2018\/","name":"Offizielle Ank\u00fcndigung Reservierungen 2018 - Camping Bella Terra","isPartOf":{"@id":"https:\/\/www.campingbellaterra.com\/de\/#website"},"datePublished":"2017-10-27T05:41:56+00:00","dateModified":"2022-04-11T14:41:50+00:00","breadcrumb":{"@id":"https:\/\/www.campingbellaterra.com\/de\/offizielle-ankuendigung-reservierungen-2018\/#breadcrumb"},"inLanguage":"de","potentialAction":[{"@type":"ReadAction","target":["https:\/\/www.campingbellaterra.com\/de\/offizielle-ankuendigung-reservierungen-2018\/"]}]},{"@type":"BreadcrumbList","@id":"https:\/\/www.campingbellaterra.com\/de\/offizielle-ankuendigung-reservierungen-2018\/#breadcrumb","itemListElement":[{"@type":"ListItem","position":1,"name":"Inici","item":"https:\/\/www.campingbellaterra.com\/de\/"},{"@type":"ListItem","position":2,"name":"Offizielle Ank\u00fcndigung Reservierungen 2018"}]},{"@type":"WebSite","@id":"https:\/\/www.campingbellaterra.com\/de\/#website","url":"https:\/\/www.campingbellaterra.com\/de\/","name":"Camping Bella Terra","description":"Otro sitio realizado con WordPress","publisher":{"@id":"https:\/\/www.campingbellaterra.com\/de\/#organization"},"potentialAction":[{"@type":"SearchAction","target":{"@type":"EntryPoint","urlTemplate":"https:\/\/www.campingbellaterra.com\/de\/?s={search_term_string}"},"query-input":{"@type":"PropertyValueSpecification","valueRequired":true,"valueName":"search_term_string"}}],"inLanguage":"de"},{"@type":"Organization","@id":"https:\/\/www.campingbellaterra.com\/de\/#organization","name":"Camping Bella Terra","url":"https:\/\/www.campingbellaterra.com\/de\/","logo":{"@type":"ImageObject","inLanguage":"de","@id":"https:\/\/www.campingbellaterra.com\/de\/#\/schema\/logo\/image\/","url":"https:\/\/www.campingbellaterra.com\/wp-content\/uploads\/logo6.svg","contentUrl":"https:\/\/www.campingbellaterra.com\/wp-content\/uploads\/logo6.svg","width":"2048","height":"2048","caption":"Camping Bella Terra"},"image":{"@id":"https:\/\/www.campingbellaterra.com\/de\/#\/schema\/logo\/image\/"},"sameAs":["https:\/\/www.facebook.com\/campingbellaterra\/","https:\/\/x.com\/cbellaterra","https:\/\/www.instagram.com\/campingbellaterra\/","https:\/\/www.youtube.com\/c\/Camping-Bellaterra-Blanes","https:\/\/www.tripadvisor.es\/Hotel_Review-g580331-d3328184-Reviews-Camping_Bella_Terra-Blanes_Costa_Brava_Province_of_Girona_Catalonia.html"]},{"@type":"Person","@id":"https:\/\/www.campingbellaterra.com\/de\/#\/schema\/person\/9dafe106b7fade6dd08664bb60ea89ac","name":"vado","image":{"@type":"ImageObject","inLanguage":"de","@id":"https:\/\/www.campingbellaterra.com\/de\/#\/schema\/person\/image\/","url":"https:\/\/secure.gravatar.com\/avatar\/6edab01d4cd19889ac2b69e05f01a3c93227951cf320620732fca472f184e4f5?s=96&d=mm&r=g","contentUrl":"https:\/\/secure.gravatar.com\/avatar\/6edab01d4cd19889ac2b69e05f01a3c93227951cf320620732fca472f184e4f5?s=96&d=mm&r=g","caption":"vado"},"url":"https:\/\/www.campingbellaterra.com\/de\/author\/vado\/"}]}},"_links":{"self":[{"href":"https:\/\/www.campingbellaterra.com\/de\/wp-json\/wp\/v2\/posts\/6821","targetHints":{"allow":["GET"]}}],"collection":[{"href":"https:\/\/www.campingbellaterra.com\/de\/wp-json\/wp\/v2\/posts"}],"about":[{"href":"https:\/\/www.campingbellaterra.com\/de\/wp-json\/wp\/v2\/types\/post"}],"author":[{"embeddable":true,"href":"https:\/\/www.campingbellaterra.com\/de\/wp-json\/wp\/v2\/users\/2"}],"replies":[{"embeddable":true,"href":"https:\/\/www.campingbellaterra.com\/de\/wp-json\/wp\/v2\/comments?post=6821"}],"version-history":[{"count":1,"href":"https:\/\/www.campingbellaterra.com\/de\/wp-json\/wp\/v2\/posts\/6821\/revisions"}],"predecessor-version":[{"id":12722,"href":"https:\/\/www.campingbellaterra.com\/de\/wp-json\/wp\/v2\/posts\/6821\/revisions\/12722"}],"wp:attachment":[{"href":"https:\/\/www.campingbellaterra.com\/de\/wp-json\/wp\/v2\/media?parent=6821"}],"wp:term":[{"taxonomy":"category","embeddable":true,"href":"https:\/\/www.campingbellaterra.com\/de\/wp-json\/wp\/v2\/categories?post=6821"},{"taxonomy":"post_tag","embeddable":true,"href":"https:\/\/www.campingbellaterra.com\/de\/wp-json\/wp\/v2\/tags?post=6821"}],"curies":[{"name":"wp","href":"https:\/\/api.w.org\/{rel}","templated":true}]}}