{"id":6833,"date":"2017-12-01T10:50:27","date_gmt":"2017-12-01T09:50:27","guid":{"rendered":"https:\/\/www.campingbellaterra.com\/2018\/01\/12\/blanes-fahrradtourismus\/"},"modified":"2022-04-12T11:42:29","modified_gmt":"2022-04-12T09:42:29","slug":"blanes-fahrradtourismus","status":"publish","type":"post","link":"https:\/\/www.campingbellaterra.com\/de\/blanes-fahrradtourismus\/","title":{"rendered":"Blanes engagiert sich f\u00fcr den fahrradtourismus"},"content":{"rendered":"<p style=\"text-align: justify;\">Die Stadt Blanes ist seit 2009 zertifiziert von der katalanischen Agentur f\u00fcr Tourismus (ACT) als Tourist-Sportdestination (DTE), spezialisiert auf Segeln, Mannschaftssport, Fu\u00dfball und Joggen &nbsp;seit 2013. Eines der wichtigsten Ziele der letzten Jahre, die gearbeitet wurde und woran gearbeitet wird, ist die Konsolidierung der Stadt als Referenzziel f\u00fcr Fahrradtouren.<\/p>\n<p><!--more--><\/p>\n<p style=\"text-align: justify;\">Camping Bella Terra ist eine der Einrichtungen, die von ihrer bescheidenen Position in dieses Engagement der Stadt f\u00fcr den Fahrradtourismus eingebunden ist. Josep Atmetller, Besitzer von Camping Bella Terra, ist einer der Gr\u00fcnder des Verbandes der Costa Brava &#8211; La Selva, dessen Hauptziel die Anerkennung dieses Gebiets als einer der Favoriten des Fahrradtourismus ist. Joan Zurita, Pr\u00e4sident des Vereins und ehemaliger Radfahrer, erkl\u00e4rt, dass \u201ewas das Radfahren bewegt ist mehr und mehr das Territorium, also m\u00fcssen wir daran arbeiten uns auf der Karte zu setzen und die Aufmerksamkeit des Radtourismus in ganz Europa ziehen um sie in unser Gebiet zu bringen. &#8222;<\/p>\n<p>Cytourism ist ein aktiver Tourismus-Typ, der in der Lage ist, das saisonale Problem zu l\u00f6sen und eine echte transzendierende Wirkung auf diese Reiseziele zu erzeugen, wo er sich als erfolgreich erweisen wird. Laut einer Studie des Europ\u00e4ischen Parlaments zum Fahrradtourismus fahren regelm\u00e4\u00dfig 28,8 Millionen Europ\u00e4er Fahrrad. Davon reisen 20,4 Millionen mit mindestens einer \u00dcbernachtung.<\/p>\n<p>Santa Susanna &#8211; Blanes &#8211; Vidreres (8) 64,2 km und 3 Stunden, Blanes &#8211; Hostalric &#8211; Arenys de Mar &#8211; Blanes 72,7 km und 3 Stunden und 36 Minuten Dauer, Blanes &#8211; Sils &#8211; Sant Esteve &#8211; Santa Coloma &#8211; Blanes 153 , 7 km und 8 Stunden und 13 Minuten Dauer und Blanes &#8211; Tossa &#8211; Llagostera &#8211; Blanes 81,7 km und 8 Stunden und 23 Minuten, sind einige der fantastischen Routen, die ideal f\u00fcr Radsportler sind. Vicen\u00e7 Fern\u00e1ndez, Direktor des Campingplatzes Bella Terra, best\u00e4tigt, dass &#8222;man sich auf diese Art von Fahrradtourismus konzentrieren muss, um zu jeder Jahreszeit die Aufmerksamkeit des Fahrradtourismus zu erregen&#8220;.<\/p>\n<p>Dar\u00fcber hinaus hat der Campingplatz Bella Terra den Stempel des Campingplatzes Bed &amp; Bike bekommen, durch die Vereinigung der Campingpl\u00e4tze in Girona, was eine Garantie f\u00fcr Liebhaber dieser Art von Tourismus bedeutet. &#8222;Wir haben Platz geschaffen f\u00fcr die Lagerung von Fahrr\u00e4dern f\u00fcr all jene Kunden, die ihren Urlaub mit ihren Fahrr\u00e4dern genie\u00dfen m\u00f6chten&#8220;, schlie\u00dft Vicen\u00e7 Fern\u00e1ndez.<\/p>\n","protected":false},"excerpt":{"rendered":"<p>Die Stadt Blanes ist seit 2009 zertifiziert von der katalanischen Agentur f\u00fcr Tourismus (ACT) als Tourist-Sportdestination (DTE), spezialisiert auf Segeln, Mannschaftssport, Fu\u00dfball und Joggen &nbsp;seit&#8230;<\/p>\n","protected":false},"author":2,"featured_media":9108,"comment_status":"closed","ping_status":"closed","sticky":false,"template":"","format":"standard","meta":{"_acf_changed":false,"inline_featured_image":false,"_monsterinsights_skip_tracking":false,"_monsterinsights_sitenote_active":false,"_monsterinsights_sitenote_note":"","_monsterinsights_sitenote_category":0,"footnotes":""},"categories":[2278],"tags":[2090,2229,1867,1885,1891,1939,2241,2156],"class_list":["post-6833","post","type-post","status-publish","format-standard","has-post-thumbnail","hentry","category-blog-de","tag-berg-de","tag-besichtigung","tag-blanes-de","tag-bungalows-de","tag-camping-de","tag-costa-brava-de","tag-feiertage","tag-strand-de"],"acf":[],"yoast_head":"<!-- This site is optimized with the Yoast SEO plugin v27.0 - https:\/\/yoast.com\/product\/yoast-seo-wordpress\/ -->\n<title>Blanes engagiert sich f\u00fcr den fahrradtourismus - Camping Bella Terra<\/title>\n<meta name=\"robots\" content=\"index, follow, max-snippet:-1, max-image-preview:large, max-video-preview:-1\" \/>\n<link rel=\"canonical\" href=\"https:\/\/www.campingbellaterra.com\/de\/blanes-fahrradtourismus\/\" \/>\n<meta property=\"og:locale\" content=\"de_DE\" \/>\n<meta property=\"og:type\" content=\"article\" \/>\n<meta property=\"og:title\" content=\"Blanes engagiert sich f\u00fcr den fahrradtourismus - Camping Bella Terra\" \/>\n<meta property=\"og:description\" content=\"Die Stadt Blanes ist seit 2009 zertifiziert von der katalanischen Agentur f\u00fcr Tourismus (ACT) als Tourist-Sportdestination (DTE), spezialisiert auf Segeln, Mannschaftssport, Fu\u00dfball und Joggen &nbsp;seit...\" \/>\n<meta property=\"og:url\" content=\"https:\/\/www.campingbellaterra.com\/de\/blanes-fahrradtourismus\/\" \/>\n<meta property=\"og:site_name\" content=\"Camping Bella Terra\" \/>\n<meta property=\"article:publisher\" content=\"https:\/\/www.facebook.com\/campingbellaterra\/\" \/>\n<meta property=\"article:published_time\" content=\"2017-12-01T09:50:27+00:00\" \/>\n<meta property=\"article:modified_time\" content=\"2022-04-12T09:42:29+00:00\" \/>\n<meta property=\"og:image\" content=\"https:\/\/www.campingbellaterra.com\/wp-content\/uploads\/media\/k2\/items\/src\/c1a11e28afb03c9d81c096faa0a5ce8e.jpg\" \/>\n\t<meta property=\"og:image:width\" content=\"960\" \/>\n\t<meta property=\"og:image:height\" content=\"637\" \/>\n\t<meta property=\"og:image:type\" content=\"image\/jpeg\" \/>\n<meta name=\"author\" content=\"vado\" \/>\n<meta name=\"twitter:card\" content=\"summary_large_image\" \/>\n<meta name=\"twitter:creator\" content=\"@cbellaterra\" \/>\n<meta name=\"twitter:site\" content=\"@cbellaterra\" \/>\n<meta name=\"twitter:label1\" content=\"Verfasst von\" \/>\n\t<meta name=\"twitter:data1\" content=\"vado\" \/>\n\t<meta name=\"twitter:label2\" content=\"Gesch\u00e4tzte Lesezeit\" \/>\n\t<meta name=\"twitter:data2\" content=\"2\u00a0Minuten\" \/>\n<script type=\"application\/ld+json\" class=\"yoast-schema-graph\">{\"@context\":\"https:\/\/schema.org\",\"@graph\":[{\"@type\":\"Article\",\"@id\":\"https:\/\/www.campingbellaterra.com\/de\/blanes-fahrradtourismus\/#article\",\"isPartOf\":{\"@id\":\"https:\/\/www.campingbellaterra.com\/de\/blanes-fahrradtourismus\/\"},\"author\":{\"name\":\"vado\",\"@id\":\"https:\/\/www.campingbellaterra.com\/de\/#\/schema\/person\/9dafe106b7fade6dd08664bb60ea89ac\"},\"headline\":\"Blanes engagiert sich f\u00fcr den fahrradtourismus\",\"datePublished\":\"2017-12-01T09:50:27+00:00\",\"dateModified\":\"2022-04-12T09:42:29+00:00\",\"mainEntityOfPage\":{\"@id\":\"https:\/\/www.campingbellaterra.com\/de\/blanes-fahrradtourismus\/\"},\"wordCount\":382,\"publisher\":{\"@id\":\"https:\/\/www.campingbellaterra.com\/de\/#organization\"},\"image\":{\"@id\":\"https:\/\/www.campingbellaterra.com\/de\/blanes-fahrradtourismus\/#primaryimage\"},\"thumbnailUrl\":\"https:\/\/www.campingbellaterra.com\/wp-content\/uploads\/media\/k2\/items\/src\/c1a11e28afb03c9d81c096faa0a5ce8e.jpg\",\"keywords\":[\"Berg\",\"Besichtigung\",\"blanes\",\"BUNGALOWS\",\"camping\",\"costa brava\",\"Feiertage\",\"Strand\"],\"articleSection\":[\"blog\"],\"inLanguage\":\"de\"},{\"@type\":\"WebPage\",\"@id\":\"https:\/\/www.campingbellaterra.com\/de\/blanes-fahrradtourismus\/\",\"url\":\"https:\/\/www.campingbellaterra.com\/de\/blanes-fahrradtourismus\/\",\"name\":\"Blanes engagiert sich f\u00fcr den fahrradtourismus - Camping Bella Terra\",\"isPartOf\":{\"@id\":\"https:\/\/www.campingbellaterra.com\/de\/#website\"},\"primaryImageOfPage\":{\"@id\":\"https:\/\/www.campingbellaterra.com\/de\/blanes-fahrradtourismus\/#primaryimage\"},\"image\":{\"@id\":\"https:\/\/www.campingbellaterra.com\/de\/blanes-fahrradtourismus\/#primaryimage\"},\"thumbnailUrl\":\"https:\/\/www.campingbellaterra.com\/wp-content\/uploads\/media\/k2\/items\/src\/c1a11e28afb03c9d81c096faa0a5ce8e.jpg\",\"datePublished\":\"2017-12-01T09:50:27+00:00\",\"dateModified\":\"2022-04-12T09:42:29+00:00\",\"breadcrumb\":{\"@id\":\"https:\/\/www.campingbellaterra.com\/de\/blanes-fahrradtourismus\/#breadcrumb\"},\"inLanguage\":\"de\",\"potentialAction\":[{\"@type\":\"ReadAction\",\"target\":[\"https:\/\/www.campingbellaterra.com\/de\/blanes-fahrradtourismus\/\"]}]},{\"@type\":\"ImageObject\",\"inLanguage\":\"de\",\"@id\":\"https:\/\/www.campingbellaterra.com\/de\/blanes-fahrradtourismus\/#primaryimage\",\"url\":\"https:\/\/www.campingbellaterra.com\/wp-content\/uploads\/media\/k2\/items\/src\/c1a11e28afb03c9d81c096faa0a5ce8e.jpg\",\"contentUrl\":\"https:\/\/www.campingbellaterra.com\/wp-content\/uploads\/media\/k2\/items\/src\/c1a11e28afb03c9d81c096faa0a5ce8e.jpg\",\"width\":960,\"height\":637},{\"@type\":\"BreadcrumbList\",\"@id\":\"https:\/\/www.campingbellaterra.com\/de\/blanes-fahrradtourismus\/#breadcrumb\",\"itemListElement\":[{\"@type\":\"ListItem\",\"position\":1,\"name\":\"Inici\",\"item\":\"https:\/\/www.campingbellaterra.com\/de\/\"},{\"@type\":\"ListItem\",\"position\":2,\"name\":\"Blanes engagiert sich f\u00fcr den fahrradtourismus\"}]},{\"@type\":\"WebSite\",\"@id\":\"https:\/\/www.campingbellaterra.com\/de\/#website\",\"url\":\"https:\/\/www.campingbellaterra.com\/de\/\",\"name\":\"Camping Bella Terra\",\"description\":\"Otro sitio realizado con WordPress\",\"publisher\":{\"@id\":\"https:\/\/www.campingbellaterra.com\/de\/#organization\"},\"potentialAction\":[{\"@type\":\"SearchAction\",\"target\":{\"@type\":\"EntryPoint\",\"urlTemplate\":\"https:\/\/www.campingbellaterra.com\/de\/?s={search_term_string}\"},\"query-input\":{\"@type\":\"PropertyValueSpecification\",\"valueRequired\":true,\"valueName\":\"search_term_string\"}}],\"inLanguage\":\"de\"},{\"@type\":\"Organization\",\"@id\":\"https:\/\/www.campingbellaterra.com\/de\/#organization\",\"name\":\"Camping Bella Terra\",\"url\":\"https:\/\/www.campingbellaterra.com\/de\/\",\"logo\":{\"@type\":\"ImageObject\",\"inLanguage\":\"de\",\"@id\":\"https:\/\/www.campingbellaterra.com\/de\/#\/schema\/logo\/image\/\",\"url\":\"https:\/\/www.campingbellaterra.com\/wp-content\/uploads\/logo6.svg\",\"contentUrl\":\"https:\/\/www.campingbellaterra.com\/wp-content\/uploads\/logo6.svg\",\"width\":\"2048\",\"height\":\"2048\",\"caption\":\"Camping Bella Terra\"},\"image\":{\"@id\":\"https:\/\/www.campingbellaterra.com\/de\/#\/schema\/logo\/image\/\"},\"sameAs\":[\"https:\/\/www.facebook.com\/campingbellaterra\/\",\"https:\/\/x.com\/cbellaterra\",\"https:\/\/www.instagram.com\/campingbellaterra\/\",\"https:\/\/www.youtube.com\/c\/Camping-Bellaterra-Blanes\",\"https:\/\/www.tripadvisor.es\/Hotel_Review-g580331-d3328184-Reviews-Camping_Bella_Terra-Blanes_Costa_Brava_Province_of_Girona_Catalonia.html\"]},{\"@type\":\"Person\",\"@id\":\"https:\/\/www.campingbellaterra.com\/de\/#\/schema\/person\/9dafe106b7fade6dd08664bb60ea89ac\",\"name\":\"vado\",\"image\":{\"@type\":\"ImageObject\",\"inLanguage\":\"de\",\"@id\":\"https:\/\/www.campingbellaterra.com\/de\/#\/schema\/person\/image\/\",\"url\":\"https:\/\/secure.gravatar.com\/avatar\/6edab01d4cd19889ac2b69e05f01a3c93227951cf320620732fca472f184e4f5?s=96&d=mm&r=g\",\"contentUrl\":\"https:\/\/secure.gravatar.com\/avatar\/6edab01d4cd19889ac2b69e05f01a3c93227951cf320620732fca472f184e4f5?s=96&d=mm&r=g\",\"caption\":\"vado\"},\"url\":\"https:\/\/www.campingbellaterra.com\/de\/author\/vado\/\"}]}<\/script>\n<!-- \/ Yoast SEO plugin. -->","yoast_head_json":{"title":"Blanes engagiert sich f\u00fcr den fahrradtourismus - Camping Bella Terra","robots":{"index":"index","follow":"follow","max-snippet":"max-snippet:-1","max-image-preview":"max-image-preview:large","max-video-preview":"max-video-preview:-1"},"canonical":"https:\/\/www.campingbellaterra.com\/de\/blanes-fahrradtourismus\/","og_locale":"de_DE","og_type":"article","og_title":"Blanes engagiert sich f\u00fcr den fahrradtourismus - Camping Bella Terra","og_description":"Die Stadt Blanes ist seit 2009 zertifiziert von der katalanischen Agentur f\u00fcr Tourismus (ACT) als Tourist-Sportdestination (DTE), spezialisiert auf Segeln, Mannschaftssport, Fu\u00dfball und Joggen &nbsp;seit...","og_url":"https:\/\/www.campingbellaterra.com\/de\/blanes-fahrradtourismus\/","og_site_name":"Camping Bella Terra","article_publisher":"https:\/\/www.facebook.com\/campingbellaterra\/","article_published_time":"2017-12-01T09:50:27+00:00","article_modified_time":"2022-04-12T09:42:29+00:00","og_image":[{"width":960,"height":637,"url":"https:\/\/www.campingbellaterra.com\/wp-content\/uploads\/media\/k2\/items\/src\/c1a11e28afb03c9d81c096faa0a5ce8e.jpg","type":"image\/jpeg"}],"author":"vado","twitter_card":"summary_large_image","twitter_creator":"@cbellaterra","twitter_site":"@cbellaterra","twitter_misc":{"Verfasst von":"vado","Gesch\u00e4tzte Lesezeit":"2\u00a0Minuten"},"schema":{"@context":"https:\/\/schema.org","@graph":[{"@type":"Article","@id":"https:\/\/www.campingbellaterra.com\/de\/blanes-fahrradtourismus\/#article","isPartOf":{"@id":"https:\/\/www.campingbellaterra.com\/de\/blanes-fahrradtourismus\/"},"author":{"name":"vado","@id":"https:\/\/www.campingbellaterra.com\/de\/#\/schema\/person\/9dafe106b7fade6dd08664bb60ea89ac"},"headline":"Blanes engagiert sich f\u00fcr den fahrradtourismus","datePublished":"2017-12-01T09:50:27+00:00","dateModified":"2022-04-12T09:42:29+00:00","mainEntityOfPage":{"@id":"https:\/\/www.campingbellaterra.com\/de\/blanes-fahrradtourismus\/"},"wordCount":382,"publisher":{"@id":"https:\/\/www.campingbellaterra.com\/de\/#organization"},"image":{"@id":"https:\/\/www.campingbellaterra.com\/de\/blanes-fahrradtourismus\/#primaryimage"},"thumbnailUrl":"https:\/\/www.campingbellaterra.com\/wp-content\/uploads\/media\/k2\/items\/src\/c1a11e28afb03c9d81c096faa0a5ce8e.jpg","keywords":["Berg","Besichtigung","blanes","BUNGALOWS","camping","costa brava","Feiertage","Strand"],"articleSection":["blog"],"inLanguage":"de"},{"@type":"WebPage","@id":"https:\/\/www.campingbellaterra.com\/de\/blanes-fahrradtourismus\/","url":"https:\/\/www.campingbellaterra.com\/de\/blanes-fahrradtourismus\/","name":"Blanes engagiert sich f\u00fcr den fahrradtourismus - Camping Bella Terra","isPartOf":{"@id":"https:\/\/www.campingbellaterra.com\/de\/#website"},"primaryImageOfPage":{"@id":"https:\/\/www.campingbellaterra.com\/de\/blanes-fahrradtourismus\/#primaryimage"},"image":{"@id":"https:\/\/www.campingbellaterra.com\/de\/blanes-fahrradtourismus\/#primaryimage"},"thumbnailUrl":"https:\/\/www.campingbellaterra.com\/wp-content\/uploads\/media\/k2\/items\/src\/c1a11e28afb03c9d81c096faa0a5ce8e.jpg","datePublished":"2017-12-01T09:50:27+00:00","dateModified":"2022-04-12T09:42:29+00:00","breadcrumb":{"@id":"https:\/\/www.campingbellaterra.com\/de\/blanes-fahrradtourismus\/#breadcrumb"},"inLanguage":"de","potentialAction":[{"@type":"ReadAction","target":["https:\/\/www.campingbellaterra.com\/de\/blanes-fahrradtourismus\/"]}]},{"@type":"ImageObject","inLanguage":"de","@id":"https:\/\/www.campingbellaterra.com\/de\/blanes-fahrradtourismus\/#primaryimage","url":"https:\/\/www.campingbellaterra.com\/wp-content\/uploads\/media\/k2\/items\/src\/c1a11e28afb03c9d81c096faa0a5ce8e.jpg","contentUrl":"https:\/\/www.campingbellaterra.com\/wp-content\/uploads\/media\/k2\/items\/src\/c1a11e28afb03c9d81c096faa0a5ce8e.jpg","width":960,"height":637},{"@type":"BreadcrumbList","@id":"https:\/\/www.campingbellaterra.com\/de\/blanes-fahrradtourismus\/#breadcrumb","itemListElement":[{"@type":"ListItem","position":1,"name":"Inici","item":"https:\/\/www.campingbellaterra.com\/de\/"},{"@type":"ListItem","position":2,"name":"Blanes engagiert sich f\u00fcr den fahrradtourismus"}]},{"@type":"WebSite","@id":"https:\/\/www.campingbellaterra.com\/de\/#website","url":"https:\/\/www.campingbellaterra.com\/de\/","name":"Camping Bella Terra","description":"Otro sitio realizado con WordPress","publisher":{"@id":"https:\/\/www.campingbellaterra.com\/de\/#organization"},"potentialAction":[{"@type":"SearchAction","target":{"@type":"EntryPoint","urlTemplate":"https:\/\/www.campingbellaterra.com\/de\/?s={search_term_string}"},"query-input":{"@type":"PropertyValueSpecification","valueRequired":true,"valueName":"search_term_string"}}],"inLanguage":"de"},{"@type":"Organization","@id":"https:\/\/www.campingbellaterra.com\/de\/#organization","name":"Camping Bella Terra","url":"https:\/\/www.campingbellaterra.com\/de\/","logo":{"@type":"ImageObject","inLanguage":"de","@id":"https:\/\/www.campingbellaterra.com\/de\/#\/schema\/logo\/image\/","url":"https:\/\/www.campingbellaterra.com\/wp-content\/uploads\/logo6.svg","contentUrl":"https:\/\/www.campingbellaterra.com\/wp-content\/uploads\/logo6.svg","width":"2048","height":"2048","caption":"Camping Bella Terra"},"image":{"@id":"https:\/\/www.campingbellaterra.com\/de\/#\/schema\/logo\/image\/"},"sameAs":["https:\/\/www.facebook.com\/campingbellaterra\/","https:\/\/x.com\/cbellaterra","https:\/\/www.instagram.com\/campingbellaterra\/","https:\/\/www.youtube.com\/c\/Camping-Bellaterra-Blanes","https:\/\/www.tripadvisor.es\/Hotel_Review-g580331-d3328184-Reviews-Camping_Bella_Terra-Blanes_Costa_Brava_Province_of_Girona_Catalonia.html"]},{"@type":"Person","@id":"https:\/\/www.campingbellaterra.com\/de\/#\/schema\/person\/9dafe106b7fade6dd08664bb60ea89ac","name":"vado","image":{"@type":"ImageObject","inLanguage":"de","@id":"https:\/\/www.campingbellaterra.com\/de\/#\/schema\/person\/image\/","url":"https:\/\/secure.gravatar.com\/avatar\/6edab01d4cd19889ac2b69e05f01a3c93227951cf320620732fca472f184e4f5?s=96&d=mm&r=g","contentUrl":"https:\/\/secure.gravatar.com\/avatar\/6edab01d4cd19889ac2b69e05f01a3c93227951cf320620732fca472f184e4f5?s=96&d=mm&r=g","caption":"vado"},"url":"https:\/\/www.campingbellaterra.com\/de\/author\/vado\/"}]}},"_links":{"self":[{"href":"https:\/\/www.campingbellaterra.com\/de\/wp-json\/wp\/v2\/posts\/6833","targetHints":{"allow":["GET"]}}],"collection":[{"href":"https:\/\/www.campingbellaterra.com\/de\/wp-json\/wp\/v2\/posts"}],"about":[{"href":"https:\/\/www.campingbellaterra.com\/de\/wp-json\/wp\/v2\/types\/post"}],"author":[{"embeddable":true,"href":"https:\/\/www.campingbellaterra.com\/de\/wp-json\/wp\/v2\/users\/2"}],"replies":[{"embeddable":true,"href":"https:\/\/www.campingbellaterra.com\/de\/wp-json\/wp\/v2\/comments?post=6833"}],"version-history":[{"count":1,"href":"https:\/\/www.campingbellaterra.com\/de\/wp-json\/wp\/v2\/posts\/6833\/revisions"}],"predecessor-version":[{"id":11037,"href":"https:\/\/www.campingbellaterra.com\/de\/wp-json\/wp\/v2\/posts\/6833\/revisions\/11037"}],"wp:featuredmedia":[{"embeddable":true,"href":"https:\/\/www.campingbellaterra.com\/de\/wp-json\/wp\/v2\/media\/9108"}],"wp:attachment":[{"href":"https:\/\/www.campingbellaterra.com\/de\/wp-json\/wp\/v2\/media?parent=6833"}],"wp:term":[{"taxonomy":"category","embeddable":true,"href":"https:\/\/www.campingbellaterra.com\/de\/wp-json\/wp\/v2\/categories?post=6833"},{"taxonomy":"post_tag","embeddable":true,"href":"https:\/\/www.campingbellaterra.com\/de\/wp-json\/wp\/v2\/tags?post=6833"}],"curies":[{"name":"wp","href":"https:\/\/api.w.org\/{rel}","templated":true}]}}