{"id":6845,"date":"2018-01-25T16:18:41","date_gmt":"2018-01-25T15:18:41","guid":{"rendered":"https:\/\/www.campingbellaterra.com\/2018\/01\/26\/camping-bella-terra-des-vakantiebeurs18\/"},"modified":"2022-04-12T11:38:14","modified_gmt":"2022-04-12T09:38:14","slug":"camping-bella-terra-des-vakantiebeurs18","status":"publish","type":"post","link":"https:\/\/www.campingbellaterra.com\/de\/camping-bella-terra-des-vakantiebeurs18\/","title":{"rendered":"Camping Bella Terra, anwesend bei der neuesten Ausgabe des Vakantiebeurs"},"content":{"rendered":"<p>Der Familiencampingplatz in Blanes, der am 24. M\u00e4rz seine T\u00fcren \u00f6ffnet, hat in der 29st Ausgabe der wichtigsten Messe in den Niederlanden die wichtigsten Details der neuen Saison vorgestellt.<\/p>\n<p><!--more--><\/p>\n<p>Camping Bella Terra nahm an der Ausgabe der Vakantiebeurs teil, die vom 10. bis 14. Januar auf dem Messegel\u00e4nde in Utrecht stattfand. Vakantiebeurs ist die wichtigste Tourismusmesse in den Niederlanden, wo sich die besten Unternehmen und Fachleute aus der Branche treffen, um ihre Produkte, Dienstleistungen und Neuigkeiten bekannt zu geben und Kontakte mit potenziellen neuen Kunden zu kn\u00fcpfen. Diese 29st &nbsp;Ausgabe der Ausstellung hatte eine Besucherzahl von insgesamt 105.369.<\/p>\n<p>Camping Bella Terra, ein weiteres Jahr im Vakantiebeurs, wo sie seit mehr als 15 Jahren pr\u00e4sent sind. Georges und Marjo Wilekens, ein Paar von belgischer Nationalit\u00e4t und lebenslange Kunden, waren die Menschen, die das Image des Campingplatzes w\u00e4hrend der f\u00fcnf Tage der Show repr\u00e4sentierten. &#8222;Wir sind seit mehr als 40 Jahren auf Camping Bella Terra und wir freuen uns auf die Ankunft der neuen Saison, um alle Einrichtungen zu genie\u00dfen&#8220;, so Georges Wilekens.<\/p>\n<p>&#8222;Der niederl\u00e4ndische Markt ist ein sehr wichtiger Teil unseres Unternehmens und deshalb ist es wichtig, f\u00fcr ein weiteres Jahr pr\u00e4sent zu sein.&#8220; Wir haben eine sehr positive Bilanz der B\u00f6rse, weil wir mit unseren Stammkunden und potenziellen Kunden in Kontakt treten konnten. Loyalit\u00e4t aufzubauen, das niederl\u00e4ndische Publikum, mit dem seit Jahren ein Vertrauensverh\u00e4ltnis besteht &#8222;, sagt Vicen\u00e7 Fern\u00e1ndez, Direktor von Camping Bella Terra.<\/p>\n<p>Die holl\u00e4ndische Ferienmesse hat f\u00fcr die Saison dieses Jahres die wichtigsten Neuigkeiten von Camping Bella Terra bekannt gegeben. Momentan passt der Campingplatz seine Einrichtungen an und macht Verbesserungsarbeiten f\u00fcr die Er\u00f6ffnung am Samstag, 24. M\u00e4rz.<\/p>\n","protected":false},"excerpt":{"rendered":"<p>Der Familiencampingplatz in Blanes, der am 24. M\u00e4rz seine T\u00fcren \u00f6ffnet, hat in der 29st Ausgabe der wichtigsten Messe in den Niederlanden die wichtigsten Details&#8230;<\/p>\n","protected":false},"author":2,"featured_media":9147,"comment_status":"closed","ping_status":"closed","sticky":false,"template":"","format":"standard","meta":{"_acf_changed":false,"inline_featured_image":false,"_monsterinsights_skip_tracking":false,"_monsterinsights_sitenote_active":false,"_monsterinsights_sitenote_note":"","_monsterinsights_sitenote_category":0,"footnotes":""},"categories":[2278],"tags":[2090,2229,1867,1885,1891,1939,2241,2156],"class_list":["post-6845","post","type-post","status-publish","format-standard","has-post-thumbnail","hentry","category-blog-de","tag-berg-de","tag-besichtigung","tag-blanes-de","tag-bungalows-de","tag-camping-de","tag-costa-brava-de","tag-feiertage","tag-strand-de"],"acf":[],"yoast_head":"<!-- This site is optimized with the Yoast SEO plugin v27.0 - https:\/\/yoast.com\/product\/yoast-seo-wordpress\/ -->\n<title>Camping Bella Terra, anwesend bei der neuesten Ausgabe des Vakantiebeurs - Camping Bella Terra<\/title>\n<meta name=\"robots\" content=\"index, follow, max-snippet:-1, max-image-preview:large, max-video-preview:-1\" \/>\n<link rel=\"canonical\" href=\"https:\/\/www.campingbellaterra.com\/de\/camping-bella-terra-des-vakantiebeurs18\/\" \/>\n<meta property=\"og:locale\" content=\"de_DE\" \/>\n<meta property=\"og:type\" content=\"article\" \/>\n<meta property=\"og:title\" content=\"Camping Bella Terra, anwesend bei der neuesten Ausgabe des Vakantiebeurs - Camping Bella Terra\" \/>\n<meta property=\"og:description\" content=\"Der Familiencampingplatz in Blanes, der am 24. M\u00e4rz seine T\u00fcren \u00f6ffnet, hat in der 29st Ausgabe der wichtigsten Messe in den Niederlanden die wichtigsten Details...\" \/>\n<meta property=\"og:url\" content=\"https:\/\/www.campingbellaterra.com\/de\/camping-bella-terra-des-vakantiebeurs18\/\" \/>\n<meta property=\"og:site_name\" content=\"Camping Bella Terra\" \/>\n<meta property=\"article:publisher\" content=\"https:\/\/www.facebook.com\/campingbellaterra\/\" \/>\n<meta property=\"article:published_time\" content=\"2018-01-25T15:18:41+00:00\" \/>\n<meta property=\"article:modified_time\" content=\"2022-04-12T09:38:14+00:00\" \/>\n<meta property=\"og:image\" content=\"https:\/\/www.campingbellaterra.com\/wp-content\/uploads\/media\/k2\/items\/src\/3bd6583af5a14653b7b54db2c9fe7f3e.jpg\" \/>\n\t<meta property=\"og:image:width\" content=\"400\" \/>\n\t<meta property=\"og:image:height\" content=\"275\" \/>\n\t<meta property=\"og:image:type\" content=\"image\/jpeg\" \/>\n<meta name=\"author\" content=\"vado\" \/>\n<meta name=\"twitter:card\" content=\"summary_large_image\" \/>\n<meta name=\"twitter:creator\" content=\"@cbellaterra\" \/>\n<meta name=\"twitter:site\" content=\"@cbellaterra\" \/>\n<meta name=\"twitter:label1\" content=\"Verfasst von\" \/>\n\t<meta name=\"twitter:data1\" content=\"vado\" \/>\n\t<meta name=\"twitter:label2\" content=\"Gesch\u00e4tzte Lesezeit\" \/>\n\t<meta name=\"twitter:data2\" content=\"1\u00a0Minute\" \/>\n<script type=\"application\/ld+json\" class=\"yoast-schema-graph\">{\"@context\":\"https:\/\/schema.org\",\"@graph\":[{\"@type\":\"Article\",\"@id\":\"https:\/\/www.campingbellaterra.com\/de\/camping-bella-terra-des-vakantiebeurs18\/#article\",\"isPartOf\":{\"@id\":\"https:\/\/www.campingbellaterra.com\/de\/camping-bella-terra-des-vakantiebeurs18\/\"},\"author\":{\"name\":\"vado\",\"@id\":\"https:\/\/www.campingbellaterra.com\/de\/#\/schema\/person\/9dafe106b7fade6dd08664bb60ea89ac\"},\"headline\":\"Camping Bella Terra, anwesend bei der neuesten Ausgabe des Vakantiebeurs\",\"datePublished\":\"2018-01-25T15:18:41+00:00\",\"dateModified\":\"2022-04-12T09:38:14+00:00\",\"mainEntityOfPage\":{\"@id\":\"https:\/\/www.campingbellaterra.com\/de\/camping-bella-terra-des-vakantiebeurs18\/\"},\"wordCount\":295,\"publisher\":{\"@id\":\"https:\/\/www.campingbellaterra.com\/de\/#organization\"},\"image\":{\"@id\":\"https:\/\/www.campingbellaterra.com\/de\/camping-bella-terra-des-vakantiebeurs18\/#primaryimage\"},\"thumbnailUrl\":\"https:\/\/www.campingbellaterra.com\/wp-content\/uploads\/media\/k2\/items\/src\/3bd6583af5a14653b7b54db2c9fe7f3e.jpg\",\"keywords\":[\"Berg\",\"Besichtigung\",\"blanes\",\"BUNGALOWS\",\"camping\",\"costa brava\",\"Feiertage\",\"Strand\"],\"articleSection\":[\"blog\"],\"inLanguage\":\"de\"},{\"@type\":\"WebPage\",\"@id\":\"https:\/\/www.campingbellaterra.com\/de\/camping-bella-terra-des-vakantiebeurs18\/\",\"url\":\"https:\/\/www.campingbellaterra.com\/de\/camping-bella-terra-des-vakantiebeurs18\/\",\"name\":\"Camping Bella Terra, anwesend bei der neuesten Ausgabe des Vakantiebeurs - Camping Bella Terra\",\"isPartOf\":{\"@id\":\"https:\/\/www.campingbellaterra.com\/de\/#website\"},\"primaryImageOfPage\":{\"@id\":\"https:\/\/www.campingbellaterra.com\/de\/camping-bella-terra-des-vakantiebeurs18\/#primaryimage\"},\"image\":{\"@id\":\"https:\/\/www.campingbellaterra.com\/de\/camping-bella-terra-des-vakantiebeurs18\/#primaryimage\"},\"thumbnailUrl\":\"https:\/\/www.campingbellaterra.com\/wp-content\/uploads\/media\/k2\/items\/src\/3bd6583af5a14653b7b54db2c9fe7f3e.jpg\",\"datePublished\":\"2018-01-25T15:18:41+00:00\",\"dateModified\":\"2022-04-12T09:38:14+00:00\",\"breadcrumb\":{\"@id\":\"https:\/\/www.campingbellaterra.com\/de\/camping-bella-terra-des-vakantiebeurs18\/#breadcrumb\"},\"inLanguage\":\"de\",\"potentialAction\":[{\"@type\":\"ReadAction\",\"target\":[\"https:\/\/www.campingbellaterra.com\/de\/camping-bella-terra-des-vakantiebeurs18\/\"]}]},{\"@type\":\"ImageObject\",\"inLanguage\":\"de\",\"@id\":\"https:\/\/www.campingbellaterra.com\/de\/camping-bella-terra-des-vakantiebeurs18\/#primaryimage\",\"url\":\"https:\/\/www.campingbellaterra.com\/wp-content\/uploads\/media\/k2\/items\/src\/3bd6583af5a14653b7b54db2c9fe7f3e.jpg\",\"contentUrl\":\"https:\/\/www.campingbellaterra.com\/wp-content\/uploads\/media\/k2\/items\/src\/3bd6583af5a14653b7b54db2c9fe7f3e.jpg\",\"width\":400,\"height\":275},{\"@type\":\"BreadcrumbList\",\"@id\":\"https:\/\/www.campingbellaterra.com\/de\/camping-bella-terra-des-vakantiebeurs18\/#breadcrumb\",\"itemListElement\":[{\"@type\":\"ListItem\",\"position\":1,\"name\":\"Inici\",\"item\":\"https:\/\/www.campingbellaterra.com\/de\/\"},{\"@type\":\"ListItem\",\"position\":2,\"name\":\"Camping Bella Terra, anwesend bei der neuesten Ausgabe des Vakantiebeurs\"}]},{\"@type\":\"WebSite\",\"@id\":\"https:\/\/www.campingbellaterra.com\/de\/#website\",\"url\":\"https:\/\/www.campingbellaterra.com\/de\/\",\"name\":\"Camping Bella Terra\",\"description\":\"Otro sitio realizado con WordPress\",\"publisher\":{\"@id\":\"https:\/\/www.campingbellaterra.com\/de\/#organization\"},\"potentialAction\":[{\"@type\":\"SearchAction\",\"target\":{\"@type\":\"EntryPoint\",\"urlTemplate\":\"https:\/\/www.campingbellaterra.com\/de\/?s={search_term_string}\"},\"query-input\":{\"@type\":\"PropertyValueSpecification\",\"valueRequired\":true,\"valueName\":\"search_term_string\"}}],\"inLanguage\":\"de\"},{\"@type\":\"Organization\",\"@id\":\"https:\/\/www.campingbellaterra.com\/de\/#organization\",\"name\":\"Camping Bella Terra\",\"url\":\"https:\/\/www.campingbellaterra.com\/de\/\",\"logo\":{\"@type\":\"ImageObject\",\"inLanguage\":\"de\",\"@id\":\"https:\/\/www.campingbellaterra.com\/de\/#\/schema\/logo\/image\/\",\"url\":\"https:\/\/www.campingbellaterra.com\/wp-content\/uploads\/logo6.svg\",\"contentUrl\":\"https:\/\/www.campingbellaterra.com\/wp-content\/uploads\/logo6.svg\",\"width\":\"2048\",\"height\":\"2048\",\"caption\":\"Camping Bella Terra\"},\"image\":{\"@id\":\"https:\/\/www.campingbellaterra.com\/de\/#\/schema\/logo\/image\/\"},\"sameAs\":[\"https:\/\/www.facebook.com\/campingbellaterra\/\",\"https:\/\/x.com\/cbellaterra\",\"https:\/\/www.instagram.com\/campingbellaterra\/\",\"https:\/\/www.youtube.com\/c\/Camping-Bellaterra-Blanes\",\"https:\/\/www.tripadvisor.es\/Hotel_Review-g580331-d3328184-Reviews-Camping_Bella_Terra-Blanes_Costa_Brava_Province_of_Girona_Catalonia.html\"]},{\"@type\":\"Person\",\"@id\":\"https:\/\/www.campingbellaterra.com\/de\/#\/schema\/person\/9dafe106b7fade6dd08664bb60ea89ac\",\"name\":\"vado\",\"image\":{\"@type\":\"ImageObject\",\"inLanguage\":\"de\",\"@id\":\"https:\/\/www.campingbellaterra.com\/de\/#\/schema\/person\/image\/\",\"url\":\"https:\/\/secure.gravatar.com\/avatar\/6edab01d4cd19889ac2b69e05f01a3c93227951cf320620732fca472f184e4f5?s=96&d=mm&r=g\",\"contentUrl\":\"https:\/\/secure.gravatar.com\/avatar\/6edab01d4cd19889ac2b69e05f01a3c93227951cf320620732fca472f184e4f5?s=96&d=mm&r=g\",\"caption\":\"vado\"},\"url\":\"https:\/\/www.campingbellaterra.com\/de\/author\/vado\/\"}]}<\/script>\n<!-- \/ Yoast SEO plugin. -->","yoast_head_json":{"title":"Camping Bella Terra, anwesend bei der neuesten Ausgabe des Vakantiebeurs - Camping Bella Terra","robots":{"index":"index","follow":"follow","max-snippet":"max-snippet:-1","max-image-preview":"max-image-preview:large","max-video-preview":"max-video-preview:-1"},"canonical":"https:\/\/www.campingbellaterra.com\/de\/camping-bella-terra-des-vakantiebeurs18\/","og_locale":"de_DE","og_type":"article","og_title":"Camping Bella Terra, anwesend bei der neuesten Ausgabe des Vakantiebeurs - Camping Bella Terra","og_description":"Der Familiencampingplatz in Blanes, der am 24. M\u00e4rz seine T\u00fcren \u00f6ffnet, hat in der 29st Ausgabe der wichtigsten Messe in den Niederlanden die wichtigsten Details...","og_url":"https:\/\/www.campingbellaterra.com\/de\/camping-bella-terra-des-vakantiebeurs18\/","og_site_name":"Camping Bella Terra","article_publisher":"https:\/\/www.facebook.com\/campingbellaterra\/","article_published_time":"2018-01-25T15:18:41+00:00","article_modified_time":"2022-04-12T09:38:14+00:00","og_image":[{"width":400,"height":275,"url":"https:\/\/www.campingbellaterra.com\/wp-content\/uploads\/media\/k2\/items\/src\/3bd6583af5a14653b7b54db2c9fe7f3e.jpg","type":"image\/jpeg"}],"author":"vado","twitter_card":"summary_large_image","twitter_creator":"@cbellaterra","twitter_site":"@cbellaterra","twitter_misc":{"Verfasst von":"vado","Gesch\u00e4tzte Lesezeit":"1\u00a0Minute"},"schema":{"@context":"https:\/\/schema.org","@graph":[{"@type":"Article","@id":"https:\/\/www.campingbellaterra.com\/de\/camping-bella-terra-des-vakantiebeurs18\/#article","isPartOf":{"@id":"https:\/\/www.campingbellaterra.com\/de\/camping-bella-terra-des-vakantiebeurs18\/"},"author":{"name":"vado","@id":"https:\/\/www.campingbellaterra.com\/de\/#\/schema\/person\/9dafe106b7fade6dd08664bb60ea89ac"},"headline":"Camping Bella Terra, anwesend bei der neuesten Ausgabe des Vakantiebeurs","datePublished":"2018-01-25T15:18:41+00:00","dateModified":"2022-04-12T09:38:14+00:00","mainEntityOfPage":{"@id":"https:\/\/www.campingbellaterra.com\/de\/camping-bella-terra-des-vakantiebeurs18\/"},"wordCount":295,"publisher":{"@id":"https:\/\/www.campingbellaterra.com\/de\/#organization"},"image":{"@id":"https:\/\/www.campingbellaterra.com\/de\/camping-bella-terra-des-vakantiebeurs18\/#primaryimage"},"thumbnailUrl":"https:\/\/www.campingbellaterra.com\/wp-content\/uploads\/media\/k2\/items\/src\/3bd6583af5a14653b7b54db2c9fe7f3e.jpg","keywords":["Berg","Besichtigung","blanes","BUNGALOWS","camping","costa brava","Feiertage","Strand"],"articleSection":["blog"],"inLanguage":"de"},{"@type":"WebPage","@id":"https:\/\/www.campingbellaterra.com\/de\/camping-bella-terra-des-vakantiebeurs18\/","url":"https:\/\/www.campingbellaterra.com\/de\/camping-bella-terra-des-vakantiebeurs18\/","name":"Camping Bella Terra, anwesend bei der neuesten Ausgabe des Vakantiebeurs - Camping Bella Terra","isPartOf":{"@id":"https:\/\/www.campingbellaterra.com\/de\/#website"},"primaryImageOfPage":{"@id":"https:\/\/www.campingbellaterra.com\/de\/camping-bella-terra-des-vakantiebeurs18\/#primaryimage"},"image":{"@id":"https:\/\/www.campingbellaterra.com\/de\/camping-bella-terra-des-vakantiebeurs18\/#primaryimage"},"thumbnailUrl":"https:\/\/www.campingbellaterra.com\/wp-content\/uploads\/media\/k2\/items\/src\/3bd6583af5a14653b7b54db2c9fe7f3e.jpg","datePublished":"2018-01-25T15:18:41+00:00","dateModified":"2022-04-12T09:38:14+00:00","breadcrumb":{"@id":"https:\/\/www.campingbellaterra.com\/de\/camping-bella-terra-des-vakantiebeurs18\/#breadcrumb"},"inLanguage":"de","potentialAction":[{"@type":"ReadAction","target":["https:\/\/www.campingbellaterra.com\/de\/camping-bella-terra-des-vakantiebeurs18\/"]}]},{"@type":"ImageObject","inLanguage":"de","@id":"https:\/\/www.campingbellaterra.com\/de\/camping-bella-terra-des-vakantiebeurs18\/#primaryimage","url":"https:\/\/www.campingbellaterra.com\/wp-content\/uploads\/media\/k2\/items\/src\/3bd6583af5a14653b7b54db2c9fe7f3e.jpg","contentUrl":"https:\/\/www.campingbellaterra.com\/wp-content\/uploads\/media\/k2\/items\/src\/3bd6583af5a14653b7b54db2c9fe7f3e.jpg","width":400,"height":275},{"@type":"BreadcrumbList","@id":"https:\/\/www.campingbellaterra.com\/de\/camping-bella-terra-des-vakantiebeurs18\/#breadcrumb","itemListElement":[{"@type":"ListItem","position":1,"name":"Inici","item":"https:\/\/www.campingbellaterra.com\/de\/"},{"@type":"ListItem","position":2,"name":"Camping Bella Terra, anwesend bei der neuesten Ausgabe des Vakantiebeurs"}]},{"@type":"WebSite","@id":"https:\/\/www.campingbellaterra.com\/de\/#website","url":"https:\/\/www.campingbellaterra.com\/de\/","name":"Camping Bella Terra","description":"Otro sitio realizado con WordPress","publisher":{"@id":"https:\/\/www.campingbellaterra.com\/de\/#organization"},"potentialAction":[{"@type":"SearchAction","target":{"@type":"EntryPoint","urlTemplate":"https:\/\/www.campingbellaterra.com\/de\/?s={search_term_string}"},"query-input":{"@type":"PropertyValueSpecification","valueRequired":true,"valueName":"search_term_string"}}],"inLanguage":"de"},{"@type":"Organization","@id":"https:\/\/www.campingbellaterra.com\/de\/#organization","name":"Camping Bella Terra","url":"https:\/\/www.campingbellaterra.com\/de\/","logo":{"@type":"ImageObject","inLanguage":"de","@id":"https:\/\/www.campingbellaterra.com\/de\/#\/schema\/logo\/image\/","url":"https:\/\/www.campingbellaterra.com\/wp-content\/uploads\/logo6.svg","contentUrl":"https:\/\/www.campingbellaterra.com\/wp-content\/uploads\/logo6.svg","width":"2048","height":"2048","caption":"Camping Bella Terra"},"image":{"@id":"https:\/\/www.campingbellaterra.com\/de\/#\/schema\/logo\/image\/"},"sameAs":["https:\/\/www.facebook.com\/campingbellaterra\/","https:\/\/x.com\/cbellaterra","https:\/\/www.instagram.com\/campingbellaterra\/","https:\/\/www.youtube.com\/c\/Camping-Bellaterra-Blanes","https:\/\/www.tripadvisor.es\/Hotel_Review-g580331-d3328184-Reviews-Camping_Bella_Terra-Blanes_Costa_Brava_Province_of_Girona_Catalonia.html"]},{"@type":"Person","@id":"https:\/\/www.campingbellaterra.com\/de\/#\/schema\/person\/9dafe106b7fade6dd08664bb60ea89ac","name":"vado","image":{"@type":"ImageObject","inLanguage":"de","@id":"https:\/\/www.campingbellaterra.com\/de\/#\/schema\/person\/image\/","url":"https:\/\/secure.gravatar.com\/avatar\/6edab01d4cd19889ac2b69e05f01a3c93227951cf320620732fca472f184e4f5?s=96&d=mm&r=g","contentUrl":"https:\/\/secure.gravatar.com\/avatar\/6edab01d4cd19889ac2b69e05f01a3c93227951cf320620732fca472f184e4f5?s=96&d=mm&r=g","caption":"vado"},"url":"https:\/\/www.campingbellaterra.com\/de\/author\/vado\/"}]}},"_links":{"self":[{"href":"https:\/\/www.campingbellaterra.com\/de\/wp-json\/wp\/v2\/posts\/6845","targetHints":{"allow":["GET"]}}],"collection":[{"href":"https:\/\/www.campingbellaterra.com\/de\/wp-json\/wp\/v2\/posts"}],"about":[{"href":"https:\/\/www.campingbellaterra.com\/de\/wp-json\/wp\/v2\/types\/post"}],"author":[{"embeddable":true,"href":"https:\/\/www.campingbellaterra.com\/de\/wp-json\/wp\/v2\/users\/2"}],"replies":[{"embeddable":true,"href":"https:\/\/www.campingbellaterra.com\/de\/wp-json\/wp\/v2\/comments?post=6845"}],"version-history":[{"count":1,"href":"https:\/\/www.campingbellaterra.com\/de\/wp-json\/wp\/v2\/posts\/6845\/revisions"}],"predecessor-version":[{"id":11031,"href":"https:\/\/www.campingbellaterra.com\/de\/wp-json\/wp\/v2\/posts\/6845\/revisions\/11031"}],"wp:featuredmedia":[{"embeddable":true,"href":"https:\/\/www.campingbellaterra.com\/de\/wp-json\/wp\/v2\/media\/9147"}],"wp:attachment":[{"href":"https:\/\/www.campingbellaterra.com\/de\/wp-json\/wp\/v2\/media?parent=6845"}],"wp:term":[{"taxonomy":"category","embeddable":true,"href":"https:\/\/www.campingbellaterra.com\/de\/wp-json\/wp\/v2\/categories?post=6845"},{"taxonomy":"post_tag","embeddable":true,"href":"https:\/\/www.campingbellaterra.com\/de\/wp-json\/wp\/v2\/tags?post=6845"}],"curies":[{"name":"wp","href":"https:\/\/api.w.org\/{rel}","templated":true}]}}