{"id":6873,"date":"2018-02-19T15:42:50","date_gmt":"2018-02-19T14:42:50","guid":{"rendered":"https:\/\/www.campingbellaterra.com\/2018\/02\/20\/essen-herning-messen-2018\/"},"modified":"2022-04-12T11:31:45","modified_gmt":"2022-04-12T09:31:45","slug":"essen-herning-messen-2018","status":"publish","type":"post","link":"https:\/\/www.campingbellaterra.com\/de\/essen-herning-messen-2018\/","title":{"rendered":"Essen und Herning Messen"},"content":{"rendered":"<p>Essen in Deutschland und Herning in D\u00e4nemark sind die n\u00e4chsten Messen, auf denen der Campingplatz Bella Terra seine wichtigsten Neuigkeiten pr\u00e4sentieren wird.&nbsp;<\/p>\n<p><!--more--><\/p>\n<p><strong>Messe in Essen<\/strong><\/p>\n<p>Camping Bella Terra wird f\u00fcr ein weiteres Jahr auf der internationalen Messe f\u00fcr Reisen, Tourismus und Camping, Reise + Camping, die von Mittwoch bis Sonntag in der deutschen Stadt Essen statt findet. Die von der Messe Essen GmbH organisierte Veranstaltung bringt an f\u00fcnf Tagen zahlreiche Unternehmen aus der Tourismusbranche zusammen, die Angebote und Neuigkeiten f\u00fcr die Saison 2018 anbieten und pr\u00e4sentieren.<\/p>\n<p>Die Familie Willekens, lebenslange Kunden, sind verantwortlich f\u00fcr die Vertretung von Camping Bella Terra auf dieser Messe.<\/p>\n<p>&#8222;Unser Ziel ist es, die Ankunft des deutschen Tourismus weiter zu steigern, um alle unsere Wasseraktivit\u00e4ten, Radwege, gef\u00fchrte Touren durch unsere Stadt Blanes und die Wanderrouten zu f\u00f6rdern&#8220;, sagt Vicen\u00e7 Fern\u00e1ndez, Direktor von Camping Bella Terra. Der Stand wird in der Halle 11, Stand 11E03, der deutsche Messe.<\/p>\n<p>{gallery}Essen 2018{\/gallery}<\/p>\n<p><strong>Messe in Herning<\/strong><\/p>\n<p>Zum anderen wird Camping Bella Terra das zweite Jahr in Folge auf der Messe in Herning (D\u00e4nemark), der wichtigsten Ferienmesse in Skandinavien, die von Freitag bis Sonntag auf der Messe MCH Messecenter stattfindet, teilnehmen.<\/p>\n<p>Die Familie Andersen, ein d\u00e4nisches Paar, das auch Stammg\u00e4ste des Campingplatzes ist, ist f\u00fcr die Repr\u00e4sentation des Campingplatzes Bella Terra in dieser Touristenhalle verantwortlich.<\/p>\n<p>&#8222;Nach dem R\u00fcckfall in den letzten Jahren wollen wir die Ankunft des skandinavischen Publikums in Blanes auf diesem pers\u00f6nlichen Weg f\u00f6rdern, und die Familie Andersen ist der beste Gespr\u00e4chspartner, um diese Philosophie zu vermitteln&#8220;, schlie\u00dft Vicen\u00e7 Fern\u00e1ndez.<\/p>\n<p>Der Campingplatz wird sich in Halle M, Stand 9768, befinden. Dies wird der Arbeitsbereich sein, um auf dem d\u00e4nischen Markt und im Einklang mit dem Rest von Skandinavien aufmerksam zu machen.<\/p>\n<p>{gallery}Herning 2018{\/gallery}<\/p>\n<p><strong>Mehr \u00fcber Camping Bella Terra<\/strong><\/p>\n<p><strong>Camping Bella Terra ist ein ruhiger Familiencampingplatz, an einem der besten Str\u00e4nde der Costa Brava, in der Stadt Blanes<\/strong> in der Region La Selva, neben an El Baix Empord\u00e0. Blanes ist bekannt f\u00fcr den einzigartigen Charakter der typischen Landschaft der Costa Brava. Gelegen zwischen den Flugh\u00e4fen von Girona und Barcelona. Die guten \u00f6ffentlichen Verkehrsmittel machen den Campingplatz Bella Terra auch f\u00fcr Familien ohne eigenen Transport sehr zug\u00e4nglich. Der Strand von S&#8217;Abanell empf\u00e4ngt Jahr f\u00fcr Jahr die blaue Flagge, die von der Europ\u00e4ischen Wirtschaftsgemeinschaft verliehen wird, f\u00fcr Str\u00e4nde und Meeresb\u00f6den von hoher Qualit\u00e4t.<\/p>\n","protected":false},"excerpt":{"rendered":"<p>Essen in Deutschland und Herning in D\u00e4nemark sind die n\u00e4chsten Messen, auf denen der Campingplatz Bella Terra seine wichtigsten Neuigkeiten pr\u00e4sentieren wird.&nbsp;<\/p>\n","protected":false},"author":2,"featured_media":9207,"comment_status":"closed","ping_status":"closed","sticky":false,"template":"","format":"standard","meta":{"_acf_changed":false,"inline_featured_image":false,"_monsterinsights_skip_tracking":false,"_monsterinsights_sitenote_active":false,"_monsterinsights_sitenote_note":"","_monsterinsights_sitenote_category":0,"footnotes":""},"categories":[2278],"tags":[1897,1903,1939,1981,1975,2023,2054],"class_list":["post-6873","post","type-post","status-publish","format-standard","has-post-thumbnail","hentry","category-blog-de","tag-camping-bella-terra-de","tag-camping-costa-brava-de","tag-costa-brava-de","tag-daenemark","tag-deutschland-de-2","tag-ferie-for-alle-de","tag-herning-de"],"acf":[],"yoast_head":"<!-- This site is optimized with the Yoast SEO plugin v27.0 - https:\/\/yoast.com\/product\/yoast-seo-wordpress\/ -->\n<title>Essen und Herning Messen - Camping Bella Terra<\/title>\n<meta name=\"robots\" content=\"index, follow, max-snippet:-1, max-image-preview:large, max-video-preview:-1\" \/>\n<link rel=\"canonical\" href=\"https:\/\/www.campingbellaterra.com\/de\/essen-herning-messen-2018\/\" \/>\n<meta property=\"og:locale\" content=\"de_DE\" \/>\n<meta property=\"og:type\" content=\"article\" \/>\n<meta property=\"og:title\" content=\"Essen und Herning Messen - Camping Bella Terra\" \/>\n<meta property=\"og:description\" content=\"Essen in Deutschland und Herning in D\u00e4nemark sind die n\u00e4chsten Messen, auf denen der Campingplatz Bella Terra seine wichtigsten Neuigkeiten pr\u00e4sentieren wird.&nbsp;\" \/>\n<meta property=\"og:url\" content=\"https:\/\/www.campingbellaterra.com\/de\/essen-herning-messen-2018\/\" \/>\n<meta property=\"og:site_name\" content=\"Camping Bella Terra\" \/>\n<meta property=\"article:publisher\" content=\"https:\/\/www.facebook.com\/campingbellaterra\/\" \/>\n<meta property=\"article:published_time\" content=\"2018-02-19T14:42:50+00:00\" \/>\n<meta property=\"article:modified_time\" content=\"2022-04-12T09:31:45+00:00\" \/>\n<meta property=\"og:image\" content=\"https:\/\/www.campingbellaterra.com\/wp-content\/uploads\/media\/k2\/items\/src\/e213534406f5e673030b12a49a117407.jpg\" \/>\n\t<meta property=\"og:image:width\" content=\"1200\" \/>\n\t<meta property=\"og:image:height\" content=\"736\" \/>\n\t<meta property=\"og:image:type\" content=\"image\/jpeg\" \/>\n<meta name=\"author\" content=\"vado\" \/>\n<meta name=\"twitter:card\" content=\"summary_large_image\" \/>\n<meta name=\"twitter:creator\" content=\"@cbellaterra\" \/>\n<meta name=\"twitter:site\" content=\"@cbellaterra\" \/>\n<meta name=\"twitter:label1\" content=\"Verfasst von\" \/>\n\t<meta name=\"twitter:data1\" content=\"vado\" \/>\n\t<meta name=\"twitter:label2\" content=\"Gesch\u00e4tzte Lesezeit\" \/>\n\t<meta name=\"twitter:data2\" content=\"2\u00a0Minuten\" \/>\n<script type=\"application\/ld+json\" class=\"yoast-schema-graph\">{\"@context\":\"https:\/\/schema.org\",\"@graph\":[{\"@type\":\"Article\",\"@id\":\"https:\/\/www.campingbellaterra.com\/de\/essen-herning-messen-2018\/#article\",\"isPartOf\":{\"@id\":\"https:\/\/www.campingbellaterra.com\/de\/essen-herning-messen-2018\/\"},\"author\":{\"name\":\"vado\",\"@id\":\"https:\/\/www.campingbellaterra.com\/de\/#\/schema\/person\/9dafe106b7fade6dd08664bb60ea89ac\"},\"headline\":\"Essen und Herning Messen\",\"datePublished\":\"2018-02-19T14:42:50+00:00\",\"dateModified\":\"2022-04-12T09:31:45+00:00\",\"mainEntityOfPage\":{\"@id\":\"https:\/\/www.campingbellaterra.com\/de\/essen-herning-messen-2018\/\"},\"wordCount\":421,\"publisher\":{\"@id\":\"https:\/\/www.campingbellaterra.com\/de\/#organization\"},\"image\":{\"@id\":\"https:\/\/www.campingbellaterra.com\/de\/essen-herning-messen-2018\/#primaryimage\"},\"thumbnailUrl\":\"https:\/\/www.campingbellaterra.com\/wp-content\/uploads\/media\/k2\/items\/src\/e213534406f5e673030b12a49a117407.jpg\",\"keywords\":[\"camping bella terra\",\"camping costa brava\",\"costa brava\",\"D\u00e4nemark\",\"deutschland\",\"ferie for alle\",\"herning\"],\"articleSection\":[\"blog\"],\"inLanguage\":\"de\"},{\"@type\":\"WebPage\",\"@id\":\"https:\/\/www.campingbellaterra.com\/de\/essen-herning-messen-2018\/\",\"url\":\"https:\/\/www.campingbellaterra.com\/de\/essen-herning-messen-2018\/\",\"name\":\"Essen und Herning Messen - Camping Bella Terra\",\"isPartOf\":{\"@id\":\"https:\/\/www.campingbellaterra.com\/de\/#website\"},\"primaryImageOfPage\":{\"@id\":\"https:\/\/www.campingbellaterra.com\/de\/essen-herning-messen-2018\/#primaryimage\"},\"image\":{\"@id\":\"https:\/\/www.campingbellaterra.com\/de\/essen-herning-messen-2018\/#primaryimage\"},\"thumbnailUrl\":\"https:\/\/www.campingbellaterra.com\/wp-content\/uploads\/media\/k2\/items\/src\/e213534406f5e673030b12a49a117407.jpg\",\"datePublished\":\"2018-02-19T14:42:50+00:00\",\"dateModified\":\"2022-04-12T09:31:45+00:00\",\"breadcrumb\":{\"@id\":\"https:\/\/www.campingbellaterra.com\/de\/essen-herning-messen-2018\/#breadcrumb\"},\"inLanguage\":\"de\",\"potentialAction\":[{\"@type\":\"ReadAction\",\"target\":[\"https:\/\/www.campingbellaterra.com\/de\/essen-herning-messen-2018\/\"]}]},{\"@type\":\"ImageObject\",\"inLanguage\":\"de\",\"@id\":\"https:\/\/www.campingbellaterra.com\/de\/essen-herning-messen-2018\/#primaryimage\",\"url\":\"https:\/\/www.campingbellaterra.com\/wp-content\/uploads\/media\/k2\/items\/src\/e213534406f5e673030b12a49a117407.jpg\",\"contentUrl\":\"https:\/\/www.campingbellaterra.com\/wp-content\/uploads\/media\/k2\/items\/src\/e213534406f5e673030b12a49a117407.jpg\",\"width\":1200,\"height\":736},{\"@type\":\"BreadcrumbList\",\"@id\":\"https:\/\/www.campingbellaterra.com\/de\/essen-herning-messen-2018\/#breadcrumb\",\"itemListElement\":[{\"@type\":\"ListItem\",\"position\":1,\"name\":\"Inici\",\"item\":\"https:\/\/www.campingbellaterra.com\/de\/\"},{\"@type\":\"ListItem\",\"position\":2,\"name\":\"Essen und Herning Messen\"}]},{\"@type\":\"WebSite\",\"@id\":\"https:\/\/www.campingbellaterra.com\/de\/#website\",\"url\":\"https:\/\/www.campingbellaterra.com\/de\/\",\"name\":\"Camping Bella Terra\",\"description\":\"Otro sitio realizado con WordPress\",\"publisher\":{\"@id\":\"https:\/\/www.campingbellaterra.com\/de\/#organization\"},\"potentialAction\":[{\"@type\":\"SearchAction\",\"target\":{\"@type\":\"EntryPoint\",\"urlTemplate\":\"https:\/\/www.campingbellaterra.com\/de\/?s={search_term_string}\"},\"query-input\":{\"@type\":\"PropertyValueSpecification\",\"valueRequired\":true,\"valueName\":\"search_term_string\"}}],\"inLanguage\":\"de\"},{\"@type\":\"Organization\",\"@id\":\"https:\/\/www.campingbellaterra.com\/de\/#organization\",\"name\":\"Camping Bella Terra\",\"url\":\"https:\/\/www.campingbellaterra.com\/de\/\",\"logo\":{\"@type\":\"ImageObject\",\"inLanguage\":\"de\",\"@id\":\"https:\/\/www.campingbellaterra.com\/de\/#\/schema\/logo\/image\/\",\"url\":\"https:\/\/www.campingbellaterra.com\/wp-content\/uploads\/logo6.svg\",\"contentUrl\":\"https:\/\/www.campingbellaterra.com\/wp-content\/uploads\/logo6.svg\",\"width\":\"2048\",\"height\":\"2048\",\"caption\":\"Camping Bella Terra\"},\"image\":{\"@id\":\"https:\/\/www.campingbellaterra.com\/de\/#\/schema\/logo\/image\/\"},\"sameAs\":[\"https:\/\/www.facebook.com\/campingbellaterra\/\",\"https:\/\/x.com\/cbellaterra\",\"https:\/\/www.instagram.com\/campingbellaterra\/\",\"https:\/\/www.youtube.com\/c\/Camping-Bellaterra-Blanes\",\"https:\/\/www.tripadvisor.es\/Hotel_Review-g580331-d3328184-Reviews-Camping_Bella_Terra-Blanes_Costa_Brava_Province_of_Girona_Catalonia.html\"]},{\"@type\":\"Person\",\"@id\":\"https:\/\/www.campingbellaterra.com\/de\/#\/schema\/person\/9dafe106b7fade6dd08664bb60ea89ac\",\"name\":\"vado\",\"image\":{\"@type\":\"ImageObject\",\"inLanguage\":\"de\",\"@id\":\"https:\/\/www.campingbellaterra.com\/de\/#\/schema\/person\/image\/\",\"url\":\"https:\/\/secure.gravatar.com\/avatar\/6edab01d4cd19889ac2b69e05f01a3c93227951cf320620732fca472f184e4f5?s=96&d=mm&r=g\",\"contentUrl\":\"https:\/\/secure.gravatar.com\/avatar\/6edab01d4cd19889ac2b69e05f01a3c93227951cf320620732fca472f184e4f5?s=96&d=mm&r=g\",\"caption\":\"vado\"},\"url\":\"https:\/\/www.campingbellaterra.com\/de\/author\/vado\/\"}]}<\/script>\n<!-- \/ Yoast SEO plugin. -->","yoast_head_json":{"title":"Essen und Herning Messen - Camping Bella Terra","robots":{"index":"index","follow":"follow","max-snippet":"max-snippet:-1","max-image-preview":"max-image-preview:large","max-video-preview":"max-video-preview:-1"},"canonical":"https:\/\/www.campingbellaterra.com\/de\/essen-herning-messen-2018\/","og_locale":"de_DE","og_type":"article","og_title":"Essen und Herning Messen - Camping Bella Terra","og_description":"Essen in Deutschland und Herning in D\u00e4nemark sind die n\u00e4chsten Messen, auf denen der Campingplatz Bella Terra seine wichtigsten Neuigkeiten pr\u00e4sentieren wird.&nbsp;","og_url":"https:\/\/www.campingbellaterra.com\/de\/essen-herning-messen-2018\/","og_site_name":"Camping Bella Terra","article_publisher":"https:\/\/www.facebook.com\/campingbellaterra\/","article_published_time":"2018-02-19T14:42:50+00:00","article_modified_time":"2022-04-12T09:31:45+00:00","og_image":[{"width":1200,"height":736,"url":"https:\/\/www.campingbellaterra.com\/wp-content\/uploads\/media\/k2\/items\/src\/e213534406f5e673030b12a49a117407.jpg","type":"image\/jpeg"}],"author":"vado","twitter_card":"summary_large_image","twitter_creator":"@cbellaterra","twitter_site":"@cbellaterra","twitter_misc":{"Verfasst von":"vado","Gesch\u00e4tzte Lesezeit":"2\u00a0Minuten"},"schema":{"@context":"https:\/\/schema.org","@graph":[{"@type":"Article","@id":"https:\/\/www.campingbellaterra.com\/de\/essen-herning-messen-2018\/#article","isPartOf":{"@id":"https:\/\/www.campingbellaterra.com\/de\/essen-herning-messen-2018\/"},"author":{"name":"vado","@id":"https:\/\/www.campingbellaterra.com\/de\/#\/schema\/person\/9dafe106b7fade6dd08664bb60ea89ac"},"headline":"Essen und Herning Messen","datePublished":"2018-02-19T14:42:50+00:00","dateModified":"2022-04-12T09:31:45+00:00","mainEntityOfPage":{"@id":"https:\/\/www.campingbellaterra.com\/de\/essen-herning-messen-2018\/"},"wordCount":421,"publisher":{"@id":"https:\/\/www.campingbellaterra.com\/de\/#organization"},"image":{"@id":"https:\/\/www.campingbellaterra.com\/de\/essen-herning-messen-2018\/#primaryimage"},"thumbnailUrl":"https:\/\/www.campingbellaterra.com\/wp-content\/uploads\/media\/k2\/items\/src\/e213534406f5e673030b12a49a117407.jpg","keywords":["camping bella terra","camping costa brava","costa brava","D\u00e4nemark","deutschland","ferie for alle","herning"],"articleSection":["blog"],"inLanguage":"de"},{"@type":"WebPage","@id":"https:\/\/www.campingbellaterra.com\/de\/essen-herning-messen-2018\/","url":"https:\/\/www.campingbellaterra.com\/de\/essen-herning-messen-2018\/","name":"Essen und Herning Messen - Camping Bella Terra","isPartOf":{"@id":"https:\/\/www.campingbellaterra.com\/de\/#website"},"primaryImageOfPage":{"@id":"https:\/\/www.campingbellaterra.com\/de\/essen-herning-messen-2018\/#primaryimage"},"image":{"@id":"https:\/\/www.campingbellaterra.com\/de\/essen-herning-messen-2018\/#primaryimage"},"thumbnailUrl":"https:\/\/www.campingbellaterra.com\/wp-content\/uploads\/media\/k2\/items\/src\/e213534406f5e673030b12a49a117407.jpg","datePublished":"2018-02-19T14:42:50+00:00","dateModified":"2022-04-12T09:31:45+00:00","breadcrumb":{"@id":"https:\/\/www.campingbellaterra.com\/de\/essen-herning-messen-2018\/#breadcrumb"},"inLanguage":"de","potentialAction":[{"@type":"ReadAction","target":["https:\/\/www.campingbellaterra.com\/de\/essen-herning-messen-2018\/"]}]},{"@type":"ImageObject","inLanguage":"de","@id":"https:\/\/www.campingbellaterra.com\/de\/essen-herning-messen-2018\/#primaryimage","url":"https:\/\/www.campingbellaterra.com\/wp-content\/uploads\/media\/k2\/items\/src\/e213534406f5e673030b12a49a117407.jpg","contentUrl":"https:\/\/www.campingbellaterra.com\/wp-content\/uploads\/media\/k2\/items\/src\/e213534406f5e673030b12a49a117407.jpg","width":1200,"height":736},{"@type":"BreadcrumbList","@id":"https:\/\/www.campingbellaterra.com\/de\/essen-herning-messen-2018\/#breadcrumb","itemListElement":[{"@type":"ListItem","position":1,"name":"Inici","item":"https:\/\/www.campingbellaterra.com\/de\/"},{"@type":"ListItem","position":2,"name":"Essen und Herning Messen"}]},{"@type":"WebSite","@id":"https:\/\/www.campingbellaterra.com\/de\/#website","url":"https:\/\/www.campingbellaterra.com\/de\/","name":"Camping Bella Terra","description":"Otro sitio realizado con WordPress","publisher":{"@id":"https:\/\/www.campingbellaterra.com\/de\/#organization"},"potentialAction":[{"@type":"SearchAction","target":{"@type":"EntryPoint","urlTemplate":"https:\/\/www.campingbellaterra.com\/de\/?s={search_term_string}"},"query-input":{"@type":"PropertyValueSpecification","valueRequired":true,"valueName":"search_term_string"}}],"inLanguage":"de"},{"@type":"Organization","@id":"https:\/\/www.campingbellaterra.com\/de\/#organization","name":"Camping Bella Terra","url":"https:\/\/www.campingbellaterra.com\/de\/","logo":{"@type":"ImageObject","inLanguage":"de","@id":"https:\/\/www.campingbellaterra.com\/de\/#\/schema\/logo\/image\/","url":"https:\/\/www.campingbellaterra.com\/wp-content\/uploads\/logo6.svg","contentUrl":"https:\/\/www.campingbellaterra.com\/wp-content\/uploads\/logo6.svg","width":"2048","height":"2048","caption":"Camping Bella Terra"},"image":{"@id":"https:\/\/www.campingbellaterra.com\/de\/#\/schema\/logo\/image\/"},"sameAs":["https:\/\/www.facebook.com\/campingbellaterra\/","https:\/\/x.com\/cbellaterra","https:\/\/www.instagram.com\/campingbellaterra\/","https:\/\/www.youtube.com\/c\/Camping-Bellaterra-Blanes","https:\/\/www.tripadvisor.es\/Hotel_Review-g580331-d3328184-Reviews-Camping_Bella_Terra-Blanes_Costa_Brava_Province_of_Girona_Catalonia.html"]},{"@type":"Person","@id":"https:\/\/www.campingbellaterra.com\/de\/#\/schema\/person\/9dafe106b7fade6dd08664bb60ea89ac","name":"vado","image":{"@type":"ImageObject","inLanguage":"de","@id":"https:\/\/www.campingbellaterra.com\/de\/#\/schema\/person\/image\/","url":"https:\/\/secure.gravatar.com\/avatar\/6edab01d4cd19889ac2b69e05f01a3c93227951cf320620732fca472f184e4f5?s=96&d=mm&r=g","contentUrl":"https:\/\/secure.gravatar.com\/avatar\/6edab01d4cd19889ac2b69e05f01a3c93227951cf320620732fca472f184e4f5?s=96&d=mm&r=g","caption":"vado"},"url":"https:\/\/www.campingbellaterra.com\/de\/author\/vado\/"}]}},"_links":{"self":[{"href":"https:\/\/www.campingbellaterra.com\/de\/wp-json\/wp\/v2\/posts\/6873","targetHints":{"allow":["GET"]}}],"collection":[{"href":"https:\/\/www.campingbellaterra.com\/de\/wp-json\/wp\/v2\/posts"}],"about":[{"href":"https:\/\/www.campingbellaterra.com\/de\/wp-json\/wp\/v2\/types\/post"}],"author":[{"embeddable":true,"href":"https:\/\/www.campingbellaterra.com\/de\/wp-json\/wp\/v2\/users\/2"}],"replies":[{"embeddable":true,"href":"https:\/\/www.campingbellaterra.com\/de\/wp-json\/wp\/v2\/comments?post=6873"}],"version-history":[{"count":1,"href":"https:\/\/www.campingbellaterra.com\/de\/wp-json\/wp\/v2\/posts\/6873\/revisions"}],"predecessor-version":[{"id":10936,"href":"https:\/\/www.campingbellaterra.com\/de\/wp-json\/wp\/v2\/posts\/6873\/revisions\/10936"}],"wp:featuredmedia":[{"embeddable":true,"href":"https:\/\/www.campingbellaterra.com\/de\/wp-json\/wp\/v2\/media\/9207"}],"wp:attachment":[{"href":"https:\/\/www.campingbellaterra.com\/de\/wp-json\/wp\/v2\/media?parent=6873"}],"wp:term":[{"taxonomy":"category","embeddable":true,"href":"https:\/\/www.campingbellaterra.com\/de\/wp-json\/wp\/v2\/categories?post=6873"},{"taxonomy":"post_tag","embeddable":true,"href":"https:\/\/www.campingbellaterra.com\/de\/wp-json\/wp\/v2\/tags?post=6873"}],"curies":[{"name":"wp","href":"https:\/\/api.w.org\/{rel}","templated":true}]}}