{"id":6940,"date":"2018-10-29T13:35:02","date_gmt":"2018-10-29T12:35:02","guid":{"rendered":"https:\/\/www.campingbellaterra.com\/2018\/12\/12\/vicenc-fernandez-ein-leben-lang-auf-dem-campingplatz-bella-terra\/"},"modified":"2022-04-12T11:10:35","modified_gmt":"2022-04-12T09:10:35","slug":"vicenc-fernandez-ein-leben-lang-auf-dem-campingplatz-bella-terra","status":"publish","type":"post","link":"https:\/\/www.campingbellaterra.com\/de\/vicenc-fernandez-ein-leben-lang-auf-dem-campingplatz-bella-terra\/","title":{"rendered":"Vicen\u00e7 Fern\u00e1ndez, ein Leben lang auf dem Campingplatz Bella Terra"},"content":{"rendered":"<p style=\"text-align: justify;\">Der derzeitige Direktor ist seit 45 Jahren bei Camping Bella Terra, zuerst als Kunde und jetzt vom Management. Auf diesem Foto, Vincente Fernandez, erste von links, begleitet von seiner Schwester Susan und Margaret, der Nichte seiner Mutter, im Sommer 1975 auf dem Campingplatz Bella Terra. Und unter diesem Foto seine Eltern, M\u00aa Carmen und Jos\u00e9 Antonio.<\/p>\n<p><!--more--><\/p>\n<p style=\"text-align: justify;\">Vicen\u00e7 Fern\u00e1ndez, Direktor von Camping Bella Terra, ist seit seiner Kindheit auf der Camping in Blanes t\u00e4tig. Sein erster Kontakt war 1973, als er erst drei Jahre alt war, verbrachte er den Sommer auf dem Campingplatz in der Provinz Girona, begleitet von seinen Eltern und seiner Schwester.<\/p>\n<p style=\"text-align: justify;\">Vincen\u00e7, \u2018Vicen\u2018 f\u00fcr Freunde, erinnert sich mit Nostalgie an seine ersten Schritte auf dem Campingplatz Bella Terra, mit Schilfb\u00f6den, Holztischen und ger\u00e4umigen Zelten mit verschiedenen R\u00e4umen und einer K\u00fcche. <em>\u201cZu dieser Zeit gingen alle Camper mit einem Zelt. Damals stellten die Deutschen und die Niederl\u00e4nder ihr Zelt auf und am Ende ihrer Ferien boten sie sie den Spaniern an. Ich erinnere mich, dass meine Eltern ihr erstes Zelt (das auf dem Bild zu sehen ist) f\u00fcr 7.000 Peseten gekauft haben&#8220;<\/em>. Der derzeitige Direktor war 27 Saisonen auf dem Campingplatz.<\/p>\n<p style=\"text-align: justify;\">Diese enge Beziehung setzte sich mit dem ersten Arbeitskontakt im Alter von 17 Jahren in der Bar des Campingplatzes fort, wo er 4 Saisons mit einem unausl\u00f6schlichen Ged\u00e4chtnis arbeitete.&nbsp;&#8222;<em>Das waren ohne Zweifel die besten Jahre meines Lebens<\/em>&#8222;.<\/p>\n<p style=\"text-align: justify;\">Sp\u00e4ter, als er 21 Jahre alt war, wechselte er zum Empfangsteam, wo er acht Saisons arbeitete. In dieser Zeit kombinierte er diese Saison mit einem Modul f\u00fcr Reiseb\u00fcros, studierte Englisch, Franz\u00f6sisch und Deutsch an der offiziellen Sprachschule in Barcelona und studierte Tourismus an der CETT -UB in Barcelona. Diese Studien erm\u00f6glichten es ihm, in den Wintermonaten mit Reiseb\u00fcros in Kontakt zu treten (arbeitete f\u00fcr das inzwischen verstorbene Travel Meli\u00e1) und mit der Gastronomie, wo er abends in verschiedenen Hotels in der Provinz Barcelona arbeitete, w\u00e4hrend er sein Studium abschloss. Er war auch Koordinator der Shows im Palau Sant Jordi f\u00fcr die Organisation von Firmenevents, Proactiv, wo er mit gro\u00dfartigen K\u00fcnstlern wie Joan Manuel Serrat und Placido Domingo zusammenarbeitete, die auf dem Campus von Barcelona nach dem Brand im Gran Teatre del auftraten Liceu.<\/p>\n<p style=\"text-align: justify;\">Durch all diesen Hintergrund konnte er den Titel eines Reisevermittlers und Reisef\u00fchrers von Barcelona und Katalonien erlangen. Im Gegenzug wurde er zum Generaldirektor f\u00fcr Tourismus ernannt.<\/p>\n<p style=\"text-align: justify;\">Das Jahr 2000 war f\u00fcr ihn unvergesslich, weil er zum Empfangschef von Camping Bella Terra ernannt wurde und das ganze Jahr \u00fcber eine feste Anstellung erhielt. <em>&#8222;Ich m\u00f6chte dem Vertrauen danken, das mir die Familie Ametller-Gimeno als Teil dieser wunderbaren kleinen Familie entgegengebracht hat&#8220;<\/em>. Fernandez hatte diese Position sechs Jahre vor seiner Ernennung zum Direktor inne, eine bisherige Position. Der F\u00fchrer hat Bewunderung und Dankbarkeit f\u00fcr den fr\u00fcheren Direktor, Herrn Pepito. <em>&#8222;Er ist eine fantastische Person, von der ich alles \u00fcber die Welt des Campings gelernt habe&#8220;<\/em>.<\/p>\n<p style=\"text-align: justify;\">In dieser 45-j\u00e4hrigen Verbindung mit dem Campingplatz konnte der derzeitige Direktor die Entwicklung in diesem Sektor und die ver\u00e4nderten Bed\u00fcrfnisse der Camper beobachten. <em>&#8222;Vor 40 Jahren kamen alle in einem Zelt, und jetzt genie\u00dfen die Kunden die Saison mit ihren komfortablen Wohnwagen und Wohnmobilen, was sehr klar sein muss, denn diejenigen, die die Welt des Campings nicht kennen, verstehen das nicht. Viele Leute, wenn man \u00fcber Camping spricht &#8222;Das Bild des Rucksacktouristen kommt mir in den Sinn und dieses Konzept existiert praktisch nicht mehr&#8220;.<\/em><\/p>\n<p style=\"text-align: justify;\">Am Ende bemerkt Fernandez, wie er die Zukunft der Branche mit dem aktuellen Ph\u00e4nomen des Glamping sieht. <em>&#8222;<\/em><em>In den letzten Jahren ist die Verschmelzung von Camping und Glamour ein Aufw\u00e4rtstrend, denn die Menschen wollen an den Anfang des Campings zur\u00fcckkehren, Outdoor-Camping, aber ohne Komfort- und Luxusverlust. Zweifellos ist Glamping eine klare Entwicklung vom Angebot an Campingpl\u00e4tzen zu h\u00f6herem Komfort und ein innovatives \u00dcbernachtungsangebot, das die Camper \u00fcberraschen wird<\/em><em>&#8222;<\/em>.<\/p>\n","protected":false},"excerpt":{"rendered":"<p>Der derzeitige Direktor ist seit 45 Jahren bei Camping Bella Terra, zuerst als Kunde und jetzt vom Management. Auf diesem Foto, Vincente Fernandez, erste von&#8230;<\/p>\n","protected":false},"author":2,"featured_media":9345,"comment_status":"closed","ping_status":"closed","sticky":false,"template":"","format":"standard","meta":{"_acf_changed":false,"inline_featured_image":false,"_monsterinsights_skip_tracking":false,"_monsterinsights_sitenote_active":false,"_monsterinsights_sitenote_note":"","_monsterinsights_sitenote_category":0,"footnotes":""},"categories":[2278],"tags":[1867,1909,2235],"class_list":["post-6940","post","type-post","status-publish","format-standard","has-post-thumbnail","hentry","category-blog-de","tag-blanes-de","tag-campings-de","tag-familientourismus"],"acf":[],"yoast_head":"<!-- This site is optimized with the Yoast SEO plugin v27.0 - https:\/\/yoast.com\/product\/yoast-seo-wordpress\/ -->\n<title>Vicen\u00e7 Fern\u00e1ndez, ein Leben lang auf dem Campingplatz Bella Terra - Camping Bella Terra<\/title>\n<meta name=\"robots\" content=\"index, follow, max-snippet:-1, max-image-preview:large, max-video-preview:-1\" \/>\n<link rel=\"canonical\" href=\"https:\/\/www.campingbellaterra.com\/de\/vicenc-fernandez-ein-leben-lang-auf-dem-campingplatz-bella-terra\/\" \/>\n<meta property=\"og:locale\" content=\"de_DE\" \/>\n<meta property=\"og:type\" content=\"article\" \/>\n<meta property=\"og:title\" content=\"Vicen\u00e7 Fern\u00e1ndez, ein Leben lang auf dem Campingplatz Bella Terra - Camping Bella Terra\" \/>\n<meta property=\"og:description\" content=\"Der derzeitige Direktor ist seit 45 Jahren bei Camping Bella Terra, zuerst als Kunde und jetzt vom Management. Auf diesem Foto, Vincente Fernandez, erste von...\" \/>\n<meta property=\"og:url\" content=\"https:\/\/www.campingbellaterra.com\/de\/vicenc-fernandez-ein-leben-lang-auf-dem-campingplatz-bella-terra\/\" \/>\n<meta property=\"og:site_name\" content=\"Camping Bella Terra\" \/>\n<meta property=\"article:publisher\" content=\"https:\/\/www.facebook.com\/campingbellaterra\/\" \/>\n<meta property=\"article:published_time\" content=\"2018-10-29T12:35:02+00:00\" \/>\n<meta property=\"article:modified_time\" content=\"2022-04-12T09:10:35+00:00\" \/>\n<meta property=\"og:image\" content=\"https:\/\/www.campingbellaterra.com\/wp-content\/uploads\/media\/k2\/items\/src\/34649abc993982b197aa9a6210af69ed.jpg\" \/>\n\t<meta property=\"og:image:width\" content=\"1600\" \/>\n\t<meta property=\"og:image:height\" content=\"900\" \/>\n\t<meta property=\"og:image:type\" content=\"image\/jpeg\" \/>\n<meta name=\"author\" content=\"vado\" \/>\n<meta name=\"twitter:card\" content=\"summary_large_image\" \/>\n<meta name=\"twitter:creator\" content=\"@cbellaterra\" \/>\n<meta name=\"twitter:site\" content=\"@cbellaterra\" \/>\n<meta name=\"twitter:label1\" content=\"Verfasst von\" \/>\n\t<meta name=\"twitter:data1\" content=\"vado\" \/>\n\t<meta name=\"twitter:label2\" content=\"Gesch\u00e4tzte Lesezeit\" \/>\n\t<meta name=\"twitter:data2\" content=\"3\u00a0Minuten\" \/>\n<script type=\"application\/ld+json\" class=\"yoast-schema-graph\">{\"@context\":\"https:\/\/schema.org\",\"@graph\":[{\"@type\":\"Article\",\"@id\":\"https:\/\/www.campingbellaterra.com\/de\/vicenc-fernandez-ein-leben-lang-auf-dem-campingplatz-bella-terra\/#article\",\"isPartOf\":{\"@id\":\"https:\/\/www.campingbellaterra.com\/de\/vicenc-fernandez-ein-leben-lang-auf-dem-campingplatz-bella-terra\/\"},\"author\":{\"name\":\"vado\",\"@id\":\"https:\/\/www.campingbellaterra.com\/de\/#\/schema\/person\/9dafe106b7fade6dd08664bb60ea89ac\"},\"headline\":\"Vicen\u00e7 Fern\u00e1ndez, ein Leben lang auf dem Campingplatz Bella Terra\",\"datePublished\":\"2018-10-29T12:35:02+00:00\",\"dateModified\":\"2022-04-12T09:10:35+00:00\",\"mainEntityOfPage\":{\"@id\":\"https:\/\/www.campingbellaterra.com\/de\/vicenc-fernandez-ein-leben-lang-auf-dem-campingplatz-bella-terra\/\"},\"wordCount\":668,\"publisher\":{\"@id\":\"https:\/\/www.campingbellaterra.com\/de\/#organization\"},\"image\":{\"@id\":\"https:\/\/www.campingbellaterra.com\/de\/vicenc-fernandez-ein-leben-lang-auf-dem-campingplatz-bella-terra\/#primaryimage\"},\"thumbnailUrl\":\"https:\/\/www.campingbellaterra.com\/wp-content\/uploads\/media\/k2\/items\/src\/34649abc993982b197aa9a6210af69ed.jpg\",\"keywords\":[\"blanes\",\"Campings\",\"Familientourismus\"],\"articleSection\":[\"blog\"],\"inLanguage\":\"de\"},{\"@type\":\"WebPage\",\"@id\":\"https:\/\/www.campingbellaterra.com\/de\/vicenc-fernandez-ein-leben-lang-auf-dem-campingplatz-bella-terra\/\",\"url\":\"https:\/\/www.campingbellaterra.com\/de\/vicenc-fernandez-ein-leben-lang-auf-dem-campingplatz-bella-terra\/\",\"name\":\"Vicen\u00e7 Fern\u00e1ndez, ein Leben lang auf dem Campingplatz Bella Terra - Camping Bella Terra\",\"isPartOf\":{\"@id\":\"https:\/\/www.campingbellaterra.com\/de\/#website\"},\"primaryImageOfPage\":{\"@id\":\"https:\/\/www.campingbellaterra.com\/de\/vicenc-fernandez-ein-leben-lang-auf-dem-campingplatz-bella-terra\/#primaryimage\"},\"image\":{\"@id\":\"https:\/\/www.campingbellaterra.com\/de\/vicenc-fernandez-ein-leben-lang-auf-dem-campingplatz-bella-terra\/#primaryimage\"},\"thumbnailUrl\":\"https:\/\/www.campingbellaterra.com\/wp-content\/uploads\/media\/k2\/items\/src\/34649abc993982b197aa9a6210af69ed.jpg\",\"datePublished\":\"2018-10-29T12:35:02+00:00\",\"dateModified\":\"2022-04-12T09:10:35+00:00\",\"breadcrumb\":{\"@id\":\"https:\/\/www.campingbellaterra.com\/de\/vicenc-fernandez-ein-leben-lang-auf-dem-campingplatz-bella-terra\/#breadcrumb\"},\"inLanguage\":\"de\",\"potentialAction\":[{\"@type\":\"ReadAction\",\"target\":[\"https:\/\/www.campingbellaterra.com\/de\/vicenc-fernandez-ein-leben-lang-auf-dem-campingplatz-bella-terra\/\"]}]},{\"@type\":\"ImageObject\",\"inLanguage\":\"de\",\"@id\":\"https:\/\/www.campingbellaterra.com\/de\/vicenc-fernandez-ein-leben-lang-auf-dem-campingplatz-bella-terra\/#primaryimage\",\"url\":\"https:\/\/www.campingbellaterra.com\/wp-content\/uploads\/media\/k2\/items\/src\/34649abc993982b197aa9a6210af69ed.jpg\",\"contentUrl\":\"https:\/\/www.campingbellaterra.com\/wp-content\/uploads\/media\/k2\/items\/src\/34649abc993982b197aa9a6210af69ed.jpg\",\"width\":1600,\"height\":900,\"caption\":\"Vicen\u00e7 Fern\u00e1ndez, primer per l'esquerra, acompanyat de la seva germana Susana i de Margarida, cosina de la seva mare, durant l'estiu de 1975 al C\u00e0mping Bella Terra. Al fons de la imatge, els seus pares, M\u00aa Carmen i Jos\u00e9 Antonio\"},{\"@type\":\"BreadcrumbList\",\"@id\":\"https:\/\/www.campingbellaterra.com\/de\/vicenc-fernandez-ein-leben-lang-auf-dem-campingplatz-bella-terra\/#breadcrumb\",\"itemListElement\":[{\"@type\":\"ListItem\",\"position\":1,\"name\":\"Inici\",\"item\":\"https:\/\/www.campingbellaterra.com\/de\/\"},{\"@type\":\"ListItem\",\"position\":2,\"name\":\"Vicen\u00e7 Fern\u00e1ndez, ein Leben lang auf dem Campingplatz Bella Terra\"}]},{\"@type\":\"WebSite\",\"@id\":\"https:\/\/www.campingbellaterra.com\/de\/#website\",\"url\":\"https:\/\/www.campingbellaterra.com\/de\/\",\"name\":\"Camping Bella Terra\",\"description\":\"Otro sitio realizado con WordPress\",\"publisher\":{\"@id\":\"https:\/\/www.campingbellaterra.com\/de\/#organization\"},\"potentialAction\":[{\"@type\":\"SearchAction\",\"target\":{\"@type\":\"EntryPoint\",\"urlTemplate\":\"https:\/\/www.campingbellaterra.com\/de\/?s={search_term_string}\"},\"query-input\":{\"@type\":\"PropertyValueSpecification\",\"valueRequired\":true,\"valueName\":\"search_term_string\"}}],\"inLanguage\":\"de\"},{\"@type\":\"Organization\",\"@id\":\"https:\/\/www.campingbellaterra.com\/de\/#organization\",\"name\":\"Camping Bella Terra\",\"url\":\"https:\/\/www.campingbellaterra.com\/de\/\",\"logo\":{\"@type\":\"ImageObject\",\"inLanguage\":\"de\",\"@id\":\"https:\/\/www.campingbellaterra.com\/de\/#\/schema\/logo\/image\/\",\"url\":\"https:\/\/www.campingbellaterra.com\/wp-content\/uploads\/logo6.svg\",\"contentUrl\":\"https:\/\/www.campingbellaterra.com\/wp-content\/uploads\/logo6.svg\",\"width\":\"2048\",\"height\":\"2048\",\"caption\":\"Camping Bella Terra\"},\"image\":{\"@id\":\"https:\/\/www.campingbellaterra.com\/de\/#\/schema\/logo\/image\/\"},\"sameAs\":[\"https:\/\/www.facebook.com\/campingbellaterra\/\",\"https:\/\/x.com\/cbellaterra\",\"https:\/\/www.instagram.com\/campingbellaterra\/\",\"https:\/\/www.youtube.com\/c\/Camping-Bellaterra-Blanes\",\"https:\/\/www.tripadvisor.es\/Hotel_Review-g580331-d3328184-Reviews-Camping_Bella_Terra-Blanes_Costa_Brava_Province_of_Girona_Catalonia.html\"]},{\"@type\":\"Person\",\"@id\":\"https:\/\/www.campingbellaterra.com\/de\/#\/schema\/person\/9dafe106b7fade6dd08664bb60ea89ac\",\"name\":\"vado\",\"image\":{\"@type\":\"ImageObject\",\"inLanguage\":\"de\",\"@id\":\"https:\/\/www.campingbellaterra.com\/de\/#\/schema\/person\/image\/\",\"url\":\"https:\/\/secure.gravatar.com\/avatar\/6edab01d4cd19889ac2b69e05f01a3c93227951cf320620732fca472f184e4f5?s=96&d=mm&r=g\",\"contentUrl\":\"https:\/\/secure.gravatar.com\/avatar\/6edab01d4cd19889ac2b69e05f01a3c93227951cf320620732fca472f184e4f5?s=96&d=mm&r=g\",\"caption\":\"vado\"},\"url\":\"https:\/\/www.campingbellaterra.com\/de\/author\/vado\/\"}]}<\/script>\n<!-- \/ Yoast SEO plugin. -->","yoast_head_json":{"title":"Vicen\u00e7 Fern\u00e1ndez, ein Leben lang auf dem Campingplatz Bella Terra - Camping Bella Terra","robots":{"index":"index","follow":"follow","max-snippet":"max-snippet:-1","max-image-preview":"max-image-preview:large","max-video-preview":"max-video-preview:-1"},"canonical":"https:\/\/www.campingbellaterra.com\/de\/vicenc-fernandez-ein-leben-lang-auf-dem-campingplatz-bella-terra\/","og_locale":"de_DE","og_type":"article","og_title":"Vicen\u00e7 Fern\u00e1ndez, ein Leben lang auf dem Campingplatz Bella Terra - Camping Bella Terra","og_description":"Der derzeitige Direktor ist seit 45 Jahren bei Camping Bella Terra, zuerst als Kunde und jetzt vom Management. Auf diesem Foto, Vincente Fernandez, erste von...","og_url":"https:\/\/www.campingbellaterra.com\/de\/vicenc-fernandez-ein-leben-lang-auf-dem-campingplatz-bella-terra\/","og_site_name":"Camping Bella Terra","article_publisher":"https:\/\/www.facebook.com\/campingbellaterra\/","article_published_time":"2018-10-29T12:35:02+00:00","article_modified_time":"2022-04-12T09:10:35+00:00","og_image":[{"width":1600,"height":900,"url":"https:\/\/www.campingbellaterra.com\/wp-content\/uploads\/media\/k2\/items\/src\/34649abc993982b197aa9a6210af69ed.jpg","type":"image\/jpeg"}],"author":"vado","twitter_card":"summary_large_image","twitter_creator":"@cbellaterra","twitter_site":"@cbellaterra","twitter_misc":{"Verfasst von":"vado","Gesch\u00e4tzte Lesezeit":"3\u00a0Minuten"},"schema":{"@context":"https:\/\/schema.org","@graph":[{"@type":"Article","@id":"https:\/\/www.campingbellaterra.com\/de\/vicenc-fernandez-ein-leben-lang-auf-dem-campingplatz-bella-terra\/#article","isPartOf":{"@id":"https:\/\/www.campingbellaterra.com\/de\/vicenc-fernandez-ein-leben-lang-auf-dem-campingplatz-bella-terra\/"},"author":{"name":"vado","@id":"https:\/\/www.campingbellaterra.com\/de\/#\/schema\/person\/9dafe106b7fade6dd08664bb60ea89ac"},"headline":"Vicen\u00e7 Fern\u00e1ndez, ein Leben lang auf dem Campingplatz Bella Terra","datePublished":"2018-10-29T12:35:02+00:00","dateModified":"2022-04-12T09:10:35+00:00","mainEntityOfPage":{"@id":"https:\/\/www.campingbellaterra.com\/de\/vicenc-fernandez-ein-leben-lang-auf-dem-campingplatz-bella-terra\/"},"wordCount":668,"publisher":{"@id":"https:\/\/www.campingbellaterra.com\/de\/#organization"},"image":{"@id":"https:\/\/www.campingbellaterra.com\/de\/vicenc-fernandez-ein-leben-lang-auf-dem-campingplatz-bella-terra\/#primaryimage"},"thumbnailUrl":"https:\/\/www.campingbellaterra.com\/wp-content\/uploads\/media\/k2\/items\/src\/34649abc993982b197aa9a6210af69ed.jpg","keywords":["blanes","Campings","Familientourismus"],"articleSection":["blog"],"inLanguage":"de"},{"@type":"WebPage","@id":"https:\/\/www.campingbellaterra.com\/de\/vicenc-fernandez-ein-leben-lang-auf-dem-campingplatz-bella-terra\/","url":"https:\/\/www.campingbellaterra.com\/de\/vicenc-fernandez-ein-leben-lang-auf-dem-campingplatz-bella-terra\/","name":"Vicen\u00e7 Fern\u00e1ndez, ein Leben lang auf dem Campingplatz Bella Terra - Camping Bella Terra","isPartOf":{"@id":"https:\/\/www.campingbellaterra.com\/de\/#website"},"primaryImageOfPage":{"@id":"https:\/\/www.campingbellaterra.com\/de\/vicenc-fernandez-ein-leben-lang-auf-dem-campingplatz-bella-terra\/#primaryimage"},"image":{"@id":"https:\/\/www.campingbellaterra.com\/de\/vicenc-fernandez-ein-leben-lang-auf-dem-campingplatz-bella-terra\/#primaryimage"},"thumbnailUrl":"https:\/\/www.campingbellaterra.com\/wp-content\/uploads\/media\/k2\/items\/src\/34649abc993982b197aa9a6210af69ed.jpg","datePublished":"2018-10-29T12:35:02+00:00","dateModified":"2022-04-12T09:10:35+00:00","breadcrumb":{"@id":"https:\/\/www.campingbellaterra.com\/de\/vicenc-fernandez-ein-leben-lang-auf-dem-campingplatz-bella-terra\/#breadcrumb"},"inLanguage":"de","potentialAction":[{"@type":"ReadAction","target":["https:\/\/www.campingbellaterra.com\/de\/vicenc-fernandez-ein-leben-lang-auf-dem-campingplatz-bella-terra\/"]}]},{"@type":"ImageObject","inLanguage":"de","@id":"https:\/\/www.campingbellaterra.com\/de\/vicenc-fernandez-ein-leben-lang-auf-dem-campingplatz-bella-terra\/#primaryimage","url":"https:\/\/www.campingbellaterra.com\/wp-content\/uploads\/media\/k2\/items\/src\/34649abc993982b197aa9a6210af69ed.jpg","contentUrl":"https:\/\/www.campingbellaterra.com\/wp-content\/uploads\/media\/k2\/items\/src\/34649abc993982b197aa9a6210af69ed.jpg","width":1600,"height":900,"caption":"Vicen\u00e7 Fern\u00e1ndez, primer per l'esquerra, acompanyat de la seva germana Susana i de Margarida, cosina de la seva mare, durant l'estiu de 1975 al C\u00e0mping Bella Terra. Al fons de la imatge, els seus pares, M\u00aa Carmen i Jos\u00e9 Antonio"},{"@type":"BreadcrumbList","@id":"https:\/\/www.campingbellaterra.com\/de\/vicenc-fernandez-ein-leben-lang-auf-dem-campingplatz-bella-terra\/#breadcrumb","itemListElement":[{"@type":"ListItem","position":1,"name":"Inici","item":"https:\/\/www.campingbellaterra.com\/de\/"},{"@type":"ListItem","position":2,"name":"Vicen\u00e7 Fern\u00e1ndez, ein Leben lang auf dem Campingplatz Bella Terra"}]},{"@type":"WebSite","@id":"https:\/\/www.campingbellaterra.com\/de\/#website","url":"https:\/\/www.campingbellaterra.com\/de\/","name":"Camping Bella Terra","description":"Otro sitio realizado con WordPress","publisher":{"@id":"https:\/\/www.campingbellaterra.com\/de\/#organization"},"potentialAction":[{"@type":"SearchAction","target":{"@type":"EntryPoint","urlTemplate":"https:\/\/www.campingbellaterra.com\/de\/?s={search_term_string}"},"query-input":{"@type":"PropertyValueSpecification","valueRequired":true,"valueName":"search_term_string"}}],"inLanguage":"de"},{"@type":"Organization","@id":"https:\/\/www.campingbellaterra.com\/de\/#organization","name":"Camping Bella Terra","url":"https:\/\/www.campingbellaterra.com\/de\/","logo":{"@type":"ImageObject","inLanguage":"de","@id":"https:\/\/www.campingbellaterra.com\/de\/#\/schema\/logo\/image\/","url":"https:\/\/www.campingbellaterra.com\/wp-content\/uploads\/logo6.svg","contentUrl":"https:\/\/www.campingbellaterra.com\/wp-content\/uploads\/logo6.svg","width":"2048","height":"2048","caption":"Camping Bella Terra"},"image":{"@id":"https:\/\/www.campingbellaterra.com\/de\/#\/schema\/logo\/image\/"},"sameAs":["https:\/\/www.facebook.com\/campingbellaterra\/","https:\/\/x.com\/cbellaterra","https:\/\/www.instagram.com\/campingbellaterra\/","https:\/\/www.youtube.com\/c\/Camping-Bellaterra-Blanes","https:\/\/www.tripadvisor.es\/Hotel_Review-g580331-d3328184-Reviews-Camping_Bella_Terra-Blanes_Costa_Brava_Province_of_Girona_Catalonia.html"]},{"@type":"Person","@id":"https:\/\/www.campingbellaterra.com\/de\/#\/schema\/person\/9dafe106b7fade6dd08664bb60ea89ac","name":"vado","image":{"@type":"ImageObject","inLanguage":"de","@id":"https:\/\/www.campingbellaterra.com\/de\/#\/schema\/person\/image\/","url":"https:\/\/secure.gravatar.com\/avatar\/6edab01d4cd19889ac2b69e05f01a3c93227951cf320620732fca472f184e4f5?s=96&d=mm&r=g","contentUrl":"https:\/\/secure.gravatar.com\/avatar\/6edab01d4cd19889ac2b69e05f01a3c93227951cf320620732fca472f184e4f5?s=96&d=mm&r=g","caption":"vado"},"url":"https:\/\/www.campingbellaterra.com\/de\/author\/vado\/"}]}},"_links":{"self":[{"href":"https:\/\/www.campingbellaterra.com\/de\/wp-json\/wp\/v2\/posts\/6940","targetHints":{"allow":["GET"]}}],"collection":[{"href":"https:\/\/www.campingbellaterra.com\/de\/wp-json\/wp\/v2\/posts"}],"about":[{"href":"https:\/\/www.campingbellaterra.com\/de\/wp-json\/wp\/v2\/types\/post"}],"author":[{"embeddable":true,"href":"https:\/\/www.campingbellaterra.com\/de\/wp-json\/wp\/v2\/users\/2"}],"replies":[{"embeddable":true,"href":"https:\/\/www.campingbellaterra.com\/de\/wp-json\/wp\/v2\/comments?post=6940"}],"version-history":[{"count":1,"href":"https:\/\/www.campingbellaterra.com\/de\/wp-json\/wp\/v2\/posts\/6940\/revisions"}],"predecessor-version":[{"id":10993,"href":"https:\/\/www.campingbellaterra.com\/de\/wp-json\/wp\/v2\/posts\/6940\/revisions\/10993"}],"wp:featuredmedia":[{"embeddable":true,"href":"https:\/\/www.campingbellaterra.com\/de\/wp-json\/wp\/v2\/media\/9345"}],"wp:attachment":[{"href":"https:\/\/www.campingbellaterra.com\/de\/wp-json\/wp\/v2\/media?parent=6940"}],"wp:term":[{"taxonomy":"category","embeddable":true,"href":"https:\/\/www.campingbellaterra.com\/de\/wp-json\/wp\/v2\/categories?post=6940"},{"taxonomy":"post_tag","embeddable":true,"href":"https:\/\/www.campingbellaterra.com\/de\/wp-json\/wp\/v2\/tags?post=6940"}],"curies":[{"name":"wp","href":"https:\/\/api.w.org\/{rel}","templated":true}]}}