{"id":6970,"date":"2019-02-20T08:12:11","date_gmt":"2019-02-20T07:12:11","guid":{"rendered":"https:\/\/www.campingbellaterra.com\/2019\/02\/20\/praesenz-auf-der-ferie-for-alle\/"},"modified":"2022-04-12T10:29:09","modified_gmt":"2022-04-12T08:29:09","slug":"praesenz-auf-der-ferie-for-alle","status":"publish","type":"post","link":"https:\/\/www.campingbellaterra.com\/de\/praesenz-auf-der-ferie-for-alle\/","title":{"rendered":"Camping Bella Terra versucht mit der Pr\u00e4senz auf der Ferie For Alle, den Marktanteil in Skandinavien auszubauen"},"content":{"rendered":"<p><span style=\"font-size: 14pt;\">Die Messe findet vom 22. bis 24. Februar in der d\u00e4nischen Stadt Herning statt.<\/span><\/p>\n<p><!--more--><\/p>\n<p style=\"text-align: justify;\"><strong>Camping Bella Terra<\/strong> aus Blanes wird zum dritten Mal in Folge an der <strong>Ferie For Alle in Herning<\/strong> teilnehmen, der wichtigsten Ferienmesse Skandinaviens, die von Freitag bis Sonntag im Messezentrum <strong>MCH Messecenter<\/strong> stattfindet.<\/p>\n<p style=\"text-align: justify;\">Die seit 1997 stattfindende Veranstaltung bietet Ausstellern und Besuchern gro\u00dfartige M\u00f6glichkeiten zum Networking und bietet Ausstellern eine umfassende Plattform, um ihre Produkte und Dienstleistungen auf sich aufmerksam zu machen. Im Jahr 2018 besuchten mehr als 60.000 Menschen die Messe mit mehr als 1.200 Ausstellern.<\/p>\n<p style=\"text-align: justify;\">Der Campingplatz Bella Terra befindet sich in Halle M, Stand 9768, der zu einer sch\u00f6nen Werkstatt umgebaut wird, um den Touristen den Reisenden aus dem Land bekannt zu machen und den nordischen Markt zu erweitern.<\/p>\n<p style=\"text-align: justify;\">Die Familie Anderesen, ein d\u00e4nisches Paar, das dem Campingplatz angeschlossen ist, wird erneut f\u00fcr die Vertretung der Unterk\u00fcnfte auf dieser Messe verantwortlich sein.<\/p>\n<p style=\"text-align: justify;\"><em>&#8218;Wir m\u00f6chten die Aufmerksamkeit des skandinavischen Marktes durch ein nettes Angebot auf uns ziehen, da es au\u00dferhalb der Hauptsaison ein wichtiger Teil unseres Gesch\u00e4fts sein kann. Deshalb ist es wichtig, noch ein Jahr auf dieser Messe pr\u00e4sent zu sein. Das Paar Andersen ist der beste Gespr\u00e4chspartner, um diese Philosophie zu vermitteln<\/em> \u201c, sagt Vicen\u00e7 Fern\u00e1ndez, Direktor von Camping Bella Terra.<\/p>\n<p style=\"text-align: justify;\">Der Campingplatz in der Stadt Blanes in Girona \u00f6ffnet am Samstag, dem 6. April.<\/p>\n","protected":false},"excerpt":{"rendered":"<p>Die Messe findet vom 22. bis 24. Februar in der d\u00e4nischen Stadt Herning statt.<\/p>\n","protected":false},"author":2,"featured_media":10982,"comment_status":"closed","ping_status":"closed","sticky":false,"template":"","format":"standard","meta":{"_acf_changed":false,"inline_featured_image":false,"_monsterinsights_skip_tracking":false,"_monsterinsights_sitenote_active":false,"_monsterinsights_sitenote_note":"","_monsterinsights_sitenote_category":0,"footnotes":""},"categories":[2278],"tags":[1867,1885,1891,1897,2023],"class_list":["post-6970","post","type-post","status-publish","format-standard","has-post-thumbnail","hentry","category-blog-de","tag-blanes-de","tag-bungalows-de","tag-camping-de","tag-camping-bella-terra-de","tag-ferie-for-alle-de"],"acf":[],"yoast_head":"<!-- This site is optimized with the Yoast SEO plugin v27.0 - https:\/\/yoast.com\/product\/yoast-seo-wordpress\/ -->\n<title>Camping Bella Terra versucht mit der Pr\u00e4senz auf der Ferie For Alle, den Marktanteil in Skandinavien auszubauen - Camping Bella Terra<\/title>\n<meta name=\"robots\" content=\"index, follow, max-snippet:-1, max-image-preview:large, max-video-preview:-1\" \/>\n<link rel=\"canonical\" href=\"https:\/\/www.campingbellaterra.com\/de\/praesenz-auf-der-ferie-for-alle\/\" \/>\n<meta property=\"og:locale\" content=\"de_DE\" \/>\n<meta property=\"og:type\" content=\"article\" \/>\n<meta property=\"og:title\" content=\"Camping Bella Terra versucht mit der Pr\u00e4senz auf der Ferie For Alle, den Marktanteil in Skandinavien auszubauen - Camping Bella Terra\" \/>\n<meta property=\"og:description\" content=\"Die Messe findet vom 22. bis 24. Februar in der d\u00e4nischen Stadt Herning statt.\" \/>\n<meta property=\"og:url\" content=\"https:\/\/www.campingbellaterra.com\/de\/praesenz-auf-der-ferie-for-alle\/\" \/>\n<meta property=\"og:site_name\" content=\"Camping Bella Terra\" \/>\n<meta property=\"article:publisher\" content=\"https:\/\/www.facebook.com\/campingbellaterra\/\" \/>\n<meta property=\"article:published_time\" content=\"2019-02-20T07:12:11+00:00\" \/>\n<meta property=\"article:modified_time\" content=\"2022-04-12T08:29:09+00:00\" \/>\n<meta property=\"og:image\" content=\"https:\/\/www.campingbellaterra.com\/wp-content\/uploads\/media\/k2\/items\/src\/f68bc1606a499c66a1eabd66e99d6817.jpg\" \/>\n\t<meta property=\"og:image:width\" content=\"940\" \/>\n\t<meta property=\"og:image:height\" content=\"520\" \/>\n\t<meta property=\"og:image:type\" content=\"image\/jpeg\" \/>\n<meta name=\"author\" content=\"vado\" \/>\n<meta name=\"twitter:card\" content=\"summary_large_image\" \/>\n<meta name=\"twitter:creator\" content=\"@cbellaterra\" \/>\n<meta name=\"twitter:site\" content=\"@cbellaterra\" \/>\n<meta name=\"twitter:label1\" content=\"Verfasst von\" \/>\n\t<meta name=\"twitter:data1\" content=\"vado\" \/>\n\t<meta name=\"twitter:label2\" content=\"Gesch\u00e4tzte Lesezeit\" \/>\n\t<meta name=\"twitter:data2\" content=\"1\u00a0Minute\" \/>\n<script type=\"application\/ld+json\" class=\"yoast-schema-graph\">{\"@context\":\"https:\/\/schema.org\",\"@graph\":[{\"@type\":\"Article\",\"@id\":\"https:\/\/www.campingbellaterra.com\/de\/praesenz-auf-der-ferie-for-alle\/#article\",\"isPartOf\":{\"@id\":\"https:\/\/www.campingbellaterra.com\/de\/praesenz-auf-der-ferie-for-alle\/\"},\"author\":{\"name\":\"vado\",\"@id\":\"https:\/\/www.campingbellaterra.com\/de\/#\/schema\/person\/9dafe106b7fade6dd08664bb60ea89ac\"},\"headline\":\"Camping Bella Terra versucht mit der Pr\u00e4senz auf der Ferie For Alle, den Marktanteil in Skandinavien auszubauen\",\"datePublished\":\"2019-02-20T07:12:11+00:00\",\"dateModified\":\"2022-04-12T08:29:09+00:00\",\"mainEntityOfPage\":{\"@id\":\"https:\/\/www.campingbellaterra.com\/de\/praesenz-auf-der-ferie-for-alle\/\"},\"wordCount\":245,\"publisher\":{\"@id\":\"https:\/\/www.campingbellaterra.com\/de\/#organization\"},\"image\":{\"@id\":\"https:\/\/www.campingbellaterra.com\/de\/praesenz-auf-der-ferie-for-alle\/#primaryimage\"},\"thumbnailUrl\":\"https:\/\/www.campingbellaterra.com\/wp-content\/uploads\/media\/k2\/items\/src\/f68bc1606a499c66a1eabd66e99d6817.jpg\",\"keywords\":[\"blanes\",\"BUNGALOWS\",\"camping\",\"camping bella terra\",\"ferie for alle\"],\"articleSection\":[\"blog\"],\"inLanguage\":\"de\"},{\"@type\":\"WebPage\",\"@id\":\"https:\/\/www.campingbellaterra.com\/de\/praesenz-auf-der-ferie-for-alle\/\",\"url\":\"https:\/\/www.campingbellaterra.com\/de\/praesenz-auf-der-ferie-for-alle\/\",\"name\":\"Camping Bella Terra versucht mit der Pr\u00e4senz auf der Ferie For Alle, den Marktanteil in Skandinavien auszubauen - Camping Bella Terra\",\"isPartOf\":{\"@id\":\"https:\/\/www.campingbellaterra.com\/de\/#website\"},\"primaryImageOfPage\":{\"@id\":\"https:\/\/www.campingbellaterra.com\/de\/praesenz-auf-der-ferie-for-alle\/#primaryimage\"},\"image\":{\"@id\":\"https:\/\/www.campingbellaterra.com\/de\/praesenz-auf-der-ferie-for-alle\/#primaryimage\"},\"thumbnailUrl\":\"https:\/\/www.campingbellaterra.com\/wp-content\/uploads\/media\/k2\/items\/src\/f68bc1606a499c66a1eabd66e99d6817.jpg\",\"datePublished\":\"2019-02-20T07:12:11+00:00\",\"dateModified\":\"2022-04-12T08:29:09+00:00\",\"breadcrumb\":{\"@id\":\"https:\/\/www.campingbellaterra.com\/de\/praesenz-auf-der-ferie-for-alle\/#breadcrumb\"},\"inLanguage\":\"de\",\"potentialAction\":[{\"@type\":\"ReadAction\",\"target\":[\"https:\/\/www.campingbellaterra.com\/de\/praesenz-auf-der-ferie-for-alle\/\"]}]},{\"@type\":\"ImageObject\",\"inLanguage\":\"de\",\"@id\":\"https:\/\/www.campingbellaterra.com\/de\/praesenz-auf-der-ferie-for-alle\/#primaryimage\",\"url\":\"https:\/\/www.campingbellaterra.com\/wp-content\/uploads\/media\/k2\/items\/src\/f68bc1606a499c66a1eabd66e99d6817.jpg\",\"contentUrl\":\"https:\/\/www.campingbellaterra.com\/wp-content\/uploads\/media\/k2\/items\/src\/f68bc1606a499c66a1eabd66e99d6817.jpg\",\"width\":940,\"height\":520},{\"@type\":\"BreadcrumbList\",\"@id\":\"https:\/\/www.campingbellaterra.com\/de\/praesenz-auf-der-ferie-for-alle\/#breadcrumb\",\"itemListElement\":[{\"@type\":\"ListItem\",\"position\":1,\"name\":\"Inici\",\"item\":\"https:\/\/www.campingbellaterra.com\/de\/\"},{\"@type\":\"ListItem\",\"position\":2,\"name\":\"Camping Bella Terra versucht mit der Pr\u00e4senz auf der Ferie For Alle, den Marktanteil in Skandinavien auszubauen\"}]},{\"@type\":\"WebSite\",\"@id\":\"https:\/\/www.campingbellaterra.com\/de\/#website\",\"url\":\"https:\/\/www.campingbellaterra.com\/de\/\",\"name\":\"Camping Bella Terra\",\"description\":\"Otro sitio realizado con WordPress\",\"publisher\":{\"@id\":\"https:\/\/www.campingbellaterra.com\/de\/#organization\"},\"potentialAction\":[{\"@type\":\"SearchAction\",\"target\":{\"@type\":\"EntryPoint\",\"urlTemplate\":\"https:\/\/www.campingbellaterra.com\/de\/?s={search_term_string}\"},\"query-input\":{\"@type\":\"PropertyValueSpecification\",\"valueRequired\":true,\"valueName\":\"search_term_string\"}}],\"inLanguage\":\"de\"},{\"@type\":\"Organization\",\"@id\":\"https:\/\/www.campingbellaterra.com\/de\/#organization\",\"name\":\"Camping Bella Terra\",\"url\":\"https:\/\/www.campingbellaterra.com\/de\/\",\"logo\":{\"@type\":\"ImageObject\",\"inLanguage\":\"de\",\"@id\":\"https:\/\/www.campingbellaterra.com\/de\/#\/schema\/logo\/image\/\",\"url\":\"https:\/\/www.campingbellaterra.com\/wp-content\/uploads\/logo6.svg\",\"contentUrl\":\"https:\/\/www.campingbellaterra.com\/wp-content\/uploads\/logo6.svg\",\"width\":\"2048\",\"height\":\"2048\",\"caption\":\"Camping Bella Terra\"},\"image\":{\"@id\":\"https:\/\/www.campingbellaterra.com\/de\/#\/schema\/logo\/image\/\"},\"sameAs\":[\"https:\/\/www.facebook.com\/campingbellaterra\/\",\"https:\/\/x.com\/cbellaterra\",\"https:\/\/www.instagram.com\/campingbellaterra\/\",\"https:\/\/www.youtube.com\/c\/Camping-Bellaterra-Blanes\",\"https:\/\/www.tripadvisor.es\/Hotel_Review-g580331-d3328184-Reviews-Camping_Bella_Terra-Blanes_Costa_Brava_Province_of_Girona_Catalonia.html\"]},{\"@type\":\"Person\",\"@id\":\"https:\/\/www.campingbellaterra.com\/de\/#\/schema\/person\/9dafe106b7fade6dd08664bb60ea89ac\",\"name\":\"vado\",\"image\":{\"@type\":\"ImageObject\",\"inLanguage\":\"de\",\"@id\":\"https:\/\/www.campingbellaterra.com\/de\/#\/schema\/person\/image\/\",\"url\":\"https:\/\/secure.gravatar.com\/avatar\/6edab01d4cd19889ac2b69e05f01a3c93227951cf320620732fca472f184e4f5?s=96&d=mm&r=g\",\"contentUrl\":\"https:\/\/secure.gravatar.com\/avatar\/6edab01d4cd19889ac2b69e05f01a3c93227951cf320620732fca472f184e4f5?s=96&d=mm&r=g\",\"caption\":\"vado\"},\"url\":\"https:\/\/www.campingbellaterra.com\/de\/author\/vado\/\"}]}<\/script>\n<!-- \/ Yoast SEO plugin. -->","yoast_head_json":{"title":"Camping Bella Terra versucht mit der Pr\u00e4senz auf der Ferie For Alle, den Marktanteil in Skandinavien auszubauen - Camping Bella Terra","robots":{"index":"index","follow":"follow","max-snippet":"max-snippet:-1","max-image-preview":"max-image-preview:large","max-video-preview":"max-video-preview:-1"},"canonical":"https:\/\/www.campingbellaterra.com\/de\/praesenz-auf-der-ferie-for-alle\/","og_locale":"de_DE","og_type":"article","og_title":"Camping Bella Terra versucht mit der Pr\u00e4senz auf der Ferie For Alle, den Marktanteil in Skandinavien auszubauen - Camping Bella Terra","og_description":"Die Messe findet vom 22. bis 24. Februar in der d\u00e4nischen Stadt Herning statt.","og_url":"https:\/\/www.campingbellaterra.com\/de\/praesenz-auf-der-ferie-for-alle\/","og_site_name":"Camping Bella Terra","article_publisher":"https:\/\/www.facebook.com\/campingbellaterra\/","article_published_time":"2019-02-20T07:12:11+00:00","article_modified_time":"2022-04-12T08:29:09+00:00","og_image":[{"width":940,"height":520,"url":"https:\/\/www.campingbellaterra.com\/wp-content\/uploads\/media\/k2\/items\/src\/f68bc1606a499c66a1eabd66e99d6817.jpg","type":"image\/jpeg"}],"author":"vado","twitter_card":"summary_large_image","twitter_creator":"@cbellaterra","twitter_site":"@cbellaterra","twitter_misc":{"Verfasst von":"vado","Gesch\u00e4tzte Lesezeit":"1\u00a0Minute"},"schema":{"@context":"https:\/\/schema.org","@graph":[{"@type":"Article","@id":"https:\/\/www.campingbellaterra.com\/de\/praesenz-auf-der-ferie-for-alle\/#article","isPartOf":{"@id":"https:\/\/www.campingbellaterra.com\/de\/praesenz-auf-der-ferie-for-alle\/"},"author":{"name":"vado","@id":"https:\/\/www.campingbellaterra.com\/de\/#\/schema\/person\/9dafe106b7fade6dd08664bb60ea89ac"},"headline":"Camping Bella Terra versucht mit der Pr\u00e4senz auf der Ferie For Alle, den Marktanteil in Skandinavien auszubauen","datePublished":"2019-02-20T07:12:11+00:00","dateModified":"2022-04-12T08:29:09+00:00","mainEntityOfPage":{"@id":"https:\/\/www.campingbellaterra.com\/de\/praesenz-auf-der-ferie-for-alle\/"},"wordCount":245,"publisher":{"@id":"https:\/\/www.campingbellaterra.com\/de\/#organization"},"image":{"@id":"https:\/\/www.campingbellaterra.com\/de\/praesenz-auf-der-ferie-for-alle\/#primaryimage"},"thumbnailUrl":"https:\/\/www.campingbellaterra.com\/wp-content\/uploads\/media\/k2\/items\/src\/f68bc1606a499c66a1eabd66e99d6817.jpg","keywords":["blanes","BUNGALOWS","camping","camping bella terra","ferie for alle"],"articleSection":["blog"],"inLanguage":"de"},{"@type":"WebPage","@id":"https:\/\/www.campingbellaterra.com\/de\/praesenz-auf-der-ferie-for-alle\/","url":"https:\/\/www.campingbellaterra.com\/de\/praesenz-auf-der-ferie-for-alle\/","name":"Camping Bella Terra versucht mit der Pr\u00e4senz auf der Ferie For Alle, den Marktanteil in Skandinavien auszubauen - Camping Bella Terra","isPartOf":{"@id":"https:\/\/www.campingbellaterra.com\/de\/#website"},"primaryImageOfPage":{"@id":"https:\/\/www.campingbellaterra.com\/de\/praesenz-auf-der-ferie-for-alle\/#primaryimage"},"image":{"@id":"https:\/\/www.campingbellaterra.com\/de\/praesenz-auf-der-ferie-for-alle\/#primaryimage"},"thumbnailUrl":"https:\/\/www.campingbellaterra.com\/wp-content\/uploads\/media\/k2\/items\/src\/f68bc1606a499c66a1eabd66e99d6817.jpg","datePublished":"2019-02-20T07:12:11+00:00","dateModified":"2022-04-12T08:29:09+00:00","breadcrumb":{"@id":"https:\/\/www.campingbellaterra.com\/de\/praesenz-auf-der-ferie-for-alle\/#breadcrumb"},"inLanguage":"de","potentialAction":[{"@type":"ReadAction","target":["https:\/\/www.campingbellaterra.com\/de\/praesenz-auf-der-ferie-for-alle\/"]}]},{"@type":"ImageObject","inLanguage":"de","@id":"https:\/\/www.campingbellaterra.com\/de\/praesenz-auf-der-ferie-for-alle\/#primaryimage","url":"https:\/\/www.campingbellaterra.com\/wp-content\/uploads\/media\/k2\/items\/src\/f68bc1606a499c66a1eabd66e99d6817.jpg","contentUrl":"https:\/\/www.campingbellaterra.com\/wp-content\/uploads\/media\/k2\/items\/src\/f68bc1606a499c66a1eabd66e99d6817.jpg","width":940,"height":520},{"@type":"BreadcrumbList","@id":"https:\/\/www.campingbellaterra.com\/de\/praesenz-auf-der-ferie-for-alle\/#breadcrumb","itemListElement":[{"@type":"ListItem","position":1,"name":"Inici","item":"https:\/\/www.campingbellaterra.com\/de\/"},{"@type":"ListItem","position":2,"name":"Camping Bella Terra versucht mit der Pr\u00e4senz auf der Ferie For Alle, den Marktanteil in Skandinavien auszubauen"}]},{"@type":"WebSite","@id":"https:\/\/www.campingbellaterra.com\/de\/#website","url":"https:\/\/www.campingbellaterra.com\/de\/","name":"Camping Bella Terra","description":"Otro sitio realizado con WordPress","publisher":{"@id":"https:\/\/www.campingbellaterra.com\/de\/#organization"},"potentialAction":[{"@type":"SearchAction","target":{"@type":"EntryPoint","urlTemplate":"https:\/\/www.campingbellaterra.com\/de\/?s={search_term_string}"},"query-input":{"@type":"PropertyValueSpecification","valueRequired":true,"valueName":"search_term_string"}}],"inLanguage":"de"},{"@type":"Organization","@id":"https:\/\/www.campingbellaterra.com\/de\/#organization","name":"Camping Bella Terra","url":"https:\/\/www.campingbellaterra.com\/de\/","logo":{"@type":"ImageObject","inLanguage":"de","@id":"https:\/\/www.campingbellaterra.com\/de\/#\/schema\/logo\/image\/","url":"https:\/\/www.campingbellaterra.com\/wp-content\/uploads\/logo6.svg","contentUrl":"https:\/\/www.campingbellaterra.com\/wp-content\/uploads\/logo6.svg","width":"2048","height":"2048","caption":"Camping Bella Terra"},"image":{"@id":"https:\/\/www.campingbellaterra.com\/de\/#\/schema\/logo\/image\/"},"sameAs":["https:\/\/www.facebook.com\/campingbellaterra\/","https:\/\/x.com\/cbellaterra","https:\/\/www.instagram.com\/campingbellaterra\/","https:\/\/www.youtube.com\/c\/Camping-Bellaterra-Blanes","https:\/\/www.tripadvisor.es\/Hotel_Review-g580331-d3328184-Reviews-Camping_Bella_Terra-Blanes_Costa_Brava_Province_of_Girona_Catalonia.html"]},{"@type":"Person","@id":"https:\/\/www.campingbellaterra.com\/de\/#\/schema\/person\/9dafe106b7fade6dd08664bb60ea89ac","name":"vado","image":{"@type":"ImageObject","inLanguage":"de","@id":"https:\/\/www.campingbellaterra.com\/de\/#\/schema\/person\/image\/","url":"https:\/\/secure.gravatar.com\/avatar\/6edab01d4cd19889ac2b69e05f01a3c93227951cf320620732fca472f184e4f5?s=96&d=mm&r=g","contentUrl":"https:\/\/secure.gravatar.com\/avatar\/6edab01d4cd19889ac2b69e05f01a3c93227951cf320620732fca472f184e4f5?s=96&d=mm&r=g","caption":"vado"},"url":"https:\/\/www.campingbellaterra.com\/de\/author\/vado\/"}]}},"_links":{"self":[{"href":"https:\/\/www.campingbellaterra.com\/de\/wp-json\/wp\/v2\/posts\/6970","targetHints":{"allow":["GET"]}}],"collection":[{"href":"https:\/\/www.campingbellaterra.com\/de\/wp-json\/wp\/v2\/posts"}],"about":[{"href":"https:\/\/www.campingbellaterra.com\/de\/wp-json\/wp\/v2\/types\/post"}],"author":[{"embeddable":true,"href":"https:\/\/www.campingbellaterra.com\/de\/wp-json\/wp\/v2\/users\/2"}],"replies":[{"embeddable":true,"href":"https:\/\/www.campingbellaterra.com\/de\/wp-json\/wp\/v2\/comments?post=6970"}],"version-history":[{"count":1,"href":"https:\/\/www.campingbellaterra.com\/de\/wp-json\/wp\/v2\/posts\/6970\/revisions"}],"predecessor-version":[{"id":10978,"href":"https:\/\/www.campingbellaterra.com\/de\/wp-json\/wp\/v2\/posts\/6970\/revisions\/10978"}],"wp:featuredmedia":[{"embeddable":true,"href":"https:\/\/www.campingbellaterra.com\/de\/wp-json\/wp\/v2\/media\/10982"}],"wp:attachment":[{"href":"https:\/\/www.campingbellaterra.com\/de\/wp-json\/wp\/v2\/media?parent=6970"}],"wp:term":[{"taxonomy":"category","embeddable":true,"href":"https:\/\/www.campingbellaterra.com\/de\/wp-json\/wp\/v2\/categories?post=6970"},{"taxonomy":"post_tag","embeddable":true,"href":"https:\/\/www.campingbellaterra.com\/de\/wp-json\/wp\/v2\/tags?post=6970"}],"curies":[{"name":"wp","href":"https:\/\/api.w.org\/{rel}","templated":true}]}}