{"id":7079,"date":"2019-07-17T07:00:37","date_gmt":"2019-07-17T05:00:37","guid":{"rendered":"https:\/\/www.campingbellaterra.com\/2019\/07\/17\/countdown-feuerwerkswettbewerb\/"},"modified":"2022-04-12T10:17:01","modified_gmt":"2022-04-12T08:17:01","slug":"countdown-feuerwerkswettbewerb","status":"publish","type":"post","link":"https:\/\/www.campingbellaterra.com\/de\/countdown-feuerwerkswettbewerb\/","title":{"rendered":"Der Countdown zum 49. Feuerwerkswettbewerb hat begonnen"},"content":{"rendered":"<p><span style=\"font-size: 14pt;\">Das internationale Feuerwerksfestival findet vom 23. bis 27. Juli um 22:30 Uhr statt.<\/span><\/p>\n<p><!--more--><\/p>\n<p style=\"text-align: justify;\">Die Stadt Blanes in Girona bereitet sich auf die <strong>49. Ausgabe des Internationalen Feuerwerkswettbewerbs Costa Brava<\/strong> vor, der als eines der wichtigsten pyrotechnischen Ereignisse in Europa gilt, das vom 23. bis 27. Juli stattfindet und mit den gro\u00dfen Stadtfesten der Gemeinde zusammenf\u00e4llt. Der Wettbewerb wurde erstmals 1971 veranstaltet. Seitdem ist es ein gefeiertes Festival, das renommierte Teilnehmer aus verschiedenen L\u00e4ndern anzieht.<\/p>\n<p style=\"text-align: justify;\">Vier spanische und ein italienisches Unternehmen werden an der diesj\u00e4hrigen Ausgabe teilnehmen. Am ersten Abend des 23. Juli starten wir mit der Firma Hermanos Ferr\u00e1ndez (Murcia), Gewinner der letzten drei Ausgaben. Chronologisch gesehen ist Mittwoch Poleggi (Italien), Donnerstag, 25. Valenciana Pyrotechnics, Freitag, 26. Gironina, Abschluss des Festivals, Pyrotechnics Zaragozana, am 27. Samstag.<\/p>\n<p style=\"text-align: justify;\">Blanes vervierfacht die Bev\u00f6lkerung w\u00e4hrend der f\u00fcnf Wettbewerbstage. Es wird gesch\u00e4tzt, dass in diesem Jahr mehr als 500.000 Menschen die K\u00fcstenstadt durchqueren werden, von denen die meisten am Samstagabend sein werden. Die Stadt hat eine gro\u00dfe Auswahl an Unterk\u00fcnften, darunter auch Stellpl\u00e4tze f\u00fcr Campingg\u00e4ste, mit mehr als 10.000 Stellpl\u00e4tzen.<\/p>\n<p style=\"text-align: justify;\">Eine dieser touristischen Unterk\u00fcnfte ist <strong>Camping Bella Terra<\/strong>, das k\u00fcrzlich mit dem TripAdvisor Certificate of Excellence als Nummer 1 unter den zus\u00e4tzlichen Unterk\u00fcnften in Blanes ausgezeichnet wurde. Der Campingplatz erwartet f\u00fcr die Woche des Feuerwerkswettbewerbs eine hohe Auslastung. <em>\u2018Es ist ein Datum, das auf dem Kalender aller unserer Camper vermerkt ist. Reservierungen f\u00fcr die Woche des Wettbewerbs werden sogar weit im Voraus vorgenommen. Normalerweise ist f\u00fcr diese Daten im Januar kein Platz mehr vorhanden\u2019<\/em>, sagt Regisseur Vicen\u00e7 Fernandez.<\/p>\n<p style=\"text-align: justify;\">Das Camping Bella Terra bietet direkten Zugang zum Strand von S&#8217;Abanell, wo Sie alle Arten von Aktivit\u00e4ten auf dem Wasser aus\u00fcben k\u00f6nnen und wo Camper eine breite Palette von Dienstleistungen f\u00fcr Freizeitaktivit\u00e4ten, Sport, Gastronomie, Wandern oder Kultur finden k\u00f6nnen. Neben den unz\u00e4hligen Ausfl\u00fcgen an die Str\u00e4nde der Costa Brava oder der M\u00f6glichkeit, die nur 70 km entfernte Stadt Barcelona zu besuchen, ist Camping eine ideale M\u00f6glichkeit, um Ihren Urlaub zu genie\u00dfen.<\/p>\n<p>&nbsp;<\/p>\n<p>&nbsp;<\/p>\n","protected":false},"excerpt":{"rendered":"<p>Das internationale Feuerwerksfestival findet vom 23. bis 27. Juli um 22:30 Uhr statt.<\/p>\n","protected":false},"author":2,"featured_media":9753,"comment_status":"closed","ping_status":"closed","sticky":false,"template":"","format":"standard","meta":{"_acf_changed":false,"inline_featured_image":false,"_monsterinsights_skip_tracking":false,"_monsterinsights_sitenote_active":false,"_monsterinsights_sitenote_note":"","_monsterinsights_sitenote_category":0,"footnotes":""},"categories":[2278],"tags":[1867,1885,1891,1897,2271],"class_list":["post-7079","post","type-post","status-publish","format-standard","has-post-thumbnail","hentry","category-blog-de","tag-blanes-de","tag-bungalows-de","tag-camping-de","tag-camping-bella-terra-de","tag-feuerwerk"],"acf":[],"yoast_head":"<!-- This site is optimized with the Yoast SEO plugin v27.0 - https:\/\/yoast.com\/product\/yoast-seo-wordpress\/ -->\n<title>Der Countdown zum 49. Feuerwerkswettbewerb hat begonnen - Camping Bella Terra<\/title>\n<meta name=\"robots\" content=\"index, follow, max-snippet:-1, max-image-preview:large, max-video-preview:-1\" \/>\n<link rel=\"canonical\" href=\"https:\/\/www.campingbellaterra.com\/de\/countdown-feuerwerkswettbewerb\/\" \/>\n<meta property=\"og:locale\" content=\"de_DE\" \/>\n<meta property=\"og:type\" content=\"article\" \/>\n<meta property=\"og:title\" content=\"Der Countdown zum 49. Feuerwerkswettbewerb hat begonnen - Camping Bella Terra\" \/>\n<meta property=\"og:description\" content=\"Das internationale Feuerwerksfestival findet vom 23. bis 27. Juli um 22:30 Uhr statt.\" \/>\n<meta property=\"og:url\" content=\"https:\/\/www.campingbellaterra.com\/de\/countdown-feuerwerkswettbewerb\/\" \/>\n<meta property=\"og:site_name\" content=\"Camping Bella Terra\" \/>\n<meta property=\"article:publisher\" content=\"https:\/\/www.facebook.com\/campingbellaterra\/\" \/>\n<meta property=\"article:published_time\" content=\"2019-07-17T05:00:37+00:00\" \/>\n<meta property=\"article:modified_time\" content=\"2022-04-12T08:17:01+00:00\" \/>\n<meta property=\"og:image\" content=\"https:\/\/www.campingbellaterra.com\/wp-content\/uploads\/media\/k2\/items\/src\/1f9467ed0ebd32e9dc822d63c55d5401.jpg\" \/>\n\t<meta property=\"og:image:width\" content=\"1200\" \/>\n\t<meta property=\"og:image:height\" content=\"797\" \/>\n\t<meta property=\"og:image:type\" content=\"image\/jpeg\" \/>\n<meta name=\"author\" content=\"vado\" \/>\n<meta name=\"twitter:card\" content=\"summary_large_image\" \/>\n<meta name=\"twitter:creator\" content=\"@cbellaterra\" \/>\n<meta name=\"twitter:site\" content=\"@cbellaterra\" \/>\n<meta name=\"twitter:label1\" content=\"Verfasst von\" \/>\n\t<meta name=\"twitter:data1\" content=\"vado\" \/>\n\t<meta name=\"twitter:label2\" content=\"Gesch\u00e4tzte Lesezeit\" \/>\n\t<meta name=\"twitter:data2\" content=\"2\u00a0Minuten\" \/>\n<script type=\"application\/ld+json\" class=\"yoast-schema-graph\">{\"@context\":\"https:\/\/schema.org\",\"@graph\":[{\"@type\":\"Article\",\"@id\":\"https:\/\/www.campingbellaterra.com\/de\/countdown-feuerwerkswettbewerb\/#article\",\"isPartOf\":{\"@id\":\"https:\/\/www.campingbellaterra.com\/de\/countdown-feuerwerkswettbewerb\/\"},\"author\":{\"name\":\"vado\",\"@id\":\"https:\/\/www.campingbellaterra.com\/de\/#\/schema\/person\/9dafe106b7fade6dd08664bb60ea89ac\"},\"headline\":\"Der Countdown zum 49. Feuerwerkswettbewerb hat begonnen\",\"datePublished\":\"2019-07-17T05:00:37+00:00\",\"dateModified\":\"2022-04-12T08:17:01+00:00\",\"mainEntityOfPage\":{\"@id\":\"https:\/\/www.campingbellaterra.com\/de\/countdown-feuerwerkswettbewerb\/\"},\"wordCount\":352,\"publisher\":{\"@id\":\"https:\/\/www.campingbellaterra.com\/de\/#organization\"},\"image\":{\"@id\":\"https:\/\/www.campingbellaterra.com\/de\/countdown-feuerwerkswettbewerb\/#primaryimage\"},\"thumbnailUrl\":\"https:\/\/www.campingbellaterra.com\/wp-content\/uploads\/media\/k2\/items\/src\/1f9467ed0ebd32e9dc822d63c55d5401.jpg\",\"keywords\":[\"blanes\",\"BUNGALOWS\",\"camping\",\"camping bella terra\",\"Feuerwerk\"],\"articleSection\":[\"blog\"],\"inLanguage\":\"de\"},{\"@type\":\"WebPage\",\"@id\":\"https:\/\/www.campingbellaterra.com\/de\/countdown-feuerwerkswettbewerb\/\",\"url\":\"https:\/\/www.campingbellaterra.com\/de\/countdown-feuerwerkswettbewerb\/\",\"name\":\"Der Countdown zum 49. Feuerwerkswettbewerb hat begonnen - Camping Bella Terra\",\"isPartOf\":{\"@id\":\"https:\/\/www.campingbellaterra.com\/de\/#website\"},\"primaryImageOfPage\":{\"@id\":\"https:\/\/www.campingbellaterra.com\/de\/countdown-feuerwerkswettbewerb\/#primaryimage\"},\"image\":{\"@id\":\"https:\/\/www.campingbellaterra.com\/de\/countdown-feuerwerkswettbewerb\/#primaryimage\"},\"thumbnailUrl\":\"https:\/\/www.campingbellaterra.com\/wp-content\/uploads\/media\/k2\/items\/src\/1f9467ed0ebd32e9dc822d63c55d5401.jpg\",\"datePublished\":\"2019-07-17T05:00:37+00:00\",\"dateModified\":\"2022-04-12T08:17:01+00:00\",\"breadcrumb\":{\"@id\":\"https:\/\/www.campingbellaterra.com\/de\/countdown-feuerwerkswettbewerb\/#breadcrumb\"},\"inLanguage\":\"de\",\"potentialAction\":[{\"@type\":\"ReadAction\",\"target\":[\"https:\/\/www.campingbellaterra.com\/de\/countdown-feuerwerkswettbewerb\/\"]}]},{\"@type\":\"ImageObject\",\"inLanguage\":\"de\",\"@id\":\"https:\/\/www.campingbellaterra.com\/de\/countdown-feuerwerkswettbewerb\/#primaryimage\",\"url\":\"https:\/\/www.campingbellaterra.com\/wp-content\/uploads\/media\/k2\/items\/src\/1f9467ed0ebd32e9dc822d63c55d5401.jpg\",\"contentUrl\":\"https:\/\/www.campingbellaterra.com\/wp-content\/uploads\/media\/k2\/items\/src\/1f9467ed0ebd32e9dc822d63c55d5401.jpg\",\"width\":1200,\"height\":797},{\"@type\":\"BreadcrumbList\",\"@id\":\"https:\/\/www.campingbellaterra.com\/de\/countdown-feuerwerkswettbewerb\/#breadcrumb\",\"itemListElement\":[{\"@type\":\"ListItem\",\"position\":1,\"name\":\"Inici\",\"item\":\"https:\/\/www.campingbellaterra.com\/de\/\"},{\"@type\":\"ListItem\",\"position\":2,\"name\":\"Der Countdown zum 49. Feuerwerkswettbewerb hat begonnen\"}]},{\"@type\":\"WebSite\",\"@id\":\"https:\/\/www.campingbellaterra.com\/de\/#website\",\"url\":\"https:\/\/www.campingbellaterra.com\/de\/\",\"name\":\"Camping Bella Terra\",\"description\":\"Otro sitio realizado con WordPress\",\"publisher\":{\"@id\":\"https:\/\/www.campingbellaterra.com\/de\/#organization\"},\"potentialAction\":[{\"@type\":\"SearchAction\",\"target\":{\"@type\":\"EntryPoint\",\"urlTemplate\":\"https:\/\/www.campingbellaterra.com\/de\/?s={search_term_string}\"},\"query-input\":{\"@type\":\"PropertyValueSpecification\",\"valueRequired\":true,\"valueName\":\"search_term_string\"}}],\"inLanguage\":\"de\"},{\"@type\":\"Organization\",\"@id\":\"https:\/\/www.campingbellaterra.com\/de\/#organization\",\"name\":\"Camping Bella Terra\",\"url\":\"https:\/\/www.campingbellaterra.com\/de\/\",\"logo\":{\"@type\":\"ImageObject\",\"inLanguage\":\"de\",\"@id\":\"https:\/\/www.campingbellaterra.com\/de\/#\/schema\/logo\/image\/\",\"url\":\"https:\/\/www.campingbellaterra.com\/wp-content\/uploads\/logo6.svg\",\"contentUrl\":\"https:\/\/www.campingbellaterra.com\/wp-content\/uploads\/logo6.svg\",\"width\":\"2048\",\"height\":\"2048\",\"caption\":\"Camping Bella Terra\"},\"image\":{\"@id\":\"https:\/\/www.campingbellaterra.com\/de\/#\/schema\/logo\/image\/\"},\"sameAs\":[\"https:\/\/www.facebook.com\/campingbellaterra\/\",\"https:\/\/x.com\/cbellaterra\",\"https:\/\/www.instagram.com\/campingbellaterra\/\",\"https:\/\/www.youtube.com\/c\/Camping-Bellaterra-Blanes\",\"https:\/\/www.tripadvisor.es\/Hotel_Review-g580331-d3328184-Reviews-Camping_Bella_Terra-Blanes_Costa_Brava_Province_of_Girona_Catalonia.html\"]},{\"@type\":\"Person\",\"@id\":\"https:\/\/www.campingbellaterra.com\/de\/#\/schema\/person\/9dafe106b7fade6dd08664bb60ea89ac\",\"name\":\"vado\",\"image\":{\"@type\":\"ImageObject\",\"inLanguage\":\"de\",\"@id\":\"https:\/\/www.campingbellaterra.com\/de\/#\/schema\/person\/image\/\",\"url\":\"https:\/\/secure.gravatar.com\/avatar\/6edab01d4cd19889ac2b69e05f01a3c93227951cf320620732fca472f184e4f5?s=96&d=mm&r=g\",\"contentUrl\":\"https:\/\/secure.gravatar.com\/avatar\/6edab01d4cd19889ac2b69e05f01a3c93227951cf320620732fca472f184e4f5?s=96&d=mm&r=g\",\"caption\":\"vado\"},\"url\":\"https:\/\/www.campingbellaterra.com\/de\/author\/vado\/\"}]}<\/script>\n<!-- \/ Yoast SEO plugin. -->","yoast_head_json":{"title":"Der Countdown zum 49. Feuerwerkswettbewerb hat begonnen - Camping Bella Terra","robots":{"index":"index","follow":"follow","max-snippet":"max-snippet:-1","max-image-preview":"max-image-preview:large","max-video-preview":"max-video-preview:-1"},"canonical":"https:\/\/www.campingbellaterra.com\/de\/countdown-feuerwerkswettbewerb\/","og_locale":"de_DE","og_type":"article","og_title":"Der Countdown zum 49. Feuerwerkswettbewerb hat begonnen - Camping Bella Terra","og_description":"Das internationale Feuerwerksfestival findet vom 23. bis 27. Juli um 22:30 Uhr statt.","og_url":"https:\/\/www.campingbellaterra.com\/de\/countdown-feuerwerkswettbewerb\/","og_site_name":"Camping Bella Terra","article_publisher":"https:\/\/www.facebook.com\/campingbellaterra\/","article_published_time":"2019-07-17T05:00:37+00:00","article_modified_time":"2022-04-12T08:17:01+00:00","og_image":[{"width":1200,"height":797,"url":"https:\/\/www.campingbellaterra.com\/wp-content\/uploads\/media\/k2\/items\/src\/1f9467ed0ebd32e9dc822d63c55d5401.jpg","type":"image\/jpeg"}],"author":"vado","twitter_card":"summary_large_image","twitter_creator":"@cbellaterra","twitter_site":"@cbellaterra","twitter_misc":{"Verfasst von":"vado","Gesch\u00e4tzte Lesezeit":"2\u00a0Minuten"},"schema":{"@context":"https:\/\/schema.org","@graph":[{"@type":"Article","@id":"https:\/\/www.campingbellaterra.com\/de\/countdown-feuerwerkswettbewerb\/#article","isPartOf":{"@id":"https:\/\/www.campingbellaterra.com\/de\/countdown-feuerwerkswettbewerb\/"},"author":{"name":"vado","@id":"https:\/\/www.campingbellaterra.com\/de\/#\/schema\/person\/9dafe106b7fade6dd08664bb60ea89ac"},"headline":"Der Countdown zum 49. Feuerwerkswettbewerb hat begonnen","datePublished":"2019-07-17T05:00:37+00:00","dateModified":"2022-04-12T08:17:01+00:00","mainEntityOfPage":{"@id":"https:\/\/www.campingbellaterra.com\/de\/countdown-feuerwerkswettbewerb\/"},"wordCount":352,"publisher":{"@id":"https:\/\/www.campingbellaterra.com\/de\/#organization"},"image":{"@id":"https:\/\/www.campingbellaterra.com\/de\/countdown-feuerwerkswettbewerb\/#primaryimage"},"thumbnailUrl":"https:\/\/www.campingbellaterra.com\/wp-content\/uploads\/media\/k2\/items\/src\/1f9467ed0ebd32e9dc822d63c55d5401.jpg","keywords":["blanes","BUNGALOWS","camping","camping bella terra","Feuerwerk"],"articleSection":["blog"],"inLanguage":"de"},{"@type":"WebPage","@id":"https:\/\/www.campingbellaterra.com\/de\/countdown-feuerwerkswettbewerb\/","url":"https:\/\/www.campingbellaterra.com\/de\/countdown-feuerwerkswettbewerb\/","name":"Der Countdown zum 49. Feuerwerkswettbewerb hat begonnen - Camping Bella Terra","isPartOf":{"@id":"https:\/\/www.campingbellaterra.com\/de\/#website"},"primaryImageOfPage":{"@id":"https:\/\/www.campingbellaterra.com\/de\/countdown-feuerwerkswettbewerb\/#primaryimage"},"image":{"@id":"https:\/\/www.campingbellaterra.com\/de\/countdown-feuerwerkswettbewerb\/#primaryimage"},"thumbnailUrl":"https:\/\/www.campingbellaterra.com\/wp-content\/uploads\/media\/k2\/items\/src\/1f9467ed0ebd32e9dc822d63c55d5401.jpg","datePublished":"2019-07-17T05:00:37+00:00","dateModified":"2022-04-12T08:17:01+00:00","breadcrumb":{"@id":"https:\/\/www.campingbellaterra.com\/de\/countdown-feuerwerkswettbewerb\/#breadcrumb"},"inLanguage":"de","potentialAction":[{"@type":"ReadAction","target":["https:\/\/www.campingbellaterra.com\/de\/countdown-feuerwerkswettbewerb\/"]}]},{"@type":"ImageObject","inLanguage":"de","@id":"https:\/\/www.campingbellaterra.com\/de\/countdown-feuerwerkswettbewerb\/#primaryimage","url":"https:\/\/www.campingbellaterra.com\/wp-content\/uploads\/media\/k2\/items\/src\/1f9467ed0ebd32e9dc822d63c55d5401.jpg","contentUrl":"https:\/\/www.campingbellaterra.com\/wp-content\/uploads\/media\/k2\/items\/src\/1f9467ed0ebd32e9dc822d63c55d5401.jpg","width":1200,"height":797},{"@type":"BreadcrumbList","@id":"https:\/\/www.campingbellaterra.com\/de\/countdown-feuerwerkswettbewerb\/#breadcrumb","itemListElement":[{"@type":"ListItem","position":1,"name":"Inici","item":"https:\/\/www.campingbellaterra.com\/de\/"},{"@type":"ListItem","position":2,"name":"Der Countdown zum 49. Feuerwerkswettbewerb hat begonnen"}]},{"@type":"WebSite","@id":"https:\/\/www.campingbellaterra.com\/de\/#website","url":"https:\/\/www.campingbellaterra.com\/de\/","name":"Camping Bella Terra","description":"Otro sitio realizado con WordPress","publisher":{"@id":"https:\/\/www.campingbellaterra.com\/de\/#organization"},"potentialAction":[{"@type":"SearchAction","target":{"@type":"EntryPoint","urlTemplate":"https:\/\/www.campingbellaterra.com\/de\/?s={search_term_string}"},"query-input":{"@type":"PropertyValueSpecification","valueRequired":true,"valueName":"search_term_string"}}],"inLanguage":"de"},{"@type":"Organization","@id":"https:\/\/www.campingbellaterra.com\/de\/#organization","name":"Camping Bella Terra","url":"https:\/\/www.campingbellaterra.com\/de\/","logo":{"@type":"ImageObject","inLanguage":"de","@id":"https:\/\/www.campingbellaterra.com\/de\/#\/schema\/logo\/image\/","url":"https:\/\/www.campingbellaterra.com\/wp-content\/uploads\/logo6.svg","contentUrl":"https:\/\/www.campingbellaterra.com\/wp-content\/uploads\/logo6.svg","width":"2048","height":"2048","caption":"Camping Bella Terra"},"image":{"@id":"https:\/\/www.campingbellaterra.com\/de\/#\/schema\/logo\/image\/"},"sameAs":["https:\/\/www.facebook.com\/campingbellaterra\/","https:\/\/x.com\/cbellaterra","https:\/\/www.instagram.com\/campingbellaterra\/","https:\/\/www.youtube.com\/c\/Camping-Bellaterra-Blanes","https:\/\/www.tripadvisor.es\/Hotel_Review-g580331-d3328184-Reviews-Camping_Bella_Terra-Blanes_Costa_Brava_Province_of_Girona_Catalonia.html"]},{"@type":"Person","@id":"https:\/\/www.campingbellaterra.com\/de\/#\/schema\/person\/9dafe106b7fade6dd08664bb60ea89ac","name":"vado","image":{"@type":"ImageObject","inLanguage":"de","@id":"https:\/\/www.campingbellaterra.com\/de\/#\/schema\/person\/image\/","url":"https:\/\/secure.gravatar.com\/avatar\/6edab01d4cd19889ac2b69e05f01a3c93227951cf320620732fca472f184e4f5?s=96&d=mm&r=g","contentUrl":"https:\/\/secure.gravatar.com\/avatar\/6edab01d4cd19889ac2b69e05f01a3c93227951cf320620732fca472f184e4f5?s=96&d=mm&r=g","caption":"vado"},"url":"https:\/\/www.campingbellaterra.com\/de\/author\/vado\/"}]}},"_links":{"self":[{"href":"https:\/\/www.campingbellaterra.com\/de\/wp-json\/wp\/v2\/posts\/7079","targetHints":{"allow":["GET"]}}],"collection":[{"href":"https:\/\/www.campingbellaterra.com\/de\/wp-json\/wp\/v2\/posts"}],"about":[{"href":"https:\/\/www.campingbellaterra.com\/de\/wp-json\/wp\/v2\/types\/post"}],"author":[{"embeddable":true,"href":"https:\/\/www.campingbellaterra.com\/de\/wp-json\/wp\/v2\/users\/2"}],"replies":[{"embeddable":true,"href":"https:\/\/www.campingbellaterra.com\/de\/wp-json\/wp\/v2\/comments?post=7079"}],"version-history":[{"count":1,"href":"https:\/\/www.campingbellaterra.com\/de\/wp-json\/wp\/v2\/posts\/7079\/revisions"}],"predecessor-version":[{"id":10871,"href":"https:\/\/www.campingbellaterra.com\/de\/wp-json\/wp\/v2\/posts\/7079\/revisions\/10871"}],"wp:featuredmedia":[{"embeddable":true,"href":"https:\/\/www.campingbellaterra.com\/de\/wp-json\/wp\/v2\/media\/9753"}],"wp:attachment":[{"href":"https:\/\/www.campingbellaterra.com\/de\/wp-json\/wp\/v2\/media?parent=7079"}],"wp:term":[{"taxonomy":"category","embeddable":true,"href":"https:\/\/www.campingbellaterra.com\/de\/wp-json\/wp\/v2\/categories?post=7079"},{"taxonomy":"post_tag","embeddable":true,"href":"https:\/\/www.campingbellaterra.com\/de\/wp-json\/wp\/v2\/tags?post=7079"}],"curies":[{"name":"wp","href":"https:\/\/api.w.org\/{rel}","templated":true}]}}