{"id":7093,"date":"2019-08-28T07:30:01","date_gmt":"2019-08-28T05:30:01","guid":{"rendered":"https:\/\/www.campingbellaterra.com\/2019\/08\/28\/camping-bella-terra-ist-ein-verfechter-des-radfahrens\/"},"modified":"2022-04-12T10:04:20","modified_gmt":"2022-04-12T08:04:20","slug":"camping-bella-terra-ist-ein-verfechter-des-radfahrens","status":"publish","type":"post","link":"https:\/\/www.campingbellaterra.com\/de\/camping-bella-terra-ist-ein-verfechter-des-radfahrens\/","title":{"rendered":"Camping Bella Terra ist ein Verfechter des Radfahrens und unterst\u00fctzt Espartana 2.0"},"content":{"rendered":"<p><span style=\"font-size: 14pt;\">Die zweite Ausgabe dieses beliebten Radsportereignisses findet am kommenden Sonntag, den 22. September in Blanes statt.<\/span><\/p>\n<p><!--more--><\/p>\n<p style=\"text-align: justify;\">Der Countdown f\u00fcr <strong>Espartana 2.0<\/strong> beginnt, das beliebte Radrennen, das vom <strong>Blanda Espartans Cycling Club<\/strong> organisiert wird. Die Route der Veranstaltung am kommenden Sonntag, dem 22. September, f\u00fchrt durch die W\u00e4lder der Gemeinde Blanes (El Vilar). Der Wettbewerb wird wieder zwei Strecken haben, eine von 30 km (mit einer positiven Neigung von 950 m) f\u00fcr die anspruchsvollsten Radfahrer und eine weitere von 20 km (mit einer positiven Neigung von 570 m), die f\u00fcr alle Zielgruppen geeignet sind. Sie k\u00f6nnen sich bis n\u00e4chsten Donnerstag, den 19. September, \u00fcber die <a href=\"https:\/\/www.toprun.es\/eventos\/la-espartana-by-cicles-serrano-2019\">Rennwebsite anmelden<\/a>.<\/p>\n<p style=\"text-align: justify;\">Eine der Tourismusfirmen, die den Test sponsern, ist <strong>Camping Bella Terra<\/strong> in der Gemeinde Blanes, die auf diese Weise ihr Engagement f\u00fcr eine solche Sportdisziplin best\u00e4tigt. <em>&#8222;Seit Jahren widmet sich der Campingplatz der Welt des <strong>Radfahrens<\/strong>, um unser Gebiet als einen der Favoriten des Radfahrens anzuerkennen und so die Aufmerksamkeit von Radfahrern aus ganz Europa in den zw\u00f6lf Monaten des Jahres auf sich zu ziehen&#8220;<\/em>. sagt Vicen\u00e7 Fern\u00e1ndez, Direktor des Campingplatzes.<\/p>\n<p style=\"text-align: justify;\">Der Campingplatz, der vor kurzem das <strong>TripAdvisor-Zertifikat<\/strong> f\u00fcr hervorragende Leistungen erhalten hat, sowie Blanes zus\u00e4tzliche Hotelunterkunft Nr. 1 tragen das <strong>Bed &amp; Bike<\/strong>-Siegel, das von Vies Verdes de Girona verliehen wurde.<\/p>\n<p><strong>Reiseziel f\u00fcr Sporttourismus<\/strong><\/p>\n<p style=\"text-align: justify;\">Die wichtige sportliche Tradition, die Dynamik und die exklusiven Eigenschaften der Gemeinde Blanes haben sie zu einer Stadt gemacht, in der wichtige internationale Sportveranstaltungen gefeiert werden. Die Stadt hat das Zertifikat des katalanischen Tourismusb\u00fcros f\u00fcr das Reiseziel Tourismus.<\/p>\n<p>&nbsp;<\/p>\n<p>&nbsp;<\/p>\n","protected":false},"excerpt":{"rendered":"<p>Die zweite Ausgabe dieses beliebten Radsportereignisses findet am kommenden Sonntag, den 22. September in Blanes statt.<\/p>\n","protected":false},"author":2,"featured_media":9801,"comment_status":"closed","ping_status":"closed","sticky":false,"template":"","format":"standard","meta":{"_acf_changed":false,"inline_featured_image":false,"_monsterinsights_skip_tracking":false,"_monsterinsights_sitenote_active":false,"_monsterinsights_sitenote_note":"","_monsterinsights_sitenote_category":0,"footnotes":""},"categories":[2278],"tags":[1867,1885,1891,1897,1921,1927],"class_list":["post-7093","post","type-post","status-publish","format-standard","has-post-thumbnail","hentry","category-blog-de","tag-blanes-de","tag-bungalows-de","tag-camping-de","tag-camping-bella-terra-de","tag-radfahren","tag-radtourismus"],"acf":[],"yoast_head":"<!-- This site is optimized with the Yoast SEO plugin v27.0 - https:\/\/yoast.com\/product\/yoast-seo-wordpress\/ -->\n<title>Camping Bella Terra ist ein Verfechter des Radfahrens und unterst\u00fctzt Espartana 2.0 - Camping Bella Terra<\/title>\n<meta name=\"robots\" content=\"index, follow, max-snippet:-1, max-image-preview:large, max-video-preview:-1\" \/>\n<link rel=\"canonical\" href=\"https:\/\/www.campingbellaterra.com\/de\/camping-bella-terra-ist-ein-verfechter-des-radfahrens\/\" \/>\n<meta property=\"og:locale\" content=\"de_DE\" \/>\n<meta property=\"og:type\" content=\"article\" \/>\n<meta property=\"og:title\" content=\"Camping Bella Terra ist ein Verfechter des Radfahrens und unterst\u00fctzt Espartana 2.0 - Camping Bella Terra\" \/>\n<meta property=\"og:description\" content=\"Die zweite Ausgabe dieses beliebten Radsportereignisses findet am kommenden Sonntag, den 22. September in Blanes statt.\" \/>\n<meta property=\"og:url\" content=\"https:\/\/www.campingbellaterra.com\/de\/camping-bella-terra-ist-ein-verfechter-des-radfahrens\/\" \/>\n<meta property=\"og:site_name\" content=\"Camping Bella Terra\" \/>\n<meta property=\"article:publisher\" content=\"https:\/\/www.facebook.com\/campingbellaterra\/\" \/>\n<meta property=\"article:published_time\" content=\"2019-08-28T05:30:01+00:00\" \/>\n<meta property=\"article:modified_time\" content=\"2022-04-12T08:04:20+00:00\" \/>\n<meta property=\"og:image\" content=\"https:\/\/www.campingbellaterra.com\/wp-content\/uploads\/media\/k2\/items\/src\/9fadb6d3e28e2be47da4c87e012c5962.jpg\" \/>\n\t<meta property=\"og:image:width\" content=\"805\" \/>\n\t<meta property=\"og:image:height\" content=\"483\" \/>\n\t<meta property=\"og:image:type\" content=\"image\/jpeg\" \/>\n<meta name=\"author\" content=\"vado\" \/>\n<meta name=\"twitter:card\" content=\"summary_large_image\" \/>\n<meta name=\"twitter:creator\" content=\"@cbellaterra\" \/>\n<meta name=\"twitter:site\" content=\"@cbellaterra\" \/>\n<meta name=\"twitter:label1\" content=\"Verfasst von\" \/>\n\t<meta name=\"twitter:data1\" content=\"vado\" \/>\n\t<meta name=\"twitter:label2\" content=\"Gesch\u00e4tzte Lesezeit\" \/>\n\t<meta name=\"twitter:data2\" content=\"1\u00a0Minute\" \/>\n<script type=\"application\/ld+json\" class=\"yoast-schema-graph\">{\"@context\":\"https:\/\/schema.org\",\"@graph\":[{\"@type\":\"Article\",\"@id\":\"https:\/\/www.campingbellaterra.com\/de\/camping-bella-terra-ist-ein-verfechter-des-radfahrens\/#article\",\"isPartOf\":{\"@id\":\"https:\/\/www.campingbellaterra.com\/de\/camping-bella-terra-ist-ein-verfechter-des-radfahrens\/\"},\"author\":{\"name\":\"vado\",\"@id\":\"https:\/\/www.campingbellaterra.com\/de\/#\/schema\/person\/9dafe106b7fade6dd08664bb60ea89ac\"},\"headline\":\"Camping Bella Terra ist ein Verfechter des Radfahrens und unterst\u00fctzt Espartana 2.0\",\"datePublished\":\"2019-08-28T05:30:01+00:00\",\"dateModified\":\"2022-04-12T08:04:20+00:00\",\"mainEntityOfPage\":{\"@id\":\"https:\/\/www.campingbellaterra.com\/de\/camping-bella-terra-ist-ein-verfechter-des-radfahrens\/\"},\"wordCount\":270,\"publisher\":{\"@id\":\"https:\/\/www.campingbellaterra.com\/de\/#organization\"},\"image\":{\"@id\":\"https:\/\/www.campingbellaterra.com\/de\/camping-bella-terra-ist-ein-verfechter-des-radfahrens\/#primaryimage\"},\"thumbnailUrl\":\"https:\/\/www.campingbellaterra.com\/wp-content\/uploads\/media\/k2\/items\/src\/9fadb6d3e28e2be47da4c87e012c5962.jpg\",\"keywords\":[\"blanes\",\"BUNGALOWS\",\"camping\",\"camping bella terra\",\"Radfahren\",\"Radtourismus\"],\"articleSection\":[\"blog\"],\"inLanguage\":\"de\"},{\"@type\":\"WebPage\",\"@id\":\"https:\/\/www.campingbellaterra.com\/de\/camping-bella-terra-ist-ein-verfechter-des-radfahrens\/\",\"url\":\"https:\/\/www.campingbellaterra.com\/de\/camping-bella-terra-ist-ein-verfechter-des-radfahrens\/\",\"name\":\"Camping Bella Terra ist ein Verfechter des Radfahrens und unterst\u00fctzt Espartana 2.0 - Camping Bella Terra\",\"isPartOf\":{\"@id\":\"https:\/\/www.campingbellaterra.com\/de\/#website\"},\"primaryImageOfPage\":{\"@id\":\"https:\/\/www.campingbellaterra.com\/de\/camping-bella-terra-ist-ein-verfechter-des-radfahrens\/#primaryimage\"},\"image\":{\"@id\":\"https:\/\/www.campingbellaterra.com\/de\/camping-bella-terra-ist-ein-verfechter-des-radfahrens\/#primaryimage\"},\"thumbnailUrl\":\"https:\/\/www.campingbellaterra.com\/wp-content\/uploads\/media\/k2\/items\/src\/9fadb6d3e28e2be47da4c87e012c5962.jpg\",\"datePublished\":\"2019-08-28T05:30:01+00:00\",\"dateModified\":\"2022-04-12T08:04:20+00:00\",\"breadcrumb\":{\"@id\":\"https:\/\/www.campingbellaterra.com\/de\/camping-bella-terra-ist-ein-verfechter-des-radfahrens\/#breadcrumb\"},\"inLanguage\":\"de\",\"potentialAction\":[{\"@type\":\"ReadAction\",\"target\":[\"https:\/\/www.campingbellaterra.com\/de\/camping-bella-terra-ist-ein-verfechter-des-radfahrens\/\"]}]},{\"@type\":\"ImageObject\",\"inLanguage\":\"de\",\"@id\":\"https:\/\/www.campingbellaterra.com\/de\/camping-bella-terra-ist-ein-verfechter-des-radfahrens\/#primaryimage\",\"url\":\"https:\/\/www.campingbellaterra.com\/wp-content\/uploads\/media\/k2\/items\/src\/9fadb6d3e28e2be47da4c87e012c5962.jpg\",\"contentUrl\":\"https:\/\/www.campingbellaterra.com\/wp-content\/uploads\/media\/k2\/items\/src\/9fadb6d3e28e2be47da4c87e012c5962.jpg\",\"width\":805,\"height\":483},{\"@type\":\"BreadcrumbList\",\"@id\":\"https:\/\/www.campingbellaterra.com\/de\/camping-bella-terra-ist-ein-verfechter-des-radfahrens\/#breadcrumb\",\"itemListElement\":[{\"@type\":\"ListItem\",\"position\":1,\"name\":\"Inici\",\"item\":\"https:\/\/www.campingbellaterra.com\/de\/\"},{\"@type\":\"ListItem\",\"position\":2,\"name\":\"Camping Bella Terra ist ein Verfechter des Radfahrens und unterst\u00fctzt Espartana 2.0\"}]},{\"@type\":\"WebSite\",\"@id\":\"https:\/\/www.campingbellaterra.com\/de\/#website\",\"url\":\"https:\/\/www.campingbellaterra.com\/de\/\",\"name\":\"Camping Bella Terra\",\"description\":\"Otro sitio realizado con WordPress\",\"publisher\":{\"@id\":\"https:\/\/www.campingbellaterra.com\/de\/#organization\"},\"potentialAction\":[{\"@type\":\"SearchAction\",\"target\":{\"@type\":\"EntryPoint\",\"urlTemplate\":\"https:\/\/www.campingbellaterra.com\/de\/?s={search_term_string}\"},\"query-input\":{\"@type\":\"PropertyValueSpecification\",\"valueRequired\":true,\"valueName\":\"search_term_string\"}}],\"inLanguage\":\"de\"},{\"@type\":\"Organization\",\"@id\":\"https:\/\/www.campingbellaterra.com\/de\/#organization\",\"name\":\"Camping Bella Terra\",\"url\":\"https:\/\/www.campingbellaterra.com\/de\/\",\"logo\":{\"@type\":\"ImageObject\",\"inLanguage\":\"de\",\"@id\":\"https:\/\/www.campingbellaterra.com\/de\/#\/schema\/logo\/image\/\",\"url\":\"https:\/\/www.campingbellaterra.com\/wp-content\/uploads\/logo6.svg\",\"contentUrl\":\"https:\/\/www.campingbellaterra.com\/wp-content\/uploads\/logo6.svg\",\"width\":\"2048\",\"height\":\"2048\",\"caption\":\"Camping Bella Terra\"},\"image\":{\"@id\":\"https:\/\/www.campingbellaterra.com\/de\/#\/schema\/logo\/image\/\"},\"sameAs\":[\"https:\/\/www.facebook.com\/campingbellaterra\/\",\"https:\/\/x.com\/cbellaterra\",\"https:\/\/www.instagram.com\/campingbellaterra\/\",\"https:\/\/www.youtube.com\/c\/Camping-Bellaterra-Blanes\",\"https:\/\/www.tripadvisor.es\/Hotel_Review-g580331-d3328184-Reviews-Camping_Bella_Terra-Blanes_Costa_Brava_Province_of_Girona_Catalonia.html\"]},{\"@type\":\"Person\",\"@id\":\"https:\/\/www.campingbellaterra.com\/de\/#\/schema\/person\/9dafe106b7fade6dd08664bb60ea89ac\",\"name\":\"vado\",\"image\":{\"@type\":\"ImageObject\",\"inLanguage\":\"de\",\"@id\":\"https:\/\/www.campingbellaterra.com\/de\/#\/schema\/person\/image\/\",\"url\":\"https:\/\/secure.gravatar.com\/avatar\/6edab01d4cd19889ac2b69e05f01a3c93227951cf320620732fca472f184e4f5?s=96&d=mm&r=g\",\"contentUrl\":\"https:\/\/secure.gravatar.com\/avatar\/6edab01d4cd19889ac2b69e05f01a3c93227951cf320620732fca472f184e4f5?s=96&d=mm&r=g\",\"caption\":\"vado\"},\"url\":\"https:\/\/www.campingbellaterra.com\/de\/author\/vado\/\"}]}<\/script>\n<!-- \/ Yoast SEO plugin. -->","yoast_head_json":{"title":"Camping Bella Terra ist ein Verfechter des Radfahrens und unterst\u00fctzt Espartana 2.0 - Camping Bella Terra","robots":{"index":"index","follow":"follow","max-snippet":"max-snippet:-1","max-image-preview":"max-image-preview:large","max-video-preview":"max-video-preview:-1"},"canonical":"https:\/\/www.campingbellaterra.com\/de\/camping-bella-terra-ist-ein-verfechter-des-radfahrens\/","og_locale":"de_DE","og_type":"article","og_title":"Camping Bella Terra ist ein Verfechter des Radfahrens und unterst\u00fctzt Espartana 2.0 - Camping Bella Terra","og_description":"Die zweite Ausgabe dieses beliebten Radsportereignisses findet am kommenden Sonntag, den 22. September in Blanes statt.","og_url":"https:\/\/www.campingbellaterra.com\/de\/camping-bella-terra-ist-ein-verfechter-des-radfahrens\/","og_site_name":"Camping Bella Terra","article_publisher":"https:\/\/www.facebook.com\/campingbellaterra\/","article_published_time":"2019-08-28T05:30:01+00:00","article_modified_time":"2022-04-12T08:04:20+00:00","og_image":[{"width":805,"height":483,"url":"https:\/\/www.campingbellaterra.com\/wp-content\/uploads\/media\/k2\/items\/src\/9fadb6d3e28e2be47da4c87e012c5962.jpg","type":"image\/jpeg"}],"author":"vado","twitter_card":"summary_large_image","twitter_creator":"@cbellaterra","twitter_site":"@cbellaterra","twitter_misc":{"Verfasst von":"vado","Gesch\u00e4tzte Lesezeit":"1\u00a0Minute"},"schema":{"@context":"https:\/\/schema.org","@graph":[{"@type":"Article","@id":"https:\/\/www.campingbellaterra.com\/de\/camping-bella-terra-ist-ein-verfechter-des-radfahrens\/#article","isPartOf":{"@id":"https:\/\/www.campingbellaterra.com\/de\/camping-bella-terra-ist-ein-verfechter-des-radfahrens\/"},"author":{"name":"vado","@id":"https:\/\/www.campingbellaterra.com\/de\/#\/schema\/person\/9dafe106b7fade6dd08664bb60ea89ac"},"headline":"Camping Bella Terra ist ein Verfechter des Radfahrens und unterst\u00fctzt Espartana 2.0","datePublished":"2019-08-28T05:30:01+00:00","dateModified":"2022-04-12T08:04:20+00:00","mainEntityOfPage":{"@id":"https:\/\/www.campingbellaterra.com\/de\/camping-bella-terra-ist-ein-verfechter-des-radfahrens\/"},"wordCount":270,"publisher":{"@id":"https:\/\/www.campingbellaterra.com\/de\/#organization"},"image":{"@id":"https:\/\/www.campingbellaterra.com\/de\/camping-bella-terra-ist-ein-verfechter-des-radfahrens\/#primaryimage"},"thumbnailUrl":"https:\/\/www.campingbellaterra.com\/wp-content\/uploads\/media\/k2\/items\/src\/9fadb6d3e28e2be47da4c87e012c5962.jpg","keywords":["blanes","BUNGALOWS","camping","camping bella terra","Radfahren","Radtourismus"],"articleSection":["blog"],"inLanguage":"de"},{"@type":"WebPage","@id":"https:\/\/www.campingbellaterra.com\/de\/camping-bella-terra-ist-ein-verfechter-des-radfahrens\/","url":"https:\/\/www.campingbellaterra.com\/de\/camping-bella-terra-ist-ein-verfechter-des-radfahrens\/","name":"Camping Bella Terra ist ein Verfechter des Radfahrens und unterst\u00fctzt Espartana 2.0 - Camping Bella Terra","isPartOf":{"@id":"https:\/\/www.campingbellaterra.com\/de\/#website"},"primaryImageOfPage":{"@id":"https:\/\/www.campingbellaterra.com\/de\/camping-bella-terra-ist-ein-verfechter-des-radfahrens\/#primaryimage"},"image":{"@id":"https:\/\/www.campingbellaterra.com\/de\/camping-bella-terra-ist-ein-verfechter-des-radfahrens\/#primaryimage"},"thumbnailUrl":"https:\/\/www.campingbellaterra.com\/wp-content\/uploads\/media\/k2\/items\/src\/9fadb6d3e28e2be47da4c87e012c5962.jpg","datePublished":"2019-08-28T05:30:01+00:00","dateModified":"2022-04-12T08:04:20+00:00","breadcrumb":{"@id":"https:\/\/www.campingbellaterra.com\/de\/camping-bella-terra-ist-ein-verfechter-des-radfahrens\/#breadcrumb"},"inLanguage":"de","potentialAction":[{"@type":"ReadAction","target":["https:\/\/www.campingbellaterra.com\/de\/camping-bella-terra-ist-ein-verfechter-des-radfahrens\/"]}]},{"@type":"ImageObject","inLanguage":"de","@id":"https:\/\/www.campingbellaterra.com\/de\/camping-bella-terra-ist-ein-verfechter-des-radfahrens\/#primaryimage","url":"https:\/\/www.campingbellaterra.com\/wp-content\/uploads\/media\/k2\/items\/src\/9fadb6d3e28e2be47da4c87e012c5962.jpg","contentUrl":"https:\/\/www.campingbellaterra.com\/wp-content\/uploads\/media\/k2\/items\/src\/9fadb6d3e28e2be47da4c87e012c5962.jpg","width":805,"height":483},{"@type":"BreadcrumbList","@id":"https:\/\/www.campingbellaterra.com\/de\/camping-bella-terra-ist-ein-verfechter-des-radfahrens\/#breadcrumb","itemListElement":[{"@type":"ListItem","position":1,"name":"Inici","item":"https:\/\/www.campingbellaterra.com\/de\/"},{"@type":"ListItem","position":2,"name":"Camping Bella Terra ist ein Verfechter des Radfahrens und unterst\u00fctzt Espartana 2.0"}]},{"@type":"WebSite","@id":"https:\/\/www.campingbellaterra.com\/de\/#website","url":"https:\/\/www.campingbellaterra.com\/de\/","name":"Camping Bella Terra","description":"Otro sitio realizado con WordPress","publisher":{"@id":"https:\/\/www.campingbellaterra.com\/de\/#organization"},"potentialAction":[{"@type":"SearchAction","target":{"@type":"EntryPoint","urlTemplate":"https:\/\/www.campingbellaterra.com\/de\/?s={search_term_string}"},"query-input":{"@type":"PropertyValueSpecification","valueRequired":true,"valueName":"search_term_string"}}],"inLanguage":"de"},{"@type":"Organization","@id":"https:\/\/www.campingbellaterra.com\/de\/#organization","name":"Camping Bella Terra","url":"https:\/\/www.campingbellaterra.com\/de\/","logo":{"@type":"ImageObject","inLanguage":"de","@id":"https:\/\/www.campingbellaterra.com\/de\/#\/schema\/logo\/image\/","url":"https:\/\/www.campingbellaterra.com\/wp-content\/uploads\/logo6.svg","contentUrl":"https:\/\/www.campingbellaterra.com\/wp-content\/uploads\/logo6.svg","width":"2048","height":"2048","caption":"Camping Bella Terra"},"image":{"@id":"https:\/\/www.campingbellaterra.com\/de\/#\/schema\/logo\/image\/"},"sameAs":["https:\/\/www.facebook.com\/campingbellaterra\/","https:\/\/x.com\/cbellaterra","https:\/\/www.instagram.com\/campingbellaterra\/","https:\/\/www.youtube.com\/c\/Camping-Bellaterra-Blanes","https:\/\/www.tripadvisor.es\/Hotel_Review-g580331-d3328184-Reviews-Camping_Bella_Terra-Blanes_Costa_Brava_Province_of_Girona_Catalonia.html"]},{"@type":"Person","@id":"https:\/\/www.campingbellaterra.com\/de\/#\/schema\/person\/9dafe106b7fade6dd08664bb60ea89ac","name":"vado","image":{"@type":"ImageObject","inLanguage":"de","@id":"https:\/\/www.campingbellaterra.com\/de\/#\/schema\/person\/image\/","url":"https:\/\/secure.gravatar.com\/avatar\/6edab01d4cd19889ac2b69e05f01a3c93227951cf320620732fca472f184e4f5?s=96&d=mm&r=g","contentUrl":"https:\/\/secure.gravatar.com\/avatar\/6edab01d4cd19889ac2b69e05f01a3c93227951cf320620732fca472f184e4f5?s=96&d=mm&r=g","caption":"vado"},"url":"https:\/\/www.campingbellaterra.com\/de\/author\/vado\/"}]}},"_links":{"self":[{"href":"https:\/\/www.campingbellaterra.com\/de\/wp-json\/wp\/v2\/posts\/7093","targetHints":{"allow":["GET"]}}],"collection":[{"href":"https:\/\/www.campingbellaterra.com\/de\/wp-json\/wp\/v2\/posts"}],"about":[{"href":"https:\/\/www.campingbellaterra.com\/de\/wp-json\/wp\/v2\/types\/post"}],"author":[{"embeddable":true,"href":"https:\/\/www.campingbellaterra.com\/de\/wp-json\/wp\/v2\/users\/2"}],"replies":[{"embeddable":true,"href":"https:\/\/www.campingbellaterra.com\/de\/wp-json\/wp\/v2\/comments?post=7093"}],"version-history":[{"count":1,"href":"https:\/\/www.campingbellaterra.com\/de\/wp-json\/wp\/v2\/posts\/7093\/revisions"}],"predecessor-version":[{"id":10862,"href":"https:\/\/www.campingbellaterra.com\/de\/wp-json\/wp\/v2\/posts\/7093\/revisions\/10862"}],"wp:featuredmedia":[{"embeddable":true,"href":"https:\/\/www.campingbellaterra.com\/de\/wp-json\/wp\/v2\/media\/9801"}],"wp:attachment":[{"href":"https:\/\/www.campingbellaterra.com\/de\/wp-json\/wp\/v2\/media?parent=7093"}],"wp:term":[{"taxonomy":"category","embeddable":true,"href":"https:\/\/www.campingbellaterra.com\/de\/wp-json\/wp\/v2\/categories?post=7093"},{"taxonomy":"post_tag","embeddable":true,"href":"https:\/\/www.campingbellaterra.com\/de\/wp-json\/wp\/v2\/tags?post=7093"}],"curies":[{"name":"wp","href":"https:\/\/api.w.org\/{rel}","templated":true}]}}