{"id":7107,"date":"2019-10-07T07:38:42","date_gmt":"2019-10-07T05:38:42","guid":{"rendered":"https:\/\/www.campingbellaterra.com\/2019\/10\/07\/zweiten-ausgabe-des-girocamping-pro\/"},"modified":"2022-04-12T10:02:00","modified_gmt":"2022-04-12T08:02:00","slug":"zweiten-ausgabe-des-girocamping-pro","status":"publish","type":"post","link":"https:\/\/www.campingbellaterra.com\/de\/zweiten-ausgabe-des-girocamping-pro\/","title":{"rendered":"Camping Bella Terra war bei der zweiten Ausgabe des Girocamping PRO Kongresses anwesend"},"content":{"rendered":"<p><span style=\"font-size: 14pt;\">Die von der Girona Campsites Association organisierte Veranstaltung brachte 27 Unternehmen aus der Branche im Palau de Congresos de Girona zusammen, 17% mehr als in der vorherigen Ausgabe.<\/span><\/p>\n<p><!--more--><\/p>\n<p style=\"text-align: justify;\">Am Mittwoch, den 25, fand im Palau de Congressos de Girona, die <strong>zweite Ausgabe des Girocamping PRO<\/strong>, des <strong>professionellen Tourismus- und Campingkongresses in Girona<\/strong>, statt. An dem von der Girona Campsites Association organisierten Tag nahmen 400 Tourismusfachleute teil, darunter Vertreter des Camping Bella Terra in der Stadt Blanes, die k\u00fcrzlich das TripAdvisor-Zertifikat f\u00fcr Exzellenz als zus\u00e4tzliche Hotelunterkunft Nr. 1 erhalten haben. 1 aus der Gemeinde Girona.<\/p>\n<p style=\"text-align: justify;\">Tags\u00fcber wurden Themen von allgemeinem touristischem Interesse er\u00f6rtert, darunter die <strong>Auswirkungen des Klimawandels<\/strong> und des <strong><em>&#8222;Brexits&#8220;<\/em><\/strong> auf den Tourismus.<\/p>\n<p style=\"text-align: justify;\"><em>&#8218;Es besteht kein Zweifel, dass wir \u00fcber die Auswirkungen des Klimawandels in unserer Branche besorgt sind. Zum Beispiel kommt ein sehr hoher Prozentsatz unserer Camper aus des nordeurop\u00e4ischen Marktes. Der Temperaturanstieg auf der ganzen Welt und insbesondere auf dem europ\u00e4ischen Kontinent kann dazu f\u00fchren, dass solche Touristen keine lange Reise unternehmen k\u00f6nnen, weil sie das warme Wetter genie\u00dfen k\u00f6nnen, ohne ihr Land zu verlassen&#8216;<\/em>, sagt Vicen\u00e7 Fern\u00e1ndez, Direktor von das Camping Bella Terra, das die M\u00f6glichkeit bietet, <em>&#8218;touristische Vorschl\u00e4ge langfristig zu \u00fcberdenken und dem Nachbarschaftstourismus den Vorzug zu geben&#8216;<\/em>.<\/p>\n<p style=\"text-align: justify;\">Dieser Temperaturanstieg in den Monaten September und Oktober ist auch saisonbedingt, da hierdurch die M\u00f6glichkeit besteht, die Saison zu verl\u00e4ngern. Infolgedessen wird Camping Bella Terra die Saison bis zum 12. Oktober n\u00e4chsten Jahres verl\u00e4ngern.<\/p>\n<p>&nbsp;<\/p>\n<p>&nbsp;<\/p>\n","protected":false},"excerpt":{"rendered":"<p>Die von der Girona Campsites Association organisierte Veranstaltung brachte 27 Unternehmen aus der Branche im Palau de Congresos de Girona zusammen, 17% mehr als in&#8230;<\/p>\n","protected":false},"author":2,"featured_media":9837,"comment_status":"closed","ping_status":"closed","sticky":false,"template":"","format":"standard","meta":{"_acf_changed":false,"inline_featured_image":false,"_monsterinsights_skip_tracking":false,"_monsterinsights_sitenote_active":false,"_monsterinsights_sitenote_note":"","_monsterinsights_sitenote_category":0,"footnotes":""},"categories":[2278],"tags":[1867,1885,1891,1897,2042],"class_list":["post-7107","post","type-post","status-publish","format-standard","has-post-thumbnail","hentry","category-blog-de","tag-blanes-de","tag-bungalows-de","tag-camping-de","tag-camping-bella-terra-de","tag-girocamping-pro-de"],"acf":[],"yoast_head":"<!-- This site is optimized with the Yoast SEO plugin v27.0 - https:\/\/yoast.com\/product\/yoast-seo-wordpress\/ -->\n<title>Camping Bella Terra war bei der zweiten Ausgabe des Girocamping PRO Kongresses anwesend - Camping Bella Terra<\/title>\n<meta name=\"robots\" content=\"index, follow, max-snippet:-1, max-image-preview:large, max-video-preview:-1\" \/>\n<link rel=\"canonical\" href=\"https:\/\/www.campingbellaterra.com\/de\/zweiten-ausgabe-des-girocamping-pro\/\" \/>\n<meta property=\"og:locale\" content=\"de_DE\" \/>\n<meta property=\"og:type\" content=\"article\" \/>\n<meta property=\"og:title\" content=\"Camping Bella Terra war bei der zweiten Ausgabe des Girocamping PRO Kongresses anwesend - Camping Bella Terra\" \/>\n<meta property=\"og:description\" content=\"Die von der Girona Campsites Association organisierte Veranstaltung brachte 27 Unternehmen aus der Branche im Palau de Congresos de Girona zusammen, 17% mehr als in...\" \/>\n<meta property=\"og:url\" content=\"https:\/\/www.campingbellaterra.com\/de\/zweiten-ausgabe-des-girocamping-pro\/\" \/>\n<meta property=\"og:site_name\" content=\"Camping Bella Terra\" \/>\n<meta property=\"article:publisher\" content=\"https:\/\/www.facebook.com\/campingbellaterra\/\" \/>\n<meta property=\"article:published_time\" content=\"2019-10-07T05:38:42+00:00\" \/>\n<meta property=\"article:modified_time\" content=\"2022-04-12T08:02:00+00:00\" \/>\n<meta property=\"og:image\" content=\"https:\/\/www.campingbellaterra.com\/wp-content\/uploads\/media\/k2\/items\/src\/b4787a4a5d6711adf08fa27fc1cba139.jpg\" \/>\n\t<meta property=\"og:image:width\" content=\"1600\" \/>\n\t<meta property=\"og:image:height\" content=\"800\" \/>\n\t<meta property=\"og:image:type\" content=\"image\/jpeg\" \/>\n<meta name=\"author\" content=\"vado\" \/>\n<meta name=\"twitter:card\" content=\"summary_large_image\" \/>\n<meta name=\"twitter:creator\" content=\"@cbellaterra\" \/>\n<meta name=\"twitter:site\" content=\"@cbellaterra\" \/>\n<meta name=\"twitter:label1\" content=\"Verfasst von\" \/>\n\t<meta name=\"twitter:data1\" content=\"vado\" \/>\n\t<meta name=\"twitter:label2\" content=\"Gesch\u00e4tzte Lesezeit\" \/>\n\t<meta name=\"twitter:data2\" content=\"1\u00a0Minute\" \/>\n<script type=\"application\/ld+json\" class=\"yoast-schema-graph\">{\"@context\":\"https:\/\/schema.org\",\"@graph\":[{\"@type\":\"Article\",\"@id\":\"https:\/\/www.campingbellaterra.com\/de\/zweiten-ausgabe-des-girocamping-pro\/#article\",\"isPartOf\":{\"@id\":\"https:\/\/www.campingbellaterra.com\/de\/zweiten-ausgabe-des-girocamping-pro\/\"},\"author\":{\"name\":\"vado\",\"@id\":\"https:\/\/www.campingbellaterra.com\/de\/#\/schema\/person\/9dafe106b7fade6dd08664bb60ea89ac\"},\"headline\":\"Camping Bella Terra war bei der zweiten Ausgabe des Girocamping PRO Kongresses anwesend\",\"datePublished\":\"2019-10-07T05:38:42+00:00\",\"dateModified\":\"2022-04-12T08:02:00+00:00\",\"mainEntityOfPage\":{\"@id\":\"https:\/\/www.campingbellaterra.com\/de\/zweiten-ausgabe-des-girocamping-pro\/\"},\"wordCount\":262,\"publisher\":{\"@id\":\"https:\/\/www.campingbellaterra.com\/de\/#organization\"},\"image\":{\"@id\":\"https:\/\/www.campingbellaterra.com\/de\/zweiten-ausgabe-des-girocamping-pro\/#primaryimage\"},\"thumbnailUrl\":\"https:\/\/www.campingbellaterra.com\/wp-content\/uploads\/media\/k2\/items\/src\/b4787a4a5d6711adf08fa27fc1cba139.jpg\",\"keywords\":[\"blanes\",\"BUNGALOWS\",\"camping\",\"camping bella terra\",\"Girocamping Pro\"],\"articleSection\":[\"blog\"],\"inLanguage\":\"de\"},{\"@type\":\"WebPage\",\"@id\":\"https:\/\/www.campingbellaterra.com\/de\/zweiten-ausgabe-des-girocamping-pro\/\",\"url\":\"https:\/\/www.campingbellaterra.com\/de\/zweiten-ausgabe-des-girocamping-pro\/\",\"name\":\"Camping Bella Terra war bei der zweiten Ausgabe des Girocamping PRO Kongresses anwesend - Camping Bella Terra\",\"isPartOf\":{\"@id\":\"https:\/\/www.campingbellaterra.com\/de\/#website\"},\"primaryImageOfPage\":{\"@id\":\"https:\/\/www.campingbellaterra.com\/de\/zweiten-ausgabe-des-girocamping-pro\/#primaryimage\"},\"image\":{\"@id\":\"https:\/\/www.campingbellaterra.com\/de\/zweiten-ausgabe-des-girocamping-pro\/#primaryimage\"},\"thumbnailUrl\":\"https:\/\/www.campingbellaterra.com\/wp-content\/uploads\/media\/k2\/items\/src\/b4787a4a5d6711adf08fa27fc1cba139.jpg\",\"datePublished\":\"2019-10-07T05:38:42+00:00\",\"dateModified\":\"2022-04-12T08:02:00+00:00\",\"breadcrumb\":{\"@id\":\"https:\/\/www.campingbellaterra.com\/de\/zweiten-ausgabe-des-girocamping-pro\/#breadcrumb\"},\"inLanguage\":\"de\",\"potentialAction\":[{\"@type\":\"ReadAction\",\"target\":[\"https:\/\/www.campingbellaterra.com\/de\/zweiten-ausgabe-des-girocamping-pro\/\"]}]},{\"@type\":\"ImageObject\",\"inLanguage\":\"de\",\"@id\":\"https:\/\/www.campingbellaterra.com\/de\/zweiten-ausgabe-des-girocamping-pro\/#primaryimage\",\"url\":\"https:\/\/www.campingbellaterra.com\/wp-content\/uploads\/media\/k2\/items\/src\/b4787a4a5d6711adf08fa27fc1cba139.jpg\",\"contentUrl\":\"https:\/\/www.campingbellaterra.com\/wp-content\/uploads\/media\/k2\/items\/src\/b4787a4a5d6711adf08fa27fc1cba139.jpg\",\"width\":1600,\"height\":800},{\"@type\":\"BreadcrumbList\",\"@id\":\"https:\/\/www.campingbellaterra.com\/de\/zweiten-ausgabe-des-girocamping-pro\/#breadcrumb\",\"itemListElement\":[{\"@type\":\"ListItem\",\"position\":1,\"name\":\"Inici\",\"item\":\"https:\/\/www.campingbellaterra.com\/de\/\"},{\"@type\":\"ListItem\",\"position\":2,\"name\":\"Camping Bella Terra war bei der zweiten Ausgabe des Girocamping PRO Kongresses anwesend\"}]},{\"@type\":\"WebSite\",\"@id\":\"https:\/\/www.campingbellaterra.com\/de\/#website\",\"url\":\"https:\/\/www.campingbellaterra.com\/de\/\",\"name\":\"Camping Bella Terra\",\"description\":\"Otro sitio realizado con WordPress\",\"publisher\":{\"@id\":\"https:\/\/www.campingbellaterra.com\/de\/#organization\"},\"potentialAction\":[{\"@type\":\"SearchAction\",\"target\":{\"@type\":\"EntryPoint\",\"urlTemplate\":\"https:\/\/www.campingbellaterra.com\/de\/?s={search_term_string}\"},\"query-input\":{\"@type\":\"PropertyValueSpecification\",\"valueRequired\":true,\"valueName\":\"search_term_string\"}}],\"inLanguage\":\"de\"},{\"@type\":\"Organization\",\"@id\":\"https:\/\/www.campingbellaterra.com\/de\/#organization\",\"name\":\"Camping Bella Terra\",\"url\":\"https:\/\/www.campingbellaterra.com\/de\/\",\"logo\":{\"@type\":\"ImageObject\",\"inLanguage\":\"de\",\"@id\":\"https:\/\/www.campingbellaterra.com\/de\/#\/schema\/logo\/image\/\",\"url\":\"https:\/\/www.campingbellaterra.com\/wp-content\/uploads\/logo6.svg\",\"contentUrl\":\"https:\/\/www.campingbellaterra.com\/wp-content\/uploads\/logo6.svg\",\"width\":\"2048\",\"height\":\"2048\",\"caption\":\"Camping Bella Terra\"},\"image\":{\"@id\":\"https:\/\/www.campingbellaterra.com\/de\/#\/schema\/logo\/image\/\"},\"sameAs\":[\"https:\/\/www.facebook.com\/campingbellaterra\/\",\"https:\/\/x.com\/cbellaterra\",\"https:\/\/www.instagram.com\/campingbellaterra\/\",\"https:\/\/www.youtube.com\/c\/Camping-Bellaterra-Blanes\",\"https:\/\/www.tripadvisor.es\/Hotel_Review-g580331-d3328184-Reviews-Camping_Bella_Terra-Blanes_Costa_Brava_Province_of_Girona_Catalonia.html\"]},{\"@type\":\"Person\",\"@id\":\"https:\/\/www.campingbellaterra.com\/de\/#\/schema\/person\/9dafe106b7fade6dd08664bb60ea89ac\",\"name\":\"vado\",\"image\":{\"@type\":\"ImageObject\",\"inLanguage\":\"de\",\"@id\":\"https:\/\/www.campingbellaterra.com\/de\/#\/schema\/person\/image\/\",\"url\":\"https:\/\/secure.gravatar.com\/avatar\/6edab01d4cd19889ac2b69e05f01a3c93227951cf320620732fca472f184e4f5?s=96&d=mm&r=g\",\"contentUrl\":\"https:\/\/secure.gravatar.com\/avatar\/6edab01d4cd19889ac2b69e05f01a3c93227951cf320620732fca472f184e4f5?s=96&d=mm&r=g\",\"caption\":\"vado\"},\"url\":\"https:\/\/www.campingbellaterra.com\/de\/author\/vado\/\"}]}<\/script>\n<!-- \/ Yoast SEO plugin. -->","yoast_head_json":{"title":"Camping Bella Terra war bei der zweiten Ausgabe des Girocamping PRO Kongresses anwesend - Camping Bella Terra","robots":{"index":"index","follow":"follow","max-snippet":"max-snippet:-1","max-image-preview":"max-image-preview:large","max-video-preview":"max-video-preview:-1"},"canonical":"https:\/\/www.campingbellaterra.com\/de\/zweiten-ausgabe-des-girocamping-pro\/","og_locale":"de_DE","og_type":"article","og_title":"Camping Bella Terra war bei der zweiten Ausgabe des Girocamping PRO Kongresses anwesend - Camping Bella Terra","og_description":"Die von der Girona Campsites Association organisierte Veranstaltung brachte 27 Unternehmen aus der Branche im Palau de Congresos de Girona zusammen, 17% mehr als in...","og_url":"https:\/\/www.campingbellaterra.com\/de\/zweiten-ausgabe-des-girocamping-pro\/","og_site_name":"Camping Bella Terra","article_publisher":"https:\/\/www.facebook.com\/campingbellaterra\/","article_published_time":"2019-10-07T05:38:42+00:00","article_modified_time":"2022-04-12T08:02:00+00:00","og_image":[{"width":1600,"height":800,"url":"https:\/\/www.campingbellaterra.com\/wp-content\/uploads\/media\/k2\/items\/src\/b4787a4a5d6711adf08fa27fc1cba139.jpg","type":"image\/jpeg"}],"author":"vado","twitter_card":"summary_large_image","twitter_creator":"@cbellaterra","twitter_site":"@cbellaterra","twitter_misc":{"Verfasst von":"vado","Gesch\u00e4tzte Lesezeit":"1\u00a0Minute"},"schema":{"@context":"https:\/\/schema.org","@graph":[{"@type":"Article","@id":"https:\/\/www.campingbellaterra.com\/de\/zweiten-ausgabe-des-girocamping-pro\/#article","isPartOf":{"@id":"https:\/\/www.campingbellaterra.com\/de\/zweiten-ausgabe-des-girocamping-pro\/"},"author":{"name":"vado","@id":"https:\/\/www.campingbellaterra.com\/de\/#\/schema\/person\/9dafe106b7fade6dd08664bb60ea89ac"},"headline":"Camping Bella Terra war bei der zweiten Ausgabe des Girocamping PRO Kongresses anwesend","datePublished":"2019-10-07T05:38:42+00:00","dateModified":"2022-04-12T08:02:00+00:00","mainEntityOfPage":{"@id":"https:\/\/www.campingbellaterra.com\/de\/zweiten-ausgabe-des-girocamping-pro\/"},"wordCount":262,"publisher":{"@id":"https:\/\/www.campingbellaterra.com\/de\/#organization"},"image":{"@id":"https:\/\/www.campingbellaterra.com\/de\/zweiten-ausgabe-des-girocamping-pro\/#primaryimage"},"thumbnailUrl":"https:\/\/www.campingbellaterra.com\/wp-content\/uploads\/media\/k2\/items\/src\/b4787a4a5d6711adf08fa27fc1cba139.jpg","keywords":["blanes","BUNGALOWS","camping","camping bella terra","Girocamping Pro"],"articleSection":["blog"],"inLanguage":"de"},{"@type":"WebPage","@id":"https:\/\/www.campingbellaterra.com\/de\/zweiten-ausgabe-des-girocamping-pro\/","url":"https:\/\/www.campingbellaterra.com\/de\/zweiten-ausgabe-des-girocamping-pro\/","name":"Camping Bella Terra war bei der zweiten Ausgabe des Girocamping PRO Kongresses anwesend - Camping Bella Terra","isPartOf":{"@id":"https:\/\/www.campingbellaterra.com\/de\/#website"},"primaryImageOfPage":{"@id":"https:\/\/www.campingbellaterra.com\/de\/zweiten-ausgabe-des-girocamping-pro\/#primaryimage"},"image":{"@id":"https:\/\/www.campingbellaterra.com\/de\/zweiten-ausgabe-des-girocamping-pro\/#primaryimage"},"thumbnailUrl":"https:\/\/www.campingbellaterra.com\/wp-content\/uploads\/media\/k2\/items\/src\/b4787a4a5d6711adf08fa27fc1cba139.jpg","datePublished":"2019-10-07T05:38:42+00:00","dateModified":"2022-04-12T08:02:00+00:00","breadcrumb":{"@id":"https:\/\/www.campingbellaterra.com\/de\/zweiten-ausgabe-des-girocamping-pro\/#breadcrumb"},"inLanguage":"de","potentialAction":[{"@type":"ReadAction","target":["https:\/\/www.campingbellaterra.com\/de\/zweiten-ausgabe-des-girocamping-pro\/"]}]},{"@type":"ImageObject","inLanguage":"de","@id":"https:\/\/www.campingbellaterra.com\/de\/zweiten-ausgabe-des-girocamping-pro\/#primaryimage","url":"https:\/\/www.campingbellaterra.com\/wp-content\/uploads\/media\/k2\/items\/src\/b4787a4a5d6711adf08fa27fc1cba139.jpg","contentUrl":"https:\/\/www.campingbellaterra.com\/wp-content\/uploads\/media\/k2\/items\/src\/b4787a4a5d6711adf08fa27fc1cba139.jpg","width":1600,"height":800},{"@type":"BreadcrumbList","@id":"https:\/\/www.campingbellaterra.com\/de\/zweiten-ausgabe-des-girocamping-pro\/#breadcrumb","itemListElement":[{"@type":"ListItem","position":1,"name":"Inici","item":"https:\/\/www.campingbellaterra.com\/de\/"},{"@type":"ListItem","position":2,"name":"Camping Bella Terra war bei der zweiten Ausgabe des Girocamping PRO Kongresses anwesend"}]},{"@type":"WebSite","@id":"https:\/\/www.campingbellaterra.com\/de\/#website","url":"https:\/\/www.campingbellaterra.com\/de\/","name":"Camping Bella Terra","description":"Otro sitio realizado con WordPress","publisher":{"@id":"https:\/\/www.campingbellaterra.com\/de\/#organization"},"potentialAction":[{"@type":"SearchAction","target":{"@type":"EntryPoint","urlTemplate":"https:\/\/www.campingbellaterra.com\/de\/?s={search_term_string}"},"query-input":{"@type":"PropertyValueSpecification","valueRequired":true,"valueName":"search_term_string"}}],"inLanguage":"de"},{"@type":"Organization","@id":"https:\/\/www.campingbellaterra.com\/de\/#organization","name":"Camping Bella Terra","url":"https:\/\/www.campingbellaterra.com\/de\/","logo":{"@type":"ImageObject","inLanguage":"de","@id":"https:\/\/www.campingbellaterra.com\/de\/#\/schema\/logo\/image\/","url":"https:\/\/www.campingbellaterra.com\/wp-content\/uploads\/logo6.svg","contentUrl":"https:\/\/www.campingbellaterra.com\/wp-content\/uploads\/logo6.svg","width":"2048","height":"2048","caption":"Camping Bella Terra"},"image":{"@id":"https:\/\/www.campingbellaterra.com\/de\/#\/schema\/logo\/image\/"},"sameAs":["https:\/\/www.facebook.com\/campingbellaterra\/","https:\/\/x.com\/cbellaterra","https:\/\/www.instagram.com\/campingbellaterra\/","https:\/\/www.youtube.com\/c\/Camping-Bellaterra-Blanes","https:\/\/www.tripadvisor.es\/Hotel_Review-g580331-d3328184-Reviews-Camping_Bella_Terra-Blanes_Costa_Brava_Province_of_Girona_Catalonia.html"]},{"@type":"Person","@id":"https:\/\/www.campingbellaterra.com\/de\/#\/schema\/person\/9dafe106b7fade6dd08664bb60ea89ac","name":"vado","image":{"@type":"ImageObject","inLanguage":"de","@id":"https:\/\/www.campingbellaterra.com\/de\/#\/schema\/person\/image\/","url":"https:\/\/secure.gravatar.com\/avatar\/6edab01d4cd19889ac2b69e05f01a3c93227951cf320620732fca472f184e4f5?s=96&d=mm&r=g","contentUrl":"https:\/\/secure.gravatar.com\/avatar\/6edab01d4cd19889ac2b69e05f01a3c93227951cf320620732fca472f184e4f5?s=96&d=mm&r=g","caption":"vado"},"url":"https:\/\/www.campingbellaterra.com\/de\/author\/vado\/"}]}},"_links":{"self":[{"href":"https:\/\/www.campingbellaterra.com\/de\/wp-json\/wp\/v2\/posts\/7107","targetHints":{"allow":["GET"]}}],"collection":[{"href":"https:\/\/www.campingbellaterra.com\/de\/wp-json\/wp\/v2\/posts"}],"about":[{"href":"https:\/\/www.campingbellaterra.com\/de\/wp-json\/wp\/v2\/types\/post"}],"author":[{"embeddable":true,"href":"https:\/\/www.campingbellaterra.com\/de\/wp-json\/wp\/v2\/users\/2"}],"replies":[{"embeddable":true,"href":"https:\/\/www.campingbellaterra.com\/de\/wp-json\/wp\/v2\/comments?post=7107"}],"version-history":[{"count":1,"href":"https:\/\/www.campingbellaterra.com\/de\/wp-json\/wp\/v2\/posts\/7107\/revisions"}],"predecessor-version":[{"id":10856,"href":"https:\/\/www.campingbellaterra.com\/de\/wp-json\/wp\/v2\/posts\/7107\/revisions\/10856"}],"wp:featuredmedia":[{"embeddable":true,"href":"https:\/\/www.campingbellaterra.com\/de\/wp-json\/wp\/v2\/media\/9837"}],"wp:attachment":[{"href":"https:\/\/www.campingbellaterra.com\/de\/wp-json\/wp\/v2\/media?parent=7107"}],"wp:term":[{"taxonomy":"category","embeddable":true,"href":"https:\/\/www.campingbellaterra.com\/de\/wp-json\/wp\/v2\/categories?post=7107"},{"taxonomy":"post_tag","embeddable":true,"href":"https:\/\/www.campingbellaterra.com\/de\/wp-json\/wp\/v2\/tags?post=7107"}],"curies":[{"name":"wp","href":"https:\/\/api.w.org\/{rel}","templated":true}]}}