{"id":7122,"date":"2019-11-08T13:30:45","date_gmt":"2019-11-08T12:30:45","guid":{"rendered":"https:\/\/www.campingbellaterra.com\/2019\/11\/08\/camper-aus-36-verschiedenen-nationalitaeten-besuchten-den-campingplatz-bella-terra-im-jahr-2019\/"},"modified":"2022-04-12T10:00:11","modified_gmt":"2022-04-12T08:00:11","slug":"camper-aus-36-verschiedenen-nationalitaeten-besuchten-den-campingplatz-bella-terra-im-jahr-2019","status":"publish","type":"post","link":"https:\/\/www.campingbellaterra.com\/de\/camper-aus-36-verschiedenen-nationalitaeten-besuchten-den-campingplatz-bella-terra-im-jahr-2019\/","title":{"rendered":"Camper aus 36 verschiedenen Nationalit\u00e4ten besuchten den Campingplatz Bella Terra im Jahr 2019"},"content":{"rendered":"<p><span style=\"font-size: 14pt;\">Die Niederlande, Frankreich und Deutschland stehen an der Spitze der internationalen Besucherrangliste.<\/span><\/p>\n<p><!--more--><\/p>\n<p style=\"text-align: justify;\">Der Campingplatz Bella Terra in Blanes, dem Tor zur Costa Brava, beendete am 29. September die Saison 2019. W\u00e4hrend dieser Zeit besuchten Camper aus 36 verschiedenen L\u00e4ndern die Touristenunterk\u00fcnfte. An der Spitze der Rangliste steht der nationale Camper, der 32% des gesamten Aufenthalts auf dem Campingplatz ausmacht. Dahinter stehen Camper aus den Niederlanden (26%), Frankreich (18%) und Deutschland (10%). Diese Nationalit\u00e4ten verl\u00e4ngern auch die Tage Ihres Aufenthalts auf dem Campingplatz. Im Einzelnen betr\u00e4gt der Durchschnitt des niederl\u00e4ndischen Camper 14 Tage, der des deutschen in 8 Tagen und der des franz\u00f6sischen in 7,5 Tagen.<\/p>\n<p style=\"text-align: justify;\">Gleich hinter diesen drei Nationalit\u00e4ten stehen Camper aus Belgien, die 3,2% der Gesamtzahl ausmachen, dicht gefolgt von denen aus Gro\u00dfbritannien mit 3,1%. Au\u00dferdem belegt der belgische Camper mit einer durchschnittlichen Aufenthaltsdauer von 12 Tagen den zweiten Platz.<\/p>\n<p style=\"text-align: justify;\">Diese Camper haben auch unsere Touristenunterk\u00fcnfte besucht, Camper aus L\u00e4ndern wie Australien, den Vereinigten Staaten, Kanada, Brasilien, Argentinien, Russland oder Israel. Zu den Nationalit\u00e4ten, die den Campingplatz zum ersten Mal besucht haben, geh\u00f6ren L\u00e4nder wie die Ukraine oder Estland.<\/p>\n<p style=\"text-align: justify;\">Der Campingplatz Bella Terra, der k\u00fcrzlich mit dem <a href=\"de\/news-de\/nachrichten-camping-bellaterra\/zertifikat-tripadvisor\">TripAdvisor-Zertifikat<\/a> f\u00fcr hervorragende Leistungen ausgezeichnet wurde, wie zum Beispiel das Blanes-Zusatzhotel Nr. 1, er\u00f6ffnet am Montag, dem 4. November, den Reservierungszeitraum f\u00fcr die folgende Saison. Im Jahr 2020 wird der Campingplatz am 28. M\u00e4rz seine Pforten \u00f6ffnen und die Saison bis zum 12. Oktober verl\u00e4ngern.<\/p>\n","protected":false},"excerpt":{"rendered":"<p>Die Niederlande, Frankreich und Deutschland stehen an der Spitze der internationalen Besucherrangliste.<\/p>\n","protected":false},"author":2,"featured_media":10113,"comment_status":"closed","ping_status":"closed","sticky":false,"template":"","format":"standard","meta":{"_acf_changed":false,"inline_featured_image":false,"_monsterinsights_skip_tracking":false,"_monsterinsights_sitenote_active":false,"_monsterinsights_sitenote_note":"","_monsterinsights_sitenote_category":0,"footnotes":""},"categories":[2278],"tags":[1867,1885,1891,1897],"class_list":["post-7122","post","type-post","status-publish","format-standard","has-post-thumbnail","hentry","category-blog-de","tag-blanes-de","tag-bungalows-de","tag-camping-de","tag-camping-bella-terra-de"],"acf":[],"yoast_head":"<!-- This site is optimized with the Yoast SEO plugin v27.0 - https:\/\/yoast.com\/product\/yoast-seo-wordpress\/ -->\n<title>Camper aus 36 verschiedenen Nationalit\u00e4ten besuchten den Campingplatz Bella Terra im Jahr 2019 - Camping Bella Terra<\/title>\n<meta name=\"robots\" content=\"index, follow, max-snippet:-1, max-image-preview:large, max-video-preview:-1\" \/>\n<link rel=\"canonical\" href=\"https:\/\/www.campingbellaterra.com\/de\/camper-aus-36-verschiedenen-nationalitaeten-besuchten-den-campingplatz-bella-terra-im-jahr-2019\/\" \/>\n<meta property=\"og:locale\" content=\"de_DE\" \/>\n<meta property=\"og:type\" content=\"article\" \/>\n<meta property=\"og:title\" content=\"Camper aus 36 verschiedenen Nationalit\u00e4ten besuchten den Campingplatz Bella Terra im Jahr 2019 - Camping Bella Terra\" \/>\n<meta property=\"og:description\" content=\"Die Niederlande, Frankreich und Deutschland stehen an der Spitze der internationalen Besucherrangliste.\" \/>\n<meta property=\"og:url\" content=\"https:\/\/www.campingbellaterra.com\/de\/camper-aus-36-verschiedenen-nationalitaeten-besuchten-den-campingplatz-bella-terra-im-jahr-2019\/\" \/>\n<meta property=\"og:site_name\" content=\"Camping Bella Terra\" \/>\n<meta property=\"article:publisher\" content=\"https:\/\/www.facebook.com\/campingbellaterra\/\" \/>\n<meta property=\"article:published_time\" content=\"2019-11-08T12:30:45+00:00\" \/>\n<meta property=\"article:modified_time\" content=\"2022-04-12T08:00:11+00:00\" \/>\n<meta property=\"og:image\" content=\"https:\/\/www.campingbellaterra.com\/wp-content\/uploads\/protocols-air.jpg\" \/>\n\t<meta property=\"og:image:width\" content=\"1033\" \/>\n\t<meta property=\"og:image:height\" content=\"394\" \/>\n\t<meta property=\"og:image:type\" content=\"image\/jpeg\" \/>\n<meta name=\"author\" content=\"vado\" \/>\n<meta name=\"twitter:card\" content=\"summary_large_image\" \/>\n<meta name=\"twitter:creator\" content=\"@cbellaterra\" \/>\n<meta name=\"twitter:site\" content=\"@cbellaterra\" \/>\n<meta name=\"twitter:label1\" content=\"Verfasst von\" \/>\n\t<meta name=\"twitter:data1\" content=\"vado\" \/>\n\t<meta name=\"twitter:label2\" content=\"Gesch\u00e4tzte Lesezeit\" \/>\n\t<meta name=\"twitter:data2\" content=\"1\u00a0Minute\" \/>\n<script type=\"application\/ld+json\" class=\"yoast-schema-graph\">{\"@context\":\"https:\/\/schema.org\",\"@graph\":[{\"@type\":\"Article\",\"@id\":\"https:\/\/www.campingbellaterra.com\/de\/camper-aus-36-verschiedenen-nationalitaeten-besuchten-den-campingplatz-bella-terra-im-jahr-2019\/#article\",\"isPartOf\":{\"@id\":\"https:\/\/www.campingbellaterra.com\/de\/camper-aus-36-verschiedenen-nationalitaeten-besuchten-den-campingplatz-bella-terra-im-jahr-2019\/\"},\"author\":{\"name\":\"vado\",\"@id\":\"https:\/\/www.campingbellaterra.com\/de\/#\/schema\/person\/9dafe106b7fade6dd08664bb60ea89ac\"},\"headline\":\"Camper aus 36 verschiedenen Nationalit\u00e4ten besuchten den Campingplatz Bella Terra im Jahr 2019\",\"datePublished\":\"2019-11-08T12:30:45+00:00\",\"dateModified\":\"2022-04-12T08:00:11+00:00\",\"mainEntityOfPage\":{\"@id\":\"https:\/\/www.campingbellaterra.com\/de\/camper-aus-36-verschiedenen-nationalitaeten-besuchten-den-campingplatz-bella-terra-im-jahr-2019\/\"},\"wordCount\":250,\"publisher\":{\"@id\":\"https:\/\/www.campingbellaterra.com\/de\/#organization\"},\"image\":{\"@id\":\"https:\/\/www.campingbellaterra.com\/de\/camper-aus-36-verschiedenen-nationalitaeten-besuchten-den-campingplatz-bella-terra-im-jahr-2019\/#primaryimage\"},\"thumbnailUrl\":\"https:\/\/www.campingbellaterra.com\/wp-content\/uploads\/protocols-air.jpg\",\"keywords\":[\"blanes\",\"BUNGALOWS\",\"camping\",\"camping bella terra\"],\"articleSection\":[\"blog\"],\"inLanguage\":\"de\"},{\"@type\":\"WebPage\",\"@id\":\"https:\/\/www.campingbellaterra.com\/de\/camper-aus-36-verschiedenen-nationalitaeten-besuchten-den-campingplatz-bella-terra-im-jahr-2019\/\",\"url\":\"https:\/\/www.campingbellaterra.com\/de\/camper-aus-36-verschiedenen-nationalitaeten-besuchten-den-campingplatz-bella-terra-im-jahr-2019\/\",\"name\":\"Camper aus 36 verschiedenen Nationalit\u00e4ten besuchten den Campingplatz Bella Terra im Jahr 2019 - Camping Bella Terra\",\"isPartOf\":{\"@id\":\"https:\/\/www.campingbellaterra.com\/de\/#website\"},\"primaryImageOfPage\":{\"@id\":\"https:\/\/www.campingbellaterra.com\/de\/camper-aus-36-verschiedenen-nationalitaeten-besuchten-den-campingplatz-bella-terra-im-jahr-2019\/#primaryimage\"},\"image\":{\"@id\":\"https:\/\/www.campingbellaterra.com\/de\/camper-aus-36-verschiedenen-nationalitaeten-besuchten-den-campingplatz-bella-terra-im-jahr-2019\/#primaryimage\"},\"thumbnailUrl\":\"https:\/\/www.campingbellaterra.com\/wp-content\/uploads\/protocols-air.jpg\",\"datePublished\":\"2019-11-08T12:30:45+00:00\",\"dateModified\":\"2022-04-12T08:00:11+00:00\",\"breadcrumb\":{\"@id\":\"https:\/\/www.campingbellaterra.com\/de\/camper-aus-36-verschiedenen-nationalitaeten-besuchten-den-campingplatz-bella-terra-im-jahr-2019\/#breadcrumb\"},\"inLanguage\":\"de\",\"potentialAction\":[{\"@type\":\"ReadAction\",\"target\":[\"https:\/\/www.campingbellaterra.com\/de\/camper-aus-36-verschiedenen-nationalitaeten-besuchten-den-campingplatz-bella-terra-im-jahr-2019\/\"]}]},{\"@type\":\"ImageObject\",\"inLanguage\":\"de\",\"@id\":\"https:\/\/www.campingbellaterra.com\/de\/camper-aus-36-verschiedenen-nationalitaeten-besuchten-den-campingplatz-bella-terra-im-jahr-2019\/#primaryimage\",\"url\":\"https:\/\/www.campingbellaterra.com\/wp-content\/uploads\/protocols-air.jpg\",\"contentUrl\":\"https:\/\/www.campingbellaterra.com\/wp-content\/uploads\/protocols-air.jpg\",\"width\":1033,\"height\":394},{\"@type\":\"BreadcrumbList\",\"@id\":\"https:\/\/www.campingbellaterra.com\/de\/camper-aus-36-verschiedenen-nationalitaeten-besuchten-den-campingplatz-bella-terra-im-jahr-2019\/#breadcrumb\",\"itemListElement\":[{\"@type\":\"ListItem\",\"position\":1,\"name\":\"Inici\",\"item\":\"https:\/\/www.campingbellaterra.com\/de\/\"},{\"@type\":\"ListItem\",\"position\":2,\"name\":\"Camper aus 36 verschiedenen Nationalit\u00e4ten besuchten den Campingplatz Bella Terra im Jahr 2019\"}]},{\"@type\":\"WebSite\",\"@id\":\"https:\/\/www.campingbellaterra.com\/de\/#website\",\"url\":\"https:\/\/www.campingbellaterra.com\/de\/\",\"name\":\"Camping Bella Terra\",\"description\":\"Otro sitio realizado con WordPress\",\"publisher\":{\"@id\":\"https:\/\/www.campingbellaterra.com\/de\/#organization\"},\"potentialAction\":[{\"@type\":\"SearchAction\",\"target\":{\"@type\":\"EntryPoint\",\"urlTemplate\":\"https:\/\/www.campingbellaterra.com\/de\/?s={search_term_string}\"},\"query-input\":{\"@type\":\"PropertyValueSpecification\",\"valueRequired\":true,\"valueName\":\"search_term_string\"}}],\"inLanguage\":\"de\"},{\"@type\":\"Organization\",\"@id\":\"https:\/\/www.campingbellaterra.com\/de\/#organization\",\"name\":\"Camping Bella Terra\",\"url\":\"https:\/\/www.campingbellaterra.com\/de\/\",\"logo\":{\"@type\":\"ImageObject\",\"inLanguage\":\"de\",\"@id\":\"https:\/\/www.campingbellaterra.com\/de\/#\/schema\/logo\/image\/\",\"url\":\"https:\/\/www.campingbellaterra.com\/wp-content\/uploads\/logo6.svg\",\"contentUrl\":\"https:\/\/www.campingbellaterra.com\/wp-content\/uploads\/logo6.svg\",\"width\":\"2048\",\"height\":\"2048\",\"caption\":\"Camping Bella Terra\"},\"image\":{\"@id\":\"https:\/\/www.campingbellaterra.com\/de\/#\/schema\/logo\/image\/\"},\"sameAs\":[\"https:\/\/www.facebook.com\/campingbellaterra\/\",\"https:\/\/x.com\/cbellaterra\",\"https:\/\/www.instagram.com\/campingbellaterra\/\",\"https:\/\/www.youtube.com\/c\/Camping-Bellaterra-Blanes\",\"https:\/\/www.tripadvisor.es\/Hotel_Review-g580331-d3328184-Reviews-Camping_Bella_Terra-Blanes_Costa_Brava_Province_of_Girona_Catalonia.html\"]},{\"@type\":\"Person\",\"@id\":\"https:\/\/www.campingbellaterra.com\/de\/#\/schema\/person\/9dafe106b7fade6dd08664bb60ea89ac\",\"name\":\"vado\",\"image\":{\"@type\":\"ImageObject\",\"inLanguage\":\"de\",\"@id\":\"https:\/\/www.campingbellaterra.com\/de\/#\/schema\/person\/image\/\",\"url\":\"https:\/\/secure.gravatar.com\/avatar\/6edab01d4cd19889ac2b69e05f01a3c93227951cf320620732fca472f184e4f5?s=96&d=mm&r=g\",\"contentUrl\":\"https:\/\/secure.gravatar.com\/avatar\/6edab01d4cd19889ac2b69e05f01a3c93227951cf320620732fca472f184e4f5?s=96&d=mm&r=g\",\"caption\":\"vado\"},\"url\":\"https:\/\/www.campingbellaterra.com\/de\/author\/vado\/\"}]}<\/script>\n<!-- \/ Yoast SEO plugin. -->","yoast_head_json":{"title":"Camper aus 36 verschiedenen Nationalit\u00e4ten besuchten den Campingplatz Bella Terra im Jahr 2019 - Camping Bella Terra","robots":{"index":"index","follow":"follow","max-snippet":"max-snippet:-1","max-image-preview":"max-image-preview:large","max-video-preview":"max-video-preview:-1"},"canonical":"https:\/\/www.campingbellaterra.com\/de\/camper-aus-36-verschiedenen-nationalitaeten-besuchten-den-campingplatz-bella-terra-im-jahr-2019\/","og_locale":"de_DE","og_type":"article","og_title":"Camper aus 36 verschiedenen Nationalit\u00e4ten besuchten den Campingplatz Bella Terra im Jahr 2019 - Camping Bella Terra","og_description":"Die Niederlande, Frankreich und Deutschland stehen an der Spitze der internationalen Besucherrangliste.","og_url":"https:\/\/www.campingbellaterra.com\/de\/camper-aus-36-verschiedenen-nationalitaeten-besuchten-den-campingplatz-bella-terra-im-jahr-2019\/","og_site_name":"Camping Bella Terra","article_publisher":"https:\/\/www.facebook.com\/campingbellaterra\/","article_published_time":"2019-11-08T12:30:45+00:00","article_modified_time":"2022-04-12T08:00:11+00:00","og_image":[{"width":1033,"height":394,"url":"https:\/\/www.campingbellaterra.com\/wp-content\/uploads\/protocols-air.jpg","type":"image\/jpeg"}],"author":"vado","twitter_card":"summary_large_image","twitter_creator":"@cbellaterra","twitter_site":"@cbellaterra","twitter_misc":{"Verfasst von":"vado","Gesch\u00e4tzte Lesezeit":"1\u00a0Minute"},"schema":{"@context":"https:\/\/schema.org","@graph":[{"@type":"Article","@id":"https:\/\/www.campingbellaterra.com\/de\/camper-aus-36-verschiedenen-nationalitaeten-besuchten-den-campingplatz-bella-terra-im-jahr-2019\/#article","isPartOf":{"@id":"https:\/\/www.campingbellaterra.com\/de\/camper-aus-36-verschiedenen-nationalitaeten-besuchten-den-campingplatz-bella-terra-im-jahr-2019\/"},"author":{"name":"vado","@id":"https:\/\/www.campingbellaterra.com\/de\/#\/schema\/person\/9dafe106b7fade6dd08664bb60ea89ac"},"headline":"Camper aus 36 verschiedenen Nationalit\u00e4ten besuchten den Campingplatz Bella Terra im Jahr 2019","datePublished":"2019-11-08T12:30:45+00:00","dateModified":"2022-04-12T08:00:11+00:00","mainEntityOfPage":{"@id":"https:\/\/www.campingbellaterra.com\/de\/camper-aus-36-verschiedenen-nationalitaeten-besuchten-den-campingplatz-bella-terra-im-jahr-2019\/"},"wordCount":250,"publisher":{"@id":"https:\/\/www.campingbellaterra.com\/de\/#organization"},"image":{"@id":"https:\/\/www.campingbellaterra.com\/de\/camper-aus-36-verschiedenen-nationalitaeten-besuchten-den-campingplatz-bella-terra-im-jahr-2019\/#primaryimage"},"thumbnailUrl":"https:\/\/www.campingbellaterra.com\/wp-content\/uploads\/protocols-air.jpg","keywords":["blanes","BUNGALOWS","camping","camping bella terra"],"articleSection":["blog"],"inLanguage":"de"},{"@type":"WebPage","@id":"https:\/\/www.campingbellaterra.com\/de\/camper-aus-36-verschiedenen-nationalitaeten-besuchten-den-campingplatz-bella-terra-im-jahr-2019\/","url":"https:\/\/www.campingbellaterra.com\/de\/camper-aus-36-verschiedenen-nationalitaeten-besuchten-den-campingplatz-bella-terra-im-jahr-2019\/","name":"Camper aus 36 verschiedenen Nationalit\u00e4ten besuchten den Campingplatz Bella Terra im Jahr 2019 - Camping Bella Terra","isPartOf":{"@id":"https:\/\/www.campingbellaterra.com\/de\/#website"},"primaryImageOfPage":{"@id":"https:\/\/www.campingbellaterra.com\/de\/camper-aus-36-verschiedenen-nationalitaeten-besuchten-den-campingplatz-bella-terra-im-jahr-2019\/#primaryimage"},"image":{"@id":"https:\/\/www.campingbellaterra.com\/de\/camper-aus-36-verschiedenen-nationalitaeten-besuchten-den-campingplatz-bella-terra-im-jahr-2019\/#primaryimage"},"thumbnailUrl":"https:\/\/www.campingbellaterra.com\/wp-content\/uploads\/protocols-air.jpg","datePublished":"2019-11-08T12:30:45+00:00","dateModified":"2022-04-12T08:00:11+00:00","breadcrumb":{"@id":"https:\/\/www.campingbellaterra.com\/de\/camper-aus-36-verschiedenen-nationalitaeten-besuchten-den-campingplatz-bella-terra-im-jahr-2019\/#breadcrumb"},"inLanguage":"de","potentialAction":[{"@type":"ReadAction","target":["https:\/\/www.campingbellaterra.com\/de\/camper-aus-36-verschiedenen-nationalitaeten-besuchten-den-campingplatz-bella-terra-im-jahr-2019\/"]}]},{"@type":"ImageObject","inLanguage":"de","@id":"https:\/\/www.campingbellaterra.com\/de\/camper-aus-36-verschiedenen-nationalitaeten-besuchten-den-campingplatz-bella-terra-im-jahr-2019\/#primaryimage","url":"https:\/\/www.campingbellaterra.com\/wp-content\/uploads\/protocols-air.jpg","contentUrl":"https:\/\/www.campingbellaterra.com\/wp-content\/uploads\/protocols-air.jpg","width":1033,"height":394},{"@type":"BreadcrumbList","@id":"https:\/\/www.campingbellaterra.com\/de\/camper-aus-36-verschiedenen-nationalitaeten-besuchten-den-campingplatz-bella-terra-im-jahr-2019\/#breadcrumb","itemListElement":[{"@type":"ListItem","position":1,"name":"Inici","item":"https:\/\/www.campingbellaterra.com\/de\/"},{"@type":"ListItem","position":2,"name":"Camper aus 36 verschiedenen Nationalit\u00e4ten besuchten den Campingplatz Bella Terra im Jahr 2019"}]},{"@type":"WebSite","@id":"https:\/\/www.campingbellaterra.com\/de\/#website","url":"https:\/\/www.campingbellaterra.com\/de\/","name":"Camping Bella Terra","description":"Otro sitio realizado con WordPress","publisher":{"@id":"https:\/\/www.campingbellaterra.com\/de\/#organization"},"potentialAction":[{"@type":"SearchAction","target":{"@type":"EntryPoint","urlTemplate":"https:\/\/www.campingbellaterra.com\/de\/?s={search_term_string}"},"query-input":{"@type":"PropertyValueSpecification","valueRequired":true,"valueName":"search_term_string"}}],"inLanguage":"de"},{"@type":"Organization","@id":"https:\/\/www.campingbellaterra.com\/de\/#organization","name":"Camping Bella Terra","url":"https:\/\/www.campingbellaterra.com\/de\/","logo":{"@type":"ImageObject","inLanguage":"de","@id":"https:\/\/www.campingbellaterra.com\/de\/#\/schema\/logo\/image\/","url":"https:\/\/www.campingbellaterra.com\/wp-content\/uploads\/logo6.svg","contentUrl":"https:\/\/www.campingbellaterra.com\/wp-content\/uploads\/logo6.svg","width":"2048","height":"2048","caption":"Camping Bella Terra"},"image":{"@id":"https:\/\/www.campingbellaterra.com\/de\/#\/schema\/logo\/image\/"},"sameAs":["https:\/\/www.facebook.com\/campingbellaterra\/","https:\/\/x.com\/cbellaterra","https:\/\/www.instagram.com\/campingbellaterra\/","https:\/\/www.youtube.com\/c\/Camping-Bellaterra-Blanes","https:\/\/www.tripadvisor.es\/Hotel_Review-g580331-d3328184-Reviews-Camping_Bella_Terra-Blanes_Costa_Brava_Province_of_Girona_Catalonia.html"]},{"@type":"Person","@id":"https:\/\/www.campingbellaterra.com\/de\/#\/schema\/person\/9dafe106b7fade6dd08664bb60ea89ac","name":"vado","image":{"@type":"ImageObject","inLanguage":"de","@id":"https:\/\/www.campingbellaterra.com\/de\/#\/schema\/person\/image\/","url":"https:\/\/secure.gravatar.com\/avatar\/6edab01d4cd19889ac2b69e05f01a3c93227951cf320620732fca472f184e4f5?s=96&d=mm&r=g","contentUrl":"https:\/\/secure.gravatar.com\/avatar\/6edab01d4cd19889ac2b69e05f01a3c93227951cf320620732fca472f184e4f5?s=96&d=mm&r=g","caption":"vado"},"url":"https:\/\/www.campingbellaterra.com\/de\/author\/vado\/"}]}},"_links":{"self":[{"href":"https:\/\/www.campingbellaterra.com\/de\/wp-json\/wp\/v2\/posts\/7122","targetHints":{"allow":["GET"]}}],"collection":[{"href":"https:\/\/www.campingbellaterra.com\/de\/wp-json\/wp\/v2\/posts"}],"about":[{"href":"https:\/\/www.campingbellaterra.com\/de\/wp-json\/wp\/v2\/types\/post"}],"author":[{"embeddable":true,"href":"https:\/\/www.campingbellaterra.com\/de\/wp-json\/wp\/v2\/users\/2"}],"replies":[{"embeddable":true,"href":"https:\/\/www.campingbellaterra.com\/de\/wp-json\/wp\/v2\/comments?post=7122"}],"version-history":[{"count":2,"href":"https:\/\/www.campingbellaterra.com\/de\/wp-json\/wp\/v2\/posts\/7122\/revisions"}],"predecessor-version":[{"id":10849,"href":"https:\/\/www.campingbellaterra.com\/de\/wp-json\/wp\/v2\/posts\/7122\/revisions\/10849"}],"wp:featuredmedia":[{"embeddable":true,"href":"https:\/\/www.campingbellaterra.com\/de\/wp-json\/wp\/v2\/media\/10113"}],"wp:attachment":[{"href":"https:\/\/www.campingbellaterra.com\/de\/wp-json\/wp\/v2\/media?parent=7122"}],"wp:term":[{"taxonomy":"category","embeddable":true,"href":"https:\/\/www.campingbellaterra.com\/de\/wp-json\/wp\/v2\/categories?post=7122"},{"taxonomy":"post_tag","embeddable":true,"href":"https:\/\/www.campingbellaterra.com\/de\/wp-json\/wp\/v2\/tags?post=7122"}],"curies":[{"name":"wp","href":"https:\/\/api.w.org\/{rel}","templated":true}]}}