{"id":7192,"date":"2020-06-05T16:55:22","date_gmt":"2020-06-05T14:55:22","guid":{"rendered":"https:\/\/www.campingbellaterra.com\/2020\/06\/05\/eroffnungs-camping-bella-terra\/"},"modified":"2022-04-12T09:45:10","modified_gmt":"2022-04-12T07:45:10","slug":"eroffnungs-camping-bella-terra","status":"publish","type":"post","link":"https:\/\/www.campingbellaterra.com\/de\/eroffnungs-camping-bella-terra\/","title":{"rendered":"Er\u00f6ffnungs des Camping Bella Terra"},"content":{"rendered":"<p><span style=\"font-size: 14pt;\"><span style=\"font-size: 14pt;\">Offizielle Erkl\u00e4rung zur \u00d6ffnung f\u00fcr die \u00d6ffentlichkeit.<\/span><\/span><\/p>\n<p><!--more--><\/p>\n<p>Endlich haben wir ein er\u00f6ffnungsdatum&#8230;27 juni. Wir warten mit viel Spa\u00df auf Sie! Folgen Sie unseren sozialen Medien, wir werden Sie auf dem Laufenden halten.<\/p>\n<p style=\"text-align: justify;\"><strong>&nbsp;<\/strong><\/p>\n","protected":false},"excerpt":{"rendered":"<p>Offizielle Erkl\u00e4rung zur \u00d6ffnung f\u00fcr die \u00d6ffentlichkeit.<\/p>\n","protected":false},"author":2,"featured_media":10053,"comment_status":"closed","ping_status":"closed","sticky":false,"template":"","format":"standard","meta":{"_acf_changed":false,"inline_featured_image":false,"_monsterinsights_skip_tracking":false,"_monsterinsights_sitenote_active":false,"_monsterinsights_sitenote_note":"","_monsterinsights_sitenote_category":0,"footnotes":""},"categories":[2278],"tags":[1867,1891,1939],"class_list":["post-7192","post","type-post","status-publish","format-standard","has-post-thumbnail","hentry","category-blog-de","tag-blanes-de","tag-camping-de","tag-costa-brava-de"],"acf":[],"yoast_head":"<!-- This site is optimized with the Yoast SEO plugin v27.0 - https:\/\/yoast.com\/product\/yoast-seo-wordpress\/ -->\n<title>Er\u00f6ffnungs des Camping Bella Terra - Camping Bella Terra<\/title>\n<meta name=\"robots\" content=\"index, follow, max-snippet:-1, max-image-preview:large, max-video-preview:-1\" \/>\n<link rel=\"canonical\" href=\"https:\/\/www.campingbellaterra.com\/de\/eroffnungs-camping-bella-terra\/\" \/>\n<meta property=\"og:locale\" content=\"de_DE\" \/>\n<meta property=\"og:type\" content=\"article\" \/>\n<meta property=\"og:title\" content=\"Er\u00f6ffnungs des Camping Bella Terra - Camping Bella Terra\" \/>\n<meta property=\"og:description\" content=\"Offizielle Erkl\u00e4rung zur \u00d6ffnung f\u00fcr die \u00d6ffentlichkeit.\" \/>\n<meta property=\"og:url\" content=\"https:\/\/www.campingbellaterra.com\/de\/eroffnungs-camping-bella-terra\/\" \/>\n<meta property=\"og:site_name\" content=\"Camping Bella Terra\" \/>\n<meta property=\"article:publisher\" content=\"https:\/\/www.facebook.com\/campingbellaterra\/\" \/>\n<meta property=\"article:published_time\" content=\"2020-06-05T14:55:22+00:00\" \/>\n<meta property=\"article:modified_time\" content=\"2022-04-12T07:45:10+00:00\" \/>\n<meta property=\"og:image\" content=\"https:\/\/www.campingbellaterra.com\/wp-content\/uploads\/media\/k2\/items\/src\/e0b863f873638efa81a0f8773b39882d.jpg\" \/>\n\t<meta property=\"og:image:width\" content=\"1024\" \/>\n\t<meta property=\"og:image:height\" content=\"680\" \/>\n\t<meta property=\"og:image:type\" content=\"image\/jpeg\" \/>\n<meta name=\"author\" content=\"vado\" \/>\n<meta name=\"twitter:card\" content=\"summary_large_image\" \/>\n<meta name=\"twitter:creator\" content=\"@cbellaterra\" \/>\n<meta name=\"twitter:site\" content=\"@cbellaterra\" \/>\n<meta name=\"twitter:label1\" content=\"Verfasst von\" \/>\n\t<meta name=\"twitter:data1\" content=\"vado\" \/>\n<script type=\"application\/ld+json\" class=\"yoast-schema-graph\">{\"@context\":\"https:\/\/schema.org\",\"@graph\":[{\"@type\":\"Article\",\"@id\":\"https:\/\/www.campingbellaterra.com\/de\/eroffnungs-camping-bella-terra\/#article\",\"isPartOf\":{\"@id\":\"https:\/\/www.campingbellaterra.com\/de\/eroffnungs-camping-bella-terra\/\"},\"author\":{\"name\":\"vado\",\"@id\":\"https:\/\/www.campingbellaterra.com\/de\/#\/schema\/person\/9dafe106b7fade6dd08664bb60ea89ac\"},\"headline\":\"Er\u00f6ffnungs des Camping Bella Terra\",\"datePublished\":\"2020-06-05T14:55:22+00:00\",\"dateModified\":\"2022-04-12T07:45:10+00:00\",\"mainEntityOfPage\":{\"@id\":\"https:\/\/www.campingbellaterra.com\/de\/eroffnungs-camping-bella-terra\/\"},\"wordCount\":42,\"publisher\":{\"@id\":\"https:\/\/www.campingbellaterra.com\/de\/#organization\"},\"image\":{\"@id\":\"https:\/\/www.campingbellaterra.com\/de\/eroffnungs-camping-bella-terra\/#primaryimage\"},\"thumbnailUrl\":\"https:\/\/www.campingbellaterra.com\/wp-content\/uploads\/media\/k2\/items\/src\/e0b863f873638efa81a0f8773b39882d.jpg\",\"keywords\":[\"blanes\",\"camping\",\"costa brava\"],\"articleSection\":[\"blog\"],\"inLanguage\":\"de\"},{\"@type\":\"WebPage\",\"@id\":\"https:\/\/www.campingbellaterra.com\/de\/eroffnungs-camping-bella-terra\/\",\"url\":\"https:\/\/www.campingbellaterra.com\/de\/eroffnungs-camping-bella-terra\/\",\"name\":\"Er\u00f6ffnungs des Camping Bella Terra - Camping Bella Terra\",\"isPartOf\":{\"@id\":\"https:\/\/www.campingbellaterra.com\/de\/#website\"},\"primaryImageOfPage\":{\"@id\":\"https:\/\/www.campingbellaterra.com\/de\/eroffnungs-camping-bella-terra\/#primaryimage\"},\"image\":{\"@id\":\"https:\/\/www.campingbellaterra.com\/de\/eroffnungs-camping-bella-terra\/#primaryimage\"},\"thumbnailUrl\":\"https:\/\/www.campingbellaterra.com\/wp-content\/uploads\/media\/k2\/items\/src\/e0b863f873638efa81a0f8773b39882d.jpg\",\"datePublished\":\"2020-06-05T14:55:22+00:00\",\"dateModified\":\"2022-04-12T07:45:10+00:00\",\"breadcrumb\":{\"@id\":\"https:\/\/www.campingbellaterra.com\/de\/eroffnungs-camping-bella-terra\/#breadcrumb\"},\"inLanguage\":\"de\",\"potentialAction\":[{\"@type\":\"ReadAction\",\"target\":[\"https:\/\/www.campingbellaterra.com\/de\/eroffnungs-camping-bella-terra\/\"]}]},{\"@type\":\"ImageObject\",\"inLanguage\":\"de\",\"@id\":\"https:\/\/www.campingbellaterra.com\/de\/eroffnungs-camping-bella-terra\/#primaryimage\",\"url\":\"https:\/\/www.campingbellaterra.com\/wp-content\/uploads\/media\/k2\/items\/src\/e0b863f873638efa81a0f8773b39882d.jpg\",\"contentUrl\":\"https:\/\/www.campingbellaterra.com\/wp-content\/uploads\/media\/k2\/items\/src\/e0b863f873638efa81a0f8773b39882d.jpg\",\"width\":1024,\"height\":680},{\"@type\":\"BreadcrumbList\",\"@id\":\"https:\/\/www.campingbellaterra.com\/de\/eroffnungs-camping-bella-terra\/#breadcrumb\",\"itemListElement\":[{\"@type\":\"ListItem\",\"position\":1,\"name\":\"Inici\",\"item\":\"https:\/\/www.campingbellaterra.com\/de\/\"},{\"@type\":\"ListItem\",\"position\":2,\"name\":\"Er\u00f6ffnungs des Camping Bella Terra\"}]},{\"@type\":\"WebSite\",\"@id\":\"https:\/\/www.campingbellaterra.com\/de\/#website\",\"url\":\"https:\/\/www.campingbellaterra.com\/de\/\",\"name\":\"Camping Bella Terra\",\"description\":\"Otro sitio realizado con WordPress\",\"publisher\":{\"@id\":\"https:\/\/www.campingbellaterra.com\/de\/#organization\"},\"potentialAction\":[{\"@type\":\"SearchAction\",\"target\":{\"@type\":\"EntryPoint\",\"urlTemplate\":\"https:\/\/www.campingbellaterra.com\/de\/?s={search_term_string}\"},\"query-input\":{\"@type\":\"PropertyValueSpecification\",\"valueRequired\":true,\"valueName\":\"search_term_string\"}}],\"inLanguage\":\"de\"},{\"@type\":\"Organization\",\"@id\":\"https:\/\/www.campingbellaterra.com\/de\/#organization\",\"name\":\"Camping Bella Terra\",\"url\":\"https:\/\/www.campingbellaterra.com\/de\/\",\"logo\":{\"@type\":\"ImageObject\",\"inLanguage\":\"de\",\"@id\":\"https:\/\/www.campingbellaterra.com\/de\/#\/schema\/logo\/image\/\",\"url\":\"https:\/\/www.campingbellaterra.com\/wp-content\/uploads\/logo6.svg\",\"contentUrl\":\"https:\/\/www.campingbellaterra.com\/wp-content\/uploads\/logo6.svg\",\"width\":\"2048\",\"height\":\"2048\",\"caption\":\"Camping Bella Terra\"},\"image\":{\"@id\":\"https:\/\/www.campingbellaterra.com\/de\/#\/schema\/logo\/image\/\"},\"sameAs\":[\"https:\/\/www.facebook.com\/campingbellaterra\/\",\"https:\/\/x.com\/cbellaterra\",\"https:\/\/www.instagram.com\/campingbellaterra\/\",\"https:\/\/www.youtube.com\/c\/Camping-Bellaterra-Blanes\",\"https:\/\/www.tripadvisor.es\/Hotel_Review-g580331-d3328184-Reviews-Camping_Bella_Terra-Blanes_Costa_Brava_Province_of_Girona_Catalonia.html\"]},{\"@type\":\"Person\",\"@id\":\"https:\/\/www.campingbellaterra.com\/de\/#\/schema\/person\/9dafe106b7fade6dd08664bb60ea89ac\",\"name\":\"vado\",\"image\":{\"@type\":\"ImageObject\",\"inLanguage\":\"de\",\"@id\":\"https:\/\/www.campingbellaterra.com\/de\/#\/schema\/person\/image\/\",\"url\":\"https:\/\/secure.gravatar.com\/avatar\/6edab01d4cd19889ac2b69e05f01a3c93227951cf320620732fca472f184e4f5?s=96&d=mm&r=g\",\"contentUrl\":\"https:\/\/secure.gravatar.com\/avatar\/6edab01d4cd19889ac2b69e05f01a3c93227951cf320620732fca472f184e4f5?s=96&d=mm&r=g\",\"caption\":\"vado\"},\"url\":\"https:\/\/www.campingbellaterra.com\/de\/author\/vado\/\"}]}<\/script>\n<!-- \/ Yoast SEO plugin. -->","yoast_head_json":{"title":"Er\u00f6ffnungs des Camping Bella Terra - Camping Bella Terra","robots":{"index":"index","follow":"follow","max-snippet":"max-snippet:-1","max-image-preview":"max-image-preview:large","max-video-preview":"max-video-preview:-1"},"canonical":"https:\/\/www.campingbellaterra.com\/de\/eroffnungs-camping-bella-terra\/","og_locale":"de_DE","og_type":"article","og_title":"Er\u00f6ffnungs des Camping Bella Terra - Camping Bella Terra","og_description":"Offizielle Erkl\u00e4rung zur \u00d6ffnung f\u00fcr die \u00d6ffentlichkeit.","og_url":"https:\/\/www.campingbellaterra.com\/de\/eroffnungs-camping-bella-terra\/","og_site_name":"Camping Bella Terra","article_publisher":"https:\/\/www.facebook.com\/campingbellaterra\/","article_published_time":"2020-06-05T14:55:22+00:00","article_modified_time":"2022-04-12T07:45:10+00:00","og_image":[{"width":1024,"height":680,"url":"https:\/\/www.campingbellaterra.com\/wp-content\/uploads\/media\/k2\/items\/src\/e0b863f873638efa81a0f8773b39882d.jpg","type":"image\/jpeg"}],"author":"vado","twitter_card":"summary_large_image","twitter_creator":"@cbellaterra","twitter_site":"@cbellaterra","twitter_misc":{"Verfasst von":"vado"},"schema":{"@context":"https:\/\/schema.org","@graph":[{"@type":"Article","@id":"https:\/\/www.campingbellaterra.com\/de\/eroffnungs-camping-bella-terra\/#article","isPartOf":{"@id":"https:\/\/www.campingbellaterra.com\/de\/eroffnungs-camping-bella-terra\/"},"author":{"name":"vado","@id":"https:\/\/www.campingbellaterra.com\/de\/#\/schema\/person\/9dafe106b7fade6dd08664bb60ea89ac"},"headline":"Er\u00f6ffnungs des Camping Bella Terra","datePublished":"2020-06-05T14:55:22+00:00","dateModified":"2022-04-12T07:45:10+00:00","mainEntityOfPage":{"@id":"https:\/\/www.campingbellaterra.com\/de\/eroffnungs-camping-bella-terra\/"},"wordCount":42,"publisher":{"@id":"https:\/\/www.campingbellaterra.com\/de\/#organization"},"image":{"@id":"https:\/\/www.campingbellaterra.com\/de\/eroffnungs-camping-bella-terra\/#primaryimage"},"thumbnailUrl":"https:\/\/www.campingbellaterra.com\/wp-content\/uploads\/media\/k2\/items\/src\/e0b863f873638efa81a0f8773b39882d.jpg","keywords":["blanes","camping","costa brava"],"articleSection":["blog"],"inLanguage":"de"},{"@type":"WebPage","@id":"https:\/\/www.campingbellaterra.com\/de\/eroffnungs-camping-bella-terra\/","url":"https:\/\/www.campingbellaterra.com\/de\/eroffnungs-camping-bella-terra\/","name":"Er\u00f6ffnungs des Camping Bella Terra - Camping Bella Terra","isPartOf":{"@id":"https:\/\/www.campingbellaterra.com\/de\/#website"},"primaryImageOfPage":{"@id":"https:\/\/www.campingbellaterra.com\/de\/eroffnungs-camping-bella-terra\/#primaryimage"},"image":{"@id":"https:\/\/www.campingbellaterra.com\/de\/eroffnungs-camping-bella-terra\/#primaryimage"},"thumbnailUrl":"https:\/\/www.campingbellaterra.com\/wp-content\/uploads\/media\/k2\/items\/src\/e0b863f873638efa81a0f8773b39882d.jpg","datePublished":"2020-06-05T14:55:22+00:00","dateModified":"2022-04-12T07:45:10+00:00","breadcrumb":{"@id":"https:\/\/www.campingbellaterra.com\/de\/eroffnungs-camping-bella-terra\/#breadcrumb"},"inLanguage":"de","potentialAction":[{"@type":"ReadAction","target":["https:\/\/www.campingbellaterra.com\/de\/eroffnungs-camping-bella-terra\/"]}]},{"@type":"ImageObject","inLanguage":"de","@id":"https:\/\/www.campingbellaterra.com\/de\/eroffnungs-camping-bella-terra\/#primaryimage","url":"https:\/\/www.campingbellaterra.com\/wp-content\/uploads\/media\/k2\/items\/src\/e0b863f873638efa81a0f8773b39882d.jpg","contentUrl":"https:\/\/www.campingbellaterra.com\/wp-content\/uploads\/media\/k2\/items\/src\/e0b863f873638efa81a0f8773b39882d.jpg","width":1024,"height":680},{"@type":"BreadcrumbList","@id":"https:\/\/www.campingbellaterra.com\/de\/eroffnungs-camping-bella-terra\/#breadcrumb","itemListElement":[{"@type":"ListItem","position":1,"name":"Inici","item":"https:\/\/www.campingbellaterra.com\/de\/"},{"@type":"ListItem","position":2,"name":"Er\u00f6ffnungs des Camping Bella Terra"}]},{"@type":"WebSite","@id":"https:\/\/www.campingbellaterra.com\/de\/#website","url":"https:\/\/www.campingbellaterra.com\/de\/","name":"Camping Bella Terra","description":"Otro sitio realizado con WordPress","publisher":{"@id":"https:\/\/www.campingbellaterra.com\/de\/#organization"},"potentialAction":[{"@type":"SearchAction","target":{"@type":"EntryPoint","urlTemplate":"https:\/\/www.campingbellaterra.com\/de\/?s={search_term_string}"},"query-input":{"@type":"PropertyValueSpecification","valueRequired":true,"valueName":"search_term_string"}}],"inLanguage":"de"},{"@type":"Organization","@id":"https:\/\/www.campingbellaterra.com\/de\/#organization","name":"Camping Bella Terra","url":"https:\/\/www.campingbellaterra.com\/de\/","logo":{"@type":"ImageObject","inLanguage":"de","@id":"https:\/\/www.campingbellaterra.com\/de\/#\/schema\/logo\/image\/","url":"https:\/\/www.campingbellaterra.com\/wp-content\/uploads\/logo6.svg","contentUrl":"https:\/\/www.campingbellaterra.com\/wp-content\/uploads\/logo6.svg","width":"2048","height":"2048","caption":"Camping Bella Terra"},"image":{"@id":"https:\/\/www.campingbellaterra.com\/de\/#\/schema\/logo\/image\/"},"sameAs":["https:\/\/www.facebook.com\/campingbellaterra\/","https:\/\/x.com\/cbellaterra","https:\/\/www.instagram.com\/campingbellaterra\/","https:\/\/www.youtube.com\/c\/Camping-Bellaterra-Blanes","https:\/\/www.tripadvisor.es\/Hotel_Review-g580331-d3328184-Reviews-Camping_Bella_Terra-Blanes_Costa_Brava_Province_of_Girona_Catalonia.html"]},{"@type":"Person","@id":"https:\/\/www.campingbellaterra.com\/de\/#\/schema\/person\/9dafe106b7fade6dd08664bb60ea89ac","name":"vado","image":{"@type":"ImageObject","inLanguage":"de","@id":"https:\/\/www.campingbellaterra.com\/de\/#\/schema\/person\/image\/","url":"https:\/\/secure.gravatar.com\/avatar\/6edab01d4cd19889ac2b69e05f01a3c93227951cf320620732fca472f184e4f5?s=96&d=mm&r=g","contentUrl":"https:\/\/secure.gravatar.com\/avatar\/6edab01d4cd19889ac2b69e05f01a3c93227951cf320620732fca472f184e4f5?s=96&d=mm&r=g","caption":"vado"},"url":"https:\/\/www.campingbellaterra.com\/de\/author\/vado\/"}]}},"_links":{"self":[{"href":"https:\/\/www.campingbellaterra.com\/de\/wp-json\/wp\/v2\/posts\/7192","targetHints":{"allow":["GET"]}}],"collection":[{"href":"https:\/\/www.campingbellaterra.com\/de\/wp-json\/wp\/v2\/posts"}],"about":[{"href":"https:\/\/www.campingbellaterra.com\/de\/wp-json\/wp\/v2\/types\/post"}],"author":[{"embeddable":true,"href":"https:\/\/www.campingbellaterra.com\/de\/wp-json\/wp\/v2\/users\/2"}],"replies":[{"embeddable":true,"href":"https:\/\/www.campingbellaterra.com\/de\/wp-json\/wp\/v2\/comments?post=7192"}],"version-history":[{"count":1,"href":"https:\/\/www.campingbellaterra.com\/de\/wp-json\/wp\/v2\/posts\/7192\/revisions"}],"predecessor-version":[{"id":10796,"href":"https:\/\/www.campingbellaterra.com\/de\/wp-json\/wp\/v2\/posts\/7192\/revisions\/10796"}],"wp:featuredmedia":[{"embeddable":true,"href":"https:\/\/www.campingbellaterra.com\/de\/wp-json\/wp\/v2\/media\/10053"}],"wp:attachment":[{"href":"https:\/\/www.campingbellaterra.com\/de\/wp-json\/wp\/v2\/media?parent=7192"}],"wp:term":[{"taxonomy":"category","embeddable":true,"href":"https:\/\/www.campingbellaterra.com\/de\/wp-json\/wp\/v2\/categories?post=7192"},{"taxonomy":"post_tag","embeddable":true,"href":"https:\/\/www.campingbellaterra.com\/de\/wp-json\/wp\/v2\/tags?post=7192"}],"curies":[{"name":"wp","href":"https:\/\/api.w.org\/{rel}","templated":true}]}}