{"id":7205,"date":"2021-04-27T07:15:41","date_gmt":"2021-04-27T05:15:41","guid":{"rendered":"https:\/\/www.campingbellaterra.com\/2021\/04\/27\/protokolle-2021\/"},"modified":"2022-04-12T09:11:04","modified_gmt":"2022-04-12T07:11:04","slug":"protokolle-2021","status":"publish","type":"post","link":"https:\/\/www.campingbellaterra.com\/de\/protokolle-2021\/","title":{"rendered":"Hygieneprotokolle f\u00fcr die Saison 2021"},"content":{"rendered":"<p><span style=\"font-size: 14pt;\">Hygieneprotokolle f\u00fcr die Saison 2021<\/span><\/p>\n<p><!--more--><\/p>\n<p>Liebe Freunde,<\/p>\n<p>Wir haben alles bereit, um mit maximaler Sicherheit zu \u00f6ffnen.<\/p>\n<p>Aus diesem Grund hat Camping Bella Terra Hygieneprotokolle entwickelt, die sich um Sie k\u00fcmmern und Sie sch\u00fctzen, damit Sie einen wohlverdienten Urlaub genie\u00dfen k\u00f6nnen.<\/p>\n<p>Diese Protokolle werden je nach geltendem Recht aktualisiert und angepasst.<\/p>\n<p>Wir werden weiterhin f\u00fcr Sie arbeiten.<\/p>\n<p>&nbsp;<\/p>\n<p><noscript><img decoding=\"async\" class=\" size-full wp-image-7196\" src=\"https:\/\/www.campingbellaterra.com\/wp-content\/uploads\/protocols-separador.jpg\" alt=\"protocols separador\" width=\"139\" height=\"22\"><\/noscript><img decoding=\"async\" class=\" size-full wp-image-7196 lazyload\" src=\"data:image\/svg+xml,%3Csvg%20xmlns%3D%22http%3A%2F%2Fwww.w3.org%2F2000%2Fsvg%22%20viewBox%3D%220%200%20139%2022%22%3E%3C%2Fsvg%3E\" alt=\"protocols separador\" width=\"139\" height=\"22\" data-src=\"https:\/\/www.campingbellaterra.com\/wp-content\/uploads\/protocols-separador.jpg\"><\/p>\n<p>&nbsp;<\/p>\n<p>WELCHE MA\u00dfNAHMEN ERGREIFEN WIR?<\/p>\n<p>(Aktualisiert am 27.04.2021)<\/p>\n<p style=\"text-align: justify;\"><noscript><img decoding=\"async\" class=\" size-full wp-image-7197\" src=\"https:\/\/www.campingbellaterra.com\/wp-content\/uploads\/pngwave-verd.png\" alt=\"pngwave verd\" width=\"15\" height=\"15\"><\/noscript><img decoding=\"async\" class=\" size-full wp-image-7197 lazyload\" src=\"data:image\/svg+xml,%3Csvg%20xmlns%3D%22http%3A%2F%2Fwww.w3.org%2F2000%2Fsvg%22%20viewBox%3D%220%200%2015%2015%22%3E%3C%2Fsvg%3E\" alt=\"pngwave verd\" width=\"15\" height=\"15\" data-src=\"https:\/\/www.campingbellaterra.com\/wp-content\/uploads\/pngwave-verd.png\"> Unsere Mitarbeiter werden st\u00e4ndig geschult, um die Risiken zu minimieren, die ihre spezifischen Aufgaben f\u00fcr Kunden und Kollegen darstellen.<br>\n<noscript><img decoding=\"async\" class=\" size-full wp-image-7197\" src=\"https:\/\/www.campingbellaterra.com\/wp-content\/uploads\/pngwave-verd.png\" alt=\"pngwave verd\" width=\"15\" height=\"15\"><\/noscript><img decoding=\"async\" class=\" size-full wp-image-7197 lazyload\" src=\"data:image\/svg+xml,%3Csvg%20xmlns%3D%22http%3A%2F%2Fwww.w3.org%2F2000%2Fsvg%22%20viewBox%3D%220%200%2015%2015%22%3E%3C%2Fsvg%3E\" alt=\"pngwave verd\" width=\"15\" height=\"15\" data-src=\"https:\/\/www.campingbellaterra.com\/wp-content\/uploads\/pngwave-verd.png\">&nbsp;Alle Mitarbeiter verf\u00fcgen \u00fcber die notwendige Schutzausr\u00fcstung (PSA), um ihre Arbeit sicher ausf\u00fchren zu k\u00f6nnen: Masken, hydroalkoholisches Gel, Handschuhe &#8230;<br>\n<noscript><img decoding=\"async\" class=\" size-full wp-image-7197\" src=\"https:\/\/www.campingbellaterra.com\/wp-content\/uploads\/pngwave-verd.png\" alt=\"pngwave verd\" width=\"15\" height=\"15\"><\/noscript><img decoding=\"async\" class=\" size-full wp-image-7197 lazyload\" src=\"data:image\/svg+xml,%3Csvg%20xmlns%3D%22http%3A%2F%2Fwww.w3.org%2F2000%2Fsvg%22%20viewBox%3D%220%200%2015%2015%22%3E%3C%2Fsvg%3E\" alt=\"pngwave verd\" width=\"15\" height=\"15\" data-src=\"https:\/\/www.campingbellaterra.com\/wp-content\/uploads\/pngwave-verd.png\">&nbsp;Die Reinigung hat weiterhin Priorit\u00e4t und wird durch ein spezielles Desinfektionssystem erg\u00e4nzt. Aus diesem Grund haben wir neue Ger\u00e4te gekauft, um den Reinigungs- und Desinfektionsprozess zu st\u00e4rken und zu verbessern.<br>\n<noscript><img decoding=\"async\" class=\" size-full wp-image-7197\" src=\"https:\/\/www.campingbellaterra.com\/wp-content\/uploads\/pngwave-verd.png\" alt=\"pngwave verd\" width=\"15\" height=\"15\"><\/noscript><img decoding=\"async\" class=\" size-full wp-image-7197 lazyload\" src=\"data:image\/svg+xml,%3Csvg%20xmlns%3D%22http%3A%2F%2Fwww.w3.org%2F2000%2Fsvg%22%20viewBox%3D%220%200%2015%2015%22%3E%3C%2Fsvg%3E\" alt=\"pngwave verd\" width=\"15\" height=\"15\" data-src=\"https:\/\/www.campingbellaterra.com\/wp-content\/uploads\/pngwave-verd.png\">&nbsp;Wir werden die Mitarbeiter mit Desinfektionsmitteln und von den Gesundheitsbeh\u00f6rden viruzidal zugelassen verzorgen. Jede Abteilung wendet ihre spezifischen Ma\u00dfnahmen an.<br>\n<noscript><img decoding=\"async\" class=\" size-full wp-image-7197\" src=\"https:\/\/www.campingbellaterra.com\/wp-content\/uploads\/pngwave-verd.png\" alt=\"pngwave verd\" width=\"15\" height=\"15\"><\/noscript><img decoding=\"async\" class=\" size-full wp-image-7197 lazyload\" src=\"data:image\/svg+xml,%3Csvg%20xmlns%3D%22http%3A%2F%2Fwww.w3.org%2F2000%2Fsvg%22%20viewBox%3D%220%200%2015%2015%22%3E%3C%2Fsvg%3E\" alt=\"pngwave verd\" width=\"15\" height=\"15\" data-src=\"https:\/\/www.campingbellaterra.com\/wp-content\/uploads\/pngwave-verd.png\">&nbsp;Wir haben ein informatives Poster entworfen, um die Einhaltung der Regeln f\u00fcr soziale Distanz, Kapazit\u00e4t, Schutz und individuelle Hygiene usw. zu erleichtern.<br>\n<noscript><img decoding=\"async\" class=\" size-full wp-image-7197\" src=\"https:\/\/www.campingbellaterra.com\/wp-content\/uploads\/pngwave-verd.png\" alt=\"pngwave verd\" width=\"15\" height=\"15\"><\/noscript><img decoding=\"async\" class=\" size-full wp-image-7197 lazyload\" src=\"data:image\/svg+xml,%3Csvg%20xmlns%3D%22http%3A%2F%2Fwww.w3.org%2F2000%2Fsvg%22%20viewBox%3D%220%200%2015%2015%22%3E%3C%2Fsvg%3E\" alt=\"pngwave verd\" width=\"15\" height=\"15\" data-src=\"https:\/\/www.campingbellaterra.com\/wp-content\/uploads\/pngwave-verd.png\">&nbsp;Trennbildschirme werden installiert, um Kontakte auf bestimmten Arbeitsstationen zu vermeiden.<br>\n<noscript><img decoding=\"async\" class=\" size-full wp-image-7197\" src=\"https:\/\/www.campingbellaterra.com\/wp-content\/uploads\/pngwave-verd.png\" alt=\"pngwave verd\" width=\"15\" height=\"15\"><\/noscript><img decoding=\"async\" class=\" size-full wp-image-7197 lazyload\" src=\"data:image\/svg+xml,%3Csvg%20xmlns%3D%22http%3A%2F%2Fwww.w3.org%2F2000%2Fsvg%22%20viewBox%3D%220%200%2015%2015%22%3E%3C%2Fsvg%3E\" alt=\"pngwave verd\" width=\"15\" height=\"15\" data-src=\"https:\/\/www.campingbellaterra.com\/wp-content\/uploads\/pngwave-verd.png\">&nbsp;An den Ein- und Ausg\u00e4ngen der \u00f6ffentlichen Bereiche haben wir hydroalkoholische Gelspender: Rezeption, Toiletten, Supermarkt, Bar-Restaurant, Miniclub, Schwimmbad, Strand &#8230;<br>\n<noscript><img decoding=\"async\" class=\" size-full wp-image-7197\" src=\"https:\/\/www.campingbellaterra.com\/wp-content\/uploads\/pngwave-verd.png\" alt=\"pngwave verd\" width=\"15\" height=\"15\"><\/noscript><img decoding=\"async\" class=\" size-full wp-image-7197 lazyload\" src=\"data:image\/svg+xml,%3Csvg%20xmlns%3D%22http%3A%2F%2Fwww.w3.org%2F2000%2Fsvg%22%20viewBox%3D%220%200%2015%2015%22%3E%3C%2Fsvg%3E\" alt=\"pngwave verd\" width=\"15\" height=\"15\" data-src=\"https:\/\/www.campingbellaterra.com\/wp-content\/uploads\/pngwave-verd.png\">&nbsp;Die Reinigung und Desinfektion von Abfallbeh\u00e4ltern wird verst\u00e4rkt. Es gibt spezielle Beh\u00e4lter, in die Sie nach Gebrauch Masken und Handschuhe werfen k\u00f6nnen.<br>\n<noscript><img decoding=\"async\" class=\" size-full wp-image-7197\" src=\"https:\/\/www.campingbellaterra.com\/wp-content\/uploads\/pngwave-verd.png\" alt=\"pngwave verd\" width=\"15\" height=\"15\"><\/noscript><img decoding=\"async\" class=\" size-full wp-image-7197 lazyload\" src=\"data:image\/svg+xml,%3Csvg%20xmlns%3D%22http%3A%2F%2Fwww.w3.org%2F2000%2Fsvg%22%20viewBox%3D%220%200%2015%2015%22%3E%3C%2Fsvg%3E\" alt=\"pngwave verd\" width=\"15\" height=\"15\" data-src=\"https:\/\/www.campingbellaterra.com\/wp-content\/uploads\/pngwave-verd.png\">&nbsp;Die \u00f6ffentlichen Bereiche haben eine begrenzte Kapazit\u00e4t, um den Sicherheitsabstand zu gew\u00e4hrleisten. Wenn dies nicht m\u00f6glich ist, m\u00fcssen Sie eine Maske verwenden.<br>\n<noscript><img decoding=\"async\" class=\" size-full wp-image-7197\" src=\"https:\/\/www.campingbellaterra.com\/wp-content\/uploads\/pngwave-verd.png\" alt=\"pngwave verd\" width=\"15\" height=\"15\"><\/noscript><img decoding=\"async\" class=\" size-full wp-image-7197 lazyload\" src=\"data:image\/svg+xml,%3Csvg%20xmlns%3D%22http%3A%2F%2Fwww.w3.org%2F2000%2Fsvg%22%20viewBox%3D%220%200%2015%2015%22%3E%3C%2Fsvg%3E\" alt=\"pngwave verd\" width=\"15\" height=\"15\" data-src=\"https:\/\/www.campingbellaterra.com\/wp-content\/uploads\/pngwave-verd.png\">&nbsp;Die Spielpl\u00e4tze bleiben mit den dazugeh\u00f6rigen Hygienema\u00dfnahmen und Protokollen ge\u00f6ffnet.<br>\n<noscript><img decoding=\"async\" class=\" size-full wp-image-7197\" src=\"https:\/\/www.campingbellaterra.com\/wp-content\/uploads\/pngwave-verd.png\" alt=\"pngwave verd\" width=\"15\" height=\"15\"><\/noscript><img decoding=\"async\" class=\" size-full wp-image-7197 lazyload\" src=\"data:image\/svg+xml,%3Csvg%20xmlns%3D%22http%3A%2F%2Fwww.w3.org%2F2000%2Fsvg%22%20viewBox%3D%220%200%2015%2015%22%3E%3C%2Fsvg%3E\" alt=\"pngwave verd\" width=\"15\" height=\"15\" data-src=\"https:\/\/www.campingbellaterra.com\/wp-content\/uploads\/pngwave-verd.png\">&nbsp;Um den Kontakt mit Kunden zu minimieren und Menschenmassen zu vermeiden, bitten wir Sie, mit einer Person pro Haushalt zum Supermarkt und zur Rezeption zu kommen.<br>\n<noscript><img decoding=\"async\" class=\" size-full wp-image-7197\" src=\"https:\/\/www.campingbellaterra.com\/wp-content\/uploads\/pngwave-verd.png\" alt=\"pngwave verd\" width=\"15\" height=\"15\"><\/noscript><img decoding=\"async\" class=\" size-full wp-image-7197 lazyload\" src=\"data:image\/svg+xml,%3Csvg%20xmlns%3D%22http%3A%2F%2Fwww.w3.org%2F2000%2Fsvg%22%20viewBox%3D%220%200%2015%2015%22%3E%3C%2Fsvg%3E\" alt=\"pngwave verd\" width=\"15\" height=\"15\" data-src=\"https:\/\/www.campingbellaterra.com\/wp-content\/uploads\/pngwave-verd.png\">&nbsp;Wir haben eine Verkaufsstelle au\u00dferhalb des Supermarkts eingerichtet, um den Kauf von Brot und S\u00fc\u00dfwaren&nbsp;zu erleichtern und Warteschlangen und Kontakte innerhalb des Supermarkts zu vermeiden. Die Zahlungsweise ist nur pro Karte.<br>\n<noscript><img decoding=\"async\" class=\" size-full wp-image-7197\" src=\"https:\/\/www.campingbellaterra.com\/wp-content\/uploads\/pngwave-verd.png\" alt=\"pngwave verd\" width=\"15\" height=\"15\"><\/noscript><img decoding=\"async\" class=\" size-full wp-image-7197 lazyload\" src=\"data:image\/svg+xml,%3Csvg%20xmlns%3D%22http%3A%2F%2Fwww.w3.org%2F2000%2Fsvg%22%20viewBox%3D%220%200%2015%2015%22%3E%3C%2Fsvg%3E\" alt=\"pngwave verd\" width=\"15\" height=\"15\" data-src=\"https:\/\/www.campingbellaterra.com\/wp-content\/uploads\/pngwave-verd.png\">&nbsp;Das Restaurant wird eine begrenzte Kapazit\u00e4t haben, wie von den Gesundheitsbeh\u00f6rden festgelegt. Es wird empfohlen, im Voraus zu buchen.<br>\n<noscript><img decoding=\"async\" class=\" size-full wp-image-7197\" src=\"https:\/\/www.campingbellaterra.com\/wp-content\/uploads\/pngwave-verd.png\" alt=\"pngwave verd\" width=\"15\" height=\"15\"><\/noscript><img decoding=\"async\" class=\" size-full wp-image-7197 lazyload\" src=\"data:image\/svg+xml,%3Csvg%20xmlns%3D%22http%3A%2F%2Fwww.w3.org%2F2000%2Fsvg%22%20viewBox%3D%220%200%2015%2015%22%3E%3C%2Fsvg%3E\" alt=\"pngwave verd\" width=\"15\" height=\"15\" data-src=\"https:\/\/www.campingbellaterra.com\/wp-content\/uploads\/pngwave-verd.png\">&nbsp;Wir haben ein Men\u00fc in digitalem Format mit einem QR-Code vorbereitet. Ein System f\u00fcr Essen zum Mitnehmen mit Online-Bestellungen und Zahlungen wird ebenfalls implementiert.<br>\n<noscript><img decoding=\"async\" class=\" size-full wp-image-7197\" src=\"https:\/\/www.campingbellaterra.com\/wp-content\/uploads\/pngwave-verd.png\" alt=\"pngwave verd\" width=\"15\" height=\"15\"><\/noscript><img decoding=\"async\" class=\" size-full wp-image-7197 lazyload\" src=\"data:image\/svg+xml,%3Csvg%20xmlns%3D%22http%3A%2F%2Fwww.w3.org%2F2000%2Fsvg%22%20viewBox%3D%220%200%2015%2015%22%3E%3C%2Fsvg%3E\" alt=\"pngwave verd\" width=\"15\" height=\"15\" data-src=\"https:\/\/www.campingbellaterra.com\/wp-content\/uploads\/pngwave-verd.png\">&nbsp;Die Kapazit\u00e4t des Mini Clubs ist begrenzt, wobei den Au\u00dfenbereichen Vorrang einger\u00e4umt wird. Es werden Aktivit\u00e4ten erstellt, bei denen Kontakt vermieden wird, um den Sicherheitsabstand einzuhalten.<br>\n<noscript><img decoding=\"async\" class=\" size-full wp-image-7197\" src=\"https:\/\/www.campingbellaterra.com\/wp-content\/uploads\/pngwave-verd.png\" alt=\"pngwave verd\" width=\"15\" height=\"15\"><\/noscript><img decoding=\"async\" class=\" size-full wp-image-7197 lazyload\" src=\"data:image\/svg+xml,%3Csvg%20xmlns%3D%22http%3A%2F%2Fwww.w3.org%2F2000%2Fsvg%22%20viewBox%3D%220%200%2015%2015%22%3E%3C%2Fsvg%3E\" alt=\"pngwave verd\" width=\"15\" height=\"15\" data-src=\"https:\/\/www.campingbellaterra.com\/wp-content\/uploads\/pngwave-verd.png\">&nbsp;Abh\u00e4ngig von den aktuellen Bestimmungen werden die Shows unter Ber\u00fccksichtigung der maximal zul\u00e4ssigen Kapazit\u00e4t abgehalten.<br>\n<noscript><img decoding=\"async\" class=\" size-full wp-image-7197\" src=\"https:\/\/www.campingbellaterra.com\/wp-content\/uploads\/pngwave-verd.png\" alt=\"pngwave verd\" width=\"15\" height=\"15\"><\/noscript><img decoding=\"async\" class=\" size-full wp-image-7197 lazyload\" src=\"data:image\/svg+xml,%3Csvg%20xmlns%3D%22http%3A%2F%2Fwww.w3.org%2F2000%2Fsvg%22%20viewBox%3D%220%200%2015%2015%22%3E%3C%2Fsvg%3E\" alt=\"pngwave verd\" width=\"15\" height=\"15\" data-src=\"https:\/\/www.campingbellaterra.com\/wp-content\/uploads\/pngwave-verd.png\">&nbsp;Obwohl die Kapazit\u00e4t im Pool begrenzt ist, k\u00f6nnen Familien zusammensitzen und dabei den Sicherheitsabstand zwischen Gruppe und Gruppe einhalten. Rettungsschwimmer sind f\u00fcr deren Durchsetzung verantwortlich.<br>\n<noscript><img decoding=\"async\" class=\" size-full wp-image-7197\" src=\"https:\/\/www.campingbellaterra.com\/wp-content\/uploads\/pngwave-verd.png\" alt=\"pngwave verd\" width=\"15\" height=\"15\"><\/noscript><img decoding=\"async\" class=\" size-full wp-image-7197 lazyload\" src=\"data:image\/svg+xml,%3Csvg%20xmlns%3D%22http%3A%2F%2Fwww.w3.org%2F2000%2Fsvg%22%20viewBox%3D%220%200%2015%2015%22%3E%3C%2Fsvg%3E\" alt=\"pngwave verd\" width=\"15\" height=\"15\" data-src=\"https:\/\/www.campingbellaterra.com\/wp-content\/uploads\/pngwave-verd.png\">&nbsp;Der PH-Wert und die Parameter des Poolwassers werden eingehender \u00fcberpr\u00fcft.<br>\n<noscript><img decoding=\"async\" class=\" size-full wp-image-7197\" src=\"https:\/\/www.campingbellaterra.com\/wp-content\/uploads\/pngwave-verd.png\" alt=\"pngwave verd\" width=\"15\" height=\"15\"><\/noscript><img decoding=\"async\" class=\" size-full wp-image-7197 lazyload\" src=\"data:image\/svg+xml,%3Csvg%20xmlns%3D%22http%3A%2F%2Fwww.w3.org%2F2000%2Fsvg%22%20viewBox%3D%220%200%2015%2015%22%3E%3C%2Fsvg%3E\" alt=\"pngwave verd\" width=\"15\" height=\"15\" data-src=\"https:\/\/www.campingbellaterra.com\/wp-content\/uploads\/pngwave-verd.png\"> Die Sonnenliegen stehen nur Personen mit eingeschr\u00e4nkter Mobilit\u00e4t zur Verf\u00fcgung.<br>\n<noscript><img decoding=\"async\" class=\" size-full wp-image-7197\" src=\"https:\/\/www.campingbellaterra.com\/wp-content\/uploads\/pngwave-verd.png\" alt=\"pngwave verd\" width=\"15\" height=\"15\"><\/noscript><img decoding=\"async\" class=\" size-full wp-image-7197 lazyload\" src=\"data:image\/svg+xml,%3Csvg%20xmlns%3D%22http%3A%2F%2Fwww.w3.org%2F2000%2Fsvg%22%20viewBox%3D%220%200%2015%2015%22%3E%3C%2Fsvg%3E\" alt=\"pngwave verd\" width=\"15\" height=\"15\" data-src=\"https:\/\/www.campingbellaterra.com\/wp-content\/uploads\/pngwave-verd.png\">&nbsp;Baden am Strand ist kein Problem. Wir empfehlen, die Sicherheitsabst\u00e4nde zwischen Familiengruppen einzuhalten.<\/p>\n<p>&nbsp;<\/p>\n<p><strong>Wenn Sie diese Ma\u00dfnahmen ber\u00fccksichtigen, k\u00f6nnen Sie einen sch\u00f6nen Urlaub verbringen.<\/strong><\/p>\n<p>&nbsp;<\/p>\n<p>&nbsp;<\/p>\n<p><noscript><img decoding=\"async\" class=\" size-full wp-image-7196\" src=\"https:\/\/www.campingbellaterra.com\/wp-content\/uploads\/protocols-separador.jpg\" alt=\"protocols separador\" width=\"139\" height=\"22\"><\/noscript><img decoding=\"async\" class=\" size-full wp-image-7196 lazyload\" src=\"data:image\/svg+xml,%3Csvg%20xmlns%3D%22http%3A%2F%2Fwww.w3.org%2F2000%2Fsvg%22%20viewBox%3D%220%200%20139%2022%22%3E%3C%2Fsvg%3E\" alt=\"protocols separador\" width=\"139\" height=\"22\" data-src=\"https:\/\/www.campingbellaterra.com\/wp-content\/uploads\/protocols-separador.jpg\"><\/p>\n<p>&nbsp;<\/p>\n<p><noscript><img decoding=\"async\" class=\" size-full wp-image-7198\" src=\"https:\/\/www.campingbellaterra.com\/wp-content\/uploads\/protocols-air.jpg\" alt=\"protocols air\" width=\"1033\" height=\"394\" srcset=\"https:\/\/www.campingbellaterra.com\/wp-content\/uploads\/protocols-air.jpg 1033w, https:\/\/www.campingbellaterra.com\/wp-content\/uploads\/protocols-air-1024x391.jpg 1024w, https:\/\/www.campingbellaterra.com\/wp-content\/uploads\/protocols-air-768x293.jpg 768w\" sizes=\"(max-width: 1033px) 100vw, 1033px\"><\/noscript><img decoding=\"async\" class=\" size-full wp-image-7198 lazyload\" src=\"data:image\/svg+xml,%3Csvg%20xmlns%3D%22http%3A%2F%2Fwww.w3.org%2F2000%2Fsvg%22%20viewBox%3D%220%200%201033%20394%22%3E%3C%2Fsvg%3E\" alt=\"protocols air\" width=\"1033\" height=\"394\" srcset=\"data:image\/svg+xml,%3Csvg%20xmlns%3D%22http%3A%2F%2Fwww.w3.org%2F2000%2Fsvg%22%20viewBox%3D%220%200%201033%20394%22%3E%3C%2Fsvg%3E 1033w\" sizes=\"(max-width: 1033px) 100vw, 1033px\" data-srcset=\"https:\/\/www.campingbellaterra.com\/wp-content\/uploads\/protocols-air.jpg 1033w, https:\/\/www.campingbellaterra.com\/wp-content\/uploads\/protocols-air-1024x391.jpg 1024w, https:\/\/www.campingbellaterra.com\/wp-content\/uploads\/protocols-air-768x293.jpg 768w\" data-src=\"https:\/\/www.campingbellaterra.com\/wp-content\/uploads\/protocols-air.jpg\"><\/p>\n","protected":false},"excerpt":{"rendered":"<p>Hygieneprotokolle f\u00fcr die Saison 2021<\/p>\n","protected":false},"author":2,"featured_media":10119,"comment_status":"closed","ping_status":"closed","sticky":false,"template":"","format":"standard","meta":{"_acf_changed":false,"inline_featured_image":false,"_monsterinsights_skip_tracking":false,"_monsterinsights_sitenote_active":false,"_monsterinsights_sitenote_note":"","_monsterinsights_sitenote_category":0,"footnotes":""},"categories":[2278],"tags":[1891,1951,1963,2017],"class_list":["post-7205","post","type-post","status-publish","format-standard","has-post-thumbnail","hentry","category-blog-de","tag-camping-de","tag-covid-de","tag-covid19cat-de","tag-familie-de"],"acf":[],"yoast_head":"<!-- This site is optimized with the Yoast SEO plugin v27.0 - https:\/\/yoast.com\/product\/yoast-seo-wordpress\/ -->\n<title>Hygieneprotokolle f\u00fcr die Saison 2021 - Camping Bella Terra<\/title>\n<meta name=\"robots\" content=\"index, follow, max-snippet:-1, max-image-preview:large, max-video-preview:-1\" \/>\n<link rel=\"canonical\" href=\"https:\/\/www.campingbellaterra.com\/de\/protokolle-2021\/\" \/>\n<meta property=\"og:locale\" content=\"de_DE\" \/>\n<meta property=\"og:type\" content=\"article\" \/>\n<meta property=\"og:title\" content=\"Hygieneprotokolle f\u00fcr die Saison 2021 - Camping Bella Terra\" \/>\n<meta property=\"og:description\" content=\"Hygieneprotokolle f\u00fcr die Saison 2021\" \/>\n<meta property=\"og:url\" content=\"https:\/\/www.campingbellaterra.com\/de\/protokolle-2021\/\" \/>\n<meta property=\"og:site_name\" content=\"Camping Bella Terra\" \/>\n<meta property=\"article:publisher\" content=\"https:\/\/www.facebook.com\/campingbellaterra\/\" \/>\n<meta property=\"article:published_time\" content=\"2021-04-27T05:15:41+00:00\" \/>\n<meta property=\"article:modified_time\" content=\"2022-04-12T07:11:04+00:00\" \/>\n<meta property=\"og:image\" content=\"https:\/\/www.campingbellaterra.com\/wp-content\/uploads\/media\/k2\/items\/src\/e9b0f857826ab994b1b1904c051bbf59.jpg\" \/>\n\t<meta property=\"og:image:width\" content=\"1033\" \/>\n\t<meta property=\"og:image:height\" content=\"246\" \/>\n\t<meta property=\"og:image:type\" content=\"image\/jpeg\" \/>\n<meta name=\"author\" content=\"vado\" \/>\n<meta name=\"twitter:card\" content=\"summary_large_image\" \/>\n<meta name=\"twitter:creator\" content=\"@cbellaterra\" \/>\n<meta name=\"twitter:site\" content=\"@cbellaterra\" \/>\n<meta name=\"twitter:label1\" content=\"Verfasst von\" \/>\n\t<meta name=\"twitter:data1\" content=\"vado\" \/>\n\t<meta name=\"twitter:label2\" content=\"Gesch\u00e4tzte Lesezeit\" \/>\n\t<meta name=\"twitter:data2\" content=\"3\u00a0Minuten\" \/>\n<script type=\"application\/ld+json\" class=\"yoast-schema-graph\">{\"@context\":\"https:\/\/schema.org\",\"@graph\":[{\"@type\":\"Article\",\"@id\":\"https:\/\/www.campingbellaterra.com\/de\/protokolle-2021\/#article\",\"isPartOf\":{\"@id\":\"https:\/\/www.campingbellaterra.com\/de\/protokolle-2021\/\"},\"author\":{\"name\":\"vado\",\"@id\":\"https:\/\/www.campingbellaterra.com\/de\/#\/schema\/person\/9dafe106b7fade6dd08664bb60ea89ac\"},\"headline\":\"Hygieneprotokolle f\u00fcr die Saison 2021\",\"datePublished\":\"2021-04-27T05:15:41+00:00\",\"dateModified\":\"2022-04-12T07:11:04+00:00\",\"mainEntityOfPage\":{\"@id\":\"https:\/\/www.campingbellaterra.com\/de\/protokolle-2021\/\"},\"wordCount\":555,\"publisher\":{\"@id\":\"https:\/\/www.campingbellaterra.com\/de\/#organization\"},\"image\":{\"@id\":\"https:\/\/www.campingbellaterra.com\/de\/protokolle-2021\/#primaryimage\"},\"thumbnailUrl\":\"https:\/\/www.campingbellaterra.com\/wp-content\/uploads\/media\/k2\/items\/src\/e9b0f857826ab994b1b1904c051bbf59.jpg\",\"keywords\":[\"camping\",\"covid\",\"covid19cat\",\"Familie\"],\"articleSection\":[\"blog\"],\"inLanguage\":\"de\"},{\"@type\":\"WebPage\",\"@id\":\"https:\/\/www.campingbellaterra.com\/de\/protokolle-2021\/\",\"url\":\"https:\/\/www.campingbellaterra.com\/de\/protokolle-2021\/\",\"name\":\"Hygieneprotokolle f\u00fcr die Saison 2021 - Camping Bella Terra\",\"isPartOf\":{\"@id\":\"https:\/\/www.campingbellaterra.com\/de\/#website\"},\"primaryImageOfPage\":{\"@id\":\"https:\/\/www.campingbellaterra.com\/de\/protokolle-2021\/#primaryimage\"},\"image\":{\"@id\":\"https:\/\/www.campingbellaterra.com\/de\/protokolle-2021\/#primaryimage\"},\"thumbnailUrl\":\"https:\/\/www.campingbellaterra.com\/wp-content\/uploads\/media\/k2\/items\/src\/e9b0f857826ab994b1b1904c051bbf59.jpg\",\"datePublished\":\"2021-04-27T05:15:41+00:00\",\"dateModified\":\"2022-04-12T07:11:04+00:00\",\"breadcrumb\":{\"@id\":\"https:\/\/www.campingbellaterra.com\/de\/protokolle-2021\/#breadcrumb\"},\"inLanguage\":\"de\",\"potentialAction\":[{\"@type\":\"ReadAction\",\"target\":[\"https:\/\/www.campingbellaterra.com\/de\/protokolle-2021\/\"]}]},{\"@type\":\"ImageObject\",\"inLanguage\":\"de\",\"@id\":\"https:\/\/www.campingbellaterra.com\/de\/protokolle-2021\/#primaryimage\",\"url\":\"https:\/\/www.campingbellaterra.com\/wp-content\/uploads\/media\/k2\/items\/src\/e9b0f857826ab994b1b1904c051bbf59.jpg\",\"contentUrl\":\"https:\/\/www.campingbellaterra.com\/wp-content\/uploads\/media\/k2\/items\/src\/e9b0f857826ab994b1b1904c051bbf59.jpg\",\"width\":1033,\"height\":246},{\"@type\":\"BreadcrumbList\",\"@id\":\"https:\/\/www.campingbellaterra.com\/de\/protokolle-2021\/#breadcrumb\",\"itemListElement\":[{\"@type\":\"ListItem\",\"position\":1,\"name\":\"Inici\",\"item\":\"https:\/\/www.campingbellaterra.com\/de\/\"},{\"@type\":\"ListItem\",\"position\":2,\"name\":\"Hygieneprotokolle f\u00fcr die Saison 2021\"}]},{\"@type\":\"WebSite\",\"@id\":\"https:\/\/www.campingbellaterra.com\/de\/#website\",\"url\":\"https:\/\/www.campingbellaterra.com\/de\/\",\"name\":\"Camping Bella Terra\",\"description\":\"Otro sitio realizado con WordPress\",\"publisher\":{\"@id\":\"https:\/\/www.campingbellaterra.com\/de\/#organization\"},\"potentialAction\":[{\"@type\":\"SearchAction\",\"target\":{\"@type\":\"EntryPoint\",\"urlTemplate\":\"https:\/\/www.campingbellaterra.com\/de\/?s={search_term_string}\"},\"query-input\":{\"@type\":\"PropertyValueSpecification\",\"valueRequired\":true,\"valueName\":\"search_term_string\"}}],\"inLanguage\":\"de\"},{\"@type\":\"Organization\",\"@id\":\"https:\/\/www.campingbellaterra.com\/de\/#organization\",\"name\":\"Camping Bella Terra\",\"url\":\"https:\/\/www.campingbellaterra.com\/de\/\",\"logo\":{\"@type\":\"ImageObject\",\"inLanguage\":\"de\",\"@id\":\"https:\/\/www.campingbellaterra.com\/de\/#\/schema\/logo\/image\/\",\"url\":\"https:\/\/www.campingbellaterra.com\/wp-content\/uploads\/logo6.svg\",\"contentUrl\":\"https:\/\/www.campingbellaterra.com\/wp-content\/uploads\/logo6.svg\",\"width\":\"2048\",\"height\":\"2048\",\"caption\":\"Camping Bella Terra\"},\"image\":{\"@id\":\"https:\/\/www.campingbellaterra.com\/de\/#\/schema\/logo\/image\/\"},\"sameAs\":[\"https:\/\/www.facebook.com\/campingbellaterra\/\",\"https:\/\/x.com\/cbellaterra\",\"https:\/\/www.instagram.com\/campingbellaterra\/\",\"https:\/\/www.youtube.com\/c\/Camping-Bellaterra-Blanes\",\"https:\/\/www.tripadvisor.es\/Hotel_Review-g580331-d3328184-Reviews-Camping_Bella_Terra-Blanes_Costa_Brava_Province_of_Girona_Catalonia.html\"]},{\"@type\":\"Person\",\"@id\":\"https:\/\/www.campingbellaterra.com\/de\/#\/schema\/person\/9dafe106b7fade6dd08664bb60ea89ac\",\"name\":\"vado\",\"image\":{\"@type\":\"ImageObject\",\"inLanguage\":\"de\",\"@id\":\"https:\/\/www.campingbellaterra.com\/de\/#\/schema\/person\/image\/\",\"url\":\"https:\/\/secure.gravatar.com\/avatar\/6edab01d4cd19889ac2b69e05f01a3c93227951cf320620732fca472f184e4f5?s=96&d=mm&r=g\",\"contentUrl\":\"https:\/\/secure.gravatar.com\/avatar\/6edab01d4cd19889ac2b69e05f01a3c93227951cf320620732fca472f184e4f5?s=96&d=mm&r=g\",\"caption\":\"vado\"},\"url\":\"https:\/\/www.campingbellaterra.com\/de\/author\/vado\/\"}]}<\/script>\n<!-- \/ Yoast SEO plugin. -->","yoast_head_json":{"title":"Hygieneprotokolle f\u00fcr die Saison 2021 - Camping Bella Terra","robots":{"index":"index","follow":"follow","max-snippet":"max-snippet:-1","max-image-preview":"max-image-preview:large","max-video-preview":"max-video-preview:-1"},"canonical":"https:\/\/www.campingbellaterra.com\/de\/protokolle-2021\/","og_locale":"de_DE","og_type":"article","og_title":"Hygieneprotokolle f\u00fcr die Saison 2021 - Camping Bella Terra","og_description":"Hygieneprotokolle f\u00fcr die Saison 2021","og_url":"https:\/\/www.campingbellaterra.com\/de\/protokolle-2021\/","og_site_name":"Camping Bella Terra","article_publisher":"https:\/\/www.facebook.com\/campingbellaterra\/","article_published_time":"2021-04-27T05:15:41+00:00","article_modified_time":"2022-04-12T07:11:04+00:00","og_image":[{"width":1033,"height":246,"url":"https:\/\/www.campingbellaterra.com\/wp-content\/uploads\/media\/k2\/items\/src\/e9b0f857826ab994b1b1904c051bbf59.jpg","type":"image\/jpeg"}],"author":"vado","twitter_card":"summary_large_image","twitter_creator":"@cbellaterra","twitter_site":"@cbellaterra","twitter_misc":{"Verfasst von":"vado","Gesch\u00e4tzte Lesezeit":"3\u00a0Minuten"},"schema":{"@context":"https:\/\/schema.org","@graph":[{"@type":"Article","@id":"https:\/\/www.campingbellaterra.com\/de\/protokolle-2021\/#article","isPartOf":{"@id":"https:\/\/www.campingbellaterra.com\/de\/protokolle-2021\/"},"author":{"name":"vado","@id":"https:\/\/www.campingbellaterra.com\/de\/#\/schema\/person\/9dafe106b7fade6dd08664bb60ea89ac"},"headline":"Hygieneprotokolle f\u00fcr die Saison 2021","datePublished":"2021-04-27T05:15:41+00:00","dateModified":"2022-04-12T07:11:04+00:00","mainEntityOfPage":{"@id":"https:\/\/www.campingbellaterra.com\/de\/protokolle-2021\/"},"wordCount":555,"publisher":{"@id":"https:\/\/www.campingbellaterra.com\/de\/#organization"},"image":{"@id":"https:\/\/www.campingbellaterra.com\/de\/protokolle-2021\/#primaryimage"},"thumbnailUrl":"https:\/\/www.campingbellaterra.com\/wp-content\/uploads\/media\/k2\/items\/src\/e9b0f857826ab994b1b1904c051bbf59.jpg","keywords":["camping","covid","covid19cat","Familie"],"articleSection":["blog"],"inLanguage":"de"},{"@type":"WebPage","@id":"https:\/\/www.campingbellaterra.com\/de\/protokolle-2021\/","url":"https:\/\/www.campingbellaterra.com\/de\/protokolle-2021\/","name":"Hygieneprotokolle f\u00fcr die Saison 2021 - Camping Bella Terra","isPartOf":{"@id":"https:\/\/www.campingbellaterra.com\/de\/#website"},"primaryImageOfPage":{"@id":"https:\/\/www.campingbellaterra.com\/de\/protokolle-2021\/#primaryimage"},"image":{"@id":"https:\/\/www.campingbellaterra.com\/de\/protokolle-2021\/#primaryimage"},"thumbnailUrl":"https:\/\/www.campingbellaterra.com\/wp-content\/uploads\/media\/k2\/items\/src\/e9b0f857826ab994b1b1904c051bbf59.jpg","datePublished":"2021-04-27T05:15:41+00:00","dateModified":"2022-04-12T07:11:04+00:00","breadcrumb":{"@id":"https:\/\/www.campingbellaterra.com\/de\/protokolle-2021\/#breadcrumb"},"inLanguage":"de","potentialAction":[{"@type":"ReadAction","target":["https:\/\/www.campingbellaterra.com\/de\/protokolle-2021\/"]}]},{"@type":"ImageObject","inLanguage":"de","@id":"https:\/\/www.campingbellaterra.com\/de\/protokolle-2021\/#primaryimage","url":"https:\/\/www.campingbellaterra.com\/wp-content\/uploads\/media\/k2\/items\/src\/e9b0f857826ab994b1b1904c051bbf59.jpg","contentUrl":"https:\/\/www.campingbellaterra.com\/wp-content\/uploads\/media\/k2\/items\/src\/e9b0f857826ab994b1b1904c051bbf59.jpg","width":1033,"height":246},{"@type":"BreadcrumbList","@id":"https:\/\/www.campingbellaterra.com\/de\/protokolle-2021\/#breadcrumb","itemListElement":[{"@type":"ListItem","position":1,"name":"Inici","item":"https:\/\/www.campingbellaterra.com\/de\/"},{"@type":"ListItem","position":2,"name":"Hygieneprotokolle f\u00fcr die Saison 2021"}]},{"@type":"WebSite","@id":"https:\/\/www.campingbellaterra.com\/de\/#website","url":"https:\/\/www.campingbellaterra.com\/de\/","name":"Camping Bella Terra","description":"Otro sitio realizado con WordPress","publisher":{"@id":"https:\/\/www.campingbellaterra.com\/de\/#organization"},"potentialAction":[{"@type":"SearchAction","target":{"@type":"EntryPoint","urlTemplate":"https:\/\/www.campingbellaterra.com\/de\/?s={search_term_string}"},"query-input":{"@type":"PropertyValueSpecification","valueRequired":true,"valueName":"search_term_string"}}],"inLanguage":"de"},{"@type":"Organization","@id":"https:\/\/www.campingbellaterra.com\/de\/#organization","name":"Camping Bella Terra","url":"https:\/\/www.campingbellaterra.com\/de\/","logo":{"@type":"ImageObject","inLanguage":"de","@id":"https:\/\/www.campingbellaterra.com\/de\/#\/schema\/logo\/image\/","url":"https:\/\/www.campingbellaterra.com\/wp-content\/uploads\/logo6.svg","contentUrl":"https:\/\/www.campingbellaterra.com\/wp-content\/uploads\/logo6.svg","width":"2048","height":"2048","caption":"Camping Bella Terra"},"image":{"@id":"https:\/\/www.campingbellaterra.com\/de\/#\/schema\/logo\/image\/"},"sameAs":["https:\/\/www.facebook.com\/campingbellaterra\/","https:\/\/x.com\/cbellaterra","https:\/\/www.instagram.com\/campingbellaterra\/","https:\/\/www.youtube.com\/c\/Camping-Bellaterra-Blanes","https:\/\/www.tripadvisor.es\/Hotel_Review-g580331-d3328184-Reviews-Camping_Bella_Terra-Blanes_Costa_Brava_Province_of_Girona_Catalonia.html"]},{"@type":"Person","@id":"https:\/\/www.campingbellaterra.com\/de\/#\/schema\/person\/9dafe106b7fade6dd08664bb60ea89ac","name":"vado","image":{"@type":"ImageObject","inLanguage":"de","@id":"https:\/\/www.campingbellaterra.com\/de\/#\/schema\/person\/image\/","url":"https:\/\/secure.gravatar.com\/avatar\/6edab01d4cd19889ac2b69e05f01a3c93227951cf320620732fca472f184e4f5?s=96&d=mm&r=g","contentUrl":"https:\/\/secure.gravatar.com\/avatar\/6edab01d4cd19889ac2b69e05f01a3c93227951cf320620732fca472f184e4f5?s=96&d=mm&r=g","caption":"vado"},"url":"https:\/\/www.campingbellaterra.com\/de\/author\/vado\/"}]}},"_links":{"self":[{"href":"https:\/\/www.campingbellaterra.com\/de\/wp-json\/wp\/v2\/posts\/7205","targetHints":{"allow":["GET"]}}],"collection":[{"href":"https:\/\/www.campingbellaterra.com\/de\/wp-json\/wp\/v2\/posts"}],"about":[{"href":"https:\/\/www.campingbellaterra.com\/de\/wp-json\/wp\/v2\/types\/post"}],"author":[{"embeddable":true,"href":"https:\/\/www.campingbellaterra.com\/de\/wp-json\/wp\/v2\/users\/2"}],"replies":[{"embeddable":true,"href":"https:\/\/www.campingbellaterra.com\/de\/wp-json\/wp\/v2\/comments?post=7205"}],"version-history":[{"count":1,"href":"https:\/\/www.campingbellaterra.com\/de\/wp-json\/wp\/v2\/posts\/7205\/revisions"}],"predecessor-version":[{"id":10758,"href":"https:\/\/www.campingbellaterra.com\/de\/wp-json\/wp\/v2\/posts\/7205\/revisions\/10758"}],"wp:featuredmedia":[{"embeddable":true,"href":"https:\/\/www.campingbellaterra.com\/de\/wp-json\/wp\/v2\/media\/10119"}],"wp:attachment":[{"href":"https:\/\/www.campingbellaterra.com\/de\/wp-json\/wp\/v2\/media?parent=7205"}],"wp:term":[{"taxonomy":"category","embeddable":true,"href":"https:\/\/www.campingbellaterra.com\/de\/wp-json\/wp\/v2\/categories?post=7205"},{"taxonomy":"post_tag","embeddable":true,"href":"https:\/\/www.campingbellaterra.com\/de\/wp-json\/wp\/v2\/tags?post=7205"}],"curies":[{"name":"wp","href":"https:\/\/api.w.org\/{rel}","templated":true}]}}