{"id":7276,"date":"2021-01-29T11:30:29","date_gmt":"2021-01-29T10:30:29","guid":{"rendered":"https:\/\/www.campingbellaterra.com\/2021\/01\/29\/blanes-delta-tordera-naturschutzgebiet\/"},"modified":"2022-04-12T09:21:23","modified_gmt":"2022-04-12T07:21:23","slug":"blanes-delta-tordera-naturschutzgebiet","status":"publish","type":"post","link":"https:\/\/www.campingbellaterra.com\/de\/blanes-delta-tordera-naturschutzgebiet\/","title":{"rendered":"Blanes will das Delta des Flusses Tordera zum &#8222;partiellen Naturschutzgebiet&#8220; erkl\u00e4ren"},"content":{"rendered":"<p><span style=\"font-size: 14pt;\"><span style=\"font-size: 14pt;\">Camping Bella Terra ist stets der Nachhaltigkeit und der Umwelt verpflichtet und fordert die Bev\u00f6lkerung auf, beim Schutz dieses Naturgebiets zusammenzuarbeiten.<\/span><\/span><\/p>\n<p><!--more--><\/p>\n<p style=\"text-align: justify;\">Im Januar wird es ein Jahr her sein, seit der Sturm Gloria einen Gro\u00dfteil Kataloniens und insbesondere die Regionen Gironas getroffen hat, mit Perioden von Wind, Regen, Seesturm und \u00dcberschwemmungen an verschiedenen Stellen des Flusses Tordera mit einer Str\u00f6mung des Flusses von 500 Kubikmeter pro Sekunde. Das Tordera-Delta war das einzig Positive an dem Sturm, da es dank der enormen Sedimentversorgung eine riesige Sandbarriere im offenen Meer und eine gro\u00dfe Brackwasserlagune bildete, die derzeit eine Fl\u00e4che von 5,5 Hektar bedeckt w\u00e4hrend der \u00dcberschwemmung. Dar\u00fcber hinaus wurden von der Zeit des Sturms bis zur Gegenwart 160 verschiedene Arten gesch\u00fctzter V\u00f6gel nachgewiesen, die teilweise vom Aussterben bedroht sind, und es ist der einzige Ruhepunkt f\u00fcr diese V\u00f6gel zwischen dem Delta del Llobregat und die Aiguamolls del Empord\u00e0.<\/p>\n<p style=\"text-align: justify;\">Aus diesem Grund hat der Stadtrat von Blanes zusammen mit dem Stadtrat von Malgrat de Mar eine Vereinbarung unterzeichnet, in der die katalanische Regierung aufgefordert wird, die M\u00fcndung, die Blanes und Malgrat teilt, als &#8222;Teilnaturschutzgebiet&#8220; zu deklarieren, um dieses Gebiet zu schaffen von gro\u00dfem \u00f6kologischen Wert und ein wesentlicher Punkt auf dem Wanderweg der wilden Fauna zu sein.<\/p>\n<p style=\"text-align: justify;\"><strong>Camping Bella Terra, immer der Umwelt verpflichtet<\/strong><\/p>\n<p style=\"text-align: justify;\"><em>&#8222;Auf dem Campingplatz Bella Terra halten wir es f\u00fcr sehr wichtig, dieses Gebiet sch\u00fctzen zu k\u00f6nnen, um zu verhindern, dass der im vergangenen Jahr entstandene \u00f6kologische Wohlstand zerst\u00f6rt wird. Und deshalb unterst\u00fctzen wir die Gemeinde Blanes uneingeschr\u00e4nkt bei ihrem Anspruch, ein teilweises Naturschutzgebiet zu deklarieren. Es liegt in der Verantwortung der Regierung, dieses Gebiet zu erhalten, aber wir m\u00fcssen auch die Bev\u00f6lkerung auffordern, beim Schutz dieses Naturschatzes zusammenzuarbeiten&#8220;, <\/em>sagte Vicen\u00e7 Fern\u00e1ndez, Direktor des Campingplatzes Bella Terra, dessen Arbeit sich nur wenige Kilometer entfernt befindet das Delta del Tordera. Die Touristenunterkunft ist stets dem Schutz der Umwelt verpflichtet und steht den Beh\u00f6rden zur Verf\u00fcgung, um bei der Erhaltung dieses Naturgebiets zusammenzuarbeiten.<\/p>\n<p style=\"text-align: justify;\">\n","protected":false},"excerpt":{"rendered":"<p>Camping Bella Terra ist stets der Nachhaltigkeit und der Umwelt verpflichtet und fordert die Bev\u00f6lkerung auf, beim Schutz dieses Naturgebiets zusammenzuarbeiten.<\/p>\n","protected":false},"author":2,"featured_media":10317,"comment_status":"closed","ping_status":"closed","sticky":false,"template":"","format":"standard","meta":{"_acf_changed":false,"inline_featured_image":false,"_monsterinsights_skip_tracking":false,"_monsterinsights_sitenote_active":false,"_monsterinsights_sitenote_note":"","_monsterinsights_sitenote_category":0,"footnotes":""},"categories":[2278],"tags":[1867,1891,1897,1939,2199],"class_list":["post-7276","post","type-post","status-publish","format-standard","has-post-thumbnail","hentry","category-blog-de","tag-blanes-de","tag-camping-de","tag-camping-bella-terra-de","tag-costa-brava-de","tag-nachhaltigkeit"],"acf":[],"yoast_head":"<!-- This site is optimized with the Yoast SEO plugin v27.0 - https:\/\/yoast.com\/product\/yoast-seo-wordpress\/ -->\n<title>Blanes will das Delta des Flusses Tordera zum &quot;partiellen Naturschutzgebiet&quot; erkl\u00e4ren - Camping Bella Terra<\/title>\n<meta name=\"robots\" content=\"index, follow, max-snippet:-1, max-image-preview:large, max-video-preview:-1\" \/>\n<link rel=\"canonical\" href=\"https:\/\/www.campingbellaterra.com\/de\/blanes-delta-tordera-naturschutzgebiet\/\" \/>\n<meta property=\"og:locale\" content=\"de_DE\" \/>\n<meta property=\"og:type\" content=\"article\" \/>\n<meta property=\"og:title\" content=\"Blanes will das Delta des Flusses Tordera zum &quot;partiellen Naturschutzgebiet&quot; erkl\u00e4ren - Camping Bella Terra\" \/>\n<meta property=\"og:description\" content=\"Camping Bella Terra ist stets der Nachhaltigkeit und der Umwelt verpflichtet und fordert die Bev\u00f6lkerung auf, beim Schutz dieses Naturgebiets zusammenzuarbeiten.\" \/>\n<meta property=\"og:url\" content=\"https:\/\/www.campingbellaterra.com\/de\/blanes-delta-tordera-naturschutzgebiet\/\" \/>\n<meta property=\"og:site_name\" content=\"Camping Bella Terra\" \/>\n<meta property=\"article:publisher\" content=\"https:\/\/www.facebook.com\/campingbellaterra\/\" \/>\n<meta property=\"article:published_time\" content=\"2021-01-29T10:30:29+00:00\" \/>\n<meta property=\"article:modified_time\" content=\"2022-04-12T07:21:23+00:00\" \/>\n<meta property=\"og:image\" content=\"https:\/\/www.campingbellaterra.com\/wp-content\/uploads\/media\/k2\/items\/src\/85ca514f9886a96d3c067f991afcb736.jpg\" \/>\n\t<meta property=\"og:image:width\" content=\"652\" \/>\n\t<meta property=\"og:image:height\" content=\"332\" \/>\n\t<meta property=\"og:image:type\" content=\"image\/jpeg\" \/>\n<meta name=\"author\" content=\"vado\" \/>\n<meta name=\"twitter:card\" content=\"summary_large_image\" \/>\n<meta name=\"twitter:creator\" content=\"@cbellaterra\" \/>\n<meta name=\"twitter:site\" content=\"@cbellaterra\" \/>\n<meta name=\"twitter:label1\" content=\"Verfasst von\" \/>\n\t<meta name=\"twitter:data1\" content=\"vado\" \/>\n\t<meta name=\"twitter:label2\" content=\"Gesch\u00e4tzte Lesezeit\" \/>\n\t<meta name=\"twitter:data2\" content=\"2\u00a0Minuten\" \/>\n<script type=\"application\/ld+json\" class=\"yoast-schema-graph\">{\"@context\":\"https:\/\/schema.org\",\"@graph\":[{\"@type\":\"Article\",\"@id\":\"https:\/\/www.campingbellaterra.com\/de\/blanes-delta-tordera-naturschutzgebiet\/#article\",\"isPartOf\":{\"@id\":\"https:\/\/www.campingbellaterra.com\/de\/blanes-delta-tordera-naturschutzgebiet\/\"},\"author\":{\"name\":\"vado\",\"@id\":\"https:\/\/www.campingbellaterra.com\/de\/#\/schema\/person\/9dafe106b7fade6dd08664bb60ea89ac\"},\"headline\":\"Blanes will das Delta des Flusses Tordera zum &#8222;partiellen Naturschutzgebiet&#8220; erkl\u00e4ren\",\"datePublished\":\"2021-01-29T10:30:29+00:00\",\"dateModified\":\"2022-04-12T07:21:23+00:00\",\"mainEntityOfPage\":{\"@id\":\"https:\/\/www.campingbellaterra.com\/de\/blanes-delta-tordera-naturschutzgebiet\/\"},\"wordCount\":354,\"publisher\":{\"@id\":\"https:\/\/www.campingbellaterra.com\/de\/#organization\"},\"image\":{\"@id\":\"https:\/\/www.campingbellaterra.com\/de\/blanes-delta-tordera-naturschutzgebiet\/#primaryimage\"},\"thumbnailUrl\":\"https:\/\/www.campingbellaterra.com\/wp-content\/uploads\/media\/k2\/items\/src\/85ca514f9886a96d3c067f991afcb736.jpg\",\"keywords\":[\"blanes\",\"camping\",\"camping bella terra\",\"costa brava\",\"Nachhaltigkeit\"],\"articleSection\":[\"blog\"],\"inLanguage\":\"de\"},{\"@type\":\"WebPage\",\"@id\":\"https:\/\/www.campingbellaterra.com\/de\/blanes-delta-tordera-naturschutzgebiet\/\",\"url\":\"https:\/\/www.campingbellaterra.com\/de\/blanes-delta-tordera-naturschutzgebiet\/\",\"name\":\"Blanes will das Delta des Flusses Tordera zum \\\"partiellen Naturschutzgebiet\\\" erkl\u00e4ren - Camping Bella Terra\",\"isPartOf\":{\"@id\":\"https:\/\/www.campingbellaterra.com\/de\/#website\"},\"primaryImageOfPage\":{\"@id\":\"https:\/\/www.campingbellaterra.com\/de\/blanes-delta-tordera-naturschutzgebiet\/#primaryimage\"},\"image\":{\"@id\":\"https:\/\/www.campingbellaterra.com\/de\/blanes-delta-tordera-naturschutzgebiet\/#primaryimage\"},\"thumbnailUrl\":\"https:\/\/www.campingbellaterra.com\/wp-content\/uploads\/media\/k2\/items\/src\/85ca514f9886a96d3c067f991afcb736.jpg\",\"datePublished\":\"2021-01-29T10:30:29+00:00\",\"dateModified\":\"2022-04-12T07:21:23+00:00\",\"breadcrumb\":{\"@id\":\"https:\/\/www.campingbellaterra.com\/de\/blanes-delta-tordera-naturschutzgebiet\/#breadcrumb\"},\"inLanguage\":\"de\",\"potentialAction\":[{\"@type\":\"ReadAction\",\"target\":[\"https:\/\/www.campingbellaterra.com\/de\/blanes-delta-tordera-naturschutzgebiet\/\"]}]},{\"@type\":\"ImageObject\",\"inLanguage\":\"de\",\"@id\":\"https:\/\/www.campingbellaterra.com\/de\/blanes-delta-tordera-naturschutzgebiet\/#primaryimage\",\"url\":\"https:\/\/www.campingbellaterra.com\/wp-content\/uploads\/media\/k2\/items\/src\/85ca514f9886a96d3c067f991afcb736.jpg\",\"contentUrl\":\"https:\/\/www.campingbellaterra.com\/wp-content\/uploads\/media\/k2\/items\/src\/85ca514f9886a96d3c067f991afcb736.jpg\",\"width\":652,\"height\":332},{\"@type\":\"BreadcrumbList\",\"@id\":\"https:\/\/www.campingbellaterra.com\/de\/blanes-delta-tordera-naturschutzgebiet\/#breadcrumb\",\"itemListElement\":[{\"@type\":\"ListItem\",\"position\":1,\"name\":\"Inici\",\"item\":\"https:\/\/www.campingbellaterra.com\/de\/\"},{\"@type\":\"ListItem\",\"position\":2,\"name\":\"Blanes will das Delta des Flusses Tordera zum &#8220;partiellen Naturschutzgebiet&#8221; erkl\u00e4ren\"}]},{\"@type\":\"WebSite\",\"@id\":\"https:\/\/www.campingbellaterra.com\/de\/#website\",\"url\":\"https:\/\/www.campingbellaterra.com\/de\/\",\"name\":\"Camping Bella Terra\",\"description\":\"Otro sitio realizado con WordPress\",\"publisher\":{\"@id\":\"https:\/\/www.campingbellaterra.com\/de\/#organization\"},\"potentialAction\":[{\"@type\":\"SearchAction\",\"target\":{\"@type\":\"EntryPoint\",\"urlTemplate\":\"https:\/\/www.campingbellaterra.com\/de\/?s={search_term_string}\"},\"query-input\":{\"@type\":\"PropertyValueSpecification\",\"valueRequired\":true,\"valueName\":\"search_term_string\"}}],\"inLanguage\":\"de\"},{\"@type\":\"Organization\",\"@id\":\"https:\/\/www.campingbellaterra.com\/de\/#organization\",\"name\":\"Camping Bella Terra\",\"url\":\"https:\/\/www.campingbellaterra.com\/de\/\",\"logo\":{\"@type\":\"ImageObject\",\"inLanguage\":\"de\",\"@id\":\"https:\/\/www.campingbellaterra.com\/de\/#\/schema\/logo\/image\/\",\"url\":\"https:\/\/www.campingbellaterra.com\/wp-content\/uploads\/logo6.svg\",\"contentUrl\":\"https:\/\/www.campingbellaterra.com\/wp-content\/uploads\/logo6.svg\",\"width\":\"2048\",\"height\":\"2048\",\"caption\":\"Camping Bella Terra\"},\"image\":{\"@id\":\"https:\/\/www.campingbellaterra.com\/de\/#\/schema\/logo\/image\/\"},\"sameAs\":[\"https:\/\/www.facebook.com\/campingbellaterra\/\",\"https:\/\/x.com\/cbellaterra\",\"https:\/\/www.instagram.com\/campingbellaterra\/\",\"https:\/\/www.youtube.com\/c\/Camping-Bellaterra-Blanes\",\"https:\/\/www.tripadvisor.es\/Hotel_Review-g580331-d3328184-Reviews-Camping_Bella_Terra-Blanes_Costa_Brava_Province_of_Girona_Catalonia.html\"]},{\"@type\":\"Person\",\"@id\":\"https:\/\/www.campingbellaterra.com\/de\/#\/schema\/person\/9dafe106b7fade6dd08664bb60ea89ac\",\"name\":\"vado\",\"image\":{\"@type\":\"ImageObject\",\"inLanguage\":\"de\",\"@id\":\"https:\/\/www.campingbellaterra.com\/de\/#\/schema\/person\/image\/\",\"url\":\"https:\/\/secure.gravatar.com\/avatar\/6edab01d4cd19889ac2b69e05f01a3c93227951cf320620732fca472f184e4f5?s=96&d=mm&r=g\",\"contentUrl\":\"https:\/\/secure.gravatar.com\/avatar\/6edab01d4cd19889ac2b69e05f01a3c93227951cf320620732fca472f184e4f5?s=96&d=mm&r=g\",\"caption\":\"vado\"},\"url\":\"https:\/\/www.campingbellaterra.com\/de\/author\/vado\/\"}]}<\/script>\n<!-- \/ Yoast SEO plugin. -->","yoast_head_json":{"title":"Blanes will das Delta des Flusses Tordera zum \"partiellen Naturschutzgebiet\" erkl\u00e4ren - Camping Bella Terra","robots":{"index":"index","follow":"follow","max-snippet":"max-snippet:-1","max-image-preview":"max-image-preview:large","max-video-preview":"max-video-preview:-1"},"canonical":"https:\/\/www.campingbellaterra.com\/de\/blanes-delta-tordera-naturschutzgebiet\/","og_locale":"de_DE","og_type":"article","og_title":"Blanes will das Delta des Flusses Tordera zum \"partiellen Naturschutzgebiet\" erkl\u00e4ren - Camping Bella Terra","og_description":"Camping Bella Terra ist stets der Nachhaltigkeit und der Umwelt verpflichtet und fordert die Bev\u00f6lkerung auf, beim Schutz dieses Naturgebiets zusammenzuarbeiten.","og_url":"https:\/\/www.campingbellaterra.com\/de\/blanes-delta-tordera-naturschutzgebiet\/","og_site_name":"Camping Bella Terra","article_publisher":"https:\/\/www.facebook.com\/campingbellaterra\/","article_published_time":"2021-01-29T10:30:29+00:00","article_modified_time":"2022-04-12T07:21:23+00:00","og_image":[{"width":652,"height":332,"url":"https:\/\/www.campingbellaterra.com\/wp-content\/uploads\/media\/k2\/items\/src\/85ca514f9886a96d3c067f991afcb736.jpg","type":"image\/jpeg"}],"author":"vado","twitter_card":"summary_large_image","twitter_creator":"@cbellaterra","twitter_site":"@cbellaterra","twitter_misc":{"Verfasst von":"vado","Gesch\u00e4tzte Lesezeit":"2\u00a0Minuten"},"schema":{"@context":"https:\/\/schema.org","@graph":[{"@type":"Article","@id":"https:\/\/www.campingbellaterra.com\/de\/blanes-delta-tordera-naturschutzgebiet\/#article","isPartOf":{"@id":"https:\/\/www.campingbellaterra.com\/de\/blanes-delta-tordera-naturschutzgebiet\/"},"author":{"name":"vado","@id":"https:\/\/www.campingbellaterra.com\/de\/#\/schema\/person\/9dafe106b7fade6dd08664bb60ea89ac"},"headline":"Blanes will das Delta des Flusses Tordera zum &#8222;partiellen Naturschutzgebiet&#8220; erkl\u00e4ren","datePublished":"2021-01-29T10:30:29+00:00","dateModified":"2022-04-12T07:21:23+00:00","mainEntityOfPage":{"@id":"https:\/\/www.campingbellaterra.com\/de\/blanes-delta-tordera-naturschutzgebiet\/"},"wordCount":354,"publisher":{"@id":"https:\/\/www.campingbellaterra.com\/de\/#organization"},"image":{"@id":"https:\/\/www.campingbellaterra.com\/de\/blanes-delta-tordera-naturschutzgebiet\/#primaryimage"},"thumbnailUrl":"https:\/\/www.campingbellaterra.com\/wp-content\/uploads\/media\/k2\/items\/src\/85ca514f9886a96d3c067f991afcb736.jpg","keywords":["blanes","camping","camping bella terra","costa brava","Nachhaltigkeit"],"articleSection":["blog"],"inLanguage":"de"},{"@type":"WebPage","@id":"https:\/\/www.campingbellaterra.com\/de\/blanes-delta-tordera-naturschutzgebiet\/","url":"https:\/\/www.campingbellaterra.com\/de\/blanes-delta-tordera-naturschutzgebiet\/","name":"Blanes will das Delta des Flusses Tordera zum \"partiellen Naturschutzgebiet\" erkl\u00e4ren - Camping Bella Terra","isPartOf":{"@id":"https:\/\/www.campingbellaterra.com\/de\/#website"},"primaryImageOfPage":{"@id":"https:\/\/www.campingbellaterra.com\/de\/blanes-delta-tordera-naturschutzgebiet\/#primaryimage"},"image":{"@id":"https:\/\/www.campingbellaterra.com\/de\/blanes-delta-tordera-naturschutzgebiet\/#primaryimage"},"thumbnailUrl":"https:\/\/www.campingbellaterra.com\/wp-content\/uploads\/media\/k2\/items\/src\/85ca514f9886a96d3c067f991afcb736.jpg","datePublished":"2021-01-29T10:30:29+00:00","dateModified":"2022-04-12T07:21:23+00:00","breadcrumb":{"@id":"https:\/\/www.campingbellaterra.com\/de\/blanes-delta-tordera-naturschutzgebiet\/#breadcrumb"},"inLanguage":"de","potentialAction":[{"@type":"ReadAction","target":["https:\/\/www.campingbellaterra.com\/de\/blanes-delta-tordera-naturschutzgebiet\/"]}]},{"@type":"ImageObject","inLanguage":"de","@id":"https:\/\/www.campingbellaterra.com\/de\/blanes-delta-tordera-naturschutzgebiet\/#primaryimage","url":"https:\/\/www.campingbellaterra.com\/wp-content\/uploads\/media\/k2\/items\/src\/85ca514f9886a96d3c067f991afcb736.jpg","contentUrl":"https:\/\/www.campingbellaterra.com\/wp-content\/uploads\/media\/k2\/items\/src\/85ca514f9886a96d3c067f991afcb736.jpg","width":652,"height":332},{"@type":"BreadcrumbList","@id":"https:\/\/www.campingbellaterra.com\/de\/blanes-delta-tordera-naturschutzgebiet\/#breadcrumb","itemListElement":[{"@type":"ListItem","position":1,"name":"Inici","item":"https:\/\/www.campingbellaterra.com\/de\/"},{"@type":"ListItem","position":2,"name":"Blanes will das Delta des Flusses Tordera zum &#8220;partiellen Naturschutzgebiet&#8221; erkl\u00e4ren"}]},{"@type":"WebSite","@id":"https:\/\/www.campingbellaterra.com\/de\/#website","url":"https:\/\/www.campingbellaterra.com\/de\/","name":"Camping Bella Terra","description":"Otro sitio realizado con WordPress","publisher":{"@id":"https:\/\/www.campingbellaterra.com\/de\/#organization"},"potentialAction":[{"@type":"SearchAction","target":{"@type":"EntryPoint","urlTemplate":"https:\/\/www.campingbellaterra.com\/de\/?s={search_term_string}"},"query-input":{"@type":"PropertyValueSpecification","valueRequired":true,"valueName":"search_term_string"}}],"inLanguage":"de"},{"@type":"Organization","@id":"https:\/\/www.campingbellaterra.com\/de\/#organization","name":"Camping Bella Terra","url":"https:\/\/www.campingbellaterra.com\/de\/","logo":{"@type":"ImageObject","inLanguage":"de","@id":"https:\/\/www.campingbellaterra.com\/de\/#\/schema\/logo\/image\/","url":"https:\/\/www.campingbellaterra.com\/wp-content\/uploads\/logo6.svg","contentUrl":"https:\/\/www.campingbellaterra.com\/wp-content\/uploads\/logo6.svg","width":"2048","height":"2048","caption":"Camping Bella Terra"},"image":{"@id":"https:\/\/www.campingbellaterra.com\/de\/#\/schema\/logo\/image\/"},"sameAs":["https:\/\/www.facebook.com\/campingbellaterra\/","https:\/\/x.com\/cbellaterra","https:\/\/www.instagram.com\/campingbellaterra\/","https:\/\/www.youtube.com\/c\/Camping-Bellaterra-Blanes","https:\/\/www.tripadvisor.es\/Hotel_Review-g580331-d3328184-Reviews-Camping_Bella_Terra-Blanes_Costa_Brava_Province_of_Girona_Catalonia.html"]},{"@type":"Person","@id":"https:\/\/www.campingbellaterra.com\/de\/#\/schema\/person\/9dafe106b7fade6dd08664bb60ea89ac","name":"vado","image":{"@type":"ImageObject","inLanguage":"de","@id":"https:\/\/www.campingbellaterra.com\/de\/#\/schema\/person\/image\/","url":"https:\/\/secure.gravatar.com\/avatar\/6edab01d4cd19889ac2b69e05f01a3c93227951cf320620732fca472f184e4f5?s=96&d=mm&r=g","contentUrl":"https:\/\/secure.gravatar.com\/avatar\/6edab01d4cd19889ac2b69e05f01a3c93227951cf320620732fca472f184e4f5?s=96&d=mm&r=g","caption":"vado"},"url":"https:\/\/www.campingbellaterra.com\/de\/author\/vado\/"}]}},"_links":{"self":[{"href":"https:\/\/www.campingbellaterra.com\/de\/wp-json\/wp\/v2\/posts\/7276","targetHints":{"allow":["GET"]}}],"collection":[{"href":"https:\/\/www.campingbellaterra.com\/de\/wp-json\/wp\/v2\/posts"}],"about":[{"href":"https:\/\/www.campingbellaterra.com\/de\/wp-json\/wp\/v2\/types\/post"}],"author":[{"embeddable":true,"href":"https:\/\/www.campingbellaterra.com\/de\/wp-json\/wp\/v2\/users\/2"}],"replies":[{"embeddable":true,"href":"https:\/\/www.campingbellaterra.com\/de\/wp-json\/wp\/v2\/comments?post=7276"}],"version-history":[{"count":1,"href":"https:\/\/www.campingbellaterra.com\/de\/wp-json\/wp\/v2\/posts\/7276\/revisions"}],"predecessor-version":[{"id":10777,"href":"https:\/\/www.campingbellaterra.com\/de\/wp-json\/wp\/v2\/posts\/7276\/revisions\/10777"}],"wp:featuredmedia":[{"embeddable":true,"href":"https:\/\/www.campingbellaterra.com\/de\/wp-json\/wp\/v2\/media\/10317"}],"wp:attachment":[{"href":"https:\/\/www.campingbellaterra.com\/de\/wp-json\/wp\/v2\/media?parent=7276"}],"wp:term":[{"taxonomy":"category","embeddable":true,"href":"https:\/\/www.campingbellaterra.com\/de\/wp-json\/wp\/v2\/categories?post=7276"},{"taxonomy":"post_tag","embeddable":true,"href":"https:\/\/www.campingbellaterra.com\/de\/wp-json\/wp\/v2\/tags?post=7276"}],"curies":[{"name":"wp","href":"https:\/\/api.w.org\/{rel}","templated":true}]}}