{"id":7288,"date":"2021-03-30T07:00:30","date_gmt":"2021-03-30T05:00:30","guid":{"rendered":"https:\/\/www.campingbellaterra.com\/2021\/03\/30\/startet-1-mai-neue-saison\/"},"modified":"2022-04-12T09:17:39","modified_gmt":"2022-04-12T07:17:39","slug":"startet-1-mai-neue-saison","status":"publish","type":"post","link":"https:\/\/www.campingbellaterra.com\/de\/startet-1-mai-neue-saison\/","title":{"rendered":"Camping Bella Terra startet am 1. Mai in die neue Saison"},"content":{"rendered":"<p><span style=\"font-size: 14pt;\"><span style=\"font-size: 14pt;\">Die Unterkunft verl\u00e4ngert die Saison bis Dienstag, den 12. Oktober.<\/span><\/span><\/p>\n<p><!--more--><\/p>\n<p style=\"text-align: justify;\">Camping Bella Terra in der K\u00fcstenstadt Blanes startet an Samstag, dem 1. Mai, die neue Saison. Es wird dieses Jahr bis Dienstag, den 12. Oktober verl\u00e4ngert. Die Sicherheit der Camper wird wieder die Priorit\u00e4t des Campingplatzes sein, der das umfassende Hygiene- und Hygieneprotokoll beibehalten und st\u00e4rken wird, das es erm\u00f6glicht, die letzte Saison ohne einen positiven Covid-19-Fall auf dem Campingplatz abzuschlie\u00dfen.<\/p>\n<p style=\"text-align: justify;\"><em>&#8218;Wir arbeiten t\u00e4glich daran, den Service und die Aufmerksamkeit unserer Camper f\u00fcr eine weitere Saison zu gew\u00e4hrleisten, die bei der Er\u00f6ffnung unserer Einrichtungen 100% sicher ist. Daher werden wir in diesem Jahr das Hygieneprotokoll verabschieden und st\u00e4rken, um allen unseren Kunden eine sichere und saubere Umgebung zu bieten, damit sie einen unvergesslichen Urlaub genie\u00dfen k\u00f6nnen&#8216;<\/em>, sagt Vicen\u00e7 Fern\u00e1ndez Direktor von Camping Bella.<\/p>\n<p style=\"text-align: justify;\"><strong>Touristenunterkunft Nummer 1 in Blanes<\/strong><\/p>\n<p style=\"text-align: justify;\"><em><\/em>Camping Bella Terra ist ein Familiencampingplatz an einem der besten Str\u00e4nde der Costa Brava, dem Strand von S&#8217;Abanell, der von der Europ\u00e4ischen Wirtschaftsgemeinschaft Jahr f\u00fcr Jahr mit der Blauen Flagge ausgezeichnet wird, an den Str\u00e4nden und von hoher Qualit\u00e4t Wasser. Das aufstrebende Anwesen verf\u00fcgt \u00fcber vier Arten von exquisiten und gepflegten Bungalows, die in einem landschaftlich gestalteten Bereich liegen und exklusiven Zugang f\u00fcr Fu\u00dfg\u00e4nger bieten und einen ruhigen und sicheren Ort f\u00fcr die ganze Familie bieten. Dar\u00fcber hinaus verf\u00fcgt es \u00fcber ger\u00e4umige und schattige Stellpl\u00e4tze mit einfachem Zugang und ist auf ebenem Boden voll ausgestattet. Vor kurzem wurde Camping Bella Terra als Gewinner des von TripdAdvisor Jahr f\u00fcr Jahr verliehenen Preises &#8222;Travelers &#8218;Choice 2020&#8220; f\u00fcr all jene Hotels anerkannt, die durchweg hervorragende Bewertungen von Reisenden erhalten und zu den Top 10% der gr\u00f6\u00dften Plattformen f\u00fcr Reiseveranstalter geh\u00f6ren in die Welt.<\/p>\n<p style=\"text-align: justify;\">\n","protected":false},"excerpt":{"rendered":"<p>Die Unterkunft verl\u00e4ngert die Saison bis Dienstag, den 12. Oktober.<\/p>\n","protected":false},"author":2,"featured_media":10359,"comment_status":"closed","ping_status":"closed","sticky":false,"template":"","format":"standard","meta":{"_acf_changed":false,"inline_featured_image":false,"_monsterinsights_skip_tracking":false,"_monsterinsights_sitenote_active":false,"_monsterinsights_sitenote_note":"","_monsterinsights_sitenote_category":0,"footnotes":""},"categories":[2278],"tags":[1867,1891,1897,1939],"class_list":["post-7288","post","type-post","status-publish","format-standard","has-post-thumbnail","hentry","category-blog-de","tag-blanes-de","tag-camping-de","tag-camping-bella-terra-de","tag-costa-brava-de"],"acf":[],"yoast_head":"<!-- This site is optimized with the Yoast SEO plugin v27.0 - https:\/\/yoast.com\/product\/yoast-seo-wordpress\/ -->\n<title>Camping Bella Terra startet am 1. Mai in die neue Saison - Camping Bella Terra<\/title>\n<meta name=\"robots\" content=\"index, follow, max-snippet:-1, max-image-preview:large, max-video-preview:-1\" \/>\n<link rel=\"canonical\" href=\"https:\/\/www.campingbellaterra.com\/de\/startet-1-mai-neue-saison\/\" \/>\n<meta property=\"og:locale\" content=\"de_DE\" \/>\n<meta property=\"og:type\" content=\"article\" \/>\n<meta property=\"og:title\" content=\"Camping Bella Terra startet am 1. Mai in die neue Saison - Camping Bella Terra\" \/>\n<meta property=\"og:description\" content=\"Die Unterkunft verl\u00e4ngert die Saison bis Dienstag, den 12. Oktober.\" \/>\n<meta property=\"og:url\" content=\"https:\/\/www.campingbellaterra.com\/de\/startet-1-mai-neue-saison\/\" \/>\n<meta property=\"og:site_name\" content=\"Camping Bella Terra\" \/>\n<meta property=\"article:publisher\" content=\"https:\/\/www.facebook.com\/campingbellaterra\/\" \/>\n<meta property=\"article:published_time\" content=\"2021-03-30T05:00:30+00:00\" \/>\n<meta property=\"article:modified_time\" content=\"2022-04-12T07:17:39+00:00\" \/>\n<meta property=\"og:image\" content=\"https:\/\/www.campingbellaterra.com\/wp-content\/uploads\/media\/k2\/items\/src\/a955a3de9afa2794fbaf8cc2473586cb.jpg\" \/>\n\t<meta property=\"og:image:width\" content=\"1000\" \/>\n\t<meta property=\"og:image:height\" content=\"612\" \/>\n\t<meta property=\"og:image:type\" content=\"image\/jpeg\" \/>\n<meta name=\"author\" content=\"vado\" \/>\n<meta name=\"twitter:card\" content=\"summary_large_image\" \/>\n<meta name=\"twitter:creator\" content=\"@cbellaterra\" \/>\n<meta name=\"twitter:site\" content=\"@cbellaterra\" \/>\n<meta name=\"twitter:label1\" content=\"Verfasst von\" \/>\n\t<meta name=\"twitter:data1\" content=\"vado\" \/>\n\t<meta name=\"twitter:label2\" content=\"Gesch\u00e4tzte Lesezeit\" \/>\n\t<meta name=\"twitter:data2\" content=\"2\u00a0Minuten\" \/>\n<script type=\"application\/ld+json\" class=\"yoast-schema-graph\">{\"@context\":\"https:\/\/schema.org\",\"@graph\":[{\"@type\":\"Article\",\"@id\":\"https:\/\/www.campingbellaterra.com\/de\/startet-1-mai-neue-saison\/#article\",\"isPartOf\":{\"@id\":\"https:\/\/www.campingbellaterra.com\/de\/startet-1-mai-neue-saison\/\"},\"author\":{\"name\":\"vado\",\"@id\":\"https:\/\/www.campingbellaterra.com\/de\/#\/schema\/person\/9dafe106b7fade6dd08664bb60ea89ac\"},\"headline\":\"Camping Bella Terra startet am 1. Mai in die neue Saison\",\"datePublished\":\"2021-03-30T05:00:30+00:00\",\"dateModified\":\"2022-04-12T07:17:39+00:00\",\"mainEntityOfPage\":{\"@id\":\"https:\/\/www.campingbellaterra.com\/de\/startet-1-mai-neue-saison\/\"},\"wordCount\":316,\"publisher\":{\"@id\":\"https:\/\/www.campingbellaterra.com\/de\/#organization\"},\"image\":{\"@id\":\"https:\/\/www.campingbellaterra.com\/de\/startet-1-mai-neue-saison\/#primaryimage\"},\"thumbnailUrl\":\"https:\/\/www.campingbellaterra.com\/wp-content\/uploads\/media\/k2\/items\/src\/a955a3de9afa2794fbaf8cc2473586cb.jpg\",\"keywords\":[\"blanes\",\"camping\",\"camping bella terra\",\"costa brava\"],\"articleSection\":[\"blog\"],\"inLanguage\":\"de\"},{\"@type\":\"WebPage\",\"@id\":\"https:\/\/www.campingbellaterra.com\/de\/startet-1-mai-neue-saison\/\",\"url\":\"https:\/\/www.campingbellaterra.com\/de\/startet-1-mai-neue-saison\/\",\"name\":\"Camping Bella Terra startet am 1. Mai in die neue Saison - Camping Bella Terra\",\"isPartOf\":{\"@id\":\"https:\/\/www.campingbellaterra.com\/de\/#website\"},\"primaryImageOfPage\":{\"@id\":\"https:\/\/www.campingbellaterra.com\/de\/startet-1-mai-neue-saison\/#primaryimage\"},\"image\":{\"@id\":\"https:\/\/www.campingbellaterra.com\/de\/startet-1-mai-neue-saison\/#primaryimage\"},\"thumbnailUrl\":\"https:\/\/www.campingbellaterra.com\/wp-content\/uploads\/media\/k2\/items\/src\/a955a3de9afa2794fbaf8cc2473586cb.jpg\",\"datePublished\":\"2021-03-30T05:00:30+00:00\",\"dateModified\":\"2022-04-12T07:17:39+00:00\",\"breadcrumb\":{\"@id\":\"https:\/\/www.campingbellaterra.com\/de\/startet-1-mai-neue-saison\/#breadcrumb\"},\"inLanguage\":\"de\",\"potentialAction\":[{\"@type\":\"ReadAction\",\"target\":[\"https:\/\/www.campingbellaterra.com\/de\/startet-1-mai-neue-saison\/\"]}]},{\"@type\":\"ImageObject\",\"inLanguage\":\"de\",\"@id\":\"https:\/\/www.campingbellaterra.com\/de\/startet-1-mai-neue-saison\/#primaryimage\",\"url\":\"https:\/\/www.campingbellaterra.com\/wp-content\/uploads\/media\/k2\/items\/src\/a955a3de9afa2794fbaf8cc2473586cb.jpg\",\"contentUrl\":\"https:\/\/www.campingbellaterra.com\/wp-content\/uploads\/media\/k2\/items\/src\/a955a3de9afa2794fbaf8cc2473586cb.jpg\",\"width\":1000,\"height\":612},{\"@type\":\"BreadcrumbList\",\"@id\":\"https:\/\/www.campingbellaterra.com\/de\/startet-1-mai-neue-saison\/#breadcrumb\",\"itemListElement\":[{\"@type\":\"ListItem\",\"position\":1,\"name\":\"Inici\",\"item\":\"https:\/\/www.campingbellaterra.com\/de\/\"},{\"@type\":\"ListItem\",\"position\":2,\"name\":\"Camping Bella Terra startet am 1. Mai in die neue Saison\"}]},{\"@type\":\"WebSite\",\"@id\":\"https:\/\/www.campingbellaterra.com\/de\/#website\",\"url\":\"https:\/\/www.campingbellaterra.com\/de\/\",\"name\":\"Camping Bella Terra\",\"description\":\"Otro sitio realizado con WordPress\",\"publisher\":{\"@id\":\"https:\/\/www.campingbellaterra.com\/de\/#organization\"},\"potentialAction\":[{\"@type\":\"SearchAction\",\"target\":{\"@type\":\"EntryPoint\",\"urlTemplate\":\"https:\/\/www.campingbellaterra.com\/de\/?s={search_term_string}\"},\"query-input\":{\"@type\":\"PropertyValueSpecification\",\"valueRequired\":true,\"valueName\":\"search_term_string\"}}],\"inLanguage\":\"de\"},{\"@type\":\"Organization\",\"@id\":\"https:\/\/www.campingbellaterra.com\/de\/#organization\",\"name\":\"Camping Bella Terra\",\"url\":\"https:\/\/www.campingbellaterra.com\/de\/\",\"logo\":{\"@type\":\"ImageObject\",\"inLanguage\":\"de\",\"@id\":\"https:\/\/www.campingbellaterra.com\/de\/#\/schema\/logo\/image\/\",\"url\":\"https:\/\/www.campingbellaterra.com\/wp-content\/uploads\/logo6.svg\",\"contentUrl\":\"https:\/\/www.campingbellaterra.com\/wp-content\/uploads\/logo6.svg\",\"width\":\"2048\",\"height\":\"2048\",\"caption\":\"Camping Bella Terra\"},\"image\":{\"@id\":\"https:\/\/www.campingbellaterra.com\/de\/#\/schema\/logo\/image\/\"},\"sameAs\":[\"https:\/\/www.facebook.com\/campingbellaterra\/\",\"https:\/\/x.com\/cbellaterra\",\"https:\/\/www.instagram.com\/campingbellaterra\/\",\"https:\/\/www.youtube.com\/c\/Camping-Bellaterra-Blanes\",\"https:\/\/www.tripadvisor.es\/Hotel_Review-g580331-d3328184-Reviews-Camping_Bella_Terra-Blanes_Costa_Brava_Province_of_Girona_Catalonia.html\"]},{\"@type\":\"Person\",\"@id\":\"https:\/\/www.campingbellaterra.com\/de\/#\/schema\/person\/9dafe106b7fade6dd08664bb60ea89ac\",\"name\":\"vado\",\"image\":{\"@type\":\"ImageObject\",\"inLanguage\":\"de\",\"@id\":\"https:\/\/www.campingbellaterra.com\/de\/#\/schema\/person\/image\/\",\"url\":\"https:\/\/secure.gravatar.com\/avatar\/6edab01d4cd19889ac2b69e05f01a3c93227951cf320620732fca472f184e4f5?s=96&d=mm&r=g\",\"contentUrl\":\"https:\/\/secure.gravatar.com\/avatar\/6edab01d4cd19889ac2b69e05f01a3c93227951cf320620732fca472f184e4f5?s=96&d=mm&r=g\",\"caption\":\"vado\"},\"url\":\"https:\/\/www.campingbellaterra.com\/de\/author\/vado\/\"}]}<\/script>\n<!-- \/ Yoast SEO plugin. -->","yoast_head_json":{"title":"Camping Bella Terra startet am 1. Mai in die neue Saison - Camping Bella Terra","robots":{"index":"index","follow":"follow","max-snippet":"max-snippet:-1","max-image-preview":"max-image-preview:large","max-video-preview":"max-video-preview:-1"},"canonical":"https:\/\/www.campingbellaterra.com\/de\/startet-1-mai-neue-saison\/","og_locale":"de_DE","og_type":"article","og_title":"Camping Bella Terra startet am 1. Mai in die neue Saison - Camping Bella Terra","og_description":"Die Unterkunft verl\u00e4ngert die Saison bis Dienstag, den 12. Oktober.","og_url":"https:\/\/www.campingbellaterra.com\/de\/startet-1-mai-neue-saison\/","og_site_name":"Camping Bella Terra","article_publisher":"https:\/\/www.facebook.com\/campingbellaterra\/","article_published_time":"2021-03-30T05:00:30+00:00","article_modified_time":"2022-04-12T07:17:39+00:00","og_image":[{"width":1000,"height":612,"url":"https:\/\/www.campingbellaterra.com\/wp-content\/uploads\/media\/k2\/items\/src\/a955a3de9afa2794fbaf8cc2473586cb.jpg","type":"image\/jpeg"}],"author":"vado","twitter_card":"summary_large_image","twitter_creator":"@cbellaterra","twitter_site":"@cbellaterra","twitter_misc":{"Verfasst von":"vado","Gesch\u00e4tzte Lesezeit":"2\u00a0Minuten"},"schema":{"@context":"https:\/\/schema.org","@graph":[{"@type":"Article","@id":"https:\/\/www.campingbellaterra.com\/de\/startet-1-mai-neue-saison\/#article","isPartOf":{"@id":"https:\/\/www.campingbellaterra.com\/de\/startet-1-mai-neue-saison\/"},"author":{"name":"vado","@id":"https:\/\/www.campingbellaterra.com\/de\/#\/schema\/person\/9dafe106b7fade6dd08664bb60ea89ac"},"headline":"Camping Bella Terra startet am 1. Mai in die neue Saison","datePublished":"2021-03-30T05:00:30+00:00","dateModified":"2022-04-12T07:17:39+00:00","mainEntityOfPage":{"@id":"https:\/\/www.campingbellaterra.com\/de\/startet-1-mai-neue-saison\/"},"wordCount":316,"publisher":{"@id":"https:\/\/www.campingbellaterra.com\/de\/#organization"},"image":{"@id":"https:\/\/www.campingbellaterra.com\/de\/startet-1-mai-neue-saison\/#primaryimage"},"thumbnailUrl":"https:\/\/www.campingbellaterra.com\/wp-content\/uploads\/media\/k2\/items\/src\/a955a3de9afa2794fbaf8cc2473586cb.jpg","keywords":["blanes","camping","camping bella terra","costa brava"],"articleSection":["blog"],"inLanguage":"de"},{"@type":"WebPage","@id":"https:\/\/www.campingbellaterra.com\/de\/startet-1-mai-neue-saison\/","url":"https:\/\/www.campingbellaterra.com\/de\/startet-1-mai-neue-saison\/","name":"Camping Bella Terra startet am 1. Mai in die neue Saison - Camping Bella Terra","isPartOf":{"@id":"https:\/\/www.campingbellaterra.com\/de\/#website"},"primaryImageOfPage":{"@id":"https:\/\/www.campingbellaterra.com\/de\/startet-1-mai-neue-saison\/#primaryimage"},"image":{"@id":"https:\/\/www.campingbellaterra.com\/de\/startet-1-mai-neue-saison\/#primaryimage"},"thumbnailUrl":"https:\/\/www.campingbellaterra.com\/wp-content\/uploads\/media\/k2\/items\/src\/a955a3de9afa2794fbaf8cc2473586cb.jpg","datePublished":"2021-03-30T05:00:30+00:00","dateModified":"2022-04-12T07:17:39+00:00","breadcrumb":{"@id":"https:\/\/www.campingbellaterra.com\/de\/startet-1-mai-neue-saison\/#breadcrumb"},"inLanguage":"de","potentialAction":[{"@type":"ReadAction","target":["https:\/\/www.campingbellaterra.com\/de\/startet-1-mai-neue-saison\/"]}]},{"@type":"ImageObject","inLanguage":"de","@id":"https:\/\/www.campingbellaterra.com\/de\/startet-1-mai-neue-saison\/#primaryimage","url":"https:\/\/www.campingbellaterra.com\/wp-content\/uploads\/media\/k2\/items\/src\/a955a3de9afa2794fbaf8cc2473586cb.jpg","contentUrl":"https:\/\/www.campingbellaterra.com\/wp-content\/uploads\/media\/k2\/items\/src\/a955a3de9afa2794fbaf8cc2473586cb.jpg","width":1000,"height":612},{"@type":"BreadcrumbList","@id":"https:\/\/www.campingbellaterra.com\/de\/startet-1-mai-neue-saison\/#breadcrumb","itemListElement":[{"@type":"ListItem","position":1,"name":"Inici","item":"https:\/\/www.campingbellaterra.com\/de\/"},{"@type":"ListItem","position":2,"name":"Camping Bella Terra startet am 1. Mai in die neue Saison"}]},{"@type":"WebSite","@id":"https:\/\/www.campingbellaterra.com\/de\/#website","url":"https:\/\/www.campingbellaterra.com\/de\/","name":"Camping Bella Terra","description":"Otro sitio realizado con WordPress","publisher":{"@id":"https:\/\/www.campingbellaterra.com\/de\/#organization"},"potentialAction":[{"@type":"SearchAction","target":{"@type":"EntryPoint","urlTemplate":"https:\/\/www.campingbellaterra.com\/de\/?s={search_term_string}"},"query-input":{"@type":"PropertyValueSpecification","valueRequired":true,"valueName":"search_term_string"}}],"inLanguage":"de"},{"@type":"Organization","@id":"https:\/\/www.campingbellaterra.com\/de\/#organization","name":"Camping Bella Terra","url":"https:\/\/www.campingbellaterra.com\/de\/","logo":{"@type":"ImageObject","inLanguage":"de","@id":"https:\/\/www.campingbellaterra.com\/de\/#\/schema\/logo\/image\/","url":"https:\/\/www.campingbellaterra.com\/wp-content\/uploads\/logo6.svg","contentUrl":"https:\/\/www.campingbellaterra.com\/wp-content\/uploads\/logo6.svg","width":"2048","height":"2048","caption":"Camping Bella Terra"},"image":{"@id":"https:\/\/www.campingbellaterra.com\/de\/#\/schema\/logo\/image\/"},"sameAs":["https:\/\/www.facebook.com\/campingbellaterra\/","https:\/\/x.com\/cbellaterra","https:\/\/www.instagram.com\/campingbellaterra\/","https:\/\/www.youtube.com\/c\/Camping-Bellaterra-Blanes","https:\/\/www.tripadvisor.es\/Hotel_Review-g580331-d3328184-Reviews-Camping_Bella_Terra-Blanes_Costa_Brava_Province_of_Girona_Catalonia.html"]},{"@type":"Person","@id":"https:\/\/www.campingbellaterra.com\/de\/#\/schema\/person\/9dafe106b7fade6dd08664bb60ea89ac","name":"vado","image":{"@type":"ImageObject","inLanguage":"de","@id":"https:\/\/www.campingbellaterra.com\/de\/#\/schema\/person\/image\/","url":"https:\/\/secure.gravatar.com\/avatar\/6edab01d4cd19889ac2b69e05f01a3c93227951cf320620732fca472f184e4f5?s=96&d=mm&r=g","contentUrl":"https:\/\/secure.gravatar.com\/avatar\/6edab01d4cd19889ac2b69e05f01a3c93227951cf320620732fca472f184e4f5?s=96&d=mm&r=g","caption":"vado"},"url":"https:\/\/www.campingbellaterra.com\/de\/author\/vado\/"}]}},"_links":{"self":[{"href":"https:\/\/www.campingbellaterra.com\/de\/wp-json\/wp\/v2\/posts\/7288","targetHints":{"allow":["GET"]}}],"collection":[{"href":"https:\/\/www.campingbellaterra.com\/de\/wp-json\/wp\/v2\/posts"}],"about":[{"href":"https:\/\/www.campingbellaterra.com\/de\/wp-json\/wp\/v2\/types\/post"}],"author":[{"embeddable":true,"href":"https:\/\/www.campingbellaterra.com\/de\/wp-json\/wp\/v2\/users\/2"}],"replies":[{"embeddable":true,"href":"https:\/\/www.campingbellaterra.com\/de\/wp-json\/wp\/v2\/comments?post=7288"}],"version-history":[{"count":1,"href":"https:\/\/www.campingbellaterra.com\/de\/wp-json\/wp\/v2\/posts\/7288\/revisions"}],"predecessor-version":[{"id":10772,"href":"https:\/\/www.campingbellaterra.com\/de\/wp-json\/wp\/v2\/posts\/7288\/revisions\/10772"}],"wp:featuredmedia":[{"embeddable":true,"href":"https:\/\/www.campingbellaterra.com\/de\/wp-json\/wp\/v2\/media\/10359"}],"wp:attachment":[{"href":"https:\/\/www.campingbellaterra.com\/de\/wp-json\/wp\/v2\/media?parent=7288"}],"wp:term":[{"taxonomy":"category","embeddable":true,"href":"https:\/\/www.campingbellaterra.com\/de\/wp-json\/wp\/v2\/categories?post=7288"},{"taxonomy":"post_tag","embeddable":true,"href":"https:\/\/www.campingbellaterra.com\/de\/wp-json\/wp\/v2\/tags?post=7288"}],"curies":[{"name":"wp","href":"https:\/\/api.w.org\/{rel}","templated":true}]}}