{"id":20656,"date":"2025-02-10T14:30:01","date_gmt":"2025-02-10T13:30:01","guid":{"rendered":"https:\/\/www.campingbellaterra.com\/?p=20656"},"modified":"2025-02-10T14:30:03","modified_gmt":"2025-02-10T13:30:03","slug":"renovacion-del-suelo-de-parquet-bungalows-terra-y-terra-confort","status":"publish","type":"post","link":"https:\/\/www.campingbellaterra.com\/es\/renovacion-del-suelo-de-parquet-bungalows-terra-y-terra-confort\/","title":{"rendered":"Renovaci\u00f3n del suelo de parquet en los bungalows Terra y Terra Confort"},"content":{"rendered":"<p>En el <strong>Camping Bella Terra<\/strong>, trabajamos constantemente para mejorar nuestras instalaciones y ofreceros siempre el mejor servicio y confort. Por ello, hemos renovado por completo el <strong>suelo de parquet<\/strong> de todos los <strong>bungalows Terra y Terra Confort<\/strong>, para que vuestra estancia sea a\u00fan m\u00e1s acogedora y confortable.<\/p>\n\n\n\n<p>Los <strong><a href=\"https:\/\/www.campingbellaterra.com\/es\/bungalows\/terra\/\">bungalows Terra<\/a><\/strong> son una opci\u00f3n ideal para unas vacaciones en familia en un entorno tranquilo y natural. Perfectamente equipados, est\u00e1n situados en una zona sombreada por un pinar y rodeados de vegetaci\u00f3n, creando un ambiente c\u00e1lido y relajante.<\/p>\n\n\n\n<p>Si busc\u00e1is un plus de comodidad, los <strong><a href=\"https:\/\/www.campingbellaterra.com\/es\/bungalows\/terra-confort\/\">bungalows Terra Confort<\/a><\/strong> os ofrecen una experiencia premium, con espacios amplios y totalmente equipados, perfectos para desconectar y disfrutar de la naturaleza en familia.<\/p>\n\n\n\n<p><strong>\u00a1Venid a descubrir el nuevo suelo de parquet de nuestros bungalows y disfrutad de una estancia a\u00fan m\u00e1s confortable en el Camping Bella Terra!<\/strong><\/p>\n\n\n\n<figure class=\"wp-block-image size-full\"><noscript><img decoding=\"async\" width=\"1536\" height=\"2048\" src=\"https:\/\/www.campingbellaterra.com\/wp-content\/uploads\/bungalows-terra-4.jpg\" alt class=\"wp-image-20657\" srcset=\"https:\/\/www.campingbellaterra.com\/wp-content\/uploads\/bungalows-terra-4.jpg 1536w, https:\/\/www.campingbellaterra.com\/wp-content\/uploads\/bungalows-terra-4-768x1024.jpg 768w, https:\/\/www.campingbellaterra.com\/wp-content\/uploads\/bungalows-terra-4-1152x1536.jpg 1152w\" sizes=\"(max-width: 1536px) 100vw, 1536px\"><\/noscript><img decoding=\"async\" width=\"1536\" height=\"2048\" src=\"data:image\/svg+xml,%3Csvg%20xmlns%3D%22http%3A%2F%2Fwww.w3.org%2F2000%2Fsvg%22%20viewBox%3D%220%200%201536%202048%22%3E%3C%2Fsvg%3E\" alt class=\"wp-image-20657 lazyload\" srcset=\"data:image\/svg+xml,%3Csvg%20xmlns%3D%22http%3A%2F%2Fwww.w3.org%2F2000%2Fsvg%22%20viewBox%3D%220%200%201536%202048%22%3E%3C%2Fsvg%3E 1536w\" sizes=\"(max-width: 1536px) 100vw, 1536px\" data-srcset=\"https:\/\/www.campingbellaterra.com\/wp-content\/uploads\/bungalows-terra-4.jpg 1536w, https:\/\/www.campingbellaterra.com\/wp-content\/uploads\/bungalows-terra-4-768x1024.jpg 768w, https:\/\/www.campingbellaterra.com\/wp-content\/uploads\/bungalows-terra-4-1152x1536.jpg 1152w\" data-src=\"https:\/\/www.campingbellaterra.com\/wp-content\/uploads\/bungalows-terra-4.jpg\"><\/figure>\n","protected":false},"excerpt":{"rendered":"<p>En el Camping Bella Terra, trabajamos constantemente para mejorar nuestras instalaciones y ofreceros siempre el mejor servicio y confort. Por ello, hemos renovado por completo&#8230;<\/p>\n","protected":false},"author":3,"featured_media":20655,"comment_status":"closed","ping_status":"closed","sticky":false,"template":"","format":"standard","meta":{"_acf_changed":false,"inline_featured_image":false,"_monsterinsights_skip_tracking":false,"_monsterinsights_sitenote_active":false,"_monsterinsights_sitenote_note":"","_monsterinsights_sitenote_category":0,"footnotes":""},"categories":[2415],"tags":[1886],"class_list":["post-20656","post","type-post","status-publish","format-standard","has-post-thumbnail","hentry","category-bungalows-2","tag-bungalows-es"],"acf":[],"yoast_head":"<!-- This site is optimized with the Yoast SEO plugin v27.0 - https:\/\/yoast.com\/product\/yoast-seo-wordpress\/ -->\n<title>Renovaci\u00f3n del suelo en los bungalows Terra y Terra Confort<\/title>\n<meta name=\"description\" content=\"En el Camping Bella Terra hemos renovado por completo el suelo de parquet de todos los bungalows Terra y Terra Confort\" \/>\n<meta name=\"robots\" content=\"index, follow, max-snippet:-1, max-image-preview:large, max-video-preview:-1\" \/>\n<link rel=\"canonical\" href=\"https:\/\/www.campingbellaterra.com\/es\/renovacion-del-suelo-de-parquet-bungalows-terra-y-terra-confort\/\" \/>\n<meta property=\"og:locale\" content=\"es_ES\" \/>\n<meta property=\"og:type\" content=\"article\" \/>\n<meta property=\"og:title\" content=\"Renovaci\u00f3n del suelo en los bungalows Terra y Terra Confort\" \/>\n<meta property=\"og:description\" content=\"En el Camping Bella Terra hemos renovado por completo el suelo de parquet de todos los bungalows Terra y Terra Confort\" \/>\n<meta property=\"og:url\" content=\"https:\/\/www.campingbellaterra.com\/es\/renovacion-del-suelo-de-parquet-bungalows-terra-y-terra-confort\/\" \/>\n<meta property=\"og:site_name\" content=\"Camping Bella Terra\" \/>\n<meta property=\"article:publisher\" content=\"https:\/\/www.facebook.com\/campingbellaterra\/\" \/>\n<meta property=\"article:published_time\" content=\"2025-02-10T13:30:01+00:00\" \/>\n<meta property=\"article:modified_time\" content=\"2025-02-10T13:30:03+00:00\" \/>\n<meta property=\"og:image\" content=\"https:\/\/www.campingbellaterra.com\/wp-content\/uploads\/bungalows-terra-3.jpg\" \/>\n\t<meta property=\"og:image:width\" content=\"1500\" \/>\n\t<meta property=\"og:image:height\" content=\"808\" \/>\n\t<meta property=\"og:image:type\" content=\"image\/jpeg\" \/>\n<meta name=\"author\" content=\"edeon\" \/>\n<meta name=\"twitter:card\" content=\"summary_large_image\" \/>\n<meta name=\"twitter:creator\" content=\"@cbellaterra\" \/>\n<meta name=\"twitter:site\" content=\"@cbellaterra\" \/>\n<meta name=\"twitter:label1\" content=\"Escrito por\" \/>\n\t<meta name=\"twitter:data1\" content=\"edeon\" \/>\n\t<meta name=\"twitter:label2\" content=\"Tiempo de lectura\" \/>\n\t<meta name=\"twitter:data2\" content=\"2 minutos\" \/>\n<script type=\"application\/ld+json\" class=\"yoast-schema-graph\">{\"@context\":\"https:\/\/schema.org\",\"@graph\":[{\"@type\":\"Article\",\"@id\":\"https:\/\/www.campingbellaterra.com\/es\/renovacion-del-suelo-de-parquet-bungalows-terra-y-terra-confort\/#article\",\"isPartOf\":{\"@id\":\"https:\/\/www.campingbellaterra.com\/es\/renovacion-del-suelo-de-parquet-bungalows-terra-y-terra-confort\/\"},\"author\":{\"name\":\"edeon\",\"@id\":\"https:\/\/www.campingbellaterra.com\/es\/#\/schema\/person\/d55882bf9a4557623a111e53bebd64fa\"},\"headline\":\"Renovaci\u00f3n del suelo de parquet en los bungalows Terra y Terra Confort\",\"datePublished\":\"2025-02-10T13:30:01+00:00\",\"dateModified\":\"2025-02-10T13:30:03+00:00\",\"mainEntityOfPage\":{\"@id\":\"https:\/\/www.campingbellaterra.com\/es\/renovacion-del-suelo-de-parquet-bungalows-terra-y-terra-confort\/\"},\"wordCount\":163,\"publisher\":{\"@id\":\"https:\/\/www.campingbellaterra.com\/es\/#organization\"},\"image\":{\"@id\":\"https:\/\/www.campingbellaterra.com\/es\/renovacion-del-suelo-de-parquet-bungalows-terra-y-terra-confort\/#primaryimage\"},\"thumbnailUrl\":\"https:\/\/www.campingbellaterra.com\/wp-content\/uploads\/bungalows-terra-3.jpg\",\"keywords\":[\"BUNGALOWS\"],\"articleSection\":[\"Bungalows\"],\"inLanguage\":\"es\"},{\"@type\":\"WebPage\",\"@id\":\"https:\/\/www.campingbellaterra.com\/es\/renovacion-del-suelo-de-parquet-bungalows-terra-y-terra-confort\/\",\"url\":\"https:\/\/www.campingbellaterra.com\/es\/renovacion-del-suelo-de-parquet-bungalows-terra-y-terra-confort\/\",\"name\":\"Renovaci\u00f3n del suelo en los bungalows Terra y Terra Confort\",\"isPartOf\":{\"@id\":\"https:\/\/www.campingbellaterra.com\/es\/#website\"},\"primaryImageOfPage\":{\"@id\":\"https:\/\/www.campingbellaterra.com\/es\/renovacion-del-suelo-de-parquet-bungalows-terra-y-terra-confort\/#primaryimage\"},\"image\":{\"@id\":\"https:\/\/www.campingbellaterra.com\/es\/renovacion-del-suelo-de-parquet-bungalows-terra-y-terra-confort\/#primaryimage\"},\"thumbnailUrl\":\"https:\/\/www.campingbellaterra.com\/wp-content\/uploads\/bungalows-terra-3.jpg\",\"datePublished\":\"2025-02-10T13:30:01+00:00\",\"dateModified\":\"2025-02-10T13:30:03+00:00\",\"description\":\"En el Camping Bella Terra hemos renovado por completo el suelo de parquet de todos los bungalows Terra y Terra Confort\",\"breadcrumb\":{\"@id\":\"https:\/\/www.campingbellaterra.com\/es\/renovacion-del-suelo-de-parquet-bungalows-terra-y-terra-confort\/#breadcrumb\"},\"inLanguage\":\"es\",\"potentialAction\":[{\"@type\":\"ReadAction\",\"target\":[\"https:\/\/www.campingbellaterra.com\/es\/renovacion-del-suelo-de-parquet-bungalows-terra-y-terra-confort\/\"]}]},{\"@type\":\"ImageObject\",\"inLanguage\":\"es\",\"@id\":\"https:\/\/www.campingbellaterra.com\/es\/renovacion-del-suelo-de-parquet-bungalows-terra-y-terra-confort\/#primaryimage\",\"url\":\"https:\/\/www.campingbellaterra.com\/wp-content\/uploads\/bungalows-terra-3.jpg\",\"contentUrl\":\"https:\/\/www.campingbellaterra.com\/wp-content\/uploads\/bungalows-terra-3.jpg\",\"width\":1500,\"height\":808,\"caption\":\"Renovaci\u00f3 del terra de parquet als bungalows Terra i Terra Confort\"},{\"@type\":\"BreadcrumbList\",\"@id\":\"https:\/\/www.campingbellaterra.com\/es\/renovacion-del-suelo-de-parquet-bungalows-terra-y-terra-confort\/#breadcrumb\",\"itemListElement\":[{\"@type\":\"ListItem\",\"position\":1,\"name\":\"Inici\",\"item\":\"https:\/\/www.campingbellaterra.com\/es\/\"},{\"@type\":\"ListItem\",\"position\":2,\"name\":\"Renovaci\u00f3n del suelo de parquet en los bungalows Terra y Terra Confort\"}]},{\"@type\":\"WebSite\",\"@id\":\"https:\/\/www.campingbellaterra.com\/es\/#website\",\"url\":\"https:\/\/www.campingbellaterra.com\/es\/\",\"name\":\"Camping Bella Terra\",\"description\":\"Tu camping familiar en la Costa Brava\",\"publisher\":{\"@id\":\"https:\/\/www.campingbellaterra.com\/es\/#organization\"},\"potentialAction\":[{\"@type\":\"SearchAction\",\"target\":{\"@type\":\"EntryPoint\",\"urlTemplate\":\"https:\/\/www.campingbellaterra.com\/es\/?s={search_term_string}\"},\"query-input\":{\"@type\":\"PropertyValueSpecification\",\"valueRequired\":true,\"valueName\":\"search_term_string\"}}],\"inLanguage\":\"es\"},{\"@type\":\"Organization\",\"@id\":\"https:\/\/www.campingbellaterra.com\/es\/#organization\",\"name\":\"Camping Bella Terra\",\"url\":\"https:\/\/www.campingbellaterra.com\/es\/\",\"logo\":{\"@type\":\"ImageObject\",\"inLanguage\":\"es\",\"@id\":\"https:\/\/www.campingbellaterra.com\/es\/#\/schema\/logo\/image\/\",\"url\":\"https:\/\/www.campingbellaterra.com\/wp-content\/uploads\/logo6.svg\",\"contentUrl\":\"https:\/\/www.campingbellaterra.com\/wp-content\/uploads\/logo6.svg\",\"width\":\"2048\",\"height\":\"2048\",\"caption\":\"Camping Bella Terra\"},\"image\":{\"@id\":\"https:\/\/www.campingbellaterra.com\/es\/#\/schema\/logo\/image\/\"},\"sameAs\":[\"https:\/\/www.facebook.com\/campingbellaterra\/\",\"https:\/\/x.com\/cbellaterra\",\"https:\/\/www.instagram.com\/campingbellaterra\/\",\"https:\/\/www.youtube.com\/c\/Camping-Bellaterra-Blanes\",\"https:\/\/www.tripadvisor.es\/Hotel_Review-g580331-d3328184-Reviews-Camping_Bella_Terra-Blanes_Costa_Brava_Province_of_Girona_Catalonia.html\"]},{\"@type\":\"Person\",\"@id\":\"https:\/\/www.campingbellaterra.com\/es\/#\/schema\/person\/d55882bf9a4557623a111e53bebd64fa\",\"name\":\"edeon\",\"image\":{\"@type\":\"ImageObject\",\"inLanguage\":\"es\",\"@id\":\"https:\/\/www.campingbellaterra.com\/es\/#\/schema\/person\/image\/\",\"url\":\"https:\/\/secure.gravatar.com\/avatar\/0acf6853c1331223f1e6dd9315f43b6c193357018427cf6629ed42a07a8ab707?s=96&d=mm&r=g\",\"contentUrl\":\"https:\/\/secure.gravatar.com\/avatar\/0acf6853c1331223f1e6dd9315f43b6c193357018427cf6629ed42a07a8ab707?s=96&d=mm&r=g\",\"caption\":\"edeon\"},\"url\":\"https:\/\/www.campingbellaterra.com\/es\/author\/edeon\/\"}]}<\/script>\n<!-- \/ Yoast SEO plugin. -->","yoast_head_json":{"title":"Renovaci\u00f3n del suelo en los bungalows Terra y Terra Confort","description":"En el Camping Bella Terra hemos renovado por completo el suelo de parquet de todos los bungalows Terra y Terra Confort","robots":{"index":"index","follow":"follow","max-snippet":"max-snippet:-1","max-image-preview":"max-image-preview:large","max-video-preview":"max-video-preview:-1"},"canonical":"https:\/\/www.campingbellaterra.com\/es\/renovacion-del-suelo-de-parquet-bungalows-terra-y-terra-confort\/","og_locale":"es_ES","og_type":"article","og_title":"Renovaci\u00f3n del suelo en los bungalows Terra y Terra Confort","og_description":"En el Camping Bella Terra hemos renovado por completo el suelo de parquet de todos los bungalows Terra y Terra Confort","og_url":"https:\/\/www.campingbellaterra.com\/es\/renovacion-del-suelo-de-parquet-bungalows-terra-y-terra-confort\/","og_site_name":"Camping Bella Terra","article_publisher":"https:\/\/www.facebook.com\/campingbellaterra\/","article_published_time":"2025-02-10T13:30:01+00:00","article_modified_time":"2025-02-10T13:30:03+00:00","og_image":[{"width":1500,"height":808,"url":"https:\/\/www.campingbellaterra.com\/wp-content\/uploads\/bungalows-terra-3.jpg","type":"image\/jpeg"}],"author":"edeon","twitter_card":"summary_large_image","twitter_creator":"@cbellaterra","twitter_site":"@cbellaterra","twitter_misc":{"Escrito por":"edeon","Tiempo de lectura":"2 minutos"},"schema":{"@context":"https:\/\/schema.org","@graph":[{"@type":"Article","@id":"https:\/\/www.campingbellaterra.com\/es\/renovacion-del-suelo-de-parquet-bungalows-terra-y-terra-confort\/#article","isPartOf":{"@id":"https:\/\/www.campingbellaterra.com\/es\/renovacion-del-suelo-de-parquet-bungalows-terra-y-terra-confort\/"},"author":{"name":"edeon","@id":"https:\/\/www.campingbellaterra.com\/es\/#\/schema\/person\/d55882bf9a4557623a111e53bebd64fa"},"headline":"Renovaci\u00f3n del suelo de parquet en los bungalows Terra y Terra Confort","datePublished":"2025-02-10T13:30:01+00:00","dateModified":"2025-02-10T13:30:03+00:00","mainEntityOfPage":{"@id":"https:\/\/www.campingbellaterra.com\/es\/renovacion-del-suelo-de-parquet-bungalows-terra-y-terra-confort\/"},"wordCount":163,"publisher":{"@id":"https:\/\/www.campingbellaterra.com\/es\/#organization"},"image":{"@id":"https:\/\/www.campingbellaterra.com\/es\/renovacion-del-suelo-de-parquet-bungalows-terra-y-terra-confort\/#primaryimage"},"thumbnailUrl":"https:\/\/www.campingbellaterra.com\/wp-content\/uploads\/bungalows-terra-3.jpg","keywords":["BUNGALOWS"],"articleSection":["Bungalows"],"inLanguage":"es"},{"@type":"WebPage","@id":"https:\/\/www.campingbellaterra.com\/es\/renovacion-del-suelo-de-parquet-bungalows-terra-y-terra-confort\/","url":"https:\/\/www.campingbellaterra.com\/es\/renovacion-del-suelo-de-parquet-bungalows-terra-y-terra-confort\/","name":"Renovaci\u00f3n del suelo en los bungalows Terra y Terra Confort","isPartOf":{"@id":"https:\/\/www.campingbellaterra.com\/es\/#website"},"primaryImageOfPage":{"@id":"https:\/\/www.campingbellaterra.com\/es\/renovacion-del-suelo-de-parquet-bungalows-terra-y-terra-confort\/#primaryimage"},"image":{"@id":"https:\/\/www.campingbellaterra.com\/es\/renovacion-del-suelo-de-parquet-bungalows-terra-y-terra-confort\/#primaryimage"},"thumbnailUrl":"https:\/\/www.campingbellaterra.com\/wp-content\/uploads\/bungalows-terra-3.jpg","datePublished":"2025-02-10T13:30:01+00:00","dateModified":"2025-02-10T13:30:03+00:00","description":"En el Camping Bella Terra hemos renovado por completo el suelo de parquet de todos los bungalows Terra y Terra Confort","breadcrumb":{"@id":"https:\/\/www.campingbellaterra.com\/es\/renovacion-del-suelo-de-parquet-bungalows-terra-y-terra-confort\/#breadcrumb"},"inLanguage":"es","potentialAction":[{"@type":"ReadAction","target":["https:\/\/www.campingbellaterra.com\/es\/renovacion-del-suelo-de-parquet-bungalows-terra-y-terra-confort\/"]}]},{"@type":"ImageObject","inLanguage":"es","@id":"https:\/\/www.campingbellaterra.com\/es\/renovacion-del-suelo-de-parquet-bungalows-terra-y-terra-confort\/#primaryimage","url":"https:\/\/www.campingbellaterra.com\/wp-content\/uploads\/bungalows-terra-3.jpg","contentUrl":"https:\/\/www.campingbellaterra.com\/wp-content\/uploads\/bungalows-terra-3.jpg","width":1500,"height":808,"caption":"Renovaci\u00f3 del terra de parquet als bungalows Terra i Terra Confort"},{"@type":"BreadcrumbList","@id":"https:\/\/www.campingbellaterra.com\/es\/renovacion-del-suelo-de-parquet-bungalows-terra-y-terra-confort\/#breadcrumb","itemListElement":[{"@type":"ListItem","position":1,"name":"Inici","item":"https:\/\/www.campingbellaterra.com\/es\/"},{"@type":"ListItem","position":2,"name":"Renovaci\u00f3n del suelo de parquet en los bungalows Terra y Terra Confort"}]},{"@type":"WebSite","@id":"https:\/\/www.campingbellaterra.com\/es\/#website","url":"https:\/\/www.campingbellaterra.com\/es\/","name":"Camping Bella Terra","description":"Tu camping familiar en la Costa Brava","publisher":{"@id":"https:\/\/www.campingbellaterra.com\/es\/#organization"},"potentialAction":[{"@type":"SearchAction","target":{"@type":"EntryPoint","urlTemplate":"https:\/\/www.campingbellaterra.com\/es\/?s={search_term_string}"},"query-input":{"@type":"PropertyValueSpecification","valueRequired":true,"valueName":"search_term_string"}}],"inLanguage":"es"},{"@type":"Organization","@id":"https:\/\/www.campingbellaterra.com\/es\/#organization","name":"Camping Bella Terra","url":"https:\/\/www.campingbellaterra.com\/es\/","logo":{"@type":"ImageObject","inLanguage":"es","@id":"https:\/\/www.campingbellaterra.com\/es\/#\/schema\/logo\/image\/","url":"https:\/\/www.campingbellaterra.com\/wp-content\/uploads\/logo6.svg","contentUrl":"https:\/\/www.campingbellaterra.com\/wp-content\/uploads\/logo6.svg","width":"2048","height":"2048","caption":"Camping Bella Terra"},"image":{"@id":"https:\/\/www.campingbellaterra.com\/es\/#\/schema\/logo\/image\/"},"sameAs":["https:\/\/www.facebook.com\/campingbellaterra\/","https:\/\/x.com\/cbellaterra","https:\/\/www.instagram.com\/campingbellaterra\/","https:\/\/www.youtube.com\/c\/Camping-Bellaterra-Blanes","https:\/\/www.tripadvisor.es\/Hotel_Review-g580331-d3328184-Reviews-Camping_Bella_Terra-Blanes_Costa_Brava_Province_of_Girona_Catalonia.html"]},{"@type":"Person","@id":"https:\/\/www.campingbellaterra.com\/es\/#\/schema\/person\/d55882bf9a4557623a111e53bebd64fa","name":"edeon","image":{"@type":"ImageObject","inLanguage":"es","@id":"https:\/\/www.campingbellaterra.com\/es\/#\/schema\/person\/image\/","url":"https:\/\/secure.gravatar.com\/avatar\/0acf6853c1331223f1e6dd9315f43b6c193357018427cf6629ed42a07a8ab707?s=96&d=mm&r=g","contentUrl":"https:\/\/secure.gravatar.com\/avatar\/0acf6853c1331223f1e6dd9315f43b6c193357018427cf6629ed42a07a8ab707?s=96&d=mm&r=g","caption":"edeon"},"url":"https:\/\/www.campingbellaterra.com\/es\/author\/edeon\/"}]}},"_links":{"self":[{"href":"https:\/\/www.campingbellaterra.com\/es\/wp-json\/wp\/v2\/posts\/20656","targetHints":{"allow":["GET"]}}],"collection":[{"href":"https:\/\/www.campingbellaterra.com\/es\/wp-json\/wp\/v2\/posts"}],"about":[{"href":"https:\/\/www.campingbellaterra.com\/es\/wp-json\/wp\/v2\/types\/post"}],"author":[{"embeddable":true,"href":"https:\/\/www.campingbellaterra.com\/es\/wp-json\/wp\/v2\/users\/3"}],"replies":[{"embeddable":true,"href":"https:\/\/www.campingbellaterra.com\/es\/wp-json\/wp\/v2\/comments?post=20656"}],"version-history":[{"count":1,"href":"https:\/\/www.campingbellaterra.com\/es\/wp-json\/wp\/v2\/posts\/20656\/revisions"}],"predecessor-version":[{"id":20664,"href":"https:\/\/www.campingbellaterra.com\/es\/wp-json\/wp\/v2\/posts\/20656\/revisions\/20664"}],"wp:featuredmedia":[{"embeddable":true,"href":"https:\/\/www.campingbellaterra.com\/es\/wp-json\/wp\/v2\/media\/20655"}],"wp:attachment":[{"href":"https:\/\/www.campingbellaterra.com\/es\/wp-json\/wp\/v2\/media?parent=20656"}],"wp:term":[{"taxonomy":"category","embeddable":true,"href":"https:\/\/www.campingbellaterra.com\/es\/wp-json\/wp\/v2\/categories?post=20656"},{"taxonomy":"post_tag","embeddable":true,"href":"https:\/\/www.campingbellaterra.com\/es\/wp-json\/wp\/v2\/tags?post=20656"}],"curies":[{"name":"wp","href":"https:\/\/api.w.org\/{rel}","templated":true}]}}