{"id":21123,"date":"2025-07-31T08:11:46","date_gmt":"2025-07-31T06:11:46","guid":{"rendered":"https:\/\/www.campingbellaterra.com\/?p=21123"},"modified":"2025-07-31T08:29:49","modified_gmt":"2025-07-31T06:29:49","slug":"el-camping-bella-terra-estrena-punto-de-recarga-para-vehiculos-electricos","status":"publish","type":"post","link":"https:\/\/www.campingbellaterra.com\/es\/el-camping-bella-terra-estrena-punto-de-recarga-para-vehiculos-electricos\/","title":{"rendered":"El Camping Bella Terra estrena punto de recarga para veh\u00edculos el\u00e9ctricos"},"content":{"rendered":"\n<p>En el <strong>Camping Bella Terra<\/strong> seguimos avanzando hacia un modelo de turismo m\u00e1s responsable, sostenible y respetuoso con el medio ambiente. Por eso, recientemente hemos instalado un nuevo <strong>punto de recarga para veh\u00edculos el\u00e9ctricos<\/strong>, con el objetivo de dar respuesta a las crecientes necesidades de nuestros campistas y seguir promoviendo la <strong>movilidad sostenible<\/strong>.<\/p>\n\n\n\n<p>Este nuevo servicio permite cargar c\u00f3modamente el veh\u00edculo mientras se disfruta de la estancia en el camping. La infraestructura es moderna, segura y compatible con la mayor\u00eda de modelos el\u00e9ctricos del mercado.<\/p>\n\n\n\n<h3 class=\"wp-block-heading\">Comprometidos con el medio ambiente<\/h3>\n\n\n\n<p><em>\u00abCada vez son m\u00e1s las personas que viajan con veh\u00edculo el\u00e9ctrico, y queremos facilitar su estancia ofreciendo servicios adaptados a sus necesidades. Apostamos por acciones concretas que nos ayuden a reducir el impacto ambiental, y la incorporaci\u00f3n de puntos de recarga es una de ellas. Forma parte de nuestro compromiso con la descarbonizaci\u00f3n, la eficiencia energ\u00e9tica y la apuesta por un turismo m\u00e1s verde\u00bb<\/em>, afirma <strong>Vicen\u00e7 Fern\u00e0ndez<\/strong>, director del <a href=\"https:\/\/www.campingbellaterra.com\/es\/servicios\/\">Camping Bella Terra<\/a>.<\/p>\n\n\n\n<p>Este paso es solo uno de muchos que est\u00e1n por venir. En el <strong>Camping Bella Terra<\/strong>, avanzamos contigo\u2026 y con el planeta.<\/p>\n","protected":false},"excerpt":{"rendered":"<p>En el Camping Bella Terra seguimos avanzando hacia un modelo de turismo m\u00e1s responsable, sostenible y respetuoso con el medio ambiente. Por eso, recientemente hemos&#8230;<\/p>\n","protected":false},"author":3,"featured_media":21121,"comment_status":"closed","ping_status":"closed","sticky":false,"template":"","format":"standard","meta":{"_acf_changed":false,"inline_featured_image":false,"_monsterinsights_skip_tracking":false,"_monsterinsights_sitenote_active":false,"_monsterinsights_sitenote_note":"","_monsterinsights_sitenote_category":0,"footnotes":""},"categories":[2339],"tags":[2456],"class_list":["post-21123","post","type-post","status-publish","format-standard","has-post-thumbnail","hentry","category-servicios","tag-vehiculos-electricos"],"acf":[],"yoast_head":"<!-- This site is optimized with the Yoast SEO plugin v27.0 - https:\/\/yoast.com\/product\/yoast-seo-wordpress\/ -->\n<title>Punto de recarga para veh\u00edculos el\u00e9ctricos<\/title>\n<meta name=\"description\" content=\"Recientemente hemos instalado un nuevo punto de recarga para veh\u00edculos el\u00e9ctricos, con el objetivo de dar respuesta a las crecientes necesidades de nuestros campistas\" \/>\n<meta name=\"robots\" content=\"index, follow, max-snippet:-1, max-image-preview:large, max-video-preview:-1\" \/>\n<link rel=\"canonical\" href=\"https:\/\/www.campingbellaterra.com\/es\/el-camping-bella-terra-estrena-punto-de-recarga-para-vehiculos-electricos\/\" \/>\n<meta property=\"og:locale\" content=\"es_ES\" \/>\n<meta property=\"og:type\" content=\"article\" \/>\n<meta property=\"og:title\" content=\"Punto de recarga para veh\u00edculos el\u00e9ctricos\" \/>\n<meta property=\"og:description\" content=\"Recientemente hemos instalado un nuevo punto de recarga para veh\u00edculos el\u00e9ctricos, con el objetivo de dar respuesta a las crecientes necesidades de nuestros campistas\" \/>\n<meta property=\"og:url\" content=\"https:\/\/www.campingbellaterra.com\/es\/el-camping-bella-terra-estrena-punto-de-recarga-para-vehiculos-electricos\/\" \/>\n<meta property=\"og:site_name\" content=\"Camping Bella Terra\" \/>\n<meta property=\"article:publisher\" content=\"https:\/\/www.facebook.com\/campingbellaterra\/\" \/>\n<meta property=\"article:published_time\" content=\"2025-07-31T06:11:46+00:00\" \/>\n<meta property=\"article:modified_time\" content=\"2025-07-31T06:29:49+00:00\" \/>\n<meta property=\"og:image\" content=\"https:\/\/www.campingbellaterra.com\/wp-content\/uploads\/camping-bella-terra-vehicles-electrics.jpg\" \/>\n\t<meta property=\"og:image:width\" content=\"1080\" \/>\n\t<meta property=\"og:image:height\" content=\"606\" \/>\n\t<meta property=\"og:image:type\" content=\"image\/jpeg\" \/>\n<meta name=\"author\" content=\"edeon\" \/>\n<meta name=\"twitter:card\" content=\"summary_large_image\" \/>\n<meta name=\"twitter:creator\" content=\"@cbellaterra\" \/>\n<meta name=\"twitter:site\" content=\"@cbellaterra\" \/>\n<meta name=\"twitter:label1\" content=\"Escrito por\" \/>\n\t<meta name=\"twitter:data1\" content=\"edeon\" \/>\n\t<meta name=\"twitter:label2\" content=\"Tiempo de lectura\" \/>\n\t<meta name=\"twitter:data2\" content=\"2 minutos\" \/>\n<script type=\"application\/ld+json\" class=\"yoast-schema-graph\">{\"@context\":\"https:\/\/schema.org\",\"@graph\":[{\"@type\":\"Article\",\"@id\":\"https:\/\/www.campingbellaterra.com\/es\/el-camping-bella-terra-estrena-punto-de-recarga-para-vehiculos-electricos\/#article\",\"isPartOf\":{\"@id\":\"https:\/\/www.campingbellaterra.com\/es\/el-camping-bella-terra-estrena-punto-de-recarga-para-vehiculos-electricos\/\"},\"author\":{\"name\":\"edeon\",\"@id\":\"https:\/\/www.campingbellaterra.com\/es\/#\/schema\/person\/d55882bf9a4557623a111e53bebd64fa\"},\"headline\":\"El Camping Bella Terra estrena punto de recarga para veh\u00edculos el\u00e9ctricos\",\"datePublished\":\"2025-07-31T06:11:46+00:00\",\"dateModified\":\"2025-07-31T06:29:49+00:00\",\"mainEntityOfPage\":{\"@id\":\"https:\/\/www.campingbellaterra.com\/es\/el-camping-bella-terra-estrena-punto-de-recarga-para-vehiculos-electricos\/\"},\"wordCount\":213,\"publisher\":{\"@id\":\"https:\/\/www.campingbellaterra.com\/es\/#organization\"},\"image\":{\"@id\":\"https:\/\/www.campingbellaterra.com\/es\/el-camping-bella-terra-estrena-punto-de-recarga-para-vehiculos-electricos\/#primaryimage\"},\"thumbnailUrl\":\"https:\/\/www.campingbellaterra.com\/wp-content\/uploads\/camping-bella-terra-vehicles-electrics.jpg\",\"keywords\":[\"veh\u00edculos el\u00e9ctricos\"],\"articleSection\":[\"Servicios\"],\"inLanguage\":\"es\"},{\"@type\":\"WebPage\",\"@id\":\"https:\/\/www.campingbellaterra.com\/es\/el-camping-bella-terra-estrena-punto-de-recarga-para-vehiculos-electricos\/\",\"url\":\"https:\/\/www.campingbellaterra.com\/es\/el-camping-bella-terra-estrena-punto-de-recarga-para-vehiculos-electricos\/\",\"name\":\"Punto de recarga para veh\u00edculos el\u00e9ctricos\",\"isPartOf\":{\"@id\":\"https:\/\/www.campingbellaterra.com\/es\/#website\"},\"primaryImageOfPage\":{\"@id\":\"https:\/\/www.campingbellaterra.com\/es\/el-camping-bella-terra-estrena-punto-de-recarga-para-vehiculos-electricos\/#primaryimage\"},\"image\":{\"@id\":\"https:\/\/www.campingbellaterra.com\/es\/el-camping-bella-terra-estrena-punto-de-recarga-para-vehiculos-electricos\/#primaryimage\"},\"thumbnailUrl\":\"https:\/\/www.campingbellaterra.com\/wp-content\/uploads\/camping-bella-terra-vehicles-electrics.jpg\",\"datePublished\":\"2025-07-31T06:11:46+00:00\",\"dateModified\":\"2025-07-31T06:29:49+00:00\",\"description\":\"Recientemente hemos instalado un nuevo punto de recarga para veh\u00edculos el\u00e9ctricos, con el objetivo de dar respuesta a las crecientes necesidades de nuestros campistas\",\"breadcrumb\":{\"@id\":\"https:\/\/www.campingbellaterra.com\/es\/el-camping-bella-terra-estrena-punto-de-recarga-para-vehiculos-electricos\/#breadcrumb\"},\"inLanguage\":\"es\",\"potentialAction\":[{\"@type\":\"ReadAction\",\"target\":[\"https:\/\/www.campingbellaterra.com\/es\/el-camping-bella-terra-estrena-punto-de-recarga-para-vehiculos-electricos\/\"]}]},{\"@type\":\"ImageObject\",\"inLanguage\":\"es\",\"@id\":\"https:\/\/www.campingbellaterra.com\/es\/el-camping-bella-terra-estrena-punto-de-recarga-para-vehiculos-electricos\/#primaryimage\",\"url\":\"https:\/\/www.campingbellaterra.com\/wp-content\/uploads\/camping-bella-terra-vehicles-electrics.jpg\",\"contentUrl\":\"https:\/\/www.campingbellaterra.com\/wp-content\/uploads\/camping-bella-terra-vehicles-electrics.jpg\",\"width\":1080,\"height\":606,\"caption\":\"El C\u00e0mping Bella Terra estrena punt de rec\u00e0rrega per a vehicles el\u00e8ctrics\"},{\"@type\":\"BreadcrumbList\",\"@id\":\"https:\/\/www.campingbellaterra.com\/es\/el-camping-bella-terra-estrena-punto-de-recarga-para-vehiculos-electricos\/#breadcrumb\",\"itemListElement\":[{\"@type\":\"ListItem\",\"position\":1,\"name\":\"Inici\",\"item\":\"https:\/\/www.campingbellaterra.com\/es\/\"},{\"@type\":\"ListItem\",\"position\":2,\"name\":\"El Camping Bella Terra estrena punto de recarga para veh\u00edculos el\u00e9ctricos\"}]},{\"@type\":\"WebSite\",\"@id\":\"https:\/\/www.campingbellaterra.com\/es\/#website\",\"url\":\"https:\/\/www.campingbellaterra.com\/es\/\",\"name\":\"Camping Bella Terra\",\"description\":\"Tu camping familiar en la Costa Brava\",\"publisher\":{\"@id\":\"https:\/\/www.campingbellaterra.com\/es\/#organization\"},\"potentialAction\":[{\"@type\":\"SearchAction\",\"target\":{\"@type\":\"EntryPoint\",\"urlTemplate\":\"https:\/\/www.campingbellaterra.com\/es\/?s={search_term_string}\"},\"query-input\":{\"@type\":\"PropertyValueSpecification\",\"valueRequired\":true,\"valueName\":\"search_term_string\"}}],\"inLanguage\":\"es\"},{\"@type\":\"Organization\",\"@id\":\"https:\/\/www.campingbellaterra.com\/es\/#organization\",\"name\":\"Camping Bella Terra\",\"url\":\"https:\/\/www.campingbellaterra.com\/es\/\",\"logo\":{\"@type\":\"ImageObject\",\"inLanguage\":\"es\",\"@id\":\"https:\/\/www.campingbellaterra.com\/es\/#\/schema\/logo\/image\/\",\"url\":\"https:\/\/www.campingbellaterra.com\/wp-content\/uploads\/logo6.svg\",\"contentUrl\":\"https:\/\/www.campingbellaterra.com\/wp-content\/uploads\/logo6.svg\",\"width\":\"2048\",\"height\":\"2048\",\"caption\":\"Camping Bella Terra\"},\"image\":{\"@id\":\"https:\/\/www.campingbellaterra.com\/es\/#\/schema\/logo\/image\/\"},\"sameAs\":[\"https:\/\/www.facebook.com\/campingbellaterra\/\",\"https:\/\/x.com\/cbellaterra\",\"https:\/\/www.instagram.com\/campingbellaterra\/\",\"https:\/\/www.youtube.com\/c\/Camping-Bellaterra-Blanes\",\"https:\/\/www.tripadvisor.es\/Hotel_Review-g580331-d3328184-Reviews-Camping_Bella_Terra-Blanes_Costa_Brava_Province_of_Girona_Catalonia.html\"]},{\"@type\":\"Person\",\"@id\":\"https:\/\/www.campingbellaterra.com\/es\/#\/schema\/person\/d55882bf9a4557623a111e53bebd64fa\",\"name\":\"edeon\",\"image\":{\"@type\":\"ImageObject\",\"inLanguage\":\"es\",\"@id\":\"https:\/\/www.campingbellaterra.com\/es\/#\/schema\/person\/image\/\",\"url\":\"https:\/\/secure.gravatar.com\/avatar\/0acf6853c1331223f1e6dd9315f43b6c193357018427cf6629ed42a07a8ab707?s=96&d=mm&r=g\",\"contentUrl\":\"https:\/\/secure.gravatar.com\/avatar\/0acf6853c1331223f1e6dd9315f43b6c193357018427cf6629ed42a07a8ab707?s=96&d=mm&r=g\",\"caption\":\"edeon\"},\"url\":\"https:\/\/www.campingbellaterra.com\/es\/author\/edeon\/\"}]}<\/script>\n<!-- \/ Yoast SEO plugin. -->","yoast_head_json":{"title":"Punto de recarga para veh\u00edculos el\u00e9ctricos","description":"Recientemente hemos instalado un nuevo punto de recarga para veh\u00edculos el\u00e9ctricos, con el objetivo de dar respuesta a las crecientes necesidades de nuestros campistas","robots":{"index":"index","follow":"follow","max-snippet":"max-snippet:-1","max-image-preview":"max-image-preview:large","max-video-preview":"max-video-preview:-1"},"canonical":"https:\/\/www.campingbellaterra.com\/es\/el-camping-bella-terra-estrena-punto-de-recarga-para-vehiculos-electricos\/","og_locale":"es_ES","og_type":"article","og_title":"Punto de recarga para veh\u00edculos el\u00e9ctricos","og_description":"Recientemente hemos instalado un nuevo punto de recarga para veh\u00edculos el\u00e9ctricos, con el objetivo de dar respuesta a las crecientes necesidades de nuestros campistas","og_url":"https:\/\/www.campingbellaterra.com\/es\/el-camping-bella-terra-estrena-punto-de-recarga-para-vehiculos-electricos\/","og_site_name":"Camping Bella Terra","article_publisher":"https:\/\/www.facebook.com\/campingbellaterra\/","article_published_time":"2025-07-31T06:11:46+00:00","article_modified_time":"2025-07-31T06:29:49+00:00","og_image":[{"width":1080,"height":606,"url":"https:\/\/www.campingbellaterra.com\/wp-content\/uploads\/camping-bella-terra-vehicles-electrics.jpg","type":"image\/jpeg"}],"author":"edeon","twitter_card":"summary_large_image","twitter_creator":"@cbellaterra","twitter_site":"@cbellaterra","twitter_misc":{"Escrito por":"edeon","Tiempo de lectura":"2 minutos"},"schema":{"@context":"https:\/\/schema.org","@graph":[{"@type":"Article","@id":"https:\/\/www.campingbellaterra.com\/es\/el-camping-bella-terra-estrena-punto-de-recarga-para-vehiculos-electricos\/#article","isPartOf":{"@id":"https:\/\/www.campingbellaterra.com\/es\/el-camping-bella-terra-estrena-punto-de-recarga-para-vehiculos-electricos\/"},"author":{"name":"edeon","@id":"https:\/\/www.campingbellaterra.com\/es\/#\/schema\/person\/d55882bf9a4557623a111e53bebd64fa"},"headline":"El Camping Bella Terra estrena punto de recarga para veh\u00edculos el\u00e9ctricos","datePublished":"2025-07-31T06:11:46+00:00","dateModified":"2025-07-31T06:29:49+00:00","mainEntityOfPage":{"@id":"https:\/\/www.campingbellaterra.com\/es\/el-camping-bella-terra-estrena-punto-de-recarga-para-vehiculos-electricos\/"},"wordCount":213,"publisher":{"@id":"https:\/\/www.campingbellaterra.com\/es\/#organization"},"image":{"@id":"https:\/\/www.campingbellaterra.com\/es\/el-camping-bella-terra-estrena-punto-de-recarga-para-vehiculos-electricos\/#primaryimage"},"thumbnailUrl":"https:\/\/www.campingbellaterra.com\/wp-content\/uploads\/camping-bella-terra-vehicles-electrics.jpg","keywords":["veh\u00edculos el\u00e9ctricos"],"articleSection":["Servicios"],"inLanguage":"es"},{"@type":"WebPage","@id":"https:\/\/www.campingbellaterra.com\/es\/el-camping-bella-terra-estrena-punto-de-recarga-para-vehiculos-electricos\/","url":"https:\/\/www.campingbellaterra.com\/es\/el-camping-bella-terra-estrena-punto-de-recarga-para-vehiculos-electricos\/","name":"Punto de recarga para veh\u00edculos el\u00e9ctricos","isPartOf":{"@id":"https:\/\/www.campingbellaterra.com\/es\/#website"},"primaryImageOfPage":{"@id":"https:\/\/www.campingbellaterra.com\/es\/el-camping-bella-terra-estrena-punto-de-recarga-para-vehiculos-electricos\/#primaryimage"},"image":{"@id":"https:\/\/www.campingbellaterra.com\/es\/el-camping-bella-terra-estrena-punto-de-recarga-para-vehiculos-electricos\/#primaryimage"},"thumbnailUrl":"https:\/\/www.campingbellaterra.com\/wp-content\/uploads\/camping-bella-terra-vehicles-electrics.jpg","datePublished":"2025-07-31T06:11:46+00:00","dateModified":"2025-07-31T06:29:49+00:00","description":"Recientemente hemos instalado un nuevo punto de recarga para veh\u00edculos el\u00e9ctricos, con el objetivo de dar respuesta a las crecientes necesidades de nuestros campistas","breadcrumb":{"@id":"https:\/\/www.campingbellaterra.com\/es\/el-camping-bella-terra-estrena-punto-de-recarga-para-vehiculos-electricos\/#breadcrumb"},"inLanguage":"es","potentialAction":[{"@type":"ReadAction","target":["https:\/\/www.campingbellaterra.com\/es\/el-camping-bella-terra-estrena-punto-de-recarga-para-vehiculos-electricos\/"]}]},{"@type":"ImageObject","inLanguage":"es","@id":"https:\/\/www.campingbellaterra.com\/es\/el-camping-bella-terra-estrena-punto-de-recarga-para-vehiculos-electricos\/#primaryimage","url":"https:\/\/www.campingbellaterra.com\/wp-content\/uploads\/camping-bella-terra-vehicles-electrics.jpg","contentUrl":"https:\/\/www.campingbellaterra.com\/wp-content\/uploads\/camping-bella-terra-vehicles-electrics.jpg","width":1080,"height":606,"caption":"El C\u00e0mping Bella Terra estrena punt de rec\u00e0rrega per a vehicles el\u00e8ctrics"},{"@type":"BreadcrumbList","@id":"https:\/\/www.campingbellaterra.com\/es\/el-camping-bella-terra-estrena-punto-de-recarga-para-vehiculos-electricos\/#breadcrumb","itemListElement":[{"@type":"ListItem","position":1,"name":"Inici","item":"https:\/\/www.campingbellaterra.com\/es\/"},{"@type":"ListItem","position":2,"name":"El Camping Bella Terra estrena punto de recarga para veh\u00edculos el\u00e9ctricos"}]},{"@type":"WebSite","@id":"https:\/\/www.campingbellaterra.com\/es\/#website","url":"https:\/\/www.campingbellaterra.com\/es\/","name":"Camping Bella Terra","description":"Tu camping familiar en la Costa Brava","publisher":{"@id":"https:\/\/www.campingbellaterra.com\/es\/#organization"},"potentialAction":[{"@type":"SearchAction","target":{"@type":"EntryPoint","urlTemplate":"https:\/\/www.campingbellaterra.com\/es\/?s={search_term_string}"},"query-input":{"@type":"PropertyValueSpecification","valueRequired":true,"valueName":"search_term_string"}}],"inLanguage":"es"},{"@type":"Organization","@id":"https:\/\/www.campingbellaterra.com\/es\/#organization","name":"Camping Bella Terra","url":"https:\/\/www.campingbellaterra.com\/es\/","logo":{"@type":"ImageObject","inLanguage":"es","@id":"https:\/\/www.campingbellaterra.com\/es\/#\/schema\/logo\/image\/","url":"https:\/\/www.campingbellaterra.com\/wp-content\/uploads\/logo6.svg","contentUrl":"https:\/\/www.campingbellaterra.com\/wp-content\/uploads\/logo6.svg","width":"2048","height":"2048","caption":"Camping Bella Terra"},"image":{"@id":"https:\/\/www.campingbellaterra.com\/es\/#\/schema\/logo\/image\/"},"sameAs":["https:\/\/www.facebook.com\/campingbellaterra\/","https:\/\/x.com\/cbellaterra","https:\/\/www.instagram.com\/campingbellaterra\/","https:\/\/www.youtube.com\/c\/Camping-Bellaterra-Blanes","https:\/\/www.tripadvisor.es\/Hotel_Review-g580331-d3328184-Reviews-Camping_Bella_Terra-Blanes_Costa_Brava_Province_of_Girona_Catalonia.html"]},{"@type":"Person","@id":"https:\/\/www.campingbellaterra.com\/es\/#\/schema\/person\/d55882bf9a4557623a111e53bebd64fa","name":"edeon","image":{"@type":"ImageObject","inLanguage":"es","@id":"https:\/\/www.campingbellaterra.com\/es\/#\/schema\/person\/image\/","url":"https:\/\/secure.gravatar.com\/avatar\/0acf6853c1331223f1e6dd9315f43b6c193357018427cf6629ed42a07a8ab707?s=96&d=mm&r=g","contentUrl":"https:\/\/secure.gravatar.com\/avatar\/0acf6853c1331223f1e6dd9315f43b6c193357018427cf6629ed42a07a8ab707?s=96&d=mm&r=g","caption":"edeon"},"url":"https:\/\/www.campingbellaterra.com\/es\/author\/edeon\/"}]}},"_links":{"self":[{"href":"https:\/\/www.campingbellaterra.com\/es\/wp-json\/wp\/v2\/posts\/21123","targetHints":{"allow":["GET"]}}],"collection":[{"href":"https:\/\/www.campingbellaterra.com\/es\/wp-json\/wp\/v2\/posts"}],"about":[{"href":"https:\/\/www.campingbellaterra.com\/es\/wp-json\/wp\/v2\/types\/post"}],"author":[{"embeddable":true,"href":"https:\/\/www.campingbellaterra.com\/es\/wp-json\/wp\/v2\/users\/3"}],"replies":[{"embeddable":true,"href":"https:\/\/www.campingbellaterra.com\/es\/wp-json\/wp\/v2\/comments?post=21123"}],"version-history":[{"count":2,"href":"https:\/\/www.campingbellaterra.com\/es\/wp-json\/wp\/v2\/posts\/21123\/revisions"}],"predecessor-version":[{"id":21147,"href":"https:\/\/www.campingbellaterra.com\/es\/wp-json\/wp\/v2\/posts\/21123\/revisions\/21147"}],"wp:featuredmedia":[{"embeddable":true,"href":"https:\/\/www.campingbellaterra.com\/es\/wp-json\/wp\/v2\/media\/21121"}],"wp:attachment":[{"href":"https:\/\/www.campingbellaterra.com\/es\/wp-json\/wp\/v2\/media?parent=21123"}],"wp:term":[{"taxonomy":"category","embeddable":true,"href":"https:\/\/www.campingbellaterra.com\/es\/wp-json\/wp\/v2\/categories?post=21123"},{"taxonomy":"post_tag","embeddable":true,"href":"https:\/\/www.campingbellaterra.com\/es\/wp-json\/wp\/v2\/tags?post=21123"}],"curies":[{"name":"wp","href":"https:\/\/api.w.org\/{rel}","templated":true}]}}