{"id":6656,"date":"2016-08-25T10:51:08","date_gmt":"2016-08-25T08:51:08","guid":{"rendered":"https:\/\/www.campingbellaterra.com\/2017\/01\/13\/que-visitar-en-blanes\/"},"modified":"2022-04-11T16:44:41","modified_gmt":"2022-04-11T14:44:41","slug":"que-visitar-en-blanes","status":"publish","type":"post","link":"https:\/\/www.campingbellaterra.com\/es\/que-visitar-en-blanes\/","title":{"rendered":"Qu\u00e9 visitar y qu\u00e9 hacer en Blanes?"},"content":{"rendered":"<p><strong>Blanes<\/strong>&nbsp;fue la primera poblaci\u00f3n de la <strong>Costa Brava<\/strong> en obtener el Certificado de Destino Familiar el a\u00f1o 2007 gracias a su amplia oferta de alojamientos y restaurantes con una especial atenci\u00f3n a los m\u00e1s peque\u00f1os. <strong>Parques infantiles, \u00e1reas de juego, h\u00edpica, karting, vela, actividades l\u00fadicas en museos&#8230;<\/strong>tus hijos no se aburrir\u00e1n ni un momento y podr\u00e1s disfrutar con ellos de cada instante! Adem\u00e1s, cuenta con una gran oferta de espacios para visitar y recorrer el pueblo a trav\u00e9s de su historia.<\/p>\n<p>Por lo que respecta a los Jardines, dispone de dos joyas reconocidas a nivel internacional como son el <strong>Jard\u00edn Bot\u00e1nico Mar i Murtra\u00bb<\/strong>&nbsp;y el<strong>&nbsp;\u00abJard\u00edn tropical Pinya de Rosa\u00bb<\/strong>, itinerarios imprescindibles en tu <strong>estancia en Blanes<\/strong>.<\/p>\n<p><!--more--><\/p>\n<p>El Jard\u00edn bot\u00e1nico Mar i Murtra es uno de los mas interesantes en lo que respecta al paisaje y recibe unos cien mil visitantes al a\u00f1o que recorren los caminos que bordeando los acantilados desde donde se aprecia una de las panor\u00e1micas m\u00e1s bellas de la&nbsp;<strong>Costa Brava<\/strong>.<\/p>\n<p>El Pinya de Rosa, por su parte, se encuentra situado a las afueras de la poblaci\u00f3n en una finca de 50 hect\u00e1reas y representa una de las bibliotecas cactol\u00f3gicas vivientes m\u00e1s interesantes de Europa.<\/p>\n<p>En cuanto a los monumentos,&nbsp;<strong>Blanes<\/strong>&nbsp;ha sabido adaptarse a los nuevos tiempos sin olvidar los or\u00edgenes y virtudes que hacen que los visitantes se sientan como en casa.<\/p>\n<p>En el punto m\u00e1s alto de la ciudad se eleva el <strong>monta\u00f1a de Sant Joan<\/strong>&nbsp;con los restos del castillo que a\u00fan conserva una esbelta torre del siglo XI. En el n\u00facleo urbano hay casas decimon\u00f3nicas e importantes vestigios g\u00f3ticos como la \u00abFont G\u00f3tica\u00bb junto a la <strong>Iglesia de Santa Mar\u00eda<\/strong>, antiguo palacio de los Vizcondes de Cabrera del siglo XIV.<\/p>\n\n\t\t<style type=\"text\/css\">\n\t\t\t#gallery-1 {\n\t\t\t\tmargin: auto;\n\t\t\t}\n\t\t\t#gallery-1 .gallery-item {\n\t\t\t\tfloat: left;\n\t\t\t\tmargin-top: 10px;\n\t\t\t\ttext-align: center;\n\t\t\t\twidth: 33%;\n\t\t\t}\n\t\t\t#gallery-1 img {\n\t\t\t\tborder: 2px solid #cfcfcf;\n\t\t\t}\n\t\t\t#gallery-1 .gallery-caption {\n\t\t\t\tmargin-left: 0;\n\t\t\t}\n\t\t\t\/* see gallery_shortcode() in wp-includes\/media.php *\/\n\t\t<\/style>\n\t\t<div id=\"gallery-1\" class=\"gallery galleryid-6656 gallery-columns-3 gallery-size-thumbnail\"><dl class=\"gallery-item\">\n\t\t\t<dt class=\"gallery-icon landscape\">\n\t\t\t\t<a class=\"image-link\" href=\"https:\/\/www.campingbellaterra.com\/es\/attachment-esglesia-santa-maria-blanes-2\/\"><noscript><img decoding=\"async\" width=\"200\" height=\"200\" src=\"https:\/\/www.campingbellaterra.com\/wp-content\/uploads\/https:\/\/www.campingbellaterra.com\/media\/k2\/galleries\/241\/esglesia-santa-maria-blanes-200x200.jpg\" class=\"attachment-thumbnail size-thumbnail\" alt><\/noscript><img decoding=\"async\" width=\"200\" height=\"200\" src=\"data:image\/svg+xml,%3Csvg%20xmlns%3D%22http%3A%2F%2Fwww.w3.org%2F2000%2Fsvg%22%20viewBox%3D%220%200%20200%20200%22%3E%3C%2Fsvg%3E\" class=\"attachment-thumbnail size-thumbnail lazyload\" alt data-src=\"https:\/\/www.campingbellaterra.com\/wp-content\/uploads\/https:\/\/www.campingbellaterra.com\/media\/k2\/galleries\/241\/esglesia-santa-maria-blanes-200x200.jpg\"><\/a>\n\t\t\t<\/dt><\/dl><dl class=\"gallery-item\">\n\t\t\t<dt class=\"gallery-icon landscape\">\n\t\t\t\t<a class=\"image-link\" href=\"https:\/\/www.campingbellaterra.com\/es\/attachment-focs-2\/\"><noscript><img decoding=\"async\" width=\"200\" height=\"200\" src=\"https:\/\/www.campingbellaterra.com\/wp-content\/uploads\/https:\/\/www.campingbellaterra.com\/media\/k2\/galleries\/241\/focs-200x200.jpg\" class=\"attachment-thumbnail size-thumbnail\" alt><\/noscript><img decoding=\"async\" width=\"200\" height=\"200\" src=\"data:image\/svg+xml,%3Csvg%20xmlns%3D%22http%3A%2F%2Fwww.w3.org%2F2000%2Fsvg%22%20viewBox%3D%220%200%20200%20200%22%3E%3C%2Fsvg%3E\" class=\"attachment-thumbnail size-thumbnail lazyload\" alt data-src=\"https:\/\/www.campingbellaterra.com\/wp-content\/uploads\/https:\/\/www.campingbellaterra.com\/media\/k2\/galleries\/241\/focs-200x200.jpg\"><\/a>\n\t\t\t<\/dt><\/dl><dl class=\"gallery-item\">\n\t\t\t<dt class=\"gallery-icon landscape\">\n\t\t\t\t<a class=\"image-link\" href=\"https:\/\/www.campingbellaterra.com\/es\/attachment-mar-i-murtra-blanes-2\/\"><noscript><img decoding=\"async\" width=\"200\" height=\"200\" src=\"https:\/\/www.campingbellaterra.com\/wp-content\/uploads\/https:\/\/www.campingbellaterra.com\/media\/k2\/galleries\/241\/mar-i-murtra-blanes-200x200.jpg\" class=\"attachment-thumbnail size-thumbnail\" alt><\/noscript><img decoding=\"async\" width=\"200\" height=\"200\" src=\"data:image\/svg+xml,%3Csvg%20xmlns%3D%22http%3A%2F%2Fwww.w3.org%2F2000%2Fsvg%22%20viewBox%3D%220%200%20200%20200%22%3E%3C%2Fsvg%3E\" class=\"attachment-thumbnail size-thumbnail lazyload\" alt data-src=\"https:\/\/www.campingbellaterra.com\/wp-content\/uploads\/https:\/\/www.campingbellaterra.com\/media\/k2\/galleries\/241\/mar-i-murtra-blanes-200x200.jpg\"><\/a>\n\t\t\t<\/dt><\/dl><br style=\"clear: both\">\n\t\t<\/div>\n\n","protected":false},"excerpt":{"rendered":"<p>Blanes&nbsp;fue la primera poblaci\u00f3n de la Costa Brava en obtener el Certificado de Destino Familiar el a\u00f1o 2007 gracias a su amplia oferta de alojamientos&#8230;<\/p>\n","protected":false},"author":2,"featured_media":8536,"comment_status":"closed","ping_status":"closed","sticky":false,"template":"","format":"standard","meta":{"_acf_changed":false,"inline_featured_image":false,"_monsterinsights_skip_tracking":false,"_monsterinsights_sitenote_active":false,"_monsterinsights_sitenote_note":"","_monsterinsights_sitenote_category":0,"footnotes":""},"categories":[2279],"tags":[],"class_list":["post-6656","post","type-post","status-publish","format-standard","has-post-thumbnail","hentry","category-blog-es"],"acf":[],"yoast_head":"<!-- This site is optimized with the Yoast SEO plugin v27.0 - https:\/\/yoast.com\/product\/yoast-seo-wordpress\/ -->\n<title>Qu\u00e9 visitar y qu\u00e9 hacer en Blanes? - Camping Bella Terra<\/title>\n<meta name=\"robots\" content=\"index, follow, max-snippet:-1, max-image-preview:large, max-video-preview:-1\" \/>\n<link rel=\"canonical\" href=\"https:\/\/www.campingbellaterra.com\/es\/que-visitar-en-blanes\/\" \/>\n<meta property=\"og:locale\" content=\"es_ES\" \/>\n<meta property=\"og:type\" content=\"article\" \/>\n<meta property=\"og:title\" content=\"Qu\u00e9 visitar y qu\u00e9 hacer en Blanes? - Camping Bella Terra\" \/>\n<meta property=\"og:description\" content=\"Blanes&nbsp;fue la primera poblaci\u00f3n de la Costa Brava en obtener el Certificado de Destino Familiar el a\u00f1o 2007 gracias a su amplia oferta de alojamientos...\" \/>\n<meta property=\"og:url\" content=\"https:\/\/www.campingbellaterra.com\/es\/que-visitar-en-blanes\/\" \/>\n<meta property=\"og:site_name\" content=\"Camping Bella Terra\" \/>\n<meta property=\"article:publisher\" content=\"https:\/\/www.facebook.com\/campingbellaterra\/\" \/>\n<meta property=\"article:published_time\" content=\"2016-08-25T08:51:08+00:00\" \/>\n<meta property=\"article:modified_time\" content=\"2022-04-11T14:44:41+00:00\" \/>\n<meta property=\"og:image\" content=\"https:\/\/www.campingbellaterra.com\/wp-content\/uploads\/media\/k2\/items\/src\/f7b9be29873ad525695063e6e748eae3.jpg\" \/>\n\t<meta property=\"og:image:width\" content=\"800\" \/>\n\t<meta property=\"og:image:height\" content=\"600\" \/>\n\t<meta property=\"og:image:type\" content=\"image\/jpeg\" \/>\n<meta name=\"author\" content=\"vado\" \/>\n<meta name=\"twitter:card\" content=\"summary_large_image\" \/>\n<meta name=\"twitter:creator\" content=\"@cbellaterra\" \/>\n<meta name=\"twitter:site\" content=\"@cbellaterra\" \/>\n<meta name=\"twitter:label1\" content=\"Escrito por\" \/>\n\t<meta name=\"twitter:data1\" content=\"vado\" \/>\n\t<meta name=\"twitter:label2\" content=\"Tiempo de lectura\" \/>\n\t<meta name=\"twitter:data2\" content=\"2 minutos\" \/>\n<script type=\"application\/ld+json\" class=\"yoast-schema-graph\">{\"@context\":\"https:\/\/schema.org\",\"@graph\":[{\"@type\":\"Article\",\"@id\":\"https:\/\/www.campingbellaterra.com\/es\/que-visitar-en-blanes\/#article\",\"isPartOf\":{\"@id\":\"https:\/\/www.campingbellaterra.com\/es\/que-visitar-en-blanes\/\"},\"author\":{\"name\":\"vado\",\"@id\":\"https:\/\/www.campingbellaterra.com\/es\/#\/schema\/person\/9dafe106b7fade6dd08664bb60ea89ac\"},\"headline\":\"Qu\u00e9 visitar y qu\u00e9 hacer en Blanes?\",\"datePublished\":\"2016-08-25T08:51:08+00:00\",\"dateModified\":\"2022-04-11T14:44:41+00:00\",\"mainEntityOfPage\":{\"@id\":\"https:\/\/www.campingbellaterra.com\/es\/que-visitar-en-blanes\/\"},\"wordCount\":338,\"publisher\":{\"@id\":\"https:\/\/www.campingbellaterra.com\/es\/#organization\"},\"image\":{\"@id\":\"https:\/\/www.campingbellaterra.com\/es\/que-visitar-en-blanes\/#primaryimage\"},\"thumbnailUrl\":\"https:\/\/www.campingbellaterra.com\/wp-content\/uploads\/media\/k2\/items\/src\/f7b9be29873ad525695063e6e748eae3.jpg\",\"articleSection\":[\"blog\"],\"inLanguage\":\"es\"},{\"@type\":\"WebPage\",\"@id\":\"https:\/\/www.campingbellaterra.com\/es\/que-visitar-en-blanes\/\",\"url\":\"https:\/\/www.campingbellaterra.com\/es\/que-visitar-en-blanes\/\",\"name\":\"Qu\u00e9 visitar y qu\u00e9 hacer en Blanes? - Camping Bella Terra\",\"isPartOf\":{\"@id\":\"https:\/\/www.campingbellaterra.com\/es\/#website\"},\"primaryImageOfPage\":{\"@id\":\"https:\/\/www.campingbellaterra.com\/es\/que-visitar-en-blanes\/#primaryimage\"},\"image\":{\"@id\":\"https:\/\/www.campingbellaterra.com\/es\/que-visitar-en-blanes\/#primaryimage\"},\"thumbnailUrl\":\"https:\/\/www.campingbellaterra.com\/wp-content\/uploads\/media\/k2\/items\/src\/f7b9be29873ad525695063e6e748eae3.jpg\",\"datePublished\":\"2016-08-25T08:51:08+00:00\",\"dateModified\":\"2022-04-11T14:44:41+00:00\",\"breadcrumb\":{\"@id\":\"https:\/\/www.campingbellaterra.com\/es\/que-visitar-en-blanes\/#breadcrumb\"},\"inLanguage\":\"es\",\"potentialAction\":[{\"@type\":\"ReadAction\",\"target\":[\"https:\/\/www.campingbellaterra.com\/es\/que-visitar-en-blanes\/\"]}]},{\"@type\":\"ImageObject\",\"inLanguage\":\"es\",\"@id\":\"https:\/\/www.campingbellaterra.com\/es\/que-visitar-en-blanes\/#primaryimage\",\"url\":\"https:\/\/www.campingbellaterra.com\/wp-content\/uploads\/media\/k2\/items\/src\/f7b9be29873ad525695063e6e748eae3.jpg\",\"contentUrl\":\"https:\/\/www.campingbellaterra.com\/wp-content\/uploads\/media\/k2\/items\/src\/f7b9be29873ad525695063e6e748eae3.jpg\",\"width\":800,\"height\":600,\"caption\":\"que visitar a blanes\"},{\"@type\":\"BreadcrumbList\",\"@id\":\"https:\/\/www.campingbellaterra.com\/es\/que-visitar-en-blanes\/#breadcrumb\",\"itemListElement\":[{\"@type\":\"ListItem\",\"position\":1,\"name\":\"Inici\",\"item\":\"https:\/\/www.campingbellaterra.com\/es\/\"},{\"@type\":\"ListItem\",\"position\":2,\"name\":\"Qu\u00e9 visitar y qu\u00e9 hacer en Blanes?\"}]},{\"@type\":\"WebSite\",\"@id\":\"https:\/\/www.campingbellaterra.com\/es\/#website\",\"url\":\"https:\/\/www.campingbellaterra.com\/es\/\",\"name\":\"Camping Bella Terra\",\"description\":\"Tu camping familiar en la Costa Brava\",\"publisher\":{\"@id\":\"https:\/\/www.campingbellaterra.com\/es\/#organization\"},\"potentialAction\":[{\"@type\":\"SearchAction\",\"target\":{\"@type\":\"EntryPoint\",\"urlTemplate\":\"https:\/\/www.campingbellaterra.com\/es\/?s={search_term_string}\"},\"query-input\":{\"@type\":\"PropertyValueSpecification\",\"valueRequired\":true,\"valueName\":\"search_term_string\"}}],\"inLanguage\":\"es\"},{\"@type\":\"Organization\",\"@id\":\"https:\/\/www.campingbellaterra.com\/es\/#organization\",\"name\":\"Camping Bella Terra\",\"url\":\"https:\/\/www.campingbellaterra.com\/es\/\",\"logo\":{\"@type\":\"ImageObject\",\"inLanguage\":\"es\",\"@id\":\"https:\/\/www.campingbellaterra.com\/es\/#\/schema\/logo\/image\/\",\"url\":\"https:\/\/www.campingbellaterra.com\/wp-content\/uploads\/logo6.svg\",\"contentUrl\":\"https:\/\/www.campingbellaterra.com\/wp-content\/uploads\/logo6.svg\",\"width\":\"2048\",\"height\":\"2048\",\"caption\":\"Camping Bella Terra\"},\"image\":{\"@id\":\"https:\/\/www.campingbellaterra.com\/es\/#\/schema\/logo\/image\/\"},\"sameAs\":[\"https:\/\/www.facebook.com\/campingbellaterra\/\",\"https:\/\/x.com\/cbellaterra\",\"https:\/\/www.instagram.com\/campingbellaterra\/\",\"https:\/\/www.youtube.com\/c\/Camping-Bellaterra-Blanes\",\"https:\/\/www.tripadvisor.es\/Hotel_Review-g580331-d3328184-Reviews-Camping_Bella_Terra-Blanes_Costa_Brava_Province_of_Girona_Catalonia.html\"]},{\"@type\":\"Person\",\"@id\":\"https:\/\/www.campingbellaterra.com\/es\/#\/schema\/person\/9dafe106b7fade6dd08664bb60ea89ac\",\"name\":\"vado\",\"image\":{\"@type\":\"ImageObject\",\"inLanguage\":\"es\",\"@id\":\"https:\/\/www.campingbellaterra.com\/es\/#\/schema\/person\/image\/\",\"url\":\"https:\/\/secure.gravatar.com\/avatar\/6edab01d4cd19889ac2b69e05f01a3c93227951cf320620732fca472f184e4f5?s=96&d=mm&r=g\",\"contentUrl\":\"https:\/\/secure.gravatar.com\/avatar\/6edab01d4cd19889ac2b69e05f01a3c93227951cf320620732fca472f184e4f5?s=96&d=mm&r=g\",\"caption\":\"vado\"},\"url\":\"https:\/\/www.campingbellaterra.com\/es\/author\/vado\/\"}]}<\/script>\n<!-- \/ Yoast SEO plugin. -->","yoast_head_json":{"title":"Qu\u00e9 visitar y qu\u00e9 hacer en Blanes? - Camping Bella Terra","robots":{"index":"index","follow":"follow","max-snippet":"max-snippet:-1","max-image-preview":"max-image-preview:large","max-video-preview":"max-video-preview:-1"},"canonical":"https:\/\/www.campingbellaterra.com\/es\/que-visitar-en-blanes\/","og_locale":"es_ES","og_type":"article","og_title":"Qu\u00e9 visitar y qu\u00e9 hacer en Blanes? - Camping Bella Terra","og_description":"Blanes&nbsp;fue la primera poblaci\u00f3n de la Costa Brava en obtener el Certificado de Destino Familiar el a\u00f1o 2007 gracias a su amplia oferta de alojamientos...","og_url":"https:\/\/www.campingbellaterra.com\/es\/que-visitar-en-blanes\/","og_site_name":"Camping Bella Terra","article_publisher":"https:\/\/www.facebook.com\/campingbellaterra\/","article_published_time":"2016-08-25T08:51:08+00:00","article_modified_time":"2022-04-11T14:44:41+00:00","og_image":[{"width":800,"height":600,"url":"https:\/\/www.campingbellaterra.com\/wp-content\/uploads\/media\/k2\/items\/src\/f7b9be29873ad525695063e6e748eae3.jpg","type":"image\/jpeg"}],"author":"vado","twitter_card":"summary_large_image","twitter_creator":"@cbellaterra","twitter_site":"@cbellaterra","twitter_misc":{"Escrito por":"vado","Tiempo de lectura":"2 minutos"},"schema":{"@context":"https:\/\/schema.org","@graph":[{"@type":"Article","@id":"https:\/\/www.campingbellaterra.com\/es\/que-visitar-en-blanes\/#article","isPartOf":{"@id":"https:\/\/www.campingbellaterra.com\/es\/que-visitar-en-blanes\/"},"author":{"name":"vado","@id":"https:\/\/www.campingbellaterra.com\/es\/#\/schema\/person\/9dafe106b7fade6dd08664bb60ea89ac"},"headline":"Qu\u00e9 visitar y qu\u00e9 hacer en Blanes?","datePublished":"2016-08-25T08:51:08+00:00","dateModified":"2022-04-11T14:44:41+00:00","mainEntityOfPage":{"@id":"https:\/\/www.campingbellaterra.com\/es\/que-visitar-en-blanes\/"},"wordCount":338,"publisher":{"@id":"https:\/\/www.campingbellaterra.com\/es\/#organization"},"image":{"@id":"https:\/\/www.campingbellaterra.com\/es\/que-visitar-en-blanes\/#primaryimage"},"thumbnailUrl":"https:\/\/www.campingbellaterra.com\/wp-content\/uploads\/media\/k2\/items\/src\/f7b9be29873ad525695063e6e748eae3.jpg","articleSection":["blog"],"inLanguage":"es"},{"@type":"WebPage","@id":"https:\/\/www.campingbellaterra.com\/es\/que-visitar-en-blanes\/","url":"https:\/\/www.campingbellaterra.com\/es\/que-visitar-en-blanes\/","name":"Qu\u00e9 visitar y qu\u00e9 hacer en Blanes? - Camping Bella Terra","isPartOf":{"@id":"https:\/\/www.campingbellaterra.com\/es\/#website"},"primaryImageOfPage":{"@id":"https:\/\/www.campingbellaterra.com\/es\/que-visitar-en-blanes\/#primaryimage"},"image":{"@id":"https:\/\/www.campingbellaterra.com\/es\/que-visitar-en-blanes\/#primaryimage"},"thumbnailUrl":"https:\/\/www.campingbellaterra.com\/wp-content\/uploads\/media\/k2\/items\/src\/f7b9be29873ad525695063e6e748eae3.jpg","datePublished":"2016-08-25T08:51:08+00:00","dateModified":"2022-04-11T14:44:41+00:00","breadcrumb":{"@id":"https:\/\/www.campingbellaterra.com\/es\/que-visitar-en-blanes\/#breadcrumb"},"inLanguage":"es","potentialAction":[{"@type":"ReadAction","target":["https:\/\/www.campingbellaterra.com\/es\/que-visitar-en-blanes\/"]}]},{"@type":"ImageObject","inLanguage":"es","@id":"https:\/\/www.campingbellaterra.com\/es\/que-visitar-en-blanes\/#primaryimage","url":"https:\/\/www.campingbellaterra.com\/wp-content\/uploads\/media\/k2\/items\/src\/f7b9be29873ad525695063e6e748eae3.jpg","contentUrl":"https:\/\/www.campingbellaterra.com\/wp-content\/uploads\/media\/k2\/items\/src\/f7b9be29873ad525695063e6e748eae3.jpg","width":800,"height":600,"caption":"que visitar a blanes"},{"@type":"BreadcrumbList","@id":"https:\/\/www.campingbellaterra.com\/es\/que-visitar-en-blanes\/#breadcrumb","itemListElement":[{"@type":"ListItem","position":1,"name":"Inici","item":"https:\/\/www.campingbellaterra.com\/es\/"},{"@type":"ListItem","position":2,"name":"Qu\u00e9 visitar y qu\u00e9 hacer en Blanes?"}]},{"@type":"WebSite","@id":"https:\/\/www.campingbellaterra.com\/es\/#website","url":"https:\/\/www.campingbellaterra.com\/es\/","name":"Camping Bella Terra","description":"Tu camping familiar en la Costa Brava","publisher":{"@id":"https:\/\/www.campingbellaterra.com\/es\/#organization"},"potentialAction":[{"@type":"SearchAction","target":{"@type":"EntryPoint","urlTemplate":"https:\/\/www.campingbellaterra.com\/es\/?s={search_term_string}"},"query-input":{"@type":"PropertyValueSpecification","valueRequired":true,"valueName":"search_term_string"}}],"inLanguage":"es"},{"@type":"Organization","@id":"https:\/\/www.campingbellaterra.com\/es\/#organization","name":"Camping Bella Terra","url":"https:\/\/www.campingbellaterra.com\/es\/","logo":{"@type":"ImageObject","inLanguage":"es","@id":"https:\/\/www.campingbellaterra.com\/es\/#\/schema\/logo\/image\/","url":"https:\/\/www.campingbellaterra.com\/wp-content\/uploads\/logo6.svg","contentUrl":"https:\/\/www.campingbellaterra.com\/wp-content\/uploads\/logo6.svg","width":"2048","height":"2048","caption":"Camping Bella Terra"},"image":{"@id":"https:\/\/www.campingbellaterra.com\/es\/#\/schema\/logo\/image\/"},"sameAs":["https:\/\/www.facebook.com\/campingbellaterra\/","https:\/\/x.com\/cbellaterra","https:\/\/www.instagram.com\/campingbellaterra\/","https:\/\/www.youtube.com\/c\/Camping-Bellaterra-Blanes","https:\/\/www.tripadvisor.es\/Hotel_Review-g580331-d3328184-Reviews-Camping_Bella_Terra-Blanes_Costa_Brava_Province_of_Girona_Catalonia.html"]},{"@type":"Person","@id":"https:\/\/www.campingbellaterra.com\/es\/#\/schema\/person\/9dafe106b7fade6dd08664bb60ea89ac","name":"vado","image":{"@type":"ImageObject","inLanguage":"es","@id":"https:\/\/www.campingbellaterra.com\/es\/#\/schema\/person\/image\/","url":"https:\/\/secure.gravatar.com\/avatar\/6edab01d4cd19889ac2b69e05f01a3c93227951cf320620732fca472f184e4f5?s=96&d=mm&r=g","contentUrl":"https:\/\/secure.gravatar.com\/avatar\/6edab01d4cd19889ac2b69e05f01a3c93227951cf320620732fca472f184e4f5?s=96&d=mm&r=g","caption":"vado"},"url":"https:\/\/www.campingbellaterra.com\/es\/author\/vado\/"}]}},"_links":{"self":[{"href":"https:\/\/www.campingbellaterra.com\/es\/wp-json\/wp\/v2\/posts\/6656","targetHints":{"allow":["GET"]}}],"collection":[{"href":"https:\/\/www.campingbellaterra.com\/es\/wp-json\/wp\/v2\/posts"}],"about":[{"href":"https:\/\/www.campingbellaterra.com\/es\/wp-json\/wp\/v2\/types\/post"}],"author":[{"embeddable":true,"href":"https:\/\/www.campingbellaterra.com\/es\/wp-json\/wp\/v2\/users\/2"}],"replies":[{"embeddable":true,"href":"https:\/\/www.campingbellaterra.com\/es\/wp-json\/wp\/v2\/comments?post=6656"}],"version-history":[{"count":1,"href":"https:\/\/www.campingbellaterra.com\/es\/wp-json\/wp\/v2\/posts\/6656\/revisions"}],"predecessor-version":[{"id":11211,"href":"https:\/\/www.campingbellaterra.com\/es\/wp-json\/wp\/v2\/posts\/6656\/revisions\/11211"}],"wp:featuredmedia":[{"embeddable":true,"href":"https:\/\/www.campingbellaterra.com\/es\/wp-json\/wp\/v2\/media\/8536"}],"wp:attachment":[{"href":"https:\/\/www.campingbellaterra.com\/es\/wp-json\/wp\/v2\/media?parent=6656"}],"wp:term":[{"taxonomy":"category","embeddable":true,"href":"https:\/\/www.campingbellaterra.com\/es\/wp-json\/wp\/v2\/categories?post=6656"},{"taxonomy":"post_tag","embeddable":true,"href":"https:\/\/www.campingbellaterra.com\/es\/wp-json\/wp\/v2\/tags?post=6656"}],"curies":[{"name":"wp","href":"https:\/\/api.w.org\/{rel}","templated":true}]}}