{"id":6706,"date":"2017-01-25T18:02:42","date_gmt":"2017-01-25T17:02:42","guid":{"rendered":"https:\/\/www.campingbellaterra.com\/2017\/01\/25\/camping-bella-terra-vakantiebeurs-2017\/"},"modified":"2022-04-12T12:05:49","modified_gmt":"2022-04-12T10:05:49","slug":"camping-bella-terra-vakantiebeurs-2017","status":"publish","type":"post","link":"https:\/\/www.campingbellaterra.com\/es\/camping-bella-terra-vakantiebeurs-2017\/","title":{"rendered":"El Camping Bella Terra, en la Vakantiebeurs 2017"},"content":{"rendered":"<p style=\"text-align: justify;\">El <strong>camping Bella Terra<\/strong> ha participado en la feria <strong>Vakantiebeurs 2017<\/strong> organizada nuevamente en la ciudad holandesa de <strong>Utrecht<\/strong>, concretamente en <strong>el recinto ferial Royal Dutch Jaarbeus Utrecht<\/strong>, entre el 11 y al 15 de enero. La feria <strong>Vakantiebeurs<\/strong> consiste en una de las principales ferias del turismo y el ocio donde las mejores empresas y profesionales del sector se re\u00fanen tanto para dar a conocer sus productos, servicios y las novedades de cada a\u00f1o como para hacer contactos con posibles nuevos clientes.<\/p>\n<p><!--more--><\/p>\n<p style=\"text-align: justify;\">El <strong>camping Bella Terra<\/strong> lleva asistiendo desde hace m\u00e1s de 15 a\u00f1os ya que considera que es la feria ideal para atraer y captar el turismo y el ocio holand\u00e9s. <strong>Vicen\u00e7 Fern\u00e1ndez, director del camping Bella Terra,<\/strong> ha estado presente en esta feria y explica que \u201cpara nosotros es fundamental asistir porque el mercado holand\u00e9s representa una parte muy importante de nuestro negocio. Tambi\u00e9n, es un lugar ideal para reunirnos con nuestros Tour Operadores para analizar juntos c\u00f3mo ha ido la \u00faltima campa\u00f1a\u201d, adem\u00e1s, a\u00f1ade que \u201cal mismo tiempo tambi\u00e9n aprovechamos para hablar de las novedades e inquietudes de la pr\u00f3xima temporada 2017\u201d, asegura en <strong>Vicen\u00e7<\/strong>.<\/p>\n<p>La <strong>feria Vakantiebeurs<\/strong> ha servido para promocionar los productos del <strong>camping Bella Terra<\/strong> entre los cuales, en esta edici\u00f3n, se ha apostado para dar importancia a sus <strong>bungalows<\/strong>, el <strong>nuevo parque acu\u00e1tico<\/strong>, las <strong>actividades en bicicleta<\/strong>, las <strong>actividades infantiles<\/strong>, entre otras muchas. \u201cNuestro objetivo en esta feria ha sido poder contactar, saludar y hablar con los clientes habituales con el fin de fidelizar todav\u00eda m\u00e1s al p\u00fablico holand\u00e9s con el cual existe una relaci\u00f3n de confianza mutua desde hace muchos a\u00f1os\u201d, concluye en <strong>Vicen\u00e7 Fern\u00e1ndez<\/strong>.<\/p>\n<p style=\"text-align: justify;\">\n<\/p><p style=\"text-align: justify;\"><\/p>\n\n\n<figure class=\"wp-block-gallery has-nested-images columns-4 is-cropped wp-block-gallery-1 is-layout-flex wp-block-gallery-is-layout-flex\">\n<figure class=\"wp-block-image size-large\"><noscript><img decoding=\"async\" width=\"1200\" height=\"1600\" data-id=\"11275\" src=\"https:\/\/www.campingbellaterra.com\/wp-content\/uploads\/img-20170126-wa0030.webp\" alt class=\"wp-image-11275\" srcset=\"https:\/\/www.campingbellaterra.com\/wp-content\/uploads\/img-20170126-wa0030.webp 1200w, https:\/\/www.campingbellaterra.com\/wp-content\/uploads\/img-20170126-wa0030-768x1024.webp 768w, https:\/\/www.campingbellaterra.com\/wp-content\/uploads\/img-20170126-wa0030-1152x1536.webp 1152w\" sizes=\"(max-width: 1200px) 100vw, 1200px\"><\/noscript><img decoding=\"async\" width=\"1200\" height=\"1600\" data-id=\"11275\" src=\"data:image\/svg+xml,%3Csvg%20xmlns%3D%22http%3A%2F%2Fwww.w3.org%2F2000%2Fsvg%22%20viewBox%3D%220%200%201200%201600%22%3E%3C%2Fsvg%3E\" alt class=\"wp-image-11275 lazyload\" srcset=\"data:image\/svg+xml,%3Csvg%20xmlns%3D%22http%3A%2F%2Fwww.w3.org%2F2000%2Fsvg%22%20viewBox%3D%220%200%201200%201600%22%3E%3C%2Fsvg%3E 1200w\" sizes=\"(max-width: 1200px) 100vw, 1200px\" data-srcset=\"https:\/\/www.campingbellaterra.com\/wp-content\/uploads\/img-20170126-wa0030.webp 1200w, https:\/\/www.campingbellaterra.com\/wp-content\/uploads\/img-20170126-wa0030-768x1024.webp 768w, https:\/\/www.campingbellaterra.com\/wp-content\/uploads\/img-20170126-wa0030-1152x1536.webp 1152w\" data-src=\"https:\/\/www.campingbellaterra.com\/wp-content\/uploads\/img-20170126-wa0030.webp\"><\/figure>\n\n\n\n<figure class=\"wp-block-image size-large\"><noscript><img decoding=\"async\" width=\"1200\" height=\"1600\" data-id=\"11282\" src=\"https:\/\/www.campingbellaterra.com\/wp-content\/uploads\/img-20170126-wa0011.webp\" alt class=\"wp-image-11282\" srcset=\"https:\/\/www.campingbellaterra.com\/wp-content\/uploads\/img-20170126-wa0011.webp 1200w, https:\/\/www.campingbellaterra.com\/wp-content\/uploads\/img-20170126-wa0011-768x1024.webp 768w, https:\/\/www.campingbellaterra.com\/wp-content\/uploads\/img-20170126-wa0011-1152x1536.webp 1152w\" sizes=\"(max-width: 1200px) 100vw, 1200px\"><\/noscript><img decoding=\"async\" width=\"1200\" height=\"1600\" data-id=\"11282\" src=\"data:image\/svg+xml,%3Csvg%20xmlns%3D%22http%3A%2F%2Fwww.w3.org%2F2000%2Fsvg%22%20viewBox%3D%220%200%201200%201600%22%3E%3C%2Fsvg%3E\" alt class=\"wp-image-11282 lazyload\" srcset=\"data:image\/svg+xml,%3Csvg%20xmlns%3D%22http%3A%2F%2Fwww.w3.org%2F2000%2Fsvg%22%20viewBox%3D%220%200%201200%201600%22%3E%3C%2Fsvg%3E 1200w\" sizes=\"(max-width: 1200px) 100vw, 1200px\" data-srcset=\"https:\/\/www.campingbellaterra.com\/wp-content\/uploads\/img-20170126-wa0011.webp 1200w, https:\/\/www.campingbellaterra.com\/wp-content\/uploads\/img-20170126-wa0011-768x1024.webp 768w, https:\/\/www.campingbellaterra.com\/wp-content\/uploads\/img-20170126-wa0011-1152x1536.webp 1152w\" data-src=\"https:\/\/www.campingbellaterra.com\/wp-content\/uploads\/img-20170126-wa0011.webp\"><\/figure>\n\n\n\n<figure class=\"wp-block-image size-large\"><noscript><img decoding=\"async\" width=\"1600\" height=\"1200\" data-id=\"11289\" src=\"https:\/\/www.campingbellaterra.com\/wp-content\/uploads\/img-20170126-wa0017.webp\" alt class=\"wp-image-11289\" srcset=\"https:\/\/www.campingbellaterra.com\/wp-content\/uploads\/img-20170126-wa0017.webp 1600w, https:\/\/www.campingbellaterra.com\/wp-content\/uploads\/img-20170126-wa0017-1024x768.webp 1024w, https:\/\/www.campingbellaterra.com\/wp-content\/uploads\/img-20170126-wa0017-768x576.webp 768w, https:\/\/www.campingbellaterra.com\/wp-content\/uploads\/img-20170126-wa0017-1536x1152.webp 1536w\" sizes=\"(max-width: 1600px) 100vw, 1600px\"><\/noscript><img decoding=\"async\" width=\"1600\" height=\"1200\" data-id=\"11289\" src=\"data:image\/svg+xml,%3Csvg%20xmlns%3D%22http%3A%2F%2Fwww.w3.org%2F2000%2Fsvg%22%20viewBox%3D%220%200%201600%201200%22%3E%3C%2Fsvg%3E\" alt class=\"wp-image-11289 lazyload\" srcset=\"data:image\/svg+xml,%3Csvg%20xmlns%3D%22http%3A%2F%2Fwww.w3.org%2F2000%2Fsvg%22%20viewBox%3D%220%200%201600%201200%22%3E%3C%2Fsvg%3E 1600w\" sizes=\"(max-width: 1600px) 100vw, 1600px\" data-srcset=\"https:\/\/www.campingbellaterra.com\/wp-content\/uploads\/img-20170126-wa0017.webp 1600w, https:\/\/www.campingbellaterra.com\/wp-content\/uploads\/img-20170126-wa0017-1024x768.webp 1024w, https:\/\/www.campingbellaterra.com\/wp-content\/uploads\/img-20170126-wa0017-768x576.webp 768w, https:\/\/www.campingbellaterra.com\/wp-content\/uploads\/img-20170126-wa0017-1536x1152.webp 1536w\" data-src=\"https:\/\/www.campingbellaterra.com\/wp-content\/uploads\/img-20170126-wa0017.webp\"><\/figure>\n\n\n\n<figure class=\"wp-block-image size-large\"><noscript><img decoding=\"async\" width=\"1600\" height=\"1200\" data-id=\"11296\" src=\"https:\/\/www.campingbellaterra.com\/wp-content\/uploads\/img-20170126-wa0019.webp\" alt class=\"wp-image-11296\" srcset=\"https:\/\/www.campingbellaterra.com\/wp-content\/uploads\/img-20170126-wa0019.webp 1600w, https:\/\/www.campingbellaterra.com\/wp-content\/uploads\/img-20170126-wa0019-1024x768.webp 1024w, https:\/\/www.campingbellaterra.com\/wp-content\/uploads\/img-20170126-wa0019-768x576.webp 768w, https:\/\/www.campingbellaterra.com\/wp-content\/uploads\/img-20170126-wa0019-1536x1152.webp 1536w\" sizes=\"(max-width: 1600px) 100vw, 1600px\"><\/noscript><img decoding=\"async\" width=\"1600\" height=\"1200\" data-id=\"11296\" src=\"data:image\/svg+xml,%3Csvg%20xmlns%3D%22http%3A%2F%2Fwww.w3.org%2F2000%2Fsvg%22%20viewBox%3D%220%200%201600%201200%22%3E%3C%2Fsvg%3E\" alt class=\"wp-image-11296 lazyload\" srcset=\"data:image\/svg+xml,%3Csvg%20xmlns%3D%22http%3A%2F%2Fwww.w3.org%2F2000%2Fsvg%22%20viewBox%3D%220%200%201600%201200%22%3E%3C%2Fsvg%3E 1600w\" sizes=\"(max-width: 1600px) 100vw, 1600px\" data-srcset=\"https:\/\/www.campingbellaterra.com\/wp-content\/uploads\/img-20170126-wa0019.webp 1600w, https:\/\/www.campingbellaterra.com\/wp-content\/uploads\/img-20170126-wa0019-1024x768.webp 1024w, https:\/\/www.campingbellaterra.com\/wp-content\/uploads\/img-20170126-wa0019-768x576.webp 768w, https:\/\/www.campingbellaterra.com\/wp-content\/uploads\/img-20170126-wa0019-1536x1152.webp 1536w\" data-src=\"https:\/\/www.campingbellaterra.com\/wp-content\/uploads\/img-20170126-wa0019.webp\"><\/figure>\n\n\n\n<figure class=\"wp-block-image size-large\"><noscript><img decoding=\"async\" width=\"1600\" height=\"1200\" data-id=\"11303\" src=\"https:\/\/www.campingbellaterra.com\/wp-content\/uploads\/img-20170126-wa0025.webp\" alt class=\"wp-image-11303\" srcset=\"https:\/\/www.campingbellaterra.com\/wp-content\/uploads\/img-20170126-wa0025.webp 1600w, https:\/\/www.campingbellaterra.com\/wp-content\/uploads\/img-20170126-wa0025-1024x768.webp 1024w, https:\/\/www.campingbellaterra.com\/wp-content\/uploads\/img-20170126-wa0025-768x576.webp 768w, https:\/\/www.campingbellaterra.com\/wp-content\/uploads\/img-20170126-wa0025-1536x1152.webp 1536w\" sizes=\"(max-width: 1600px) 100vw, 1600px\"><\/noscript><img decoding=\"async\" width=\"1600\" height=\"1200\" data-id=\"11303\" src=\"data:image\/svg+xml,%3Csvg%20xmlns%3D%22http%3A%2F%2Fwww.w3.org%2F2000%2Fsvg%22%20viewBox%3D%220%200%201600%201200%22%3E%3C%2Fsvg%3E\" alt class=\"wp-image-11303 lazyload\" srcset=\"data:image\/svg+xml,%3Csvg%20xmlns%3D%22http%3A%2F%2Fwww.w3.org%2F2000%2Fsvg%22%20viewBox%3D%220%200%201600%201200%22%3E%3C%2Fsvg%3E 1600w\" sizes=\"(max-width: 1600px) 100vw, 1600px\" data-srcset=\"https:\/\/www.campingbellaterra.com\/wp-content\/uploads\/img-20170126-wa0025.webp 1600w, https:\/\/www.campingbellaterra.com\/wp-content\/uploads\/img-20170126-wa0025-1024x768.webp 1024w, https:\/\/www.campingbellaterra.com\/wp-content\/uploads\/img-20170126-wa0025-768x576.webp 768w, https:\/\/www.campingbellaterra.com\/wp-content\/uploads\/img-20170126-wa0025-1536x1152.webp 1536w\" data-src=\"https:\/\/www.campingbellaterra.com\/wp-content\/uploads\/img-20170126-wa0025.webp\"><\/figure>\n\n\n\n<figure class=\"wp-block-image size-large\"><noscript><img decoding=\"async\" width=\"1600\" height=\"1200\" data-id=\"11310\" src=\"https:\/\/www.campingbellaterra.com\/wp-content\/uploads\/img-20170126-wa0026.webp\" alt class=\"wp-image-11310\" srcset=\"https:\/\/www.campingbellaterra.com\/wp-content\/uploads\/img-20170126-wa0026.webp 1600w, https:\/\/www.campingbellaterra.com\/wp-content\/uploads\/img-20170126-wa0026-1024x768.webp 1024w, https:\/\/www.campingbellaterra.com\/wp-content\/uploads\/img-20170126-wa0026-768x576.webp 768w, https:\/\/www.campingbellaterra.com\/wp-content\/uploads\/img-20170126-wa0026-1536x1152.webp 1536w\" sizes=\"(max-width: 1600px) 100vw, 1600px\"><\/noscript><img decoding=\"async\" width=\"1600\" height=\"1200\" data-id=\"11310\" src=\"data:image\/svg+xml,%3Csvg%20xmlns%3D%22http%3A%2F%2Fwww.w3.org%2F2000%2Fsvg%22%20viewBox%3D%220%200%201600%201200%22%3E%3C%2Fsvg%3E\" alt class=\"wp-image-11310 lazyload\" srcset=\"data:image\/svg+xml,%3Csvg%20xmlns%3D%22http%3A%2F%2Fwww.w3.org%2F2000%2Fsvg%22%20viewBox%3D%220%200%201600%201200%22%3E%3C%2Fsvg%3E 1600w\" sizes=\"(max-width: 1600px) 100vw, 1600px\" data-srcset=\"https:\/\/www.campingbellaterra.com\/wp-content\/uploads\/img-20170126-wa0026.webp 1600w, https:\/\/www.campingbellaterra.com\/wp-content\/uploads\/img-20170126-wa0026-1024x768.webp 1024w, https:\/\/www.campingbellaterra.com\/wp-content\/uploads\/img-20170126-wa0026-768x576.webp 768w, https:\/\/www.campingbellaterra.com\/wp-content\/uploads\/img-20170126-wa0026-1536x1152.webp 1536w\" data-src=\"https:\/\/www.campingbellaterra.com\/wp-content\/uploads\/img-20170126-wa0026.webp\"><\/figure>\n<\/figure>\n","protected":false},"excerpt":{"rendered":"<p>El camping Bella Terra ha participado en la feria Vakantiebeurs 2017 organizada nuevamente en la ciudad holandesa de Utrecht, concretamente en el recinto ferial Royal&#8230;<\/p>\n","protected":false},"author":2,"featured_media":8746,"comment_status":"closed","ping_status":"closed","sticky":false,"template":"","format":"standard","meta":{"_acf_changed":false,"inline_featured_image":false,"_monsterinsights_skip_tracking":false,"_monsterinsights_sitenote_active":false,"_monsterinsights_sitenote_note":"","_monsterinsights_sitenote_category":0,"footnotes":""},"categories":[2279],"tags":[1880,2030,2097],"class_list":["post-6706","post","type-post","status-publish","format-standard","has-post-thumbnail","hentry","category-blog-es","tag-bungalow-es","tag-feria","tag-noticias"],"acf":[],"yoast_head":"<!-- This site is optimized with the Yoast SEO plugin v27.0 - https:\/\/yoast.com\/product\/yoast-seo-wordpress\/ -->\n<title>El Camping Bella Terra, en la Vakantiebeurs 2017 - Camping Bella Terra<\/title>\n<meta name=\"robots\" content=\"index, follow, max-snippet:-1, max-image-preview:large, max-video-preview:-1\" \/>\n<link rel=\"canonical\" href=\"https:\/\/www.campingbellaterra.com\/es\/camping-bella-terra-vakantiebeurs-2017\/\" \/>\n<meta property=\"og:locale\" content=\"es_ES\" \/>\n<meta property=\"og:type\" content=\"article\" \/>\n<meta property=\"og:title\" content=\"El Camping Bella Terra, en la Vakantiebeurs 2017 - Camping Bella Terra\" \/>\n<meta property=\"og:description\" content=\"El camping Bella Terra ha participado en la feria Vakantiebeurs 2017 organizada nuevamente en la ciudad holandesa de Utrecht, concretamente en el recinto ferial Royal...\" \/>\n<meta property=\"og:url\" content=\"https:\/\/www.campingbellaterra.com\/es\/camping-bella-terra-vakantiebeurs-2017\/\" \/>\n<meta property=\"og:site_name\" content=\"Camping Bella Terra\" \/>\n<meta property=\"article:publisher\" content=\"https:\/\/www.facebook.com\/campingbellaterra\/\" \/>\n<meta property=\"article:published_time\" content=\"2017-01-25T17:02:42+00:00\" \/>\n<meta property=\"article:modified_time\" content=\"2022-04-12T10:05:49+00:00\" \/>\n<meta property=\"og:image\" content=\"https:\/\/www.campingbellaterra.com\/wp-content\/uploads\/media\/k2\/items\/src\/98786352ab62965a07c516ba5d449e8a.jpg\" \/>\n\t<meta property=\"og:image:width\" content=\"1600\" \/>\n\t<meta property=\"og:image:height\" content=\"1200\" \/>\n\t<meta property=\"og:image:type\" content=\"image\/jpeg\" \/>\n<meta name=\"author\" content=\"vado\" \/>\n<meta name=\"twitter:card\" content=\"summary_large_image\" \/>\n<meta name=\"twitter:creator\" content=\"@cbellaterra\" \/>\n<meta name=\"twitter:site\" content=\"@cbellaterra\" \/>\n<meta name=\"twitter:label1\" content=\"Escrito por\" \/>\n\t<meta name=\"twitter:data1\" content=\"vado\" \/>\n\t<meta name=\"twitter:label2\" content=\"Tiempo de lectura\" \/>\n\t<meta name=\"twitter:data2\" content=\"1 minuto\" \/>\n<script type=\"application\/ld+json\" class=\"yoast-schema-graph\">{\"@context\":\"https:\/\/schema.org\",\"@graph\":[{\"@type\":\"Article\",\"@id\":\"https:\/\/www.campingbellaterra.com\/es\/camping-bella-terra-vakantiebeurs-2017\/#article\",\"isPartOf\":{\"@id\":\"https:\/\/www.campingbellaterra.com\/es\/camping-bella-terra-vakantiebeurs-2017\/\"},\"author\":{\"name\":\"vado\",\"@id\":\"https:\/\/www.campingbellaterra.com\/es\/#\/schema\/person\/9dafe106b7fade6dd08664bb60ea89ac\"},\"headline\":\"El Camping Bella Terra, en la Vakantiebeurs 2017\",\"datePublished\":\"2017-01-25T17:02:42+00:00\",\"dateModified\":\"2022-04-12T10:05:49+00:00\",\"mainEntityOfPage\":{\"@id\":\"https:\/\/www.campingbellaterra.com\/es\/camping-bella-terra-vakantiebeurs-2017\/\"},\"wordCount\":299,\"publisher\":{\"@id\":\"https:\/\/www.campingbellaterra.com\/es\/#organization\"},\"image\":{\"@id\":\"https:\/\/www.campingbellaterra.com\/es\/camping-bella-terra-vakantiebeurs-2017\/#primaryimage\"},\"thumbnailUrl\":\"https:\/\/www.campingbellaterra.com\/wp-content\/uploads\/media\/k2\/items\/src\/98786352ab62965a07c516ba5d449e8a.jpg\",\"keywords\":[\"bungalow\",\"feria\",\"noticias\"],\"articleSection\":[\"blog\"],\"inLanguage\":\"es\"},{\"@type\":\"WebPage\",\"@id\":\"https:\/\/www.campingbellaterra.com\/es\/camping-bella-terra-vakantiebeurs-2017\/\",\"url\":\"https:\/\/www.campingbellaterra.com\/es\/camping-bella-terra-vakantiebeurs-2017\/\",\"name\":\"El Camping Bella Terra, en la Vakantiebeurs 2017 - Camping Bella Terra\",\"isPartOf\":{\"@id\":\"https:\/\/www.campingbellaterra.com\/es\/#website\"},\"primaryImageOfPage\":{\"@id\":\"https:\/\/www.campingbellaterra.com\/es\/camping-bella-terra-vakantiebeurs-2017\/#primaryimage\"},\"image\":{\"@id\":\"https:\/\/www.campingbellaterra.com\/es\/camping-bella-terra-vakantiebeurs-2017\/#primaryimage\"},\"thumbnailUrl\":\"https:\/\/www.campingbellaterra.com\/wp-content\/uploads\/media\/k2\/items\/src\/98786352ab62965a07c516ba5d449e8a.jpg\",\"datePublished\":\"2017-01-25T17:02:42+00:00\",\"dateModified\":\"2022-04-12T10:05:49+00:00\",\"breadcrumb\":{\"@id\":\"https:\/\/www.campingbellaterra.com\/es\/camping-bella-terra-vakantiebeurs-2017\/#breadcrumb\"},\"inLanguage\":\"es\",\"potentialAction\":[{\"@type\":\"ReadAction\",\"target\":[\"https:\/\/www.campingbellaterra.com\/es\/camping-bella-terra-vakantiebeurs-2017\/\"]}]},{\"@type\":\"ImageObject\",\"inLanguage\":\"es\",\"@id\":\"https:\/\/www.campingbellaterra.com\/es\/camping-bella-terra-vakantiebeurs-2017\/#primaryimage\",\"url\":\"https:\/\/www.campingbellaterra.com\/wp-content\/uploads\/media\/k2\/items\/src\/98786352ab62965a07c516ba5d449e8a.jpg\",\"contentUrl\":\"https:\/\/www.campingbellaterra.com\/wp-content\/uploads\/media\/k2\/items\/src\/98786352ab62965a07c516ba5d449e8a.jpg\",\"width\":1600,\"height\":1200},{\"@type\":\"BreadcrumbList\",\"@id\":\"https:\/\/www.campingbellaterra.com\/es\/camping-bella-terra-vakantiebeurs-2017\/#breadcrumb\",\"itemListElement\":[{\"@type\":\"ListItem\",\"position\":1,\"name\":\"Inici\",\"item\":\"https:\/\/www.campingbellaterra.com\/es\/\"},{\"@type\":\"ListItem\",\"position\":2,\"name\":\"El Camping Bella Terra, en la Vakantiebeurs 2017\"}]},{\"@type\":\"WebSite\",\"@id\":\"https:\/\/www.campingbellaterra.com\/es\/#website\",\"url\":\"https:\/\/www.campingbellaterra.com\/es\/\",\"name\":\"Camping Bella Terra\",\"description\":\"Tu camping familiar en la Costa Brava\",\"publisher\":{\"@id\":\"https:\/\/www.campingbellaterra.com\/es\/#organization\"},\"potentialAction\":[{\"@type\":\"SearchAction\",\"target\":{\"@type\":\"EntryPoint\",\"urlTemplate\":\"https:\/\/www.campingbellaterra.com\/es\/?s={search_term_string}\"},\"query-input\":{\"@type\":\"PropertyValueSpecification\",\"valueRequired\":true,\"valueName\":\"search_term_string\"}}],\"inLanguage\":\"es\"},{\"@type\":\"Organization\",\"@id\":\"https:\/\/www.campingbellaterra.com\/es\/#organization\",\"name\":\"Camping Bella Terra\",\"url\":\"https:\/\/www.campingbellaterra.com\/es\/\",\"logo\":{\"@type\":\"ImageObject\",\"inLanguage\":\"es\",\"@id\":\"https:\/\/www.campingbellaterra.com\/es\/#\/schema\/logo\/image\/\",\"url\":\"https:\/\/www.campingbellaterra.com\/wp-content\/uploads\/logo6.svg\",\"contentUrl\":\"https:\/\/www.campingbellaterra.com\/wp-content\/uploads\/logo6.svg\",\"width\":\"2048\",\"height\":\"2048\",\"caption\":\"Camping Bella Terra\"},\"image\":{\"@id\":\"https:\/\/www.campingbellaterra.com\/es\/#\/schema\/logo\/image\/\"},\"sameAs\":[\"https:\/\/www.facebook.com\/campingbellaterra\/\",\"https:\/\/x.com\/cbellaterra\",\"https:\/\/www.instagram.com\/campingbellaterra\/\",\"https:\/\/www.youtube.com\/c\/Camping-Bellaterra-Blanes\",\"https:\/\/www.tripadvisor.es\/Hotel_Review-g580331-d3328184-Reviews-Camping_Bella_Terra-Blanes_Costa_Brava_Province_of_Girona_Catalonia.html\"]},{\"@type\":\"Person\",\"@id\":\"https:\/\/www.campingbellaterra.com\/es\/#\/schema\/person\/9dafe106b7fade6dd08664bb60ea89ac\",\"name\":\"vado\",\"image\":{\"@type\":\"ImageObject\",\"inLanguage\":\"es\",\"@id\":\"https:\/\/www.campingbellaterra.com\/es\/#\/schema\/person\/image\/\",\"url\":\"https:\/\/secure.gravatar.com\/avatar\/6edab01d4cd19889ac2b69e05f01a3c93227951cf320620732fca472f184e4f5?s=96&d=mm&r=g\",\"contentUrl\":\"https:\/\/secure.gravatar.com\/avatar\/6edab01d4cd19889ac2b69e05f01a3c93227951cf320620732fca472f184e4f5?s=96&d=mm&r=g\",\"caption\":\"vado\"},\"url\":\"https:\/\/www.campingbellaterra.com\/es\/author\/vado\/\"}]}<\/script>\n<!-- \/ Yoast SEO plugin. -->","yoast_head_json":{"title":"El Camping Bella Terra, en la Vakantiebeurs 2017 - Camping Bella Terra","robots":{"index":"index","follow":"follow","max-snippet":"max-snippet:-1","max-image-preview":"max-image-preview:large","max-video-preview":"max-video-preview:-1"},"canonical":"https:\/\/www.campingbellaterra.com\/es\/camping-bella-terra-vakantiebeurs-2017\/","og_locale":"es_ES","og_type":"article","og_title":"El Camping Bella Terra, en la Vakantiebeurs 2017 - Camping Bella Terra","og_description":"El camping Bella Terra ha participado en la feria Vakantiebeurs 2017 organizada nuevamente en la ciudad holandesa de Utrecht, concretamente en el recinto ferial Royal...","og_url":"https:\/\/www.campingbellaterra.com\/es\/camping-bella-terra-vakantiebeurs-2017\/","og_site_name":"Camping Bella Terra","article_publisher":"https:\/\/www.facebook.com\/campingbellaterra\/","article_published_time":"2017-01-25T17:02:42+00:00","article_modified_time":"2022-04-12T10:05:49+00:00","og_image":[{"width":1600,"height":1200,"url":"https:\/\/www.campingbellaterra.com\/wp-content\/uploads\/media\/k2\/items\/src\/98786352ab62965a07c516ba5d449e8a.jpg","type":"image\/jpeg"}],"author":"vado","twitter_card":"summary_large_image","twitter_creator":"@cbellaterra","twitter_site":"@cbellaterra","twitter_misc":{"Escrito por":"vado","Tiempo de lectura":"1 minuto"},"schema":{"@context":"https:\/\/schema.org","@graph":[{"@type":"Article","@id":"https:\/\/www.campingbellaterra.com\/es\/camping-bella-terra-vakantiebeurs-2017\/#article","isPartOf":{"@id":"https:\/\/www.campingbellaterra.com\/es\/camping-bella-terra-vakantiebeurs-2017\/"},"author":{"name":"vado","@id":"https:\/\/www.campingbellaterra.com\/es\/#\/schema\/person\/9dafe106b7fade6dd08664bb60ea89ac"},"headline":"El Camping Bella Terra, en la Vakantiebeurs 2017","datePublished":"2017-01-25T17:02:42+00:00","dateModified":"2022-04-12T10:05:49+00:00","mainEntityOfPage":{"@id":"https:\/\/www.campingbellaterra.com\/es\/camping-bella-terra-vakantiebeurs-2017\/"},"wordCount":299,"publisher":{"@id":"https:\/\/www.campingbellaterra.com\/es\/#organization"},"image":{"@id":"https:\/\/www.campingbellaterra.com\/es\/camping-bella-terra-vakantiebeurs-2017\/#primaryimage"},"thumbnailUrl":"https:\/\/www.campingbellaterra.com\/wp-content\/uploads\/media\/k2\/items\/src\/98786352ab62965a07c516ba5d449e8a.jpg","keywords":["bungalow","feria","noticias"],"articleSection":["blog"],"inLanguage":"es"},{"@type":"WebPage","@id":"https:\/\/www.campingbellaterra.com\/es\/camping-bella-terra-vakantiebeurs-2017\/","url":"https:\/\/www.campingbellaterra.com\/es\/camping-bella-terra-vakantiebeurs-2017\/","name":"El Camping Bella Terra, en la Vakantiebeurs 2017 - Camping Bella Terra","isPartOf":{"@id":"https:\/\/www.campingbellaterra.com\/es\/#website"},"primaryImageOfPage":{"@id":"https:\/\/www.campingbellaterra.com\/es\/camping-bella-terra-vakantiebeurs-2017\/#primaryimage"},"image":{"@id":"https:\/\/www.campingbellaterra.com\/es\/camping-bella-terra-vakantiebeurs-2017\/#primaryimage"},"thumbnailUrl":"https:\/\/www.campingbellaterra.com\/wp-content\/uploads\/media\/k2\/items\/src\/98786352ab62965a07c516ba5d449e8a.jpg","datePublished":"2017-01-25T17:02:42+00:00","dateModified":"2022-04-12T10:05:49+00:00","breadcrumb":{"@id":"https:\/\/www.campingbellaterra.com\/es\/camping-bella-terra-vakantiebeurs-2017\/#breadcrumb"},"inLanguage":"es","potentialAction":[{"@type":"ReadAction","target":["https:\/\/www.campingbellaterra.com\/es\/camping-bella-terra-vakantiebeurs-2017\/"]}]},{"@type":"ImageObject","inLanguage":"es","@id":"https:\/\/www.campingbellaterra.com\/es\/camping-bella-terra-vakantiebeurs-2017\/#primaryimage","url":"https:\/\/www.campingbellaterra.com\/wp-content\/uploads\/media\/k2\/items\/src\/98786352ab62965a07c516ba5d449e8a.jpg","contentUrl":"https:\/\/www.campingbellaterra.com\/wp-content\/uploads\/media\/k2\/items\/src\/98786352ab62965a07c516ba5d449e8a.jpg","width":1600,"height":1200},{"@type":"BreadcrumbList","@id":"https:\/\/www.campingbellaterra.com\/es\/camping-bella-terra-vakantiebeurs-2017\/#breadcrumb","itemListElement":[{"@type":"ListItem","position":1,"name":"Inici","item":"https:\/\/www.campingbellaterra.com\/es\/"},{"@type":"ListItem","position":2,"name":"El Camping Bella Terra, en la Vakantiebeurs 2017"}]},{"@type":"WebSite","@id":"https:\/\/www.campingbellaterra.com\/es\/#website","url":"https:\/\/www.campingbellaterra.com\/es\/","name":"Camping Bella Terra","description":"Tu camping familiar en la Costa Brava","publisher":{"@id":"https:\/\/www.campingbellaterra.com\/es\/#organization"},"potentialAction":[{"@type":"SearchAction","target":{"@type":"EntryPoint","urlTemplate":"https:\/\/www.campingbellaterra.com\/es\/?s={search_term_string}"},"query-input":{"@type":"PropertyValueSpecification","valueRequired":true,"valueName":"search_term_string"}}],"inLanguage":"es"},{"@type":"Organization","@id":"https:\/\/www.campingbellaterra.com\/es\/#organization","name":"Camping Bella Terra","url":"https:\/\/www.campingbellaterra.com\/es\/","logo":{"@type":"ImageObject","inLanguage":"es","@id":"https:\/\/www.campingbellaterra.com\/es\/#\/schema\/logo\/image\/","url":"https:\/\/www.campingbellaterra.com\/wp-content\/uploads\/logo6.svg","contentUrl":"https:\/\/www.campingbellaterra.com\/wp-content\/uploads\/logo6.svg","width":"2048","height":"2048","caption":"Camping Bella Terra"},"image":{"@id":"https:\/\/www.campingbellaterra.com\/es\/#\/schema\/logo\/image\/"},"sameAs":["https:\/\/www.facebook.com\/campingbellaterra\/","https:\/\/x.com\/cbellaterra","https:\/\/www.instagram.com\/campingbellaterra\/","https:\/\/www.youtube.com\/c\/Camping-Bellaterra-Blanes","https:\/\/www.tripadvisor.es\/Hotel_Review-g580331-d3328184-Reviews-Camping_Bella_Terra-Blanes_Costa_Brava_Province_of_Girona_Catalonia.html"]},{"@type":"Person","@id":"https:\/\/www.campingbellaterra.com\/es\/#\/schema\/person\/9dafe106b7fade6dd08664bb60ea89ac","name":"vado","image":{"@type":"ImageObject","inLanguage":"es","@id":"https:\/\/www.campingbellaterra.com\/es\/#\/schema\/person\/image\/","url":"https:\/\/secure.gravatar.com\/avatar\/6edab01d4cd19889ac2b69e05f01a3c93227951cf320620732fca472f184e4f5?s=96&d=mm&r=g","contentUrl":"https:\/\/secure.gravatar.com\/avatar\/6edab01d4cd19889ac2b69e05f01a3c93227951cf320620732fca472f184e4f5?s=96&d=mm&r=g","caption":"vado"},"url":"https:\/\/www.campingbellaterra.com\/es\/author\/vado\/"}]}},"_links":{"self":[{"href":"https:\/\/www.campingbellaterra.com\/es\/wp-json\/wp\/v2\/posts\/6706","targetHints":{"allow":["GET"]}}],"collection":[{"href":"https:\/\/www.campingbellaterra.com\/es\/wp-json\/wp\/v2\/posts"}],"about":[{"href":"https:\/\/www.campingbellaterra.com\/es\/wp-json\/wp\/v2\/types\/post"}],"author":[{"embeddable":true,"href":"https:\/\/www.campingbellaterra.com\/es\/wp-json\/wp\/v2\/users\/2"}],"replies":[{"embeddable":true,"href":"https:\/\/www.campingbellaterra.com\/es\/wp-json\/wp\/v2\/comments?post=6706"}],"version-history":[{"count":4,"href":"https:\/\/www.campingbellaterra.com\/es\/wp-json\/wp\/v2\/posts\/6706\/revisions"}],"predecessor-version":[{"id":12764,"href":"https:\/\/www.campingbellaterra.com\/es\/wp-json\/wp\/v2\/posts\/6706\/revisions\/12764"}],"wp:featuredmedia":[{"embeddable":true,"href":"https:\/\/www.campingbellaterra.com\/es\/wp-json\/wp\/v2\/media\/8746"}],"wp:attachment":[{"href":"https:\/\/www.campingbellaterra.com\/es\/wp-json\/wp\/v2\/media?parent=6706"}],"wp:term":[{"taxonomy":"category","embeddable":true,"href":"https:\/\/www.campingbellaterra.com\/es\/wp-json\/wp\/v2\/categories?post=6706"},{"taxonomy":"post_tag","embeddable":true,"href":"https:\/\/www.campingbellaterra.com\/es\/wp-json\/wp\/v2\/tags?post=6706"}],"curies":[{"name":"wp","href":"https:\/\/api.w.org\/{rel}","templated":true}]}}