{"id":6714,"date":"2017-02-10T11:48:21","date_gmt":"2017-02-10T10:48:21","guid":{"rendered":"https:\/\/www.campingbellaterra.com\/2017\/02\/10\/camping-bella-terra-feria-viajes-campings-essen\/"},"modified":"2022-04-12T12:04:32","modified_gmt":"2022-04-12T10:04:32","slug":"camping-bella-terra-feria-viajes-campings-essen","status":"publish","type":"post","link":"https:\/\/www.campingbellaterra.com\/es\/camping-bella-terra-feria-viajes-campings-essen\/","title":{"rendered":"El Camping Bella Terra, en la feria de viajes y campings de Essen"},"content":{"rendered":"<p style=\"text-align: justify;\">De <strong>Utrecht<\/strong> a <strong>Essen<\/strong>, de nuevo, el <strong>camping Bella Terra<\/strong> vuelve a estar presente en otra feria dedicada a su principal sector tur\u00edstico: <strong>el camping<\/strong>. La feria internacional de<strong> viajes, turismo, campings y caravaning<\/strong> tendr\u00e1 lugar entre el 15 y el 19 de febrero en la ciudad alemana de <strong>Essen<\/strong>. Este evento organizado por la empresa <strong>Messe Essen GmbH<\/strong> tiene como finalidad reunir a numerosas compa\u00f1\u00edas del \u00e1mbito del turismo las cuales ofrecer\u00e1n y presentar\u00e1n a los visitantes una extensa y amplia informaci\u00f3n sobre las novedades para esta temporada 2017.<\/p>\n<p><!--more--><\/p>\n<p style=\"text-align: justify;\">Una gran parte de esta <strong>feria de Essen<\/strong> girar\u00e1 en torno a las \u00e1reas del <strong>camping<\/strong> y el <strong>caravaning<\/strong>. Por este motivo, la presencia del <strong>camping Bella Terra<\/strong> era obligatoria en esta cita internacional en la cual la <strong>Costa Brava<\/strong> ser\u00e1 regi\u00f3n invitada en esta edici\u00f3n.&nbsp;<strong>George Wilekens<\/strong>, de nacionalidad belga, ser\u00e1 la persona encargada de representar la imagen del camping en dicha feria. Se trata de un cliente de toda la vida, un apasionado por y para el camping que ha decidido, por la cercan\u00eda del lugar de origen y del evento, ser c\u00f3mplice y representar en esta feria al <strong>camping Bella Terra<\/strong>. \u201cLlevo m\u00e1s de 40 a\u00f1os esperando, siempre con la misma ilusi\u00f3n, la llegada de la nueva temporada para poder disfrutar del <strong>camping Bella Terra<\/strong>\u201d, asegura&nbsp;<strong>George Wilekens<\/strong>, adem\u00e1s, a\u00f1ade que \u201cme parece que este camping es un ejemplo de organizaci\u00f3n, instalaciones, servicios, productos y tambi\u00e9n un lugar para encontrar buenas amistades, alegr\u00edas, diversiones, tranquilidad y naturaleza\u201d.<\/p>\n<p style=\"text-align: justify;\">El recinto ferial abrir\u00e1 sus puertas a partir de las 9 de la ma\u00f1ana y cerrar\u00e1 a partir de las 18 de la tarde donde todos los visitantes podr\u00e1n descubrir cu\u00e1les ser\u00e1n los <strong>servicios, productos y tendencias<\/strong> para esta temporada. El <strong>camping Bella Terra<\/strong> estar\u00e1 situado en el hall n\u00famero 11, concretamente, en <strong>el estand 11F03<\/strong> que ser\u00e1 el lugar en el cual se informar\u00e1 a los clientes acerca de las novedades de los <strong>bungalows, del nuevo parque acu\u00e1tico, de las actividades en bicicleta, de las actividades infantiles<\/strong>, entre otras muchas. \u201cNuestro objetivo es incrementar el turismo alem\u00e1n no s\u00f3lo vendiendo el sol y la playa, sino tambi\u00e9n las&nbsp;actividades acu\u00e1ticas, las rutas en bicicleta, el sedentarismo y las visitas guiadas en los jardines bot\u00e1nicos de la Vila de Blanes\u201d, concluye <strong>Vicen\u00e7 Fern\u00e1ndez, director del camping Bella Terra.<\/strong><\/p>\n","protected":false},"excerpt":{"rendered":"<p>De Utrecht a Essen, de nuevo, el camping Bella Terra vuelve a estar presente en otra feria dedicada a su principal sector tur\u00edstico: el camping&#8230;.<\/p>\n","protected":false},"author":2,"featured_media":8758,"comment_status":"closed","ping_status":"closed","sticky":false,"template":"","format":"standard","meta":{"_acf_changed":false,"inline_featured_image":false,"_monsterinsights_skip_tracking":false,"_monsterinsights_sitenote_active":false,"_monsterinsights_sitenote_note":"","_monsterinsights_sitenote_category":0,"footnotes":""},"categories":[2279],"tags":[1820,1868,1880,1892,2248],"class_list":["post-6714","post","type-post","status-publish","format-standard","has-post-thumbnail","hentry","category-blog-es","tag-alemania","tag-blanes-es","tag-bungalow-es","tag-camping-es","tag-viajes"],"acf":[],"yoast_head":"<!-- This site is optimized with the Yoast SEO plugin v27.0 - https:\/\/yoast.com\/product\/yoast-seo-wordpress\/ -->\n<title>El Camping Bella Terra, en la feria de viajes y campings de Essen - Camping Bella Terra<\/title>\n<meta name=\"robots\" content=\"index, follow, max-snippet:-1, max-image-preview:large, max-video-preview:-1\" \/>\n<link rel=\"canonical\" href=\"https:\/\/www.campingbellaterra.com\/es\/camping-bella-terra-feria-viajes-campings-essen\/\" \/>\n<meta property=\"og:locale\" content=\"es_ES\" \/>\n<meta property=\"og:type\" content=\"article\" \/>\n<meta property=\"og:title\" content=\"El Camping Bella Terra, en la feria de viajes y campings de Essen - Camping Bella Terra\" \/>\n<meta property=\"og:description\" content=\"De Utrecht a Essen, de nuevo, el camping Bella Terra vuelve a estar presente en otra feria dedicada a su principal sector tur\u00edstico: el camping....\" \/>\n<meta property=\"og:url\" content=\"https:\/\/www.campingbellaterra.com\/es\/camping-bella-terra-feria-viajes-campings-essen\/\" \/>\n<meta property=\"og:site_name\" content=\"Camping Bella Terra\" \/>\n<meta property=\"article:publisher\" content=\"https:\/\/www.facebook.com\/campingbellaterra\/\" \/>\n<meta property=\"article:published_time\" content=\"2017-02-10T10:48:21+00:00\" \/>\n<meta property=\"article:modified_time\" content=\"2022-04-12T10:04:32+00:00\" \/>\n<meta property=\"og:image\" content=\"https:\/\/www.campingbellaterra.com\/wp-content\/uploads\/media\/k2\/items\/src\/0d422469a7bfe49699e19d8d898530d7.jpg\" \/>\n\t<meta property=\"og:image:width\" content=\"346\" \/>\n\t<meta property=\"og:image:height\" content=\"468\" \/>\n\t<meta property=\"og:image:type\" content=\"image\/jpeg\" \/>\n<meta name=\"author\" content=\"vado\" \/>\n<meta name=\"twitter:card\" content=\"summary_large_image\" \/>\n<meta name=\"twitter:creator\" content=\"@cbellaterra\" \/>\n<meta name=\"twitter:site\" content=\"@cbellaterra\" \/>\n<meta name=\"twitter:label1\" content=\"Escrito por\" \/>\n\t<meta name=\"twitter:data1\" content=\"vado\" \/>\n\t<meta name=\"twitter:label2\" content=\"Tiempo de lectura\" \/>\n\t<meta name=\"twitter:data2\" content=\"2 minutos\" \/>\n<script type=\"application\/ld+json\" class=\"yoast-schema-graph\">{\"@context\":\"https:\/\/schema.org\",\"@graph\":[{\"@type\":\"Article\",\"@id\":\"https:\/\/www.campingbellaterra.com\/es\/camping-bella-terra-feria-viajes-campings-essen\/#article\",\"isPartOf\":{\"@id\":\"https:\/\/www.campingbellaterra.com\/es\/camping-bella-terra-feria-viajes-campings-essen\/\"},\"author\":{\"name\":\"vado\",\"@id\":\"https:\/\/www.campingbellaterra.com\/es\/#\/schema\/person\/9dafe106b7fade6dd08664bb60ea89ac\"},\"headline\":\"El Camping Bella Terra, en la feria de viajes y campings de Essen\",\"datePublished\":\"2017-02-10T10:48:21+00:00\",\"dateModified\":\"2022-04-12T10:04:32+00:00\",\"mainEntityOfPage\":{\"@id\":\"https:\/\/www.campingbellaterra.com\/es\/camping-bella-terra-feria-viajes-campings-essen\/\"},\"wordCount\":426,\"publisher\":{\"@id\":\"https:\/\/www.campingbellaterra.com\/es\/#organization\"},\"image\":{\"@id\":\"https:\/\/www.campingbellaterra.com\/es\/camping-bella-terra-feria-viajes-campings-essen\/#primaryimage\"},\"thumbnailUrl\":\"https:\/\/www.campingbellaterra.com\/wp-content\/uploads\/media\/k2\/items\/src\/0d422469a7bfe49699e19d8d898530d7.jpg\",\"keywords\":[\"Alemania\",\"blanes\",\"bungalow\",\"camping\",\"viajes\"],\"articleSection\":[\"blog\"],\"inLanguage\":\"es\"},{\"@type\":\"WebPage\",\"@id\":\"https:\/\/www.campingbellaterra.com\/es\/camping-bella-terra-feria-viajes-campings-essen\/\",\"url\":\"https:\/\/www.campingbellaterra.com\/es\/camping-bella-terra-feria-viajes-campings-essen\/\",\"name\":\"El Camping Bella Terra, en la feria de viajes y campings de Essen - Camping Bella Terra\",\"isPartOf\":{\"@id\":\"https:\/\/www.campingbellaterra.com\/es\/#website\"},\"primaryImageOfPage\":{\"@id\":\"https:\/\/www.campingbellaterra.com\/es\/camping-bella-terra-feria-viajes-campings-essen\/#primaryimage\"},\"image\":{\"@id\":\"https:\/\/www.campingbellaterra.com\/es\/camping-bella-terra-feria-viajes-campings-essen\/#primaryimage\"},\"thumbnailUrl\":\"https:\/\/www.campingbellaterra.com\/wp-content\/uploads\/media\/k2\/items\/src\/0d422469a7bfe49699e19d8d898530d7.jpg\",\"datePublished\":\"2017-02-10T10:48:21+00:00\",\"dateModified\":\"2022-04-12T10:04:32+00:00\",\"breadcrumb\":{\"@id\":\"https:\/\/www.campingbellaterra.com\/es\/camping-bella-terra-feria-viajes-campings-essen\/#breadcrumb\"},\"inLanguage\":\"es\",\"potentialAction\":[{\"@type\":\"ReadAction\",\"target\":[\"https:\/\/www.campingbellaterra.com\/es\/camping-bella-terra-feria-viajes-campings-essen\/\"]}]},{\"@type\":\"ImageObject\",\"inLanguage\":\"es\",\"@id\":\"https:\/\/www.campingbellaterra.com\/es\/camping-bella-terra-feria-viajes-campings-essen\/#primaryimage\",\"url\":\"https:\/\/www.campingbellaterra.com\/wp-content\/uploads\/media\/k2\/items\/src\/0d422469a7bfe49699e19d8d898530d7.jpg\",\"contentUrl\":\"https:\/\/www.campingbellaterra.com\/wp-content\/uploads\/media\/k2\/items\/src\/0d422469a7bfe49699e19d8d898530d7.jpg\",\"width\":346,\"height\":468},{\"@type\":\"BreadcrumbList\",\"@id\":\"https:\/\/www.campingbellaterra.com\/es\/camping-bella-terra-feria-viajes-campings-essen\/#breadcrumb\",\"itemListElement\":[{\"@type\":\"ListItem\",\"position\":1,\"name\":\"Inici\",\"item\":\"https:\/\/www.campingbellaterra.com\/es\/\"},{\"@type\":\"ListItem\",\"position\":2,\"name\":\"El Camping Bella Terra, en la feria de viajes y campings de Essen\"}]},{\"@type\":\"WebSite\",\"@id\":\"https:\/\/www.campingbellaterra.com\/es\/#website\",\"url\":\"https:\/\/www.campingbellaterra.com\/es\/\",\"name\":\"Camping Bella Terra\",\"description\":\"Tu camping familiar en la Costa Brava\",\"publisher\":{\"@id\":\"https:\/\/www.campingbellaterra.com\/es\/#organization\"},\"potentialAction\":[{\"@type\":\"SearchAction\",\"target\":{\"@type\":\"EntryPoint\",\"urlTemplate\":\"https:\/\/www.campingbellaterra.com\/es\/?s={search_term_string}\"},\"query-input\":{\"@type\":\"PropertyValueSpecification\",\"valueRequired\":true,\"valueName\":\"search_term_string\"}}],\"inLanguage\":\"es\"},{\"@type\":\"Organization\",\"@id\":\"https:\/\/www.campingbellaterra.com\/es\/#organization\",\"name\":\"Camping Bella Terra\",\"url\":\"https:\/\/www.campingbellaterra.com\/es\/\",\"logo\":{\"@type\":\"ImageObject\",\"inLanguage\":\"es\",\"@id\":\"https:\/\/www.campingbellaterra.com\/es\/#\/schema\/logo\/image\/\",\"url\":\"https:\/\/www.campingbellaterra.com\/wp-content\/uploads\/logo6.svg\",\"contentUrl\":\"https:\/\/www.campingbellaterra.com\/wp-content\/uploads\/logo6.svg\",\"width\":\"2048\",\"height\":\"2048\",\"caption\":\"Camping Bella Terra\"},\"image\":{\"@id\":\"https:\/\/www.campingbellaterra.com\/es\/#\/schema\/logo\/image\/\"},\"sameAs\":[\"https:\/\/www.facebook.com\/campingbellaterra\/\",\"https:\/\/x.com\/cbellaterra\",\"https:\/\/www.instagram.com\/campingbellaterra\/\",\"https:\/\/www.youtube.com\/c\/Camping-Bellaterra-Blanes\",\"https:\/\/www.tripadvisor.es\/Hotel_Review-g580331-d3328184-Reviews-Camping_Bella_Terra-Blanes_Costa_Brava_Province_of_Girona_Catalonia.html\"]},{\"@type\":\"Person\",\"@id\":\"https:\/\/www.campingbellaterra.com\/es\/#\/schema\/person\/9dafe106b7fade6dd08664bb60ea89ac\",\"name\":\"vado\",\"image\":{\"@type\":\"ImageObject\",\"inLanguage\":\"es\",\"@id\":\"https:\/\/www.campingbellaterra.com\/es\/#\/schema\/person\/image\/\",\"url\":\"https:\/\/secure.gravatar.com\/avatar\/6edab01d4cd19889ac2b69e05f01a3c93227951cf320620732fca472f184e4f5?s=96&d=mm&r=g\",\"contentUrl\":\"https:\/\/secure.gravatar.com\/avatar\/6edab01d4cd19889ac2b69e05f01a3c93227951cf320620732fca472f184e4f5?s=96&d=mm&r=g\",\"caption\":\"vado\"},\"url\":\"https:\/\/www.campingbellaterra.com\/es\/author\/vado\/\"}]}<\/script>\n<!-- \/ Yoast SEO plugin. -->","yoast_head_json":{"title":"El Camping Bella Terra, en la feria de viajes y campings de Essen - Camping Bella Terra","robots":{"index":"index","follow":"follow","max-snippet":"max-snippet:-1","max-image-preview":"max-image-preview:large","max-video-preview":"max-video-preview:-1"},"canonical":"https:\/\/www.campingbellaterra.com\/es\/camping-bella-terra-feria-viajes-campings-essen\/","og_locale":"es_ES","og_type":"article","og_title":"El Camping Bella Terra, en la feria de viajes y campings de Essen - Camping Bella Terra","og_description":"De Utrecht a Essen, de nuevo, el camping Bella Terra vuelve a estar presente en otra feria dedicada a su principal sector tur\u00edstico: el camping....","og_url":"https:\/\/www.campingbellaterra.com\/es\/camping-bella-terra-feria-viajes-campings-essen\/","og_site_name":"Camping Bella Terra","article_publisher":"https:\/\/www.facebook.com\/campingbellaterra\/","article_published_time":"2017-02-10T10:48:21+00:00","article_modified_time":"2022-04-12T10:04:32+00:00","og_image":[{"width":346,"height":468,"url":"https:\/\/www.campingbellaterra.com\/wp-content\/uploads\/media\/k2\/items\/src\/0d422469a7bfe49699e19d8d898530d7.jpg","type":"image\/jpeg"}],"author":"vado","twitter_card":"summary_large_image","twitter_creator":"@cbellaterra","twitter_site":"@cbellaterra","twitter_misc":{"Escrito por":"vado","Tiempo de lectura":"2 minutos"},"schema":{"@context":"https:\/\/schema.org","@graph":[{"@type":"Article","@id":"https:\/\/www.campingbellaterra.com\/es\/camping-bella-terra-feria-viajes-campings-essen\/#article","isPartOf":{"@id":"https:\/\/www.campingbellaterra.com\/es\/camping-bella-terra-feria-viajes-campings-essen\/"},"author":{"name":"vado","@id":"https:\/\/www.campingbellaterra.com\/es\/#\/schema\/person\/9dafe106b7fade6dd08664bb60ea89ac"},"headline":"El Camping Bella Terra, en la feria de viajes y campings de Essen","datePublished":"2017-02-10T10:48:21+00:00","dateModified":"2022-04-12T10:04:32+00:00","mainEntityOfPage":{"@id":"https:\/\/www.campingbellaterra.com\/es\/camping-bella-terra-feria-viajes-campings-essen\/"},"wordCount":426,"publisher":{"@id":"https:\/\/www.campingbellaterra.com\/es\/#organization"},"image":{"@id":"https:\/\/www.campingbellaterra.com\/es\/camping-bella-terra-feria-viajes-campings-essen\/#primaryimage"},"thumbnailUrl":"https:\/\/www.campingbellaterra.com\/wp-content\/uploads\/media\/k2\/items\/src\/0d422469a7bfe49699e19d8d898530d7.jpg","keywords":["Alemania","blanes","bungalow","camping","viajes"],"articleSection":["blog"],"inLanguage":"es"},{"@type":"WebPage","@id":"https:\/\/www.campingbellaterra.com\/es\/camping-bella-terra-feria-viajes-campings-essen\/","url":"https:\/\/www.campingbellaterra.com\/es\/camping-bella-terra-feria-viajes-campings-essen\/","name":"El Camping Bella Terra, en la feria de viajes y campings de Essen - Camping Bella Terra","isPartOf":{"@id":"https:\/\/www.campingbellaterra.com\/es\/#website"},"primaryImageOfPage":{"@id":"https:\/\/www.campingbellaterra.com\/es\/camping-bella-terra-feria-viajes-campings-essen\/#primaryimage"},"image":{"@id":"https:\/\/www.campingbellaterra.com\/es\/camping-bella-terra-feria-viajes-campings-essen\/#primaryimage"},"thumbnailUrl":"https:\/\/www.campingbellaterra.com\/wp-content\/uploads\/media\/k2\/items\/src\/0d422469a7bfe49699e19d8d898530d7.jpg","datePublished":"2017-02-10T10:48:21+00:00","dateModified":"2022-04-12T10:04:32+00:00","breadcrumb":{"@id":"https:\/\/www.campingbellaterra.com\/es\/camping-bella-terra-feria-viajes-campings-essen\/#breadcrumb"},"inLanguage":"es","potentialAction":[{"@type":"ReadAction","target":["https:\/\/www.campingbellaterra.com\/es\/camping-bella-terra-feria-viajes-campings-essen\/"]}]},{"@type":"ImageObject","inLanguage":"es","@id":"https:\/\/www.campingbellaterra.com\/es\/camping-bella-terra-feria-viajes-campings-essen\/#primaryimage","url":"https:\/\/www.campingbellaterra.com\/wp-content\/uploads\/media\/k2\/items\/src\/0d422469a7bfe49699e19d8d898530d7.jpg","contentUrl":"https:\/\/www.campingbellaterra.com\/wp-content\/uploads\/media\/k2\/items\/src\/0d422469a7bfe49699e19d8d898530d7.jpg","width":346,"height":468},{"@type":"BreadcrumbList","@id":"https:\/\/www.campingbellaterra.com\/es\/camping-bella-terra-feria-viajes-campings-essen\/#breadcrumb","itemListElement":[{"@type":"ListItem","position":1,"name":"Inici","item":"https:\/\/www.campingbellaterra.com\/es\/"},{"@type":"ListItem","position":2,"name":"El Camping Bella Terra, en la feria de viajes y campings de Essen"}]},{"@type":"WebSite","@id":"https:\/\/www.campingbellaterra.com\/es\/#website","url":"https:\/\/www.campingbellaterra.com\/es\/","name":"Camping Bella Terra","description":"Tu camping familiar en la Costa Brava","publisher":{"@id":"https:\/\/www.campingbellaterra.com\/es\/#organization"},"potentialAction":[{"@type":"SearchAction","target":{"@type":"EntryPoint","urlTemplate":"https:\/\/www.campingbellaterra.com\/es\/?s={search_term_string}"},"query-input":{"@type":"PropertyValueSpecification","valueRequired":true,"valueName":"search_term_string"}}],"inLanguage":"es"},{"@type":"Organization","@id":"https:\/\/www.campingbellaterra.com\/es\/#organization","name":"Camping Bella Terra","url":"https:\/\/www.campingbellaterra.com\/es\/","logo":{"@type":"ImageObject","inLanguage":"es","@id":"https:\/\/www.campingbellaterra.com\/es\/#\/schema\/logo\/image\/","url":"https:\/\/www.campingbellaterra.com\/wp-content\/uploads\/logo6.svg","contentUrl":"https:\/\/www.campingbellaterra.com\/wp-content\/uploads\/logo6.svg","width":"2048","height":"2048","caption":"Camping Bella Terra"},"image":{"@id":"https:\/\/www.campingbellaterra.com\/es\/#\/schema\/logo\/image\/"},"sameAs":["https:\/\/www.facebook.com\/campingbellaterra\/","https:\/\/x.com\/cbellaterra","https:\/\/www.instagram.com\/campingbellaterra\/","https:\/\/www.youtube.com\/c\/Camping-Bellaterra-Blanes","https:\/\/www.tripadvisor.es\/Hotel_Review-g580331-d3328184-Reviews-Camping_Bella_Terra-Blanes_Costa_Brava_Province_of_Girona_Catalonia.html"]},{"@type":"Person","@id":"https:\/\/www.campingbellaterra.com\/es\/#\/schema\/person\/9dafe106b7fade6dd08664bb60ea89ac","name":"vado","image":{"@type":"ImageObject","inLanguage":"es","@id":"https:\/\/www.campingbellaterra.com\/es\/#\/schema\/person\/image\/","url":"https:\/\/secure.gravatar.com\/avatar\/6edab01d4cd19889ac2b69e05f01a3c93227951cf320620732fca472f184e4f5?s=96&d=mm&r=g","contentUrl":"https:\/\/secure.gravatar.com\/avatar\/6edab01d4cd19889ac2b69e05f01a3c93227951cf320620732fca472f184e4f5?s=96&d=mm&r=g","caption":"vado"},"url":"https:\/\/www.campingbellaterra.com\/es\/author\/vado\/"}]}},"_links":{"self":[{"href":"https:\/\/www.campingbellaterra.com\/es\/wp-json\/wp\/v2\/posts\/6714","targetHints":{"allow":["GET"]}}],"collection":[{"href":"https:\/\/www.campingbellaterra.com\/es\/wp-json\/wp\/v2\/posts"}],"about":[{"href":"https:\/\/www.campingbellaterra.com\/es\/wp-json\/wp\/v2\/types\/post"}],"author":[{"embeddable":true,"href":"https:\/\/www.campingbellaterra.com\/es\/wp-json\/wp\/v2\/users\/2"}],"replies":[{"embeddable":true,"href":"https:\/\/www.campingbellaterra.com\/es\/wp-json\/wp\/v2\/comments?post=6714"}],"version-history":[{"count":1,"href":"https:\/\/www.campingbellaterra.com\/es\/wp-json\/wp\/v2\/posts\/6714\/revisions"}],"predecessor-version":[{"id":11101,"href":"https:\/\/www.campingbellaterra.com\/es\/wp-json\/wp\/v2\/posts\/6714\/revisions\/11101"}],"wp:featuredmedia":[{"embeddable":true,"href":"https:\/\/www.campingbellaterra.com\/es\/wp-json\/wp\/v2\/media\/8758"}],"wp:attachment":[{"href":"https:\/\/www.campingbellaterra.com\/es\/wp-json\/wp\/v2\/media?parent=6714"}],"wp:term":[{"taxonomy":"category","embeddable":true,"href":"https:\/\/www.campingbellaterra.com\/es\/wp-json\/wp\/v2\/categories?post=6714"},{"taxonomy":"post_tag","embeddable":true,"href":"https:\/\/www.campingbellaterra.com\/es\/wp-json\/wp\/v2\/tags?post=6714"}],"curies":[{"name":"wp","href":"https:\/\/api.w.org\/{rel}","templated":true}]}}