{"id":6718,"date":"2017-02-20T21:40:17","date_gmt":"2017-02-20T20:40:17","guid":{"rendered":"https:\/\/www.campingbellaterra.com\/2017\/02\/20\/primera-participacion-del-camping-bella-terra-en-la-feria-de-herning-dinamarca\/"},"modified":"2022-04-12T12:00:29","modified_gmt":"2022-04-12T10:00:29","slug":"primera-participacion-del-camping-bella-terra-en-la-feria-de-herning-dinamarca","status":"publish","type":"post","link":"https:\/\/www.campingbellaterra.com\/es\/primera-participacion-del-camping-bella-terra-en-la-feria-de-herning-dinamarca\/","title":{"rendered":"Primera participaci\u00f3n del camping Bella Terra en la feria de Herning, Dinamarca"},"content":{"rendered":"<p style=\"text-align: justify;\">El&nbsp;<strong>camping Bella Terra<\/strong>&nbsp;participar\u00e1 por primera vez en <strong>la&nbsp;feria de Herning de Dinamarca<\/strong>, que tendr\u00e1 lugar del 24 al 26 de febrero. El principal reclamo de esta edici\u00f3n 2017, denominada<strong>&nbsp;<em>Vacaciones para todos<\/em><\/strong>, ser\u00e1 promocionar el mundo del camping en el mercado n\u00f3rdico. El&nbsp;<strong>MCH Messecenter de Herning<\/strong>&nbsp;ser\u00e1 el recinto ferial donde el p\u00fablico escandinavo podr\u00e1 conocer los secretos del camping en todas las salas de exposiciones.<\/p>\n<p><!--more--><\/p>\n<p style=\"text-align: justify;\">Esta feria de Dinamarca servir\u00e1 para que el&nbsp;<strong>camping Bella Terra<\/strong>&nbsp;se acerque al p\u00fablico dan\u00e9s cuya presencia ha disminuido en <strong>Blanes<\/strong> durante los \u00faltimos a\u00f1os. \u201cNuestro objetivo es captar y mostrar un trato muy cercano con el cliente escandinavo\u201d, explica&nbsp;<strong>Vicen\u00e7 Fern\u00e1ndez, director del camping Bella Terra,<\/strong>&nbsp;por este motivo \u201cnuestros representantes ser\u00e1n el&nbsp;<strong>Mikkel<\/strong>&nbsp;y la&nbsp;<strong>Bodil Andersen<\/strong>, un matrimonio dan\u00e9s asiduo a nuestro camping desde hace muchos a\u00f1os y que se convertir\u00e1n en los interlocutores perfectos para transmitir nuestra filosof\u00eda a todo el mundo que se acerque al estand\u201d, asegura <strong>el&nbsp;director del&nbsp;camping Bella Terra<\/strong>.<\/p>\n<p>El&nbsp;<strong>Hall M<\/strong>, concretamente,&nbsp;al <strong>estand n\u00famero 9777<\/strong>&nbsp;ser\u00e1 la localizaci\u00f3n donde estar\u00e1 ubicado el&nbsp;<strong>camping Bella Terra<\/strong>. Este estand se convertir\u00e1 en la zona de trabajo en la cual la finalidad ser\u00e1 darse a conocer dentro del mercado dan\u00e9s y, por extensi\u00f3n, al n\u00f3rdico. Adem\u00e1s, se informar\u00e1 de las novedades de esta nueva temporada c\u00f3mo son&nbsp;<strong>los nuevos bungalows, el nuevo parque acu\u00e1tico, las actividades en bicicleta o las actividades infantiles,<\/strong> entre otras muchas. \u201cLo que queremos es atraer la atenci\u00f3n del p\u00fablico dan\u00e9s teniendo en cuenta, siempre, el tipo de cliente y el tipo de producto que busca para ofrecerle exactamente aquello que \u00e9l quiere\u201d, concluye en&nbsp;<strong>Vicen\u00e7 Fern\u00e1ndez, director del camping Bella Terra<\/strong>.<\/p>\n","protected":false},"excerpt":{"rendered":"<p>El&nbsp;camping Bella Terra&nbsp;participar\u00e1 por primera vez en la&nbsp;feria de Herning de Dinamarca, que tendr\u00e1 lugar del 24 al 26 de febrero. El principal reclamo de&#8230;<\/p>\n","protected":false},"author":2,"featured_media":8770,"comment_status":"closed","ping_status":"closed","sticky":false,"template":"","format":"standard","meta":{"_acf_changed":false,"inline_featured_image":false,"_monsterinsights_skip_tracking":false,"_monsterinsights_sitenote_active":false,"_monsterinsights_sitenote_note":"","_monsterinsights_sitenote_category":0,"footnotes":""},"categories":[2279],"tags":[1868,1880,1892,1982,2030,2055,2151],"class_list":["post-6718","post","type-post","status-publish","format-standard","has-post-thumbnail","hentry","category-blog-es","tag-blanes-es","tag-bungalow-es","tag-camping-es","tag-dinamarca-es","tag-feria","tag-herning-es","tag-piscina-es"],"acf":[],"yoast_head":"<!-- This site is optimized with the Yoast SEO plugin v27.0 - https:\/\/yoast.com\/product\/yoast-seo-wordpress\/ -->\n<title>Primera participaci\u00f3n del camping Bella Terra en la feria de Herning, Dinamarca - Camping Bella Terra<\/title>\n<meta name=\"robots\" content=\"index, follow, max-snippet:-1, max-image-preview:large, max-video-preview:-1\" \/>\n<link rel=\"canonical\" href=\"https:\/\/www.campingbellaterra.com\/es\/primera-participacion-del-camping-bella-terra-en-la-feria-de-herning-dinamarca\/\" \/>\n<meta property=\"og:locale\" content=\"es_ES\" \/>\n<meta property=\"og:type\" content=\"article\" \/>\n<meta property=\"og:title\" content=\"Primera participaci\u00f3n del camping Bella Terra en la feria de Herning, Dinamarca - Camping Bella Terra\" \/>\n<meta property=\"og:description\" content=\"El&nbsp;camping Bella Terra&nbsp;participar\u00e1 por primera vez en la&nbsp;feria de Herning de Dinamarca, que tendr\u00e1 lugar del 24 al 26 de febrero. El principal reclamo de...\" \/>\n<meta property=\"og:url\" content=\"https:\/\/www.campingbellaterra.com\/es\/primera-participacion-del-camping-bella-terra-en-la-feria-de-herning-dinamarca\/\" \/>\n<meta property=\"og:site_name\" content=\"Camping Bella Terra\" \/>\n<meta property=\"article:publisher\" content=\"https:\/\/www.facebook.com\/campingbellaterra\/\" \/>\n<meta property=\"article:published_time\" content=\"2017-02-20T20:40:17+00:00\" \/>\n<meta property=\"article:modified_time\" content=\"2022-04-12T10:00:29+00:00\" \/>\n<meta property=\"og:image\" content=\"https:\/\/www.campingbellaterra.com\/wp-content\/uploads\/media\/k2\/items\/src\/ab98897d60eaa0d05c1862c118538407.jpg\" \/>\n\t<meta property=\"og:image:width\" content=\"240\" \/>\n\t<meta property=\"og:image:height\" content=\"320\" \/>\n\t<meta property=\"og:image:type\" content=\"image\/jpeg\" \/>\n<meta name=\"author\" content=\"vado\" \/>\n<meta name=\"twitter:card\" content=\"summary_large_image\" \/>\n<meta name=\"twitter:creator\" content=\"@cbellaterra\" \/>\n<meta name=\"twitter:site\" content=\"@cbellaterra\" \/>\n<meta name=\"twitter:label1\" content=\"Escrito por\" \/>\n\t<meta name=\"twitter:data1\" content=\"vado\" \/>\n\t<meta name=\"twitter:label2\" content=\"Tiempo de lectura\" \/>\n\t<meta name=\"twitter:data2\" content=\"2 minutos\" \/>\n<script type=\"application\/ld+json\" class=\"yoast-schema-graph\">{\"@context\":\"https:\/\/schema.org\",\"@graph\":[{\"@type\":\"Article\",\"@id\":\"https:\/\/www.campingbellaterra.com\/es\/primera-participacion-del-camping-bella-terra-en-la-feria-de-herning-dinamarca\/#article\",\"isPartOf\":{\"@id\":\"https:\/\/www.campingbellaterra.com\/es\/primera-participacion-del-camping-bella-terra-en-la-feria-de-herning-dinamarca\/\"},\"author\":{\"name\":\"vado\",\"@id\":\"https:\/\/www.campingbellaterra.com\/es\/#\/schema\/person\/9dafe106b7fade6dd08664bb60ea89ac\"},\"headline\":\"Primera participaci\u00f3n del camping Bella Terra en la feria de Herning, Dinamarca\",\"datePublished\":\"2017-02-20T20:40:17+00:00\",\"dateModified\":\"2022-04-12T10:00:29+00:00\",\"mainEntityOfPage\":{\"@id\":\"https:\/\/www.campingbellaterra.com\/es\/primera-participacion-del-camping-bella-terra-en-la-feria-de-herning-dinamarca\/\"},\"wordCount\":339,\"publisher\":{\"@id\":\"https:\/\/www.campingbellaterra.com\/es\/#organization\"},\"image\":{\"@id\":\"https:\/\/www.campingbellaterra.com\/es\/primera-participacion-del-camping-bella-terra-en-la-feria-de-herning-dinamarca\/#primaryimage\"},\"thumbnailUrl\":\"https:\/\/www.campingbellaterra.com\/wp-content\/uploads\/media\/k2\/items\/src\/ab98897d60eaa0d05c1862c118538407.jpg\",\"keywords\":[\"blanes\",\"bungalow\",\"camping\",\"Dinamarca\",\"feria\",\"herning\",\"piscina\"],\"articleSection\":[\"blog\"],\"inLanguage\":\"es\"},{\"@type\":\"WebPage\",\"@id\":\"https:\/\/www.campingbellaterra.com\/es\/primera-participacion-del-camping-bella-terra-en-la-feria-de-herning-dinamarca\/\",\"url\":\"https:\/\/www.campingbellaterra.com\/es\/primera-participacion-del-camping-bella-terra-en-la-feria-de-herning-dinamarca\/\",\"name\":\"Primera participaci\u00f3n del camping Bella Terra en la feria de Herning, Dinamarca - Camping Bella Terra\",\"isPartOf\":{\"@id\":\"https:\/\/www.campingbellaterra.com\/es\/#website\"},\"primaryImageOfPage\":{\"@id\":\"https:\/\/www.campingbellaterra.com\/es\/primera-participacion-del-camping-bella-terra-en-la-feria-de-herning-dinamarca\/#primaryimage\"},\"image\":{\"@id\":\"https:\/\/www.campingbellaterra.com\/es\/primera-participacion-del-camping-bella-terra-en-la-feria-de-herning-dinamarca\/#primaryimage\"},\"thumbnailUrl\":\"https:\/\/www.campingbellaterra.com\/wp-content\/uploads\/media\/k2\/items\/src\/ab98897d60eaa0d05c1862c118538407.jpg\",\"datePublished\":\"2017-02-20T20:40:17+00:00\",\"dateModified\":\"2022-04-12T10:00:29+00:00\",\"breadcrumb\":{\"@id\":\"https:\/\/www.campingbellaterra.com\/es\/primera-participacion-del-camping-bella-terra-en-la-feria-de-herning-dinamarca\/#breadcrumb\"},\"inLanguage\":\"es\",\"potentialAction\":[{\"@type\":\"ReadAction\",\"target\":[\"https:\/\/www.campingbellaterra.com\/es\/primera-participacion-del-camping-bella-terra-en-la-feria-de-herning-dinamarca\/\"]}]},{\"@type\":\"ImageObject\",\"inLanguage\":\"es\",\"@id\":\"https:\/\/www.campingbellaterra.com\/es\/primera-participacion-del-camping-bella-terra-en-la-feria-de-herning-dinamarca\/#primaryimage\",\"url\":\"https:\/\/www.campingbellaterra.com\/wp-content\/uploads\/media\/k2\/items\/src\/ab98897d60eaa0d05c1862c118538407.jpg\",\"contentUrl\":\"https:\/\/www.campingbellaterra.com\/wp-content\/uploads\/media\/k2\/items\/src\/ab98897d60eaa0d05c1862c118538407.jpg\",\"width\":240,\"height\":320},{\"@type\":\"BreadcrumbList\",\"@id\":\"https:\/\/www.campingbellaterra.com\/es\/primera-participacion-del-camping-bella-terra-en-la-feria-de-herning-dinamarca\/#breadcrumb\",\"itemListElement\":[{\"@type\":\"ListItem\",\"position\":1,\"name\":\"Inici\",\"item\":\"https:\/\/www.campingbellaterra.com\/es\/\"},{\"@type\":\"ListItem\",\"position\":2,\"name\":\"Primera participaci\u00f3n del camping Bella Terra en la feria de Herning, Dinamarca\"}]},{\"@type\":\"WebSite\",\"@id\":\"https:\/\/www.campingbellaterra.com\/es\/#website\",\"url\":\"https:\/\/www.campingbellaterra.com\/es\/\",\"name\":\"Camping Bella Terra\",\"description\":\"Tu camping familiar en la Costa Brava\",\"publisher\":{\"@id\":\"https:\/\/www.campingbellaterra.com\/es\/#organization\"},\"potentialAction\":[{\"@type\":\"SearchAction\",\"target\":{\"@type\":\"EntryPoint\",\"urlTemplate\":\"https:\/\/www.campingbellaterra.com\/es\/?s={search_term_string}\"},\"query-input\":{\"@type\":\"PropertyValueSpecification\",\"valueRequired\":true,\"valueName\":\"search_term_string\"}}],\"inLanguage\":\"es\"},{\"@type\":\"Organization\",\"@id\":\"https:\/\/www.campingbellaterra.com\/es\/#organization\",\"name\":\"Camping Bella Terra\",\"url\":\"https:\/\/www.campingbellaterra.com\/es\/\",\"logo\":{\"@type\":\"ImageObject\",\"inLanguage\":\"es\",\"@id\":\"https:\/\/www.campingbellaterra.com\/es\/#\/schema\/logo\/image\/\",\"url\":\"https:\/\/www.campingbellaterra.com\/wp-content\/uploads\/logo6.svg\",\"contentUrl\":\"https:\/\/www.campingbellaterra.com\/wp-content\/uploads\/logo6.svg\",\"width\":\"2048\",\"height\":\"2048\",\"caption\":\"Camping Bella Terra\"},\"image\":{\"@id\":\"https:\/\/www.campingbellaterra.com\/es\/#\/schema\/logo\/image\/\"},\"sameAs\":[\"https:\/\/www.facebook.com\/campingbellaterra\/\",\"https:\/\/x.com\/cbellaterra\",\"https:\/\/www.instagram.com\/campingbellaterra\/\",\"https:\/\/www.youtube.com\/c\/Camping-Bellaterra-Blanes\",\"https:\/\/www.tripadvisor.es\/Hotel_Review-g580331-d3328184-Reviews-Camping_Bella_Terra-Blanes_Costa_Brava_Province_of_Girona_Catalonia.html\"]},{\"@type\":\"Person\",\"@id\":\"https:\/\/www.campingbellaterra.com\/es\/#\/schema\/person\/9dafe106b7fade6dd08664bb60ea89ac\",\"name\":\"vado\",\"image\":{\"@type\":\"ImageObject\",\"inLanguage\":\"es\",\"@id\":\"https:\/\/www.campingbellaterra.com\/es\/#\/schema\/person\/image\/\",\"url\":\"https:\/\/secure.gravatar.com\/avatar\/6edab01d4cd19889ac2b69e05f01a3c93227951cf320620732fca472f184e4f5?s=96&d=mm&r=g\",\"contentUrl\":\"https:\/\/secure.gravatar.com\/avatar\/6edab01d4cd19889ac2b69e05f01a3c93227951cf320620732fca472f184e4f5?s=96&d=mm&r=g\",\"caption\":\"vado\"},\"url\":\"https:\/\/www.campingbellaterra.com\/es\/author\/vado\/\"}]}<\/script>\n<!-- \/ Yoast SEO plugin. -->","yoast_head_json":{"title":"Primera participaci\u00f3n del camping Bella Terra en la feria de Herning, Dinamarca - Camping Bella Terra","robots":{"index":"index","follow":"follow","max-snippet":"max-snippet:-1","max-image-preview":"max-image-preview:large","max-video-preview":"max-video-preview:-1"},"canonical":"https:\/\/www.campingbellaterra.com\/es\/primera-participacion-del-camping-bella-terra-en-la-feria-de-herning-dinamarca\/","og_locale":"es_ES","og_type":"article","og_title":"Primera participaci\u00f3n del camping Bella Terra en la feria de Herning, Dinamarca - Camping Bella Terra","og_description":"El&nbsp;camping Bella Terra&nbsp;participar\u00e1 por primera vez en la&nbsp;feria de Herning de Dinamarca, que tendr\u00e1 lugar del 24 al 26 de febrero. El principal reclamo de...","og_url":"https:\/\/www.campingbellaterra.com\/es\/primera-participacion-del-camping-bella-terra-en-la-feria-de-herning-dinamarca\/","og_site_name":"Camping Bella Terra","article_publisher":"https:\/\/www.facebook.com\/campingbellaterra\/","article_published_time":"2017-02-20T20:40:17+00:00","article_modified_time":"2022-04-12T10:00:29+00:00","og_image":[{"width":240,"height":320,"url":"https:\/\/www.campingbellaterra.com\/wp-content\/uploads\/media\/k2\/items\/src\/ab98897d60eaa0d05c1862c118538407.jpg","type":"image\/jpeg"}],"author":"vado","twitter_card":"summary_large_image","twitter_creator":"@cbellaterra","twitter_site":"@cbellaterra","twitter_misc":{"Escrito por":"vado","Tiempo de lectura":"2 minutos"},"schema":{"@context":"https:\/\/schema.org","@graph":[{"@type":"Article","@id":"https:\/\/www.campingbellaterra.com\/es\/primera-participacion-del-camping-bella-terra-en-la-feria-de-herning-dinamarca\/#article","isPartOf":{"@id":"https:\/\/www.campingbellaterra.com\/es\/primera-participacion-del-camping-bella-terra-en-la-feria-de-herning-dinamarca\/"},"author":{"name":"vado","@id":"https:\/\/www.campingbellaterra.com\/es\/#\/schema\/person\/9dafe106b7fade6dd08664bb60ea89ac"},"headline":"Primera participaci\u00f3n del camping Bella Terra en la feria de Herning, Dinamarca","datePublished":"2017-02-20T20:40:17+00:00","dateModified":"2022-04-12T10:00:29+00:00","mainEntityOfPage":{"@id":"https:\/\/www.campingbellaterra.com\/es\/primera-participacion-del-camping-bella-terra-en-la-feria-de-herning-dinamarca\/"},"wordCount":339,"publisher":{"@id":"https:\/\/www.campingbellaterra.com\/es\/#organization"},"image":{"@id":"https:\/\/www.campingbellaterra.com\/es\/primera-participacion-del-camping-bella-terra-en-la-feria-de-herning-dinamarca\/#primaryimage"},"thumbnailUrl":"https:\/\/www.campingbellaterra.com\/wp-content\/uploads\/media\/k2\/items\/src\/ab98897d60eaa0d05c1862c118538407.jpg","keywords":["blanes","bungalow","camping","Dinamarca","feria","herning","piscina"],"articleSection":["blog"],"inLanguage":"es"},{"@type":"WebPage","@id":"https:\/\/www.campingbellaterra.com\/es\/primera-participacion-del-camping-bella-terra-en-la-feria-de-herning-dinamarca\/","url":"https:\/\/www.campingbellaterra.com\/es\/primera-participacion-del-camping-bella-terra-en-la-feria-de-herning-dinamarca\/","name":"Primera participaci\u00f3n del camping Bella Terra en la feria de Herning, Dinamarca - Camping Bella Terra","isPartOf":{"@id":"https:\/\/www.campingbellaterra.com\/es\/#website"},"primaryImageOfPage":{"@id":"https:\/\/www.campingbellaterra.com\/es\/primera-participacion-del-camping-bella-terra-en-la-feria-de-herning-dinamarca\/#primaryimage"},"image":{"@id":"https:\/\/www.campingbellaterra.com\/es\/primera-participacion-del-camping-bella-terra-en-la-feria-de-herning-dinamarca\/#primaryimage"},"thumbnailUrl":"https:\/\/www.campingbellaterra.com\/wp-content\/uploads\/media\/k2\/items\/src\/ab98897d60eaa0d05c1862c118538407.jpg","datePublished":"2017-02-20T20:40:17+00:00","dateModified":"2022-04-12T10:00:29+00:00","breadcrumb":{"@id":"https:\/\/www.campingbellaterra.com\/es\/primera-participacion-del-camping-bella-terra-en-la-feria-de-herning-dinamarca\/#breadcrumb"},"inLanguage":"es","potentialAction":[{"@type":"ReadAction","target":["https:\/\/www.campingbellaterra.com\/es\/primera-participacion-del-camping-bella-terra-en-la-feria-de-herning-dinamarca\/"]}]},{"@type":"ImageObject","inLanguage":"es","@id":"https:\/\/www.campingbellaterra.com\/es\/primera-participacion-del-camping-bella-terra-en-la-feria-de-herning-dinamarca\/#primaryimage","url":"https:\/\/www.campingbellaterra.com\/wp-content\/uploads\/media\/k2\/items\/src\/ab98897d60eaa0d05c1862c118538407.jpg","contentUrl":"https:\/\/www.campingbellaterra.com\/wp-content\/uploads\/media\/k2\/items\/src\/ab98897d60eaa0d05c1862c118538407.jpg","width":240,"height":320},{"@type":"BreadcrumbList","@id":"https:\/\/www.campingbellaterra.com\/es\/primera-participacion-del-camping-bella-terra-en-la-feria-de-herning-dinamarca\/#breadcrumb","itemListElement":[{"@type":"ListItem","position":1,"name":"Inici","item":"https:\/\/www.campingbellaterra.com\/es\/"},{"@type":"ListItem","position":2,"name":"Primera participaci\u00f3n del camping Bella Terra en la feria de Herning, Dinamarca"}]},{"@type":"WebSite","@id":"https:\/\/www.campingbellaterra.com\/es\/#website","url":"https:\/\/www.campingbellaterra.com\/es\/","name":"Camping Bella Terra","description":"Tu camping familiar en la Costa Brava","publisher":{"@id":"https:\/\/www.campingbellaterra.com\/es\/#organization"},"potentialAction":[{"@type":"SearchAction","target":{"@type":"EntryPoint","urlTemplate":"https:\/\/www.campingbellaterra.com\/es\/?s={search_term_string}"},"query-input":{"@type":"PropertyValueSpecification","valueRequired":true,"valueName":"search_term_string"}}],"inLanguage":"es"},{"@type":"Organization","@id":"https:\/\/www.campingbellaterra.com\/es\/#organization","name":"Camping Bella Terra","url":"https:\/\/www.campingbellaterra.com\/es\/","logo":{"@type":"ImageObject","inLanguage":"es","@id":"https:\/\/www.campingbellaterra.com\/es\/#\/schema\/logo\/image\/","url":"https:\/\/www.campingbellaterra.com\/wp-content\/uploads\/logo6.svg","contentUrl":"https:\/\/www.campingbellaterra.com\/wp-content\/uploads\/logo6.svg","width":"2048","height":"2048","caption":"Camping Bella Terra"},"image":{"@id":"https:\/\/www.campingbellaterra.com\/es\/#\/schema\/logo\/image\/"},"sameAs":["https:\/\/www.facebook.com\/campingbellaterra\/","https:\/\/x.com\/cbellaterra","https:\/\/www.instagram.com\/campingbellaterra\/","https:\/\/www.youtube.com\/c\/Camping-Bellaterra-Blanes","https:\/\/www.tripadvisor.es\/Hotel_Review-g580331-d3328184-Reviews-Camping_Bella_Terra-Blanes_Costa_Brava_Province_of_Girona_Catalonia.html"]},{"@type":"Person","@id":"https:\/\/www.campingbellaterra.com\/es\/#\/schema\/person\/9dafe106b7fade6dd08664bb60ea89ac","name":"vado","image":{"@type":"ImageObject","inLanguage":"es","@id":"https:\/\/www.campingbellaterra.com\/es\/#\/schema\/person\/image\/","url":"https:\/\/secure.gravatar.com\/avatar\/6edab01d4cd19889ac2b69e05f01a3c93227951cf320620732fca472f184e4f5?s=96&d=mm&r=g","contentUrl":"https:\/\/secure.gravatar.com\/avatar\/6edab01d4cd19889ac2b69e05f01a3c93227951cf320620732fca472f184e4f5?s=96&d=mm&r=g","caption":"vado"},"url":"https:\/\/www.campingbellaterra.com\/es\/author\/vado\/"}]}},"_links":{"self":[{"href":"https:\/\/www.campingbellaterra.com\/es\/wp-json\/wp\/v2\/posts\/6718","targetHints":{"allow":["GET"]}}],"collection":[{"href":"https:\/\/www.campingbellaterra.com\/es\/wp-json\/wp\/v2\/posts"}],"about":[{"href":"https:\/\/www.campingbellaterra.com\/es\/wp-json\/wp\/v2\/types\/post"}],"author":[{"embeddable":true,"href":"https:\/\/www.campingbellaterra.com\/es\/wp-json\/wp\/v2\/users\/2"}],"replies":[{"embeddable":true,"href":"https:\/\/www.campingbellaterra.com\/es\/wp-json\/wp\/v2\/comments?post=6718"}],"version-history":[{"count":1,"href":"https:\/\/www.campingbellaterra.com\/es\/wp-json\/wp\/v2\/posts\/6718\/revisions"}],"predecessor-version":[{"id":11099,"href":"https:\/\/www.campingbellaterra.com\/es\/wp-json\/wp\/v2\/posts\/6718\/revisions\/11099"}],"wp:featuredmedia":[{"embeddable":true,"href":"https:\/\/www.campingbellaterra.com\/es\/wp-json\/wp\/v2\/media\/8770"}],"wp:attachment":[{"href":"https:\/\/www.campingbellaterra.com\/es\/wp-json\/wp\/v2\/media?parent=6718"}],"wp:term":[{"taxonomy":"category","embeddable":true,"href":"https:\/\/www.campingbellaterra.com\/es\/wp-json\/wp\/v2\/categories?post=6718"},{"taxonomy":"post_tag","embeddable":true,"href":"https:\/\/www.campingbellaterra.com\/es\/wp-json\/wp\/v2\/tags?post=6718"}],"curies":[{"name":"wp","href":"https:\/\/api.w.org\/{rel}","templated":true}]}}