{"id":6829,"date":"2017-12-01T10:50:27","date_gmt":"2017-12-01T09:50:27","guid":{"rendered":"https:\/\/www.campingbellaterra.com\/2017\/12\/01\/blanes-cicloturismo\/"},"modified":"2022-04-12T12:13:04","modified_gmt":"2022-04-12T10:13:04","slug":"blanes-cicloturismo","status":"publish","type":"post","link":"https:\/\/www.campingbellaterra.com\/es\/blanes-cicloturismo\/","title":{"rendered":"La ciudad de Blanes apuesta por el cicloturismo"},"content":{"rendered":"<p style=\"text-align: justify;\">La ciudad de Blanes est\u00e1 certificada, desde el a\u00f1o 2009, por la Agencia Catalana de Turismo (ACT)&nbsp;como destino tur\u00edstico deportivo (DTE) especializado en vela, deportes colectivos y f\u00fatbol, y tambi\u00e9n&nbsp;running&nbsp;desde el 2013. Uno de los principales objetivos de estos \u00faltimos a\u00f1os y en el cual se ha estado y se est\u00e1 trabajando, es la consolidaci\u00f3n de la ciudad como un destino referencia de&nbsp;cicloturismo.<\/p>\n<p><!--more--><\/p>\n<p style=\"text-align: justify;\">El camping Bella Terra es una de las entidades que se ha involucrado, desde su modesta posici\u00f3n, en esta apuesta de la ciudad por el&nbsp;cicloturismo. Josep&nbsp;Atmetller, gerente del camping Bella Terra, es uno de los socios fundadores de la Asociaci\u00f3n Costa Brava \u2013 La Selva, destino de ciclismo la cual su principal l\u00ednea de actuaci\u00f3n es conseguir el reconocimiento de este territorio como uno de los predilectos del&nbsp;cicloturismo. Joan Zurita, presidente de la asociaci\u00f3n y ex-ciclista, explica que \u201cel que mueve cada vez m\u00e1s al&nbsp;cicloturista&nbsp;es el territorio, por lo tanto, se tiene que trabajar para ponernos en el mapa y atraer la atenci\u00f3n del&nbsp;cicloturismo&nbsp;de cualquier lugar de Europa hacia nuestro territorio\u201d.<\/p>\n<p style=\"text-align: justify;\">El&nbsp;cicloturismo&nbsp;es una modalidad de turismo activo capaz de resolver el problema de la&nbsp;estacionalidad, provocando efectos verdaderamente trascendentes en aquellos destinos donde su inclusi\u00f3n se ha saldado con \u00e9xito. Seg\u00fan un estudio del Parlamento Europeo sobre el&nbsp;cicloturismo, 28,8 millones de europeos practican habitualmente ciclismo. De los cuales 20,4 millones son viajes con al menos una&nbsp;pernoctaci\u00f3n.<\/p>\n<p style=\"text-align: justify;\">Santa Susanna &#8211; Blanes &#8211; Vidreres (C8) de 64,2 km y 3 horas de duraci\u00f3n, Blanes &#8211; Hostalric -Arenys de Mar \u2013 Blanes de 72,7 km y 3 horas y 36 minutos de duraci\u00f3n, Blanes &#8211; Sils &#8211; Sant Esteve &#8211; Santa Coloma &#8211; Blanes de 153,7 km y 8 horas y 13 minutos de duraci\u00f3n y Blanes &#8211; Tossa &#8211; Llagostera &#8211; Blanes de 81.7 km y 8 horas y 23 minutos de duraci\u00f3n, son algunas de las fant\u00e1sticas rutas ideales por los amantes del&nbsp;cicloturismo. Vicen\u00e7 Fern\u00e1ndez, director del camping Bella Terra, afirma que \u201cse tiene que apostar por este tipo de turismo de bicicleta para atraer la atenci\u00f3n del&nbsp;cicloturismo durante cualquier \u00e9poca del a\u00f1o\u201d.<\/p>\n<p style=\"text-align: justify;\">A parte, el camping Bella Terra cuenta con el sello de camping&nbsp;Bed&nbsp;&amp;&nbsp;Bike, recibido a trav\u00e9s de la asociaci\u00f3n de campings en Girona, lo que significa una garant\u00eda por los amantes de este tipo de turismo. \u201cHemos habilitado un espacio donde guardar las bicicletas para todos aquellos clientes que quieran disfrutar de sus vacaciones con su bicicleta\u201d, concluye en Vicen\u00e7 Fern\u00e1ndez.<\/p>\n","protected":false},"excerpt":{"rendered":"<p>La ciudad de Blanes est\u00e1 certificada, desde el a\u00f1o 2009, por la Agencia Catalana de Turismo (ACT)&nbsp;como destino tur\u00edstico deportivo (DTE) especializado en vela, deportes&#8230;<\/p>\n","protected":false},"author":2,"featured_media":9112,"comment_status":"closed","ping_status":"closed","sticky":false,"template":"","format":"standard","meta":{"_acf_changed":false,"inline_featured_image":false,"_monsterinsights_skip_tracking":false,"_monsterinsights_sitenote_active":false,"_monsterinsights_sitenote_note":"","_monsterinsights_sitenote_category":0,"footnotes":""},"categories":[2279],"tags":[2091,2157,2230,2242],"class_list":["post-6829","post","type-post","status-publish","format-standard","has-post-thumbnail","hentry","category-blog-es","tag-montana","tag-playa","tag-turismo","tag-vacaciones"],"acf":[],"yoast_head":"<!-- This site is optimized with the Yoast SEO plugin v27.0 - https:\/\/yoast.com\/product\/yoast-seo-wordpress\/ -->\n<title>La ciudad de Blanes apuesta por el cicloturismo - Camping Bella Terra<\/title>\n<meta name=\"robots\" content=\"index, follow, max-snippet:-1, max-image-preview:large, max-video-preview:-1\" \/>\n<link rel=\"canonical\" href=\"https:\/\/www.campingbellaterra.com\/es\/blanes-cicloturismo\/\" \/>\n<meta property=\"og:locale\" content=\"es_ES\" \/>\n<meta property=\"og:type\" content=\"article\" \/>\n<meta property=\"og:title\" content=\"La ciudad de Blanes apuesta por el cicloturismo - Camping Bella Terra\" \/>\n<meta property=\"og:description\" content=\"La ciudad de Blanes est\u00e1 certificada, desde el a\u00f1o 2009, por la Agencia Catalana de Turismo (ACT)&nbsp;como destino tur\u00edstico deportivo (DTE) especializado en vela, deportes...\" \/>\n<meta property=\"og:url\" content=\"https:\/\/www.campingbellaterra.com\/es\/blanes-cicloturismo\/\" \/>\n<meta property=\"og:site_name\" content=\"Camping Bella Terra\" \/>\n<meta property=\"article:publisher\" content=\"https:\/\/www.facebook.com\/campingbellaterra\/\" \/>\n<meta property=\"article:published_time\" content=\"2017-12-01T09:50:27+00:00\" \/>\n<meta property=\"article:modified_time\" content=\"2022-04-12T10:13:04+00:00\" \/>\n<meta property=\"og:image\" content=\"https:\/\/www.campingbellaterra.com\/wp-content\/uploads\/media\/k2\/items\/src\/c1a11e28afb03c9d81c096faa0a5ce8e.jpg\" \/>\n\t<meta property=\"og:image:width\" content=\"960\" \/>\n\t<meta property=\"og:image:height\" content=\"637\" \/>\n\t<meta property=\"og:image:type\" content=\"image\/jpeg\" \/>\n<meta name=\"author\" content=\"vado\" \/>\n<meta name=\"twitter:card\" content=\"summary_large_image\" \/>\n<meta name=\"twitter:creator\" content=\"@cbellaterra\" \/>\n<meta name=\"twitter:site\" content=\"@cbellaterra\" \/>\n<meta name=\"twitter:label1\" content=\"Escrito por\" \/>\n\t<meta name=\"twitter:data1\" content=\"vado\" \/>\n\t<meta name=\"twitter:label2\" content=\"Tiempo de lectura\" \/>\n\t<meta name=\"twitter:data2\" content=\"2 minutos\" \/>\n<script type=\"application\/ld+json\" class=\"yoast-schema-graph\">{\"@context\":\"https:\/\/schema.org\",\"@graph\":[{\"@type\":\"Article\",\"@id\":\"https:\/\/www.campingbellaterra.com\/es\/blanes-cicloturismo\/#article\",\"isPartOf\":{\"@id\":\"https:\/\/www.campingbellaterra.com\/es\/blanes-cicloturismo\/\"},\"author\":{\"name\":\"vado\",\"@id\":\"https:\/\/www.campingbellaterra.com\/es\/#\/schema\/person\/9dafe106b7fade6dd08664bb60ea89ac\"},\"headline\":\"La ciudad de Blanes apuesta por el cicloturismo\",\"datePublished\":\"2017-12-01T09:50:27+00:00\",\"dateModified\":\"2022-04-12T10:13:04+00:00\",\"mainEntityOfPage\":{\"@id\":\"https:\/\/www.campingbellaterra.com\/es\/blanes-cicloturismo\/\"},\"wordCount\":465,\"publisher\":{\"@id\":\"https:\/\/www.campingbellaterra.com\/es\/#organization\"},\"image\":{\"@id\":\"https:\/\/www.campingbellaterra.com\/es\/blanes-cicloturismo\/#primaryimage\"},\"thumbnailUrl\":\"https:\/\/www.campingbellaterra.com\/wp-content\/uploads\/media\/k2\/items\/src\/c1a11e28afb03c9d81c096faa0a5ce8e.jpg\",\"keywords\":[\"monta\u00f1a\",\"playa\",\"turismo\",\"vacaciones\"],\"articleSection\":[\"blog\"],\"inLanguage\":\"es\"},{\"@type\":\"WebPage\",\"@id\":\"https:\/\/www.campingbellaterra.com\/es\/blanes-cicloturismo\/\",\"url\":\"https:\/\/www.campingbellaterra.com\/es\/blanes-cicloturismo\/\",\"name\":\"La ciudad de Blanes apuesta por el cicloturismo - Camping Bella Terra\",\"isPartOf\":{\"@id\":\"https:\/\/www.campingbellaterra.com\/es\/#website\"},\"primaryImageOfPage\":{\"@id\":\"https:\/\/www.campingbellaterra.com\/es\/blanes-cicloturismo\/#primaryimage\"},\"image\":{\"@id\":\"https:\/\/www.campingbellaterra.com\/es\/blanes-cicloturismo\/#primaryimage\"},\"thumbnailUrl\":\"https:\/\/www.campingbellaterra.com\/wp-content\/uploads\/media\/k2\/items\/src\/c1a11e28afb03c9d81c096faa0a5ce8e.jpg\",\"datePublished\":\"2017-12-01T09:50:27+00:00\",\"dateModified\":\"2022-04-12T10:13:04+00:00\",\"breadcrumb\":{\"@id\":\"https:\/\/www.campingbellaterra.com\/es\/blanes-cicloturismo\/#breadcrumb\"},\"inLanguage\":\"es\",\"potentialAction\":[{\"@type\":\"ReadAction\",\"target\":[\"https:\/\/www.campingbellaterra.com\/es\/blanes-cicloturismo\/\"]}]},{\"@type\":\"ImageObject\",\"inLanguage\":\"es\",\"@id\":\"https:\/\/www.campingbellaterra.com\/es\/blanes-cicloturismo\/#primaryimage\",\"url\":\"https:\/\/www.campingbellaterra.com\/wp-content\/uploads\/media\/k2\/items\/src\/c1a11e28afb03c9d81c096faa0a5ce8e.jpg\",\"contentUrl\":\"https:\/\/www.campingbellaterra.com\/wp-content\/uploads\/media\/k2\/items\/src\/c1a11e28afb03c9d81c096faa0a5ce8e.jpg\",\"width\":960,\"height\":637},{\"@type\":\"BreadcrumbList\",\"@id\":\"https:\/\/www.campingbellaterra.com\/es\/blanes-cicloturismo\/#breadcrumb\",\"itemListElement\":[{\"@type\":\"ListItem\",\"position\":1,\"name\":\"Inici\",\"item\":\"https:\/\/www.campingbellaterra.com\/es\/\"},{\"@type\":\"ListItem\",\"position\":2,\"name\":\"La ciudad de Blanes apuesta por el cicloturismo\"}]},{\"@type\":\"WebSite\",\"@id\":\"https:\/\/www.campingbellaterra.com\/es\/#website\",\"url\":\"https:\/\/www.campingbellaterra.com\/es\/\",\"name\":\"Camping Bella Terra\",\"description\":\"Tu camping familiar en la Costa Brava\",\"publisher\":{\"@id\":\"https:\/\/www.campingbellaterra.com\/es\/#organization\"},\"potentialAction\":[{\"@type\":\"SearchAction\",\"target\":{\"@type\":\"EntryPoint\",\"urlTemplate\":\"https:\/\/www.campingbellaterra.com\/es\/?s={search_term_string}\"},\"query-input\":{\"@type\":\"PropertyValueSpecification\",\"valueRequired\":true,\"valueName\":\"search_term_string\"}}],\"inLanguage\":\"es\"},{\"@type\":\"Organization\",\"@id\":\"https:\/\/www.campingbellaterra.com\/es\/#organization\",\"name\":\"Camping Bella Terra\",\"url\":\"https:\/\/www.campingbellaterra.com\/es\/\",\"logo\":{\"@type\":\"ImageObject\",\"inLanguage\":\"es\",\"@id\":\"https:\/\/www.campingbellaterra.com\/es\/#\/schema\/logo\/image\/\",\"url\":\"https:\/\/www.campingbellaterra.com\/wp-content\/uploads\/logo6.svg\",\"contentUrl\":\"https:\/\/www.campingbellaterra.com\/wp-content\/uploads\/logo6.svg\",\"width\":\"2048\",\"height\":\"2048\",\"caption\":\"Camping Bella Terra\"},\"image\":{\"@id\":\"https:\/\/www.campingbellaterra.com\/es\/#\/schema\/logo\/image\/\"},\"sameAs\":[\"https:\/\/www.facebook.com\/campingbellaterra\/\",\"https:\/\/x.com\/cbellaterra\",\"https:\/\/www.instagram.com\/campingbellaterra\/\",\"https:\/\/www.youtube.com\/c\/Camping-Bellaterra-Blanes\",\"https:\/\/www.tripadvisor.es\/Hotel_Review-g580331-d3328184-Reviews-Camping_Bella_Terra-Blanes_Costa_Brava_Province_of_Girona_Catalonia.html\"]},{\"@type\":\"Person\",\"@id\":\"https:\/\/www.campingbellaterra.com\/es\/#\/schema\/person\/9dafe106b7fade6dd08664bb60ea89ac\",\"name\":\"vado\",\"image\":{\"@type\":\"ImageObject\",\"inLanguage\":\"es\",\"@id\":\"https:\/\/www.campingbellaterra.com\/es\/#\/schema\/person\/image\/\",\"url\":\"https:\/\/secure.gravatar.com\/avatar\/6edab01d4cd19889ac2b69e05f01a3c93227951cf320620732fca472f184e4f5?s=96&d=mm&r=g\",\"contentUrl\":\"https:\/\/secure.gravatar.com\/avatar\/6edab01d4cd19889ac2b69e05f01a3c93227951cf320620732fca472f184e4f5?s=96&d=mm&r=g\",\"caption\":\"vado\"},\"url\":\"https:\/\/www.campingbellaterra.com\/es\/author\/vado\/\"}]}<\/script>\n<!-- \/ Yoast SEO plugin. -->","yoast_head_json":{"title":"La ciudad de Blanes apuesta por el cicloturismo - Camping Bella Terra","robots":{"index":"index","follow":"follow","max-snippet":"max-snippet:-1","max-image-preview":"max-image-preview:large","max-video-preview":"max-video-preview:-1"},"canonical":"https:\/\/www.campingbellaterra.com\/es\/blanes-cicloturismo\/","og_locale":"es_ES","og_type":"article","og_title":"La ciudad de Blanes apuesta por el cicloturismo - Camping Bella Terra","og_description":"La ciudad de Blanes est\u00e1 certificada, desde el a\u00f1o 2009, por la Agencia Catalana de Turismo (ACT)&nbsp;como destino tur\u00edstico deportivo (DTE) especializado en vela, deportes...","og_url":"https:\/\/www.campingbellaterra.com\/es\/blanes-cicloturismo\/","og_site_name":"Camping Bella Terra","article_publisher":"https:\/\/www.facebook.com\/campingbellaterra\/","article_published_time":"2017-12-01T09:50:27+00:00","article_modified_time":"2022-04-12T10:13:04+00:00","og_image":[{"width":960,"height":637,"url":"https:\/\/www.campingbellaterra.com\/wp-content\/uploads\/media\/k2\/items\/src\/c1a11e28afb03c9d81c096faa0a5ce8e.jpg","type":"image\/jpeg"}],"author":"vado","twitter_card":"summary_large_image","twitter_creator":"@cbellaterra","twitter_site":"@cbellaterra","twitter_misc":{"Escrito por":"vado","Tiempo de lectura":"2 minutos"},"schema":{"@context":"https:\/\/schema.org","@graph":[{"@type":"Article","@id":"https:\/\/www.campingbellaterra.com\/es\/blanes-cicloturismo\/#article","isPartOf":{"@id":"https:\/\/www.campingbellaterra.com\/es\/blanes-cicloturismo\/"},"author":{"name":"vado","@id":"https:\/\/www.campingbellaterra.com\/es\/#\/schema\/person\/9dafe106b7fade6dd08664bb60ea89ac"},"headline":"La ciudad de Blanes apuesta por el cicloturismo","datePublished":"2017-12-01T09:50:27+00:00","dateModified":"2022-04-12T10:13:04+00:00","mainEntityOfPage":{"@id":"https:\/\/www.campingbellaterra.com\/es\/blanes-cicloturismo\/"},"wordCount":465,"publisher":{"@id":"https:\/\/www.campingbellaterra.com\/es\/#organization"},"image":{"@id":"https:\/\/www.campingbellaterra.com\/es\/blanes-cicloturismo\/#primaryimage"},"thumbnailUrl":"https:\/\/www.campingbellaterra.com\/wp-content\/uploads\/media\/k2\/items\/src\/c1a11e28afb03c9d81c096faa0a5ce8e.jpg","keywords":["monta\u00f1a","playa","turismo","vacaciones"],"articleSection":["blog"],"inLanguage":"es"},{"@type":"WebPage","@id":"https:\/\/www.campingbellaterra.com\/es\/blanes-cicloturismo\/","url":"https:\/\/www.campingbellaterra.com\/es\/blanes-cicloturismo\/","name":"La ciudad de Blanes apuesta por el cicloturismo - Camping Bella Terra","isPartOf":{"@id":"https:\/\/www.campingbellaterra.com\/es\/#website"},"primaryImageOfPage":{"@id":"https:\/\/www.campingbellaterra.com\/es\/blanes-cicloturismo\/#primaryimage"},"image":{"@id":"https:\/\/www.campingbellaterra.com\/es\/blanes-cicloturismo\/#primaryimage"},"thumbnailUrl":"https:\/\/www.campingbellaterra.com\/wp-content\/uploads\/media\/k2\/items\/src\/c1a11e28afb03c9d81c096faa0a5ce8e.jpg","datePublished":"2017-12-01T09:50:27+00:00","dateModified":"2022-04-12T10:13:04+00:00","breadcrumb":{"@id":"https:\/\/www.campingbellaterra.com\/es\/blanes-cicloturismo\/#breadcrumb"},"inLanguage":"es","potentialAction":[{"@type":"ReadAction","target":["https:\/\/www.campingbellaterra.com\/es\/blanes-cicloturismo\/"]}]},{"@type":"ImageObject","inLanguage":"es","@id":"https:\/\/www.campingbellaterra.com\/es\/blanes-cicloturismo\/#primaryimage","url":"https:\/\/www.campingbellaterra.com\/wp-content\/uploads\/media\/k2\/items\/src\/c1a11e28afb03c9d81c096faa0a5ce8e.jpg","contentUrl":"https:\/\/www.campingbellaterra.com\/wp-content\/uploads\/media\/k2\/items\/src\/c1a11e28afb03c9d81c096faa0a5ce8e.jpg","width":960,"height":637},{"@type":"BreadcrumbList","@id":"https:\/\/www.campingbellaterra.com\/es\/blanes-cicloturismo\/#breadcrumb","itemListElement":[{"@type":"ListItem","position":1,"name":"Inici","item":"https:\/\/www.campingbellaterra.com\/es\/"},{"@type":"ListItem","position":2,"name":"La ciudad de Blanes apuesta por el cicloturismo"}]},{"@type":"WebSite","@id":"https:\/\/www.campingbellaterra.com\/es\/#website","url":"https:\/\/www.campingbellaterra.com\/es\/","name":"Camping Bella Terra","description":"Tu camping familiar en la Costa Brava","publisher":{"@id":"https:\/\/www.campingbellaterra.com\/es\/#organization"},"potentialAction":[{"@type":"SearchAction","target":{"@type":"EntryPoint","urlTemplate":"https:\/\/www.campingbellaterra.com\/es\/?s={search_term_string}"},"query-input":{"@type":"PropertyValueSpecification","valueRequired":true,"valueName":"search_term_string"}}],"inLanguage":"es"},{"@type":"Organization","@id":"https:\/\/www.campingbellaterra.com\/es\/#organization","name":"Camping Bella Terra","url":"https:\/\/www.campingbellaterra.com\/es\/","logo":{"@type":"ImageObject","inLanguage":"es","@id":"https:\/\/www.campingbellaterra.com\/es\/#\/schema\/logo\/image\/","url":"https:\/\/www.campingbellaterra.com\/wp-content\/uploads\/logo6.svg","contentUrl":"https:\/\/www.campingbellaterra.com\/wp-content\/uploads\/logo6.svg","width":"2048","height":"2048","caption":"Camping Bella Terra"},"image":{"@id":"https:\/\/www.campingbellaterra.com\/es\/#\/schema\/logo\/image\/"},"sameAs":["https:\/\/www.facebook.com\/campingbellaterra\/","https:\/\/x.com\/cbellaterra","https:\/\/www.instagram.com\/campingbellaterra\/","https:\/\/www.youtube.com\/c\/Camping-Bellaterra-Blanes","https:\/\/www.tripadvisor.es\/Hotel_Review-g580331-d3328184-Reviews-Camping_Bella_Terra-Blanes_Costa_Brava_Province_of_Girona_Catalonia.html"]},{"@type":"Person","@id":"https:\/\/www.campingbellaterra.com\/es\/#\/schema\/person\/9dafe106b7fade6dd08664bb60ea89ac","name":"vado","image":{"@type":"ImageObject","inLanguage":"es","@id":"https:\/\/www.campingbellaterra.com\/es\/#\/schema\/person\/image\/","url":"https:\/\/secure.gravatar.com\/avatar\/6edab01d4cd19889ac2b69e05f01a3c93227951cf320620732fca472f184e4f5?s=96&d=mm&r=g","contentUrl":"https:\/\/secure.gravatar.com\/avatar\/6edab01d4cd19889ac2b69e05f01a3c93227951cf320620732fca472f184e4f5?s=96&d=mm&r=g","caption":"vado"},"url":"https:\/\/www.campingbellaterra.com\/es\/author\/vado\/"}]}},"_links":{"self":[{"href":"https:\/\/www.campingbellaterra.com\/es\/wp-json\/wp\/v2\/posts\/6829","targetHints":{"allow":["GET"]}}],"collection":[{"href":"https:\/\/www.campingbellaterra.com\/es\/wp-json\/wp\/v2\/posts"}],"about":[{"href":"https:\/\/www.campingbellaterra.com\/es\/wp-json\/wp\/v2\/types\/post"}],"author":[{"embeddable":true,"href":"https:\/\/www.campingbellaterra.com\/es\/wp-json\/wp\/v2\/users\/2"}],"replies":[{"embeddable":true,"href":"https:\/\/www.campingbellaterra.com\/es\/wp-json\/wp\/v2\/comments?post=6829"}],"version-history":[{"count":1,"href":"https:\/\/www.campingbellaterra.com\/es\/wp-json\/wp\/v2\/posts\/6829\/revisions"}],"predecessor-version":[{"id":11039,"href":"https:\/\/www.campingbellaterra.com\/es\/wp-json\/wp\/v2\/posts\/6829\/revisions\/11039"}],"wp:featuredmedia":[{"embeddable":true,"href":"https:\/\/www.campingbellaterra.com\/es\/wp-json\/wp\/v2\/media\/9112"}],"wp:attachment":[{"href":"https:\/\/www.campingbellaterra.com\/es\/wp-json\/wp\/v2\/media?parent=6829"}],"wp:term":[{"taxonomy":"category","embeddable":true,"href":"https:\/\/www.campingbellaterra.com\/es\/wp-json\/wp\/v2\/categories?post=6829"},{"taxonomy":"post_tag","embeddable":true,"href":"https:\/\/www.campingbellaterra.com\/es\/wp-json\/wp\/v2\/tags?post=6829"}],"curies":[{"name":"wp","href":"https:\/\/api.w.org\/{rel}","templated":true}]}}