{"id":6837,"date":"2018-01-25T16:18:41","date_gmt":"2018-01-25T15:18:41","guid":{"rendered":"https:\/\/www.campingbellaterra.com\/2018\/01\/25\/presente-nueva-edicion-feria-vakantiebeurs\/"},"modified":"2022-04-12T11:38:43","modified_gmt":"2022-04-12T09:38:43","slug":"presente-nueva-edicion-feria-vakantiebeurs","status":"publish","type":"post","link":"https:\/\/www.campingbellaterra.com\/es\/presente-nueva-edicion-feria-vakantiebeurs\/","title":{"rendered":"El Camping Bella Terra, presente en una nueva edici\u00f3n de la feria Vakantiebeurs"},"content":{"rendered":"<p style=\"text-align: justify;\">El camping familiar, ubicado en Blanes, que abrir\u00e1 sus puertas el 24 de marzo, ha presentado las principales novedades de la nueva temporada, en la 29\u00ba edici\u00f3n del sal\u00f3n vacacional m\u00e1s importante de Holanda.<\/p>\n<p><!--more--><\/p>\n<p style=\"text-align: justify;\">El camping Bella Terra ha participado en la edici\u00f3n de este a\u00f1o de la Feria Vakantiebeurs, que se ha celebrado del 10 al 14 de enero en el recinto ferial Royal Dutch Jaarbeurs, de la ciudad holandesa de Utrecht. Vakantiebeurs es la feria de turismo m\u00e1s importante de Holanda, donde las mejores empresas y profesionales del sector se re\u00fanen para dar a conocer sus productos, servicios y novedades, adem\u00e1s de hacer contactos con posibles nuevos clientes. Esta 29\u00ba edici\u00f3n del sal\u00f3n ha recibido la visita de un total de 105.369 asistentes.<\/p>\n<p style=\"text-align: justify;\">El Camping Bella Terra, un a\u00f1o m\u00e1s ha estado presente en la Vakantiebeurs, donde lleva asistiendo m\u00e1s de 15 a\u00f1os. Georges y Marjo Wilekens, matrimonio de nacionalidad belga, y clientes de toda la vida, han sido las personas encargadas de representar la imagen del camping durante los cinco d\u00edas de sal\u00f3n. \u00abLlevamos m\u00e1s de 40 a\u00f1os veraneando en el Camping Bella Terra. Esperamos con mucha ilusi\u00f3n la llegada de la nueva temporada para disfrutar de sus instalaciones \u00ab, se\u00f1al\u00f3 Georges Wilekens.<\/p>\n<p style=\"text-align: justify;\">\u00abEl mercado holand\u00e9s, representa una parte muy importante de nuestro negocio, y por lo tanto es fundamental estar presentes un a\u00f1o m\u00e1s. Hacemos un balance muy positivo de la feria, ya que hemos podido contactar con nuestros clientes habituales, y con clientes potenciales, con el fin de fidelizar a\u00fan m\u00e1s, el p\u00fablico holand\u00e9s con el que existe una relaci\u00f3n de confianza mutua desde hace muchos a\u00f1os \u00ab, afirm\u00f3 Vicen\u00e7 Fern\u00e1ndez, director del Camping Bella Terra.<\/p>\n<p style=\"text-align: justify;\">El sal\u00f3n vacacional holand\u00e9s ha servido para dar a conocer las principales novedades del Camping Bella Terra, para la temporada de este a\u00f1o. En la actualidad, el alojamiento tur\u00edstico est\u00e1 adecuando sus instalaciones y haciendo trabajos de mejora, para su apertura el pr\u00f3ximo s\u00e1bado 24 de marzo.<\/p>\n","protected":false},"excerpt":{"rendered":"<p>El camping familiar, ubicado en Blanes, que abrir\u00e1 sus puertas el 24 de marzo, ha presentado las principales novedades de la nueva temporada, en la&#8230;<\/p>\n","protected":false},"author":2,"featured_media":9148,"comment_status":"closed","ping_status":"closed","sticky":false,"template":"","format":"standard","meta":{"_acf_changed":false,"inline_featured_image":false,"_monsterinsights_skip_tracking":false,"_monsterinsights_sitenote_active":false,"_monsterinsights_sitenote_note":"","_monsterinsights_sitenote_category":0,"footnotes":""},"categories":[2279],"tags":[1868,1886,1892,1940,2091,2157,2230,2242],"class_list":["post-6837","post","type-post","status-publish","format-standard","has-post-thumbnail","hentry","category-blog-es","tag-blanes-es","tag-bungalows-es","tag-camping-es","tag-costa-brava-es","tag-montana","tag-playa","tag-turismo","tag-vacaciones"],"acf":[],"yoast_head":"<!-- This site is optimized with the Yoast SEO plugin v27.0 - https:\/\/yoast.com\/product\/yoast-seo-wordpress\/ -->\n<title>El Camping Bella Terra, presente en una nueva edici\u00f3n de la feria Vakantiebeurs - Camping Bella Terra<\/title>\n<meta name=\"robots\" content=\"index, follow, max-snippet:-1, max-image-preview:large, max-video-preview:-1\" \/>\n<link rel=\"canonical\" href=\"https:\/\/www.campingbellaterra.com\/es\/presente-nueva-edicion-feria-vakantiebeurs\/\" \/>\n<meta property=\"og:locale\" content=\"es_ES\" \/>\n<meta property=\"og:type\" content=\"article\" \/>\n<meta property=\"og:title\" content=\"El Camping Bella Terra, presente en una nueva edici\u00f3n de la feria Vakantiebeurs - Camping Bella Terra\" \/>\n<meta property=\"og:description\" content=\"El camping familiar, ubicado en Blanes, que abrir\u00e1 sus puertas el 24 de marzo, ha presentado las principales novedades de la nueva temporada, en la...\" \/>\n<meta property=\"og:url\" content=\"https:\/\/www.campingbellaterra.com\/es\/presente-nueva-edicion-feria-vakantiebeurs\/\" \/>\n<meta property=\"og:site_name\" content=\"Camping Bella Terra\" \/>\n<meta property=\"article:publisher\" content=\"https:\/\/www.facebook.com\/campingbellaterra\/\" \/>\n<meta property=\"article:published_time\" content=\"2018-01-25T15:18:41+00:00\" \/>\n<meta property=\"article:modified_time\" content=\"2022-04-12T09:38:43+00:00\" \/>\n<meta property=\"og:image\" content=\"https:\/\/www.campingbellaterra.com\/wp-content\/uploads\/media\/k2\/items\/src\/3bd6583af5a14653b7b54db2c9fe7f3e.jpg\" \/>\n\t<meta property=\"og:image:width\" content=\"400\" \/>\n\t<meta property=\"og:image:height\" content=\"275\" \/>\n\t<meta property=\"og:image:type\" content=\"image\/jpeg\" \/>\n<meta name=\"author\" content=\"vado\" \/>\n<meta name=\"twitter:card\" content=\"summary_large_image\" \/>\n<meta name=\"twitter:creator\" content=\"@cbellaterra\" \/>\n<meta name=\"twitter:site\" content=\"@cbellaterra\" \/>\n<meta name=\"twitter:label1\" content=\"Escrito por\" \/>\n\t<meta name=\"twitter:data1\" content=\"vado\" \/>\n\t<meta name=\"twitter:label2\" content=\"Tiempo de lectura\" \/>\n\t<meta name=\"twitter:data2\" content=\"2 minutos\" \/>\n<script type=\"application\/ld+json\" class=\"yoast-schema-graph\">{\"@context\":\"https:\/\/schema.org\",\"@graph\":[{\"@type\":\"Article\",\"@id\":\"https:\/\/www.campingbellaterra.com\/es\/presente-nueva-edicion-feria-vakantiebeurs\/#article\",\"isPartOf\":{\"@id\":\"https:\/\/www.campingbellaterra.com\/es\/presente-nueva-edicion-feria-vakantiebeurs\/\"},\"author\":{\"name\":\"vado\",\"@id\":\"https:\/\/www.campingbellaterra.com\/es\/#\/schema\/person\/9dafe106b7fade6dd08664bb60ea89ac\"},\"headline\":\"El Camping Bella Terra, presente en una nueva edici\u00f3n de la feria Vakantiebeurs\",\"datePublished\":\"2018-01-25T15:18:41+00:00\",\"dateModified\":\"2022-04-12T09:38:43+00:00\",\"mainEntityOfPage\":{\"@id\":\"https:\/\/www.campingbellaterra.com\/es\/presente-nueva-edicion-feria-vakantiebeurs\/\"},\"wordCount\":367,\"publisher\":{\"@id\":\"https:\/\/www.campingbellaterra.com\/es\/#organization\"},\"image\":{\"@id\":\"https:\/\/www.campingbellaterra.com\/es\/presente-nueva-edicion-feria-vakantiebeurs\/#primaryimage\"},\"thumbnailUrl\":\"https:\/\/www.campingbellaterra.com\/wp-content\/uploads\/media\/k2\/items\/src\/3bd6583af5a14653b7b54db2c9fe7f3e.jpg\",\"keywords\":[\"blanes\",\"BUNGALOWS\",\"camping\",\"costa brava\",\"monta\u00f1a\",\"playa\",\"turismo\",\"vacaciones\"],\"articleSection\":[\"blog\"],\"inLanguage\":\"es\"},{\"@type\":\"WebPage\",\"@id\":\"https:\/\/www.campingbellaterra.com\/es\/presente-nueva-edicion-feria-vakantiebeurs\/\",\"url\":\"https:\/\/www.campingbellaterra.com\/es\/presente-nueva-edicion-feria-vakantiebeurs\/\",\"name\":\"El Camping Bella Terra, presente en una nueva edici\u00f3n de la feria Vakantiebeurs - Camping Bella Terra\",\"isPartOf\":{\"@id\":\"https:\/\/www.campingbellaterra.com\/es\/#website\"},\"primaryImageOfPage\":{\"@id\":\"https:\/\/www.campingbellaterra.com\/es\/presente-nueva-edicion-feria-vakantiebeurs\/#primaryimage\"},\"image\":{\"@id\":\"https:\/\/www.campingbellaterra.com\/es\/presente-nueva-edicion-feria-vakantiebeurs\/#primaryimage\"},\"thumbnailUrl\":\"https:\/\/www.campingbellaterra.com\/wp-content\/uploads\/media\/k2\/items\/src\/3bd6583af5a14653b7b54db2c9fe7f3e.jpg\",\"datePublished\":\"2018-01-25T15:18:41+00:00\",\"dateModified\":\"2022-04-12T09:38:43+00:00\",\"breadcrumb\":{\"@id\":\"https:\/\/www.campingbellaterra.com\/es\/presente-nueva-edicion-feria-vakantiebeurs\/#breadcrumb\"},\"inLanguage\":\"es\",\"potentialAction\":[{\"@type\":\"ReadAction\",\"target\":[\"https:\/\/www.campingbellaterra.com\/es\/presente-nueva-edicion-feria-vakantiebeurs\/\"]}]},{\"@type\":\"ImageObject\",\"inLanguage\":\"es\",\"@id\":\"https:\/\/www.campingbellaterra.com\/es\/presente-nueva-edicion-feria-vakantiebeurs\/#primaryimage\",\"url\":\"https:\/\/www.campingbellaterra.com\/wp-content\/uploads\/media\/k2\/items\/src\/3bd6583af5a14653b7b54db2c9fe7f3e.jpg\",\"contentUrl\":\"https:\/\/www.campingbellaterra.com\/wp-content\/uploads\/media\/k2\/items\/src\/3bd6583af5a14653b7b54db2c9fe7f3e.jpg\",\"width\":400,\"height\":275},{\"@type\":\"BreadcrumbList\",\"@id\":\"https:\/\/www.campingbellaterra.com\/es\/presente-nueva-edicion-feria-vakantiebeurs\/#breadcrumb\",\"itemListElement\":[{\"@type\":\"ListItem\",\"position\":1,\"name\":\"Inici\",\"item\":\"https:\/\/www.campingbellaterra.com\/es\/\"},{\"@type\":\"ListItem\",\"position\":2,\"name\":\"El Camping Bella Terra, presente en una nueva edici\u00f3n de la feria Vakantiebeurs\"}]},{\"@type\":\"WebSite\",\"@id\":\"https:\/\/www.campingbellaterra.com\/es\/#website\",\"url\":\"https:\/\/www.campingbellaterra.com\/es\/\",\"name\":\"Camping Bella Terra\",\"description\":\"Tu camping familiar en la Costa Brava\",\"publisher\":{\"@id\":\"https:\/\/www.campingbellaterra.com\/es\/#organization\"},\"potentialAction\":[{\"@type\":\"SearchAction\",\"target\":{\"@type\":\"EntryPoint\",\"urlTemplate\":\"https:\/\/www.campingbellaterra.com\/es\/?s={search_term_string}\"},\"query-input\":{\"@type\":\"PropertyValueSpecification\",\"valueRequired\":true,\"valueName\":\"search_term_string\"}}],\"inLanguage\":\"es\"},{\"@type\":\"Organization\",\"@id\":\"https:\/\/www.campingbellaterra.com\/es\/#organization\",\"name\":\"Camping Bella Terra\",\"url\":\"https:\/\/www.campingbellaterra.com\/es\/\",\"logo\":{\"@type\":\"ImageObject\",\"inLanguage\":\"es\",\"@id\":\"https:\/\/www.campingbellaterra.com\/es\/#\/schema\/logo\/image\/\",\"url\":\"https:\/\/www.campingbellaterra.com\/wp-content\/uploads\/logo6.svg\",\"contentUrl\":\"https:\/\/www.campingbellaterra.com\/wp-content\/uploads\/logo6.svg\",\"width\":\"2048\",\"height\":\"2048\",\"caption\":\"Camping Bella Terra\"},\"image\":{\"@id\":\"https:\/\/www.campingbellaterra.com\/es\/#\/schema\/logo\/image\/\"},\"sameAs\":[\"https:\/\/www.facebook.com\/campingbellaterra\/\",\"https:\/\/x.com\/cbellaterra\",\"https:\/\/www.instagram.com\/campingbellaterra\/\",\"https:\/\/www.youtube.com\/c\/Camping-Bellaterra-Blanes\",\"https:\/\/www.tripadvisor.es\/Hotel_Review-g580331-d3328184-Reviews-Camping_Bella_Terra-Blanes_Costa_Brava_Province_of_Girona_Catalonia.html\"]},{\"@type\":\"Person\",\"@id\":\"https:\/\/www.campingbellaterra.com\/es\/#\/schema\/person\/9dafe106b7fade6dd08664bb60ea89ac\",\"name\":\"vado\",\"image\":{\"@type\":\"ImageObject\",\"inLanguage\":\"es\",\"@id\":\"https:\/\/www.campingbellaterra.com\/es\/#\/schema\/person\/image\/\",\"url\":\"https:\/\/secure.gravatar.com\/avatar\/6edab01d4cd19889ac2b69e05f01a3c93227951cf320620732fca472f184e4f5?s=96&d=mm&r=g\",\"contentUrl\":\"https:\/\/secure.gravatar.com\/avatar\/6edab01d4cd19889ac2b69e05f01a3c93227951cf320620732fca472f184e4f5?s=96&d=mm&r=g\",\"caption\":\"vado\"},\"url\":\"https:\/\/www.campingbellaterra.com\/es\/author\/vado\/\"}]}<\/script>\n<!-- \/ Yoast SEO plugin. -->","yoast_head_json":{"title":"El Camping Bella Terra, presente en una nueva edici\u00f3n de la feria Vakantiebeurs - Camping Bella Terra","robots":{"index":"index","follow":"follow","max-snippet":"max-snippet:-1","max-image-preview":"max-image-preview:large","max-video-preview":"max-video-preview:-1"},"canonical":"https:\/\/www.campingbellaterra.com\/es\/presente-nueva-edicion-feria-vakantiebeurs\/","og_locale":"es_ES","og_type":"article","og_title":"El Camping Bella Terra, presente en una nueva edici\u00f3n de la feria Vakantiebeurs - Camping Bella Terra","og_description":"El camping familiar, ubicado en Blanes, que abrir\u00e1 sus puertas el 24 de marzo, ha presentado las principales novedades de la nueva temporada, en la...","og_url":"https:\/\/www.campingbellaterra.com\/es\/presente-nueva-edicion-feria-vakantiebeurs\/","og_site_name":"Camping Bella Terra","article_publisher":"https:\/\/www.facebook.com\/campingbellaterra\/","article_published_time":"2018-01-25T15:18:41+00:00","article_modified_time":"2022-04-12T09:38:43+00:00","og_image":[{"width":400,"height":275,"url":"https:\/\/www.campingbellaterra.com\/wp-content\/uploads\/media\/k2\/items\/src\/3bd6583af5a14653b7b54db2c9fe7f3e.jpg","type":"image\/jpeg"}],"author":"vado","twitter_card":"summary_large_image","twitter_creator":"@cbellaterra","twitter_site":"@cbellaterra","twitter_misc":{"Escrito por":"vado","Tiempo de lectura":"2 minutos"},"schema":{"@context":"https:\/\/schema.org","@graph":[{"@type":"Article","@id":"https:\/\/www.campingbellaterra.com\/es\/presente-nueva-edicion-feria-vakantiebeurs\/#article","isPartOf":{"@id":"https:\/\/www.campingbellaterra.com\/es\/presente-nueva-edicion-feria-vakantiebeurs\/"},"author":{"name":"vado","@id":"https:\/\/www.campingbellaterra.com\/es\/#\/schema\/person\/9dafe106b7fade6dd08664bb60ea89ac"},"headline":"El Camping Bella Terra, presente en una nueva edici\u00f3n de la feria Vakantiebeurs","datePublished":"2018-01-25T15:18:41+00:00","dateModified":"2022-04-12T09:38:43+00:00","mainEntityOfPage":{"@id":"https:\/\/www.campingbellaterra.com\/es\/presente-nueva-edicion-feria-vakantiebeurs\/"},"wordCount":367,"publisher":{"@id":"https:\/\/www.campingbellaterra.com\/es\/#organization"},"image":{"@id":"https:\/\/www.campingbellaterra.com\/es\/presente-nueva-edicion-feria-vakantiebeurs\/#primaryimage"},"thumbnailUrl":"https:\/\/www.campingbellaterra.com\/wp-content\/uploads\/media\/k2\/items\/src\/3bd6583af5a14653b7b54db2c9fe7f3e.jpg","keywords":["blanes","BUNGALOWS","camping","costa brava","monta\u00f1a","playa","turismo","vacaciones"],"articleSection":["blog"],"inLanguage":"es"},{"@type":"WebPage","@id":"https:\/\/www.campingbellaterra.com\/es\/presente-nueva-edicion-feria-vakantiebeurs\/","url":"https:\/\/www.campingbellaterra.com\/es\/presente-nueva-edicion-feria-vakantiebeurs\/","name":"El Camping Bella Terra, presente en una nueva edici\u00f3n de la feria Vakantiebeurs - Camping Bella Terra","isPartOf":{"@id":"https:\/\/www.campingbellaterra.com\/es\/#website"},"primaryImageOfPage":{"@id":"https:\/\/www.campingbellaterra.com\/es\/presente-nueva-edicion-feria-vakantiebeurs\/#primaryimage"},"image":{"@id":"https:\/\/www.campingbellaterra.com\/es\/presente-nueva-edicion-feria-vakantiebeurs\/#primaryimage"},"thumbnailUrl":"https:\/\/www.campingbellaterra.com\/wp-content\/uploads\/media\/k2\/items\/src\/3bd6583af5a14653b7b54db2c9fe7f3e.jpg","datePublished":"2018-01-25T15:18:41+00:00","dateModified":"2022-04-12T09:38:43+00:00","breadcrumb":{"@id":"https:\/\/www.campingbellaterra.com\/es\/presente-nueva-edicion-feria-vakantiebeurs\/#breadcrumb"},"inLanguage":"es","potentialAction":[{"@type":"ReadAction","target":["https:\/\/www.campingbellaterra.com\/es\/presente-nueva-edicion-feria-vakantiebeurs\/"]}]},{"@type":"ImageObject","inLanguage":"es","@id":"https:\/\/www.campingbellaterra.com\/es\/presente-nueva-edicion-feria-vakantiebeurs\/#primaryimage","url":"https:\/\/www.campingbellaterra.com\/wp-content\/uploads\/media\/k2\/items\/src\/3bd6583af5a14653b7b54db2c9fe7f3e.jpg","contentUrl":"https:\/\/www.campingbellaterra.com\/wp-content\/uploads\/media\/k2\/items\/src\/3bd6583af5a14653b7b54db2c9fe7f3e.jpg","width":400,"height":275},{"@type":"BreadcrumbList","@id":"https:\/\/www.campingbellaterra.com\/es\/presente-nueva-edicion-feria-vakantiebeurs\/#breadcrumb","itemListElement":[{"@type":"ListItem","position":1,"name":"Inici","item":"https:\/\/www.campingbellaterra.com\/es\/"},{"@type":"ListItem","position":2,"name":"El Camping Bella Terra, presente en una nueva edici\u00f3n de la feria Vakantiebeurs"}]},{"@type":"WebSite","@id":"https:\/\/www.campingbellaterra.com\/es\/#website","url":"https:\/\/www.campingbellaterra.com\/es\/","name":"Camping Bella Terra","description":"Tu camping familiar en la Costa Brava","publisher":{"@id":"https:\/\/www.campingbellaterra.com\/es\/#organization"},"potentialAction":[{"@type":"SearchAction","target":{"@type":"EntryPoint","urlTemplate":"https:\/\/www.campingbellaterra.com\/es\/?s={search_term_string}"},"query-input":{"@type":"PropertyValueSpecification","valueRequired":true,"valueName":"search_term_string"}}],"inLanguage":"es"},{"@type":"Organization","@id":"https:\/\/www.campingbellaterra.com\/es\/#organization","name":"Camping Bella Terra","url":"https:\/\/www.campingbellaterra.com\/es\/","logo":{"@type":"ImageObject","inLanguage":"es","@id":"https:\/\/www.campingbellaterra.com\/es\/#\/schema\/logo\/image\/","url":"https:\/\/www.campingbellaterra.com\/wp-content\/uploads\/logo6.svg","contentUrl":"https:\/\/www.campingbellaterra.com\/wp-content\/uploads\/logo6.svg","width":"2048","height":"2048","caption":"Camping Bella Terra"},"image":{"@id":"https:\/\/www.campingbellaterra.com\/es\/#\/schema\/logo\/image\/"},"sameAs":["https:\/\/www.facebook.com\/campingbellaterra\/","https:\/\/x.com\/cbellaterra","https:\/\/www.instagram.com\/campingbellaterra\/","https:\/\/www.youtube.com\/c\/Camping-Bellaterra-Blanes","https:\/\/www.tripadvisor.es\/Hotel_Review-g580331-d3328184-Reviews-Camping_Bella_Terra-Blanes_Costa_Brava_Province_of_Girona_Catalonia.html"]},{"@type":"Person","@id":"https:\/\/www.campingbellaterra.com\/es\/#\/schema\/person\/9dafe106b7fade6dd08664bb60ea89ac","name":"vado","image":{"@type":"ImageObject","inLanguage":"es","@id":"https:\/\/www.campingbellaterra.com\/es\/#\/schema\/person\/image\/","url":"https:\/\/secure.gravatar.com\/avatar\/6edab01d4cd19889ac2b69e05f01a3c93227951cf320620732fca472f184e4f5?s=96&d=mm&r=g","contentUrl":"https:\/\/secure.gravatar.com\/avatar\/6edab01d4cd19889ac2b69e05f01a3c93227951cf320620732fca472f184e4f5?s=96&d=mm&r=g","caption":"vado"},"url":"https:\/\/www.campingbellaterra.com\/es\/author\/vado\/"}]}},"_links":{"self":[{"href":"https:\/\/www.campingbellaterra.com\/es\/wp-json\/wp\/v2\/posts\/6837","targetHints":{"allow":["GET"]}}],"collection":[{"href":"https:\/\/www.campingbellaterra.com\/es\/wp-json\/wp\/v2\/posts"}],"about":[{"href":"https:\/\/www.campingbellaterra.com\/es\/wp-json\/wp\/v2\/types\/post"}],"author":[{"embeddable":true,"href":"https:\/\/www.campingbellaterra.com\/es\/wp-json\/wp\/v2\/users\/2"}],"replies":[{"embeddable":true,"href":"https:\/\/www.campingbellaterra.com\/es\/wp-json\/wp\/v2\/comments?post=6837"}],"version-history":[{"count":1,"href":"https:\/\/www.campingbellaterra.com\/es\/wp-json\/wp\/v2\/posts\/6837\/revisions"}],"predecessor-version":[{"id":11034,"href":"https:\/\/www.campingbellaterra.com\/es\/wp-json\/wp\/v2\/posts\/6837\/revisions\/11034"}],"wp:featuredmedia":[{"embeddable":true,"href":"https:\/\/www.campingbellaterra.com\/es\/wp-json\/wp\/v2\/media\/9148"}],"wp:attachment":[{"href":"https:\/\/www.campingbellaterra.com\/es\/wp-json\/wp\/v2\/media?parent=6837"}],"wp:term":[{"taxonomy":"category","embeddable":true,"href":"https:\/\/www.campingbellaterra.com\/es\/wp-json\/wp\/v2\/categories?post=6837"},{"taxonomy":"post_tag","embeddable":true,"href":"https:\/\/www.campingbellaterra.com\/es\/wp-json\/wp\/v2\/tags?post=6837"}],"curies":[{"name":"wp","href":"https:\/\/api.w.org\/{rel}","templated":true}]}}