{"id":6866,"date":"2018-02-19T15:42:50","date_gmt":"2018-02-19T14:42:50","guid":{"rendered":"https:\/\/www.campingbellaterra.com\/2018\/02\/19\/ferias-essen-herning-2018-2\/"},"modified":"2022-04-12T11:32:33","modified_gmt":"2022-04-12T09:32:33","slug":"ferias-essen-herning-2018-2","status":"publish","type":"post","link":"https:\/\/www.campingbellaterra.com\/es\/ferias-essen-herning-2018-2\/","title":{"rendered":"Ferias de Essen y Herning"},"content":{"rendered":"<p>Essen en Alemania y Herning en Dinamarca son las pr\u00f3ximas ferias donde el camping Bella Terra presentar\u00e1 sus principales novedades.&nbsp;<\/p>\n<p><!--more--><\/p>\n<p><strong>Feria de Essen<\/strong><\/p>\n<p>El camping Bella Terra estar\u00e1 presente un a\u00f1o m\u00e1s en la feria internacional de viajes, turismo, campings y caravaning, Reise + Camping, que se celebrar\u00e1 desde este mi\u00e9rcoles y hasta el domingo en la ciudad alemana de Essen. El evento, organizado por la empresa alemana Messe Essen GmbH, reunir\u00e1 durante cinco d\u00edas, a numerosas compa\u00f1\u00edas del sector tur\u00edstico, que ofrecer\u00e1n y presentar\u00e1n en el sal\u00f3n, una amplia informaci\u00f3n sobre las novedades para este a\u00f1o 2018.<\/p>\n<p>La familia Willekens, clientes de toda la vida, ser\u00e1n los encargados de representar la imagen del camping Bella Terra en esta feria.&nbsp;<\/p>\n<p><em>\u201cNuestro objetivo, es incrementar a\u00fan m\u00e1s, la llegada del turismo alem\u00e1n, promocionando todas nuestras actividades acu\u00e1ticas, las rutas con bicicleta, las visitas guiadas por nuestro municipio de Blanes, y el senderismo\u201d<\/em>, se\u00f1ala Vicen\u00e7 Fern\u00e1ndez, director del camping Bella Terra, que estar\u00e1 situado en el hall n\u00famero 11, en el stand 11E03, de la feria alemana.<\/p>\n<p>{gallery}Essen 2018{\/gallery}<\/p>\n<p><strong>Feria de Herning<\/strong><\/p>\n<p>Por otro lado, el Camping Bella Terra tambi\u00e9n participar\u00e1 por segundo a\u00f1o consecutivo en la feria de Herning (Dinamarca), el sal\u00f3n de vacaciones m\u00e1s importante de Escandinavia, que se celebrar\u00e1 desde este viernes y hasta el domingo, en el recinto ferial MCH Messecenter.<\/p>\n<p>La familia Andersen, matrimonio dan\u00e9s asiduo al camping, ser\u00e1n los encargados&nbsp;de representar al Camping Bella Terra en este sal\u00f3n tur\u00edstico.<\/p>\n<p><em>\u201cTras el descenso de estos \u00faltimos a\u00f1os, queremos impulsar la llegada de nuevo, del p\u00fablico escandinavo en Blanes, a trav\u00e9s&nbsp;de un trato muy cercano. El matrimonio Andersen, son los mejores interlocutores para transmitir esta filosof\u00eda\u00bb<\/em>, concluye Vicen\u00e7 Fern\u00e1ndez, m\u00e1ximo responsable del camping Bella Terra.<\/p>\n<p>El camping estar\u00e1 ubicado en el Hall M, en el stand 9768, que se&nbsp;convertir\u00e1 en la zona de trabajo, con el fin de darse a conocer en el mercado dan\u00e9s, y en extensi\u00f3n al n\u00f3rdico.&nbsp;<\/p>\n<p>{gallery}Herning 2018{\/gallery}<\/p>\n<p><strong>M\u00e1s sobre el Camping Bella Terra<\/strong><\/p>\n<p>El Camping Bella Terra es un&nbsp;<strong>camping tranquilo y familiar<\/strong>, situado en una de las&nbsp;<strong>mejores playas de la Costa Brava<\/strong>, en la localidad de Blanes en la comarca de La Selva, tocando el Baix Empord\u00e0. Blanes es conocida por la singularidad de su paisaje t\u00edpico de la Costa Brava, situada entre los aeropuertos de Girona y Barcelona. Su buena combinaci\u00f3n de transportes,&nbsp;hace que el camping Bella Terra sea muy accesible para familias que vienen sin transporte propio. La playa S\u2019Abanell recibe, a\u00f1o tras a\u00f1o, el distintivo de Bandera Azul, que concede la Comunidad Econ\u00f3mica Europea, a las playas y fondos marinos de alta calidad.<\/p>\n","protected":false},"excerpt":{"rendered":"<p>Essen en Alemania y Herning en Dinamarca son las pr\u00f3ximas ferias donde el camping Bella Terra presentar\u00e1 sus principales novedades.&nbsp;<\/p>\n","protected":false},"author":2,"featured_media":9208,"comment_status":"closed","ping_status":"closed","sticky":false,"template":"","format":"standard","meta":{"_acf_changed":false,"inline_featured_image":false,"_monsterinsights_skip_tracking":false,"_monsterinsights_sitenote_active":false,"_monsterinsights_sitenote_note":"","_monsterinsights_sitenote_category":0,"footnotes":""},"categories":[2279],"tags":[1820,1898,1904,1940,1976,1982,2024,2055],"class_list":["post-6866","post","type-post","status-publish","format-standard","has-post-thumbnail","hentry","category-blog-es","tag-alemania","tag-camping-bella-terra-es","tag-camping-costa-brava-es","tag-costa-brava-es","tag-deutschland-es","tag-dinamarca-es","tag-ferie-for-alle-es","tag-herning-es"],"acf":[],"yoast_head":"<!-- This site is optimized with the Yoast SEO plugin v27.0 - https:\/\/yoast.com\/product\/yoast-seo-wordpress\/ -->\n<title>Ferias de Essen y Herning - Camping Bella Terra<\/title>\n<meta name=\"robots\" content=\"index, follow, max-snippet:-1, max-image-preview:large, max-video-preview:-1\" \/>\n<link rel=\"canonical\" href=\"https:\/\/www.campingbellaterra.com\/es\/ferias-essen-herning-2018-2\/\" \/>\n<meta property=\"og:locale\" content=\"es_ES\" \/>\n<meta property=\"og:type\" content=\"article\" \/>\n<meta property=\"og:title\" content=\"Ferias de Essen y Herning - Camping Bella Terra\" \/>\n<meta property=\"og:description\" content=\"Essen en Alemania y Herning en Dinamarca son las pr\u00f3ximas ferias donde el camping Bella Terra presentar\u00e1 sus principales novedades.&nbsp;\" \/>\n<meta property=\"og:url\" content=\"https:\/\/www.campingbellaterra.com\/es\/ferias-essen-herning-2018-2\/\" \/>\n<meta property=\"og:site_name\" content=\"Camping Bella Terra\" \/>\n<meta property=\"article:publisher\" content=\"https:\/\/www.facebook.com\/campingbellaterra\/\" \/>\n<meta property=\"article:published_time\" content=\"2018-02-19T14:42:50+00:00\" \/>\n<meta property=\"article:modified_time\" content=\"2022-04-12T09:32:33+00:00\" \/>\n<meta property=\"og:image\" content=\"https:\/\/www.campingbellaterra.com\/wp-content\/uploads\/media\/k2\/items\/src\/e213534406f5e673030b12a49a117407.jpg\" \/>\n\t<meta property=\"og:image:width\" content=\"1200\" \/>\n\t<meta property=\"og:image:height\" content=\"736\" \/>\n\t<meta property=\"og:image:type\" content=\"image\/jpeg\" \/>\n<meta name=\"author\" content=\"vado\" \/>\n<meta name=\"twitter:card\" content=\"summary_large_image\" \/>\n<meta name=\"twitter:creator\" content=\"@cbellaterra\" \/>\n<meta name=\"twitter:site\" content=\"@cbellaterra\" \/>\n<meta name=\"twitter:label1\" content=\"Escrito por\" \/>\n\t<meta name=\"twitter:data1\" content=\"vado\" \/>\n\t<meta name=\"twitter:label2\" content=\"Tiempo de lectura\" \/>\n\t<meta name=\"twitter:data2\" content=\"2 minutos\" \/>\n<script type=\"application\/ld+json\" class=\"yoast-schema-graph\">{\"@context\":\"https:\/\/schema.org\",\"@graph\":[{\"@type\":\"Article\",\"@id\":\"https:\/\/www.campingbellaterra.com\/es\/ferias-essen-herning-2018-2\/#article\",\"isPartOf\":{\"@id\":\"https:\/\/www.campingbellaterra.com\/es\/ferias-essen-herning-2018-2\/\"},\"author\":{\"name\":\"vado\",\"@id\":\"https:\/\/www.campingbellaterra.com\/es\/#\/schema\/person\/9dafe106b7fade6dd08664bb60ea89ac\"},\"headline\":\"Ferias de Essen y Herning\",\"datePublished\":\"2018-02-19T14:42:50+00:00\",\"dateModified\":\"2022-04-12T09:32:33+00:00\",\"mainEntityOfPage\":{\"@id\":\"https:\/\/www.campingbellaterra.com\/es\/ferias-essen-herning-2018-2\/\"},\"wordCount\":495,\"publisher\":{\"@id\":\"https:\/\/www.campingbellaterra.com\/es\/#organization\"},\"image\":{\"@id\":\"https:\/\/www.campingbellaterra.com\/es\/ferias-essen-herning-2018-2\/#primaryimage\"},\"thumbnailUrl\":\"https:\/\/www.campingbellaterra.com\/wp-content\/uploads\/media\/k2\/items\/src\/e213534406f5e673030b12a49a117407.jpg\",\"keywords\":[\"Alemania\",\"camping bella terra\",\"camping costa brava\",\"costa brava\",\"deutschland\",\"Dinamarca\",\"ferie for alle\",\"herning\"],\"articleSection\":[\"blog\"],\"inLanguage\":\"es\"},{\"@type\":\"WebPage\",\"@id\":\"https:\/\/www.campingbellaterra.com\/es\/ferias-essen-herning-2018-2\/\",\"url\":\"https:\/\/www.campingbellaterra.com\/es\/ferias-essen-herning-2018-2\/\",\"name\":\"Ferias de Essen y Herning - Camping Bella Terra\",\"isPartOf\":{\"@id\":\"https:\/\/www.campingbellaterra.com\/es\/#website\"},\"primaryImageOfPage\":{\"@id\":\"https:\/\/www.campingbellaterra.com\/es\/ferias-essen-herning-2018-2\/#primaryimage\"},\"image\":{\"@id\":\"https:\/\/www.campingbellaterra.com\/es\/ferias-essen-herning-2018-2\/#primaryimage\"},\"thumbnailUrl\":\"https:\/\/www.campingbellaterra.com\/wp-content\/uploads\/media\/k2\/items\/src\/e213534406f5e673030b12a49a117407.jpg\",\"datePublished\":\"2018-02-19T14:42:50+00:00\",\"dateModified\":\"2022-04-12T09:32:33+00:00\",\"breadcrumb\":{\"@id\":\"https:\/\/www.campingbellaterra.com\/es\/ferias-essen-herning-2018-2\/#breadcrumb\"},\"inLanguage\":\"es\",\"potentialAction\":[{\"@type\":\"ReadAction\",\"target\":[\"https:\/\/www.campingbellaterra.com\/es\/ferias-essen-herning-2018-2\/\"]}]},{\"@type\":\"ImageObject\",\"inLanguage\":\"es\",\"@id\":\"https:\/\/www.campingbellaterra.com\/es\/ferias-essen-herning-2018-2\/#primaryimage\",\"url\":\"https:\/\/www.campingbellaterra.com\/wp-content\/uploads\/media\/k2\/items\/src\/e213534406f5e673030b12a49a117407.jpg\",\"contentUrl\":\"https:\/\/www.campingbellaterra.com\/wp-content\/uploads\/media\/k2\/items\/src\/e213534406f5e673030b12a49a117407.jpg\",\"width\":1200,\"height\":736},{\"@type\":\"BreadcrumbList\",\"@id\":\"https:\/\/www.campingbellaterra.com\/es\/ferias-essen-herning-2018-2\/#breadcrumb\",\"itemListElement\":[{\"@type\":\"ListItem\",\"position\":1,\"name\":\"Inici\",\"item\":\"https:\/\/www.campingbellaterra.com\/es\/\"},{\"@type\":\"ListItem\",\"position\":2,\"name\":\"Ferias de Essen y Herning\"}]},{\"@type\":\"WebSite\",\"@id\":\"https:\/\/www.campingbellaterra.com\/es\/#website\",\"url\":\"https:\/\/www.campingbellaterra.com\/es\/\",\"name\":\"Camping Bella Terra\",\"description\":\"Tu camping familiar en la Costa Brava\",\"publisher\":{\"@id\":\"https:\/\/www.campingbellaterra.com\/es\/#organization\"},\"potentialAction\":[{\"@type\":\"SearchAction\",\"target\":{\"@type\":\"EntryPoint\",\"urlTemplate\":\"https:\/\/www.campingbellaterra.com\/es\/?s={search_term_string}\"},\"query-input\":{\"@type\":\"PropertyValueSpecification\",\"valueRequired\":true,\"valueName\":\"search_term_string\"}}],\"inLanguage\":\"es\"},{\"@type\":\"Organization\",\"@id\":\"https:\/\/www.campingbellaterra.com\/es\/#organization\",\"name\":\"Camping Bella Terra\",\"url\":\"https:\/\/www.campingbellaterra.com\/es\/\",\"logo\":{\"@type\":\"ImageObject\",\"inLanguage\":\"es\",\"@id\":\"https:\/\/www.campingbellaterra.com\/es\/#\/schema\/logo\/image\/\",\"url\":\"https:\/\/www.campingbellaterra.com\/wp-content\/uploads\/logo6.svg\",\"contentUrl\":\"https:\/\/www.campingbellaterra.com\/wp-content\/uploads\/logo6.svg\",\"width\":\"2048\",\"height\":\"2048\",\"caption\":\"Camping Bella Terra\"},\"image\":{\"@id\":\"https:\/\/www.campingbellaterra.com\/es\/#\/schema\/logo\/image\/\"},\"sameAs\":[\"https:\/\/www.facebook.com\/campingbellaterra\/\",\"https:\/\/x.com\/cbellaterra\",\"https:\/\/www.instagram.com\/campingbellaterra\/\",\"https:\/\/www.youtube.com\/c\/Camping-Bellaterra-Blanes\",\"https:\/\/www.tripadvisor.es\/Hotel_Review-g580331-d3328184-Reviews-Camping_Bella_Terra-Blanes_Costa_Brava_Province_of_Girona_Catalonia.html\"]},{\"@type\":\"Person\",\"@id\":\"https:\/\/www.campingbellaterra.com\/es\/#\/schema\/person\/9dafe106b7fade6dd08664bb60ea89ac\",\"name\":\"vado\",\"image\":{\"@type\":\"ImageObject\",\"inLanguage\":\"es\",\"@id\":\"https:\/\/www.campingbellaterra.com\/es\/#\/schema\/person\/image\/\",\"url\":\"https:\/\/secure.gravatar.com\/avatar\/6edab01d4cd19889ac2b69e05f01a3c93227951cf320620732fca472f184e4f5?s=96&d=mm&r=g\",\"contentUrl\":\"https:\/\/secure.gravatar.com\/avatar\/6edab01d4cd19889ac2b69e05f01a3c93227951cf320620732fca472f184e4f5?s=96&d=mm&r=g\",\"caption\":\"vado\"},\"url\":\"https:\/\/www.campingbellaterra.com\/es\/author\/vado\/\"}]}<\/script>\n<!-- \/ Yoast SEO plugin. -->","yoast_head_json":{"title":"Ferias de Essen y Herning - Camping Bella Terra","robots":{"index":"index","follow":"follow","max-snippet":"max-snippet:-1","max-image-preview":"max-image-preview:large","max-video-preview":"max-video-preview:-1"},"canonical":"https:\/\/www.campingbellaterra.com\/es\/ferias-essen-herning-2018-2\/","og_locale":"es_ES","og_type":"article","og_title":"Ferias de Essen y Herning - Camping Bella Terra","og_description":"Essen en Alemania y Herning en Dinamarca son las pr\u00f3ximas ferias donde el camping Bella Terra presentar\u00e1 sus principales novedades.&nbsp;","og_url":"https:\/\/www.campingbellaterra.com\/es\/ferias-essen-herning-2018-2\/","og_site_name":"Camping Bella Terra","article_publisher":"https:\/\/www.facebook.com\/campingbellaterra\/","article_published_time":"2018-02-19T14:42:50+00:00","article_modified_time":"2022-04-12T09:32:33+00:00","og_image":[{"width":1200,"height":736,"url":"https:\/\/www.campingbellaterra.com\/wp-content\/uploads\/media\/k2\/items\/src\/e213534406f5e673030b12a49a117407.jpg","type":"image\/jpeg"}],"author":"vado","twitter_card":"summary_large_image","twitter_creator":"@cbellaterra","twitter_site":"@cbellaterra","twitter_misc":{"Escrito por":"vado","Tiempo de lectura":"2 minutos"},"schema":{"@context":"https:\/\/schema.org","@graph":[{"@type":"Article","@id":"https:\/\/www.campingbellaterra.com\/es\/ferias-essen-herning-2018-2\/#article","isPartOf":{"@id":"https:\/\/www.campingbellaterra.com\/es\/ferias-essen-herning-2018-2\/"},"author":{"name":"vado","@id":"https:\/\/www.campingbellaterra.com\/es\/#\/schema\/person\/9dafe106b7fade6dd08664bb60ea89ac"},"headline":"Ferias de Essen y Herning","datePublished":"2018-02-19T14:42:50+00:00","dateModified":"2022-04-12T09:32:33+00:00","mainEntityOfPage":{"@id":"https:\/\/www.campingbellaterra.com\/es\/ferias-essen-herning-2018-2\/"},"wordCount":495,"publisher":{"@id":"https:\/\/www.campingbellaterra.com\/es\/#organization"},"image":{"@id":"https:\/\/www.campingbellaterra.com\/es\/ferias-essen-herning-2018-2\/#primaryimage"},"thumbnailUrl":"https:\/\/www.campingbellaterra.com\/wp-content\/uploads\/media\/k2\/items\/src\/e213534406f5e673030b12a49a117407.jpg","keywords":["Alemania","camping bella terra","camping costa brava","costa brava","deutschland","Dinamarca","ferie for alle","herning"],"articleSection":["blog"],"inLanguage":"es"},{"@type":"WebPage","@id":"https:\/\/www.campingbellaterra.com\/es\/ferias-essen-herning-2018-2\/","url":"https:\/\/www.campingbellaterra.com\/es\/ferias-essen-herning-2018-2\/","name":"Ferias de Essen y Herning - Camping Bella Terra","isPartOf":{"@id":"https:\/\/www.campingbellaterra.com\/es\/#website"},"primaryImageOfPage":{"@id":"https:\/\/www.campingbellaterra.com\/es\/ferias-essen-herning-2018-2\/#primaryimage"},"image":{"@id":"https:\/\/www.campingbellaterra.com\/es\/ferias-essen-herning-2018-2\/#primaryimage"},"thumbnailUrl":"https:\/\/www.campingbellaterra.com\/wp-content\/uploads\/media\/k2\/items\/src\/e213534406f5e673030b12a49a117407.jpg","datePublished":"2018-02-19T14:42:50+00:00","dateModified":"2022-04-12T09:32:33+00:00","breadcrumb":{"@id":"https:\/\/www.campingbellaterra.com\/es\/ferias-essen-herning-2018-2\/#breadcrumb"},"inLanguage":"es","potentialAction":[{"@type":"ReadAction","target":["https:\/\/www.campingbellaterra.com\/es\/ferias-essen-herning-2018-2\/"]}]},{"@type":"ImageObject","inLanguage":"es","@id":"https:\/\/www.campingbellaterra.com\/es\/ferias-essen-herning-2018-2\/#primaryimage","url":"https:\/\/www.campingbellaterra.com\/wp-content\/uploads\/media\/k2\/items\/src\/e213534406f5e673030b12a49a117407.jpg","contentUrl":"https:\/\/www.campingbellaterra.com\/wp-content\/uploads\/media\/k2\/items\/src\/e213534406f5e673030b12a49a117407.jpg","width":1200,"height":736},{"@type":"BreadcrumbList","@id":"https:\/\/www.campingbellaterra.com\/es\/ferias-essen-herning-2018-2\/#breadcrumb","itemListElement":[{"@type":"ListItem","position":1,"name":"Inici","item":"https:\/\/www.campingbellaterra.com\/es\/"},{"@type":"ListItem","position":2,"name":"Ferias de Essen y Herning"}]},{"@type":"WebSite","@id":"https:\/\/www.campingbellaterra.com\/es\/#website","url":"https:\/\/www.campingbellaterra.com\/es\/","name":"Camping Bella Terra","description":"Tu camping familiar en la Costa Brava","publisher":{"@id":"https:\/\/www.campingbellaterra.com\/es\/#organization"},"potentialAction":[{"@type":"SearchAction","target":{"@type":"EntryPoint","urlTemplate":"https:\/\/www.campingbellaterra.com\/es\/?s={search_term_string}"},"query-input":{"@type":"PropertyValueSpecification","valueRequired":true,"valueName":"search_term_string"}}],"inLanguage":"es"},{"@type":"Organization","@id":"https:\/\/www.campingbellaterra.com\/es\/#organization","name":"Camping Bella Terra","url":"https:\/\/www.campingbellaterra.com\/es\/","logo":{"@type":"ImageObject","inLanguage":"es","@id":"https:\/\/www.campingbellaterra.com\/es\/#\/schema\/logo\/image\/","url":"https:\/\/www.campingbellaterra.com\/wp-content\/uploads\/logo6.svg","contentUrl":"https:\/\/www.campingbellaterra.com\/wp-content\/uploads\/logo6.svg","width":"2048","height":"2048","caption":"Camping Bella Terra"},"image":{"@id":"https:\/\/www.campingbellaterra.com\/es\/#\/schema\/logo\/image\/"},"sameAs":["https:\/\/www.facebook.com\/campingbellaterra\/","https:\/\/x.com\/cbellaterra","https:\/\/www.instagram.com\/campingbellaterra\/","https:\/\/www.youtube.com\/c\/Camping-Bellaterra-Blanes","https:\/\/www.tripadvisor.es\/Hotel_Review-g580331-d3328184-Reviews-Camping_Bella_Terra-Blanes_Costa_Brava_Province_of_Girona_Catalonia.html"]},{"@type":"Person","@id":"https:\/\/www.campingbellaterra.com\/es\/#\/schema\/person\/9dafe106b7fade6dd08664bb60ea89ac","name":"vado","image":{"@type":"ImageObject","inLanguage":"es","@id":"https:\/\/www.campingbellaterra.com\/es\/#\/schema\/person\/image\/","url":"https:\/\/secure.gravatar.com\/avatar\/6edab01d4cd19889ac2b69e05f01a3c93227951cf320620732fca472f184e4f5?s=96&d=mm&r=g","contentUrl":"https:\/\/secure.gravatar.com\/avatar\/6edab01d4cd19889ac2b69e05f01a3c93227951cf320620732fca472f184e4f5?s=96&d=mm&r=g","caption":"vado"},"url":"https:\/\/www.campingbellaterra.com\/es\/author\/vado\/"}]}},"_links":{"self":[{"href":"https:\/\/www.campingbellaterra.com\/es\/wp-json\/wp\/v2\/posts\/6866","targetHints":{"allow":["GET"]}}],"collection":[{"href":"https:\/\/www.campingbellaterra.com\/es\/wp-json\/wp\/v2\/posts"}],"about":[{"href":"https:\/\/www.campingbellaterra.com\/es\/wp-json\/wp\/v2\/types\/post"}],"author":[{"embeddable":true,"href":"https:\/\/www.campingbellaterra.com\/es\/wp-json\/wp\/v2\/users\/2"}],"replies":[{"embeddable":true,"href":"https:\/\/www.campingbellaterra.com\/es\/wp-json\/wp\/v2\/comments?post=6866"}],"version-history":[{"count":1,"href":"https:\/\/www.campingbellaterra.com\/es\/wp-json\/wp\/v2\/posts\/6866\/revisions"}],"predecessor-version":[{"id":10937,"href":"https:\/\/www.campingbellaterra.com\/es\/wp-json\/wp\/v2\/posts\/6866\/revisions\/10937"}],"wp:featuredmedia":[{"embeddable":true,"href":"https:\/\/www.campingbellaterra.com\/es\/wp-json\/wp\/v2\/media\/9208"}],"wp:attachment":[{"href":"https:\/\/www.campingbellaterra.com\/es\/wp-json\/wp\/v2\/media?parent=6866"}],"wp:term":[{"taxonomy":"category","embeddable":true,"href":"https:\/\/www.campingbellaterra.com\/es\/wp-json\/wp\/v2\/categories?post=6866"},{"taxonomy":"post_tag","embeddable":true,"href":"https:\/\/www.campingbellaterra.com\/es\/wp-json\/wp\/v2\/tags?post=6866"}],"curies":[{"name":"wp","href":"https:\/\/api.w.org\/{rel}","templated":true}]}}