{"id":6942,"date":"2018-12-19T15:58:18","date_gmt":"2018-12-19T14:58:18","guid":{"rendered":"https:\/\/www.campingbellaterra.com\/2018\/12\/19\/la-matriculacion-de-autocaravanas-se-dispara-en-espana-en-los-ultimos-anos\/"},"modified":"2022-04-12T10:35:37","modified_gmt":"2022-04-12T08:35:37","slug":"la-matriculacion-de-autocaravanas-se-dispara-en-espana-en-los-ultimos-anos","status":"publish","type":"post","link":"https:\/\/www.campingbellaterra.com\/es\/la-matriculacion-de-autocaravanas-se-dispara-en-espana-en-los-ultimos-anos\/","title":{"rendered":"La matriculaci\u00f3n de autocaravanas se dispara en Espa\u00f1a en los \u00faltimos a\u00f1os"},"content":{"rendered":"<p>Las matriculaciones de estas casas vacacionales rodantes han crecido un 347% en los \u00faltimos 5 a\u00f1os.<\/p>\n<p><!--more--><\/p>\n<p style=\"text-align: justify;\">El sector&nbsp; del <strong>caravaning<\/strong> est\u00e1 de moda en nuestro pa\u00eds. As\u00ed se desprende de los \u00faltimos datos de la <a href=\"https:\/\/aseicar.org\/espana-el-pais-europeo-donde-mas-crece-el-caravaning\">Asociaci\u00f3n Espa\u00f1ola de la Industria y Comercio del Caravaning (ASEICAR)<\/a>, que se\u00f1ala que en el primer semestre de 2018 se han matriculado 3.621 autocaravanas, casi 11% m\u00e1s en comparaci\u00f3n con el mismo periodo del pasado a\u00f1o.<\/p>\n<p style=\"text-align: justify;\">Adem\u00e1s, la <strong>venta de autocaravanas se ha incrementado<\/strong> un 347% en el \u00faltimo lustro, y en un 203%, la venta conjunta con caravanas. Este \u2018boom\u2019 es espacialmente visible en las ventas por comunidades aut\u00f3nomas. S\u00f3lo en 2017 en Catalunya, se matricularon 1.298 autocaravanas, que representa el 22,45% del total del pasado a\u00f1o.<\/p>\n<p style=\"text-align: justify;\">El auge que vive el sector del caravaning se debe fundamentalmente a la demanda existente entre la sociedad de <strong>nuevas formas de ocio vacacional<\/strong> basadas en el contacto con la naturaleza. Seg\u00fan cifras del <a href=\"https:\/\/elobservatoriocetelem.es\/wp-content\/uploads\/Informes\/observatorio-cetelem-del-motor-2018.pdf\">Observatorio del Motor 2018 de Cetelem<\/a>, los trayectos a cualquier punto de Espa\u00f1a es tipo de viaje que m\u00e1s realizan los usuarios (74% de las menciones), por delante de los grandes viajes fuera de Espa\u00f1a (47%), y las peque\u00f1as escapadas (45%). En estos trayectos, el 41% de los usuarios afirma <strong>pernoctar en campings<\/strong>. Uno de ellos, es el Camping Bella Terra, situado en una de las <strong>mejores playas de la Costa Brava<\/strong>, en la localidad gerundense de Blanes.&nbsp;<\/p>\n<p style=\"text-align: justify;\"><em>\u2018En los \u00faltimos a\u00f1os, el sector del camping ha sufrido una clara evoluci\u00f3n, y un cambio en las necesidades de los campistas, con un aumento muy importante de clientes que visitan nuestras instalaciones a bordo de sus confortables autocaravanas\u2019<\/em>, se\u00f1ala Vicen\u00e7 Fern\u00e1ndez, director del Camping Bella Terra.<\/p>\n<p style=\"text-align: justify;\">El <strong>Camping Bella Terra<\/strong> ofrece las mejores parcelas en la Costa Brava, situadas en amplias zonas sombreadas, donde los campistas pueden instalar su autocaravana o caravana. Una de ellas es la <strong>Parcela Confort<\/strong>, con unas dimensiones de 90 metros cuadrados y agua y desag\u00fce en la misma parcela, y la otra es la <strong>Parcela Standard<\/strong>, con un espacio de entre 70 y 80 metros cuadrados. \u201c<em>En cualquiera de las dos parcelas nuestro campista estar\u00e1 a gusto. Adem\u00e1s, puede escoger si la desea cerca de la playa o de la piscina\u201d <\/em>concluye Fern\u00e1ndez.<\/p>\n<p style=\"text-align: justify;\">El Camping Bella Terra inicio el pasado martes 13 de noviembre, las reservas para la temporada 2019 en su <a href=\"https:\/\/booking.campingbellaterra.com\/search?categoryIds=2,9,10,11&amp;lang=es\">portal web<\/a>.&nbsp; &nbsp;<\/p>\n<p style=\"text-align: justify;\">&nbsp;<\/p>\n","protected":false},"excerpt":{"rendered":"<p>Las matriculaciones de estas casas vacacionales rodantes han crecido un 347% en los \u00faltimos 5 a\u00f1os.<\/p>\n","protected":false},"author":2,"featured_media":9394,"comment_status":"closed","ping_status":"closed","sticky":false,"template":"","format":"standard","meta":{"_acf_changed":false,"inline_featured_image":false,"_monsterinsights_skip_tracking":false,"_monsterinsights_sitenote_active":false,"_monsterinsights_sitenote_note":"","_monsterinsights_sitenote_category":0,"footnotes":""},"categories":[2279],"tags":[1838,1868,1910,2133,2236,2242],"class_list":["post-6942","post","type-post","status-publish","format-standard","has-post-thumbnail","hentry","category-blog-es","tag-autocaravanas","tag-blanes-es","tag-campings-es","tag-parcelas","tag-turismo-familiar","tag-vacaciones"],"acf":[],"yoast_head":"<!-- This site is optimized with the Yoast SEO plugin v27.0 - https:\/\/yoast.com\/product\/yoast-seo-wordpress\/ -->\n<title>La matriculaci\u00f3n de autocaravanas se dispara en Espa\u00f1a en los \u00faltimos a\u00f1os - Camping Bella Terra<\/title>\n<meta name=\"robots\" content=\"index, follow, max-snippet:-1, max-image-preview:large, max-video-preview:-1\" \/>\n<link rel=\"canonical\" href=\"https:\/\/www.campingbellaterra.com\/es\/la-matriculacion-de-autocaravanas-se-dispara-en-espana-en-los-ultimos-anos\/\" \/>\n<meta property=\"og:locale\" content=\"es_ES\" \/>\n<meta property=\"og:type\" content=\"article\" \/>\n<meta property=\"og:title\" content=\"La matriculaci\u00f3n de autocaravanas se dispara en Espa\u00f1a en los \u00faltimos a\u00f1os - Camping Bella Terra\" \/>\n<meta property=\"og:description\" content=\"Las matriculaciones de estas casas vacacionales rodantes han crecido un 347% en los \u00faltimos 5 a\u00f1os.\" \/>\n<meta property=\"og:url\" content=\"https:\/\/www.campingbellaterra.com\/es\/la-matriculacion-de-autocaravanas-se-dispara-en-espana-en-los-ultimos-anos\/\" \/>\n<meta property=\"og:site_name\" content=\"Camping Bella Terra\" \/>\n<meta property=\"article:publisher\" content=\"https:\/\/www.facebook.com\/campingbellaterra\/\" \/>\n<meta property=\"article:published_time\" content=\"2018-12-19T14:58:18+00:00\" \/>\n<meta property=\"article:modified_time\" content=\"2022-04-12T08:35:37+00:00\" \/>\n<meta property=\"og:image\" content=\"https:\/\/www.campingbellaterra.com\/wp-content\/uploads\/media\/k2\/items\/src\/91b1b90c684fd8e5c2ec1b7418ca380f.jpg\" \/>\n\t<meta property=\"og:image:width\" content=\"960\" \/>\n\t<meta property=\"og:image:height\" content=\"720\" \/>\n\t<meta property=\"og:image:type\" content=\"image\/jpeg\" \/>\n<meta name=\"author\" content=\"vado\" \/>\n<meta name=\"twitter:card\" content=\"summary_large_image\" \/>\n<meta name=\"twitter:creator\" content=\"@cbellaterra\" \/>\n<meta name=\"twitter:site\" content=\"@cbellaterra\" \/>\n<meta name=\"twitter:label1\" content=\"Escrito por\" \/>\n\t<meta name=\"twitter:data1\" content=\"vado\" \/>\n\t<meta name=\"twitter:label2\" content=\"Tiempo de lectura\" \/>\n\t<meta name=\"twitter:data2\" content=\"2 minutos\" \/>\n<script type=\"application\/ld+json\" class=\"yoast-schema-graph\">{\"@context\":\"https:\/\/schema.org\",\"@graph\":[{\"@type\":\"Article\",\"@id\":\"https:\/\/www.campingbellaterra.com\/es\/la-matriculacion-de-autocaravanas-se-dispara-en-espana-en-los-ultimos-anos\/#article\",\"isPartOf\":{\"@id\":\"https:\/\/www.campingbellaterra.com\/es\/la-matriculacion-de-autocaravanas-se-dispara-en-espana-en-los-ultimos-anos\/\"},\"author\":{\"name\":\"vado\",\"@id\":\"https:\/\/www.campingbellaterra.com\/es\/#\/schema\/person\/9dafe106b7fade6dd08664bb60ea89ac\"},\"headline\":\"La matriculaci\u00f3n de autocaravanas se dispara en Espa\u00f1a en los \u00faltimos a\u00f1os\",\"datePublished\":\"2018-12-19T14:58:18+00:00\",\"dateModified\":\"2022-04-12T08:35:37+00:00\",\"mainEntityOfPage\":{\"@id\":\"https:\/\/www.campingbellaterra.com\/es\/la-matriculacion-de-autocaravanas-se-dispara-en-espana-en-los-ultimos-anos\/\"},\"wordCount\":419,\"publisher\":{\"@id\":\"https:\/\/www.campingbellaterra.com\/es\/#organization\"},\"image\":{\"@id\":\"https:\/\/www.campingbellaterra.com\/es\/la-matriculacion-de-autocaravanas-se-dispara-en-espana-en-los-ultimos-anos\/#primaryimage\"},\"thumbnailUrl\":\"https:\/\/www.campingbellaterra.com\/wp-content\/uploads\/media\/k2\/items\/src\/91b1b90c684fd8e5c2ec1b7418ca380f.jpg\",\"keywords\":[\"autocaravanas\",\"blanes\",\"Campings\",\"parcelas\",\"turismo familiar\",\"vacaciones\"],\"articleSection\":[\"blog\"],\"inLanguage\":\"es\"},{\"@type\":\"WebPage\",\"@id\":\"https:\/\/www.campingbellaterra.com\/es\/la-matriculacion-de-autocaravanas-se-dispara-en-espana-en-los-ultimos-anos\/\",\"url\":\"https:\/\/www.campingbellaterra.com\/es\/la-matriculacion-de-autocaravanas-se-dispara-en-espana-en-los-ultimos-anos\/\",\"name\":\"La matriculaci\u00f3n de autocaravanas se dispara en Espa\u00f1a en los \u00faltimos a\u00f1os - Camping Bella Terra\",\"isPartOf\":{\"@id\":\"https:\/\/www.campingbellaterra.com\/es\/#website\"},\"primaryImageOfPage\":{\"@id\":\"https:\/\/www.campingbellaterra.com\/es\/la-matriculacion-de-autocaravanas-se-dispara-en-espana-en-los-ultimos-anos\/#primaryimage\"},\"image\":{\"@id\":\"https:\/\/www.campingbellaterra.com\/es\/la-matriculacion-de-autocaravanas-se-dispara-en-espana-en-los-ultimos-anos\/#primaryimage\"},\"thumbnailUrl\":\"https:\/\/www.campingbellaterra.com\/wp-content\/uploads\/media\/k2\/items\/src\/91b1b90c684fd8e5c2ec1b7418ca380f.jpg\",\"datePublished\":\"2018-12-19T14:58:18+00:00\",\"dateModified\":\"2022-04-12T08:35:37+00:00\",\"breadcrumb\":{\"@id\":\"https:\/\/www.campingbellaterra.com\/es\/la-matriculacion-de-autocaravanas-se-dispara-en-espana-en-los-ultimos-anos\/#breadcrumb\"},\"inLanguage\":\"es\",\"potentialAction\":[{\"@type\":\"ReadAction\",\"target\":[\"https:\/\/www.campingbellaterra.com\/es\/la-matriculacion-de-autocaravanas-se-dispara-en-espana-en-los-ultimos-anos\/\"]}]},{\"@type\":\"ImageObject\",\"inLanguage\":\"es\",\"@id\":\"https:\/\/www.campingbellaterra.com\/es\/la-matriculacion-de-autocaravanas-se-dispara-en-espana-en-los-ultimos-anos\/#primaryimage\",\"url\":\"https:\/\/www.campingbellaterra.com\/wp-content\/uploads\/media\/k2\/items\/src\/91b1b90c684fd8e5c2ec1b7418ca380f.jpg\",\"contentUrl\":\"https:\/\/www.campingbellaterra.com\/wp-content\/uploads\/media\/k2\/items\/src\/91b1b90c684fd8e5c2ec1b7418ca380f.jpg\",\"width\":960,\"height\":720,\"caption\":\"Autocaravanes C\u00e0mping Bella Terra\"},{\"@type\":\"BreadcrumbList\",\"@id\":\"https:\/\/www.campingbellaterra.com\/es\/la-matriculacion-de-autocaravanas-se-dispara-en-espana-en-los-ultimos-anos\/#breadcrumb\",\"itemListElement\":[{\"@type\":\"ListItem\",\"position\":1,\"name\":\"Inici\",\"item\":\"https:\/\/www.campingbellaterra.com\/es\/\"},{\"@type\":\"ListItem\",\"position\":2,\"name\":\"La matriculaci\u00f3n de autocaravanas se dispara en Espa\u00f1a en los \u00faltimos a\u00f1os\"}]},{\"@type\":\"WebSite\",\"@id\":\"https:\/\/www.campingbellaterra.com\/es\/#website\",\"url\":\"https:\/\/www.campingbellaterra.com\/es\/\",\"name\":\"Camping Bella Terra\",\"description\":\"Tu camping familiar en la Costa Brava\",\"publisher\":{\"@id\":\"https:\/\/www.campingbellaterra.com\/es\/#organization\"},\"potentialAction\":[{\"@type\":\"SearchAction\",\"target\":{\"@type\":\"EntryPoint\",\"urlTemplate\":\"https:\/\/www.campingbellaterra.com\/es\/?s={search_term_string}\"},\"query-input\":{\"@type\":\"PropertyValueSpecification\",\"valueRequired\":true,\"valueName\":\"search_term_string\"}}],\"inLanguage\":\"es\"},{\"@type\":\"Organization\",\"@id\":\"https:\/\/www.campingbellaterra.com\/es\/#organization\",\"name\":\"Camping Bella Terra\",\"url\":\"https:\/\/www.campingbellaterra.com\/es\/\",\"logo\":{\"@type\":\"ImageObject\",\"inLanguage\":\"es\",\"@id\":\"https:\/\/www.campingbellaterra.com\/es\/#\/schema\/logo\/image\/\",\"url\":\"https:\/\/www.campingbellaterra.com\/wp-content\/uploads\/logo6.svg\",\"contentUrl\":\"https:\/\/www.campingbellaterra.com\/wp-content\/uploads\/logo6.svg\",\"width\":\"2048\",\"height\":\"2048\",\"caption\":\"Camping Bella Terra\"},\"image\":{\"@id\":\"https:\/\/www.campingbellaterra.com\/es\/#\/schema\/logo\/image\/\"},\"sameAs\":[\"https:\/\/www.facebook.com\/campingbellaterra\/\",\"https:\/\/x.com\/cbellaterra\",\"https:\/\/www.instagram.com\/campingbellaterra\/\",\"https:\/\/www.youtube.com\/c\/Camping-Bellaterra-Blanes\",\"https:\/\/www.tripadvisor.es\/Hotel_Review-g580331-d3328184-Reviews-Camping_Bella_Terra-Blanes_Costa_Brava_Province_of_Girona_Catalonia.html\"]},{\"@type\":\"Person\",\"@id\":\"https:\/\/www.campingbellaterra.com\/es\/#\/schema\/person\/9dafe106b7fade6dd08664bb60ea89ac\",\"name\":\"vado\",\"image\":{\"@type\":\"ImageObject\",\"inLanguage\":\"es\",\"@id\":\"https:\/\/www.campingbellaterra.com\/es\/#\/schema\/person\/image\/\",\"url\":\"https:\/\/secure.gravatar.com\/avatar\/6edab01d4cd19889ac2b69e05f01a3c93227951cf320620732fca472f184e4f5?s=96&d=mm&r=g\",\"contentUrl\":\"https:\/\/secure.gravatar.com\/avatar\/6edab01d4cd19889ac2b69e05f01a3c93227951cf320620732fca472f184e4f5?s=96&d=mm&r=g\",\"caption\":\"vado\"},\"url\":\"https:\/\/www.campingbellaterra.com\/es\/author\/vado\/\"}]}<\/script>\n<!-- \/ Yoast SEO plugin. -->","yoast_head_json":{"title":"La matriculaci\u00f3n de autocaravanas se dispara en Espa\u00f1a en los \u00faltimos a\u00f1os - Camping Bella Terra","robots":{"index":"index","follow":"follow","max-snippet":"max-snippet:-1","max-image-preview":"max-image-preview:large","max-video-preview":"max-video-preview:-1"},"canonical":"https:\/\/www.campingbellaterra.com\/es\/la-matriculacion-de-autocaravanas-se-dispara-en-espana-en-los-ultimos-anos\/","og_locale":"es_ES","og_type":"article","og_title":"La matriculaci\u00f3n de autocaravanas se dispara en Espa\u00f1a en los \u00faltimos a\u00f1os - Camping Bella Terra","og_description":"Las matriculaciones de estas casas vacacionales rodantes han crecido un 347% en los \u00faltimos 5 a\u00f1os.","og_url":"https:\/\/www.campingbellaterra.com\/es\/la-matriculacion-de-autocaravanas-se-dispara-en-espana-en-los-ultimos-anos\/","og_site_name":"Camping Bella Terra","article_publisher":"https:\/\/www.facebook.com\/campingbellaterra\/","article_published_time":"2018-12-19T14:58:18+00:00","article_modified_time":"2022-04-12T08:35:37+00:00","og_image":[{"width":960,"height":720,"url":"https:\/\/www.campingbellaterra.com\/wp-content\/uploads\/media\/k2\/items\/src\/91b1b90c684fd8e5c2ec1b7418ca380f.jpg","type":"image\/jpeg"}],"author":"vado","twitter_card":"summary_large_image","twitter_creator":"@cbellaterra","twitter_site":"@cbellaterra","twitter_misc":{"Escrito por":"vado","Tiempo de lectura":"2 minutos"},"schema":{"@context":"https:\/\/schema.org","@graph":[{"@type":"Article","@id":"https:\/\/www.campingbellaterra.com\/es\/la-matriculacion-de-autocaravanas-se-dispara-en-espana-en-los-ultimos-anos\/#article","isPartOf":{"@id":"https:\/\/www.campingbellaterra.com\/es\/la-matriculacion-de-autocaravanas-se-dispara-en-espana-en-los-ultimos-anos\/"},"author":{"name":"vado","@id":"https:\/\/www.campingbellaterra.com\/es\/#\/schema\/person\/9dafe106b7fade6dd08664bb60ea89ac"},"headline":"La matriculaci\u00f3n de autocaravanas se dispara en Espa\u00f1a en los \u00faltimos a\u00f1os","datePublished":"2018-12-19T14:58:18+00:00","dateModified":"2022-04-12T08:35:37+00:00","mainEntityOfPage":{"@id":"https:\/\/www.campingbellaterra.com\/es\/la-matriculacion-de-autocaravanas-se-dispara-en-espana-en-los-ultimos-anos\/"},"wordCount":419,"publisher":{"@id":"https:\/\/www.campingbellaterra.com\/es\/#organization"},"image":{"@id":"https:\/\/www.campingbellaterra.com\/es\/la-matriculacion-de-autocaravanas-se-dispara-en-espana-en-los-ultimos-anos\/#primaryimage"},"thumbnailUrl":"https:\/\/www.campingbellaterra.com\/wp-content\/uploads\/media\/k2\/items\/src\/91b1b90c684fd8e5c2ec1b7418ca380f.jpg","keywords":["autocaravanas","blanes","Campings","parcelas","turismo familiar","vacaciones"],"articleSection":["blog"],"inLanguage":"es"},{"@type":"WebPage","@id":"https:\/\/www.campingbellaterra.com\/es\/la-matriculacion-de-autocaravanas-se-dispara-en-espana-en-los-ultimos-anos\/","url":"https:\/\/www.campingbellaterra.com\/es\/la-matriculacion-de-autocaravanas-se-dispara-en-espana-en-los-ultimos-anos\/","name":"La matriculaci\u00f3n de autocaravanas se dispara en Espa\u00f1a en los \u00faltimos a\u00f1os - Camping Bella Terra","isPartOf":{"@id":"https:\/\/www.campingbellaterra.com\/es\/#website"},"primaryImageOfPage":{"@id":"https:\/\/www.campingbellaterra.com\/es\/la-matriculacion-de-autocaravanas-se-dispara-en-espana-en-los-ultimos-anos\/#primaryimage"},"image":{"@id":"https:\/\/www.campingbellaterra.com\/es\/la-matriculacion-de-autocaravanas-se-dispara-en-espana-en-los-ultimos-anos\/#primaryimage"},"thumbnailUrl":"https:\/\/www.campingbellaterra.com\/wp-content\/uploads\/media\/k2\/items\/src\/91b1b90c684fd8e5c2ec1b7418ca380f.jpg","datePublished":"2018-12-19T14:58:18+00:00","dateModified":"2022-04-12T08:35:37+00:00","breadcrumb":{"@id":"https:\/\/www.campingbellaterra.com\/es\/la-matriculacion-de-autocaravanas-se-dispara-en-espana-en-los-ultimos-anos\/#breadcrumb"},"inLanguage":"es","potentialAction":[{"@type":"ReadAction","target":["https:\/\/www.campingbellaterra.com\/es\/la-matriculacion-de-autocaravanas-se-dispara-en-espana-en-los-ultimos-anos\/"]}]},{"@type":"ImageObject","inLanguage":"es","@id":"https:\/\/www.campingbellaterra.com\/es\/la-matriculacion-de-autocaravanas-se-dispara-en-espana-en-los-ultimos-anos\/#primaryimage","url":"https:\/\/www.campingbellaterra.com\/wp-content\/uploads\/media\/k2\/items\/src\/91b1b90c684fd8e5c2ec1b7418ca380f.jpg","contentUrl":"https:\/\/www.campingbellaterra.com\/wp-content\/uploads\/media\/k2\/items\/src\/91b1b90c684fd8e5c2ec1b7418ca380f.jpg","width":960,"height":720,"caption":"Autocaravanes C\u00e0mping Bella Terra"},{"@type":"BreadcrumbList","@id":"https:\/\/www.campingbellaterra.com\/es\/la-matriculacion-de-autocaravanas-se-dispara-en-espana-en-los-ultimos-anos\/#breadcrumb","itemListElement":[{"@type":"ListItem","position":1,"name":"Inici","item":"https:\/\/www.campingbellaterra.com\/es\/"},{"@type":"ListItem","position":2,"name":"La matriculaci\u00f3n de autocaravanas se dispara en Espa\u00f1a en los \u00faltimos a\u00f1os"}]},{"@type":"WebSite","@id":"https:\/\/www.campingbellaterra.com\/es\/#website","url":"https:\/\/www.campingbellaterra.com\/es\/","name":"Camping Bella Terra","description":"Tu camping familiar en la Costa Brava","publisher":{"@id":"https:\/\/www.campingbellaterra.com\/es\/#organization"},"potentialAction":[{"@type":"SearchAction","target":{"@type":"EntryPoint","urlTemplate":"https:\/\/www.campingbellaterra.com\/es\/?s={search_term_string}"},"query-input":{"@type":"PropertyValueSpecification","valueRequired":true,"valueName":"search_term_string"}}],"inLanguage":"es"},{"@type":"Organization","@id":"https:\/\/www.campingbellaterra.com\/es\/#organization","name":"Camping Bella Terra","url":"https:\/\/www.campingbellaterra.com\/es\/","logo":{"@type":"ImageObject","inLanguage":"es","@id":"https:\/\/www.campingbellaterra.com\/es\/#\/schema\/logo\/image\/","url":"https:\/\/www.campingbellaterra.com\/wp-content\/uploads\/logo6.svg","contentUrl":"https:\/\/www.campingbellaterra.com\/wp-content\/uploads\/logo6.svg","width":"2048","height":"2048","caption":"Camping Bella Terra"},"image":{"@id":"https:\/\/www.campingbellaterra.com\/es\/#\/schema\/logo\/image\/"},"sameAs":["https:\/\/www.facebook.com\/campingbellaterra\/","https:\/\/x.com\/cbellaterra","https:\/\/www.instagram.com\/campingbellaterra\/","https:\/\/www.youtube.com\/c\/Camping-Bellaterra-Blanes","https:\/\/www.tripadvisor.es\/Hotel_Review-g580331-d3328184-Reviews-Camping_Bella_Terra-Blanes_Costa_Brava_Province_of_Girona_Catalonia.html"]},{"@type":"Person","@id":"https:\/\/www.campingbellaterra.com\/es\/#\/schema\/person\/9dafe106b7fade6dd08664bb60ea89ac","name":"vado","image":{"@type":"ImageObject","inLanguage":"es","@id":"https:\/\/www.campingbellaterra.com\/es\/#\/schema\/person\/image\/","url":"https:\/\/secure.gravatar.com\/avatar\/6edab01d4cd19889ac2b69e05f01a3c93227951cf320620732fca472f184e4f5?s=96&d=mm&r=g","contentUrl":"https:\/\/secure.gravatar.com\/avatar\/6edab01d4cd19889ac2b69e05f01a3c93227951cf320620732fca472f184e4f5?s=96&d=mm&r=g","caption":"vado"},"url":"https:\/\/www.campingbellaterra.com\/es\/author\/vado\/"}]}},"_links":{"self":[{"href":"https:\/\/www.campingbellaterra.com\/es\/wp-json\/wp\/v2\/posts\/6942","targetHints":{"allow":["GET"]}}],"collection":[{"href":"https:\/\/www.campingbellaterra.com\/es\/wp-json\/wp\/v2\/posts"}],"about":[{"href":"https:\/\/www.campingbellaterra.com\/es\/wp-json\/wp\/v2\/types\/post"}],"author":[{"embeddable":true,"href":"https:\/\/www.campingbellaterra.com\/es\/wp-json\/wp\/v2\/users\/2"}],"replies":[{"embeddable":true,"href":"https:\/\/www.campingbellaterra.com\/es\/wp-json\/wp\/v2\/comments?post=6942"}],"version-history":[{"count":1,"href":"https:\/\/www.campingbellaterra.com\/es\/wp-json\/wp\/v2\/posts\/6942\/revisions"}],"predecessor-version":[{"id":10913,"href":"https:\/\/www.campingbellaterra.com\/es\/wp-json\/wp\/v2\/posts\/6942\/revisions\/10913"}],"wp:featuredmedia":[{"embeddable":true,"href":"https:\/\/www.campingbellaterra.com\/es\/wp-json\/wp\/v2\/media\/9394"}],"wp:attachment":[{"href":"https:\/\/www.campingbellaterra.com\/es\/wp-json\/wp\/v2\/media?parent=6942"}],"wp:term":[{"taxonomy":"category","embeddable":true,"href":"https:\/\/www.campingbellaterra.com\/es\/wp-json\/wp\/v2\/categories?post=6942"},{"taxonomy":"post_tag","embeddable":true,"href":"https:\/\/www.campingbellaterra.com\/es\/wp-json\/wp\/v2\/tags?post=6942"}],"curies":[{"name":"wp","href":"https:\/\/api.w.org\/{rel}","templated":true}]}}