{"id":6964,"date":"2019-02-20T08:12:11","date_gmt":"2019-02-20T07:12:11","guid":{"rendered":"https:\/\/www.campingbellaterra.com\/2019\/02\/20\/presencia-en-la-ferie-for-alle\/"},"modified":"2022-04-12T10:29:23","modified_gmt":"2022-04-12T08:29:23","slug":"presencia-en-la-ferie-for-alle","status":"publish","type":"post","link":"https:\/\/www.campingbellaterra.com\/es\/presencia-en-la-ferie-for-alle\/","title":{"rendered":"El Camping Bella Terra busca ampliar cuota de mercado en Escandinavia con la presencia en la Ferie For Alle"},"content":{"rendered":"<p><span style=\"font-size: 14pt;\">La feria se celebrar\u00e1 del 22 al 24 de febrero en la ciudad danesa de Herning.<\/span><\/p>\n<p><!--more--><\/p>\n<p style=\"text-align: justify;\">El Camping Bella Terra de Blanes participar\u00e1 por tercer a\u00f1o consecutivo en la <strong>Ferie For Alle de Herning<\/strong>, el sal\u00f3n de vacaciones m\u00e1s importante de Escandinavia, que se desarrollar\u00e1 desde este viernes y hasta el domingo en el recinto ferial <strong>MCH Messecenter<\/strong>.<\/p>\n<p style=\"text-align: justify;\">El evento que se lleva a cabo desde el a\u00f1o 1997, brindar\u00e1 a los expositores y visitantes grandes oportunidades de creaci\u00f3n de redes y proporcionar\u00e1 una plataforma completa para que los expositores muestren sus productos y servicios. En 2018, visitaron la feria m\u00e1s de 60.000 personas, con m\u00e1s de 1.200 expositores representados.&nbsp; &nbsp;<\/p>\n<p style=\"text-align: justify;\">El <strong>Camping Bella Terra<\/strong> estar\u00e1 ubicado en el Hall M, en el stand 9768, que se convertir\u00e1 en la zona de trabajo, con el objetivo de dar a conocer el establecimiento tur\u00edstico e incrementar los viajeros procedentes del pa\u00eds y en extensi\u00f3n del mercado n\u00f3rdico.<\/p>\n<p style=\"text-align: justify;\">La familia Anderesen, matrimonio dan\u00e9s asiduo al camping, ser\u00e1n un a\u00f1o m\u00e1s los encargados de representar el alojamiento tur\u00edstico en dicho sal\u00f3n.<\/p>\n<p style=\"text-align: justify;\"><em>\u2018Queremos atraer a trav\u00e9s de un trato muy cercano la atenci\u00f3n del mercado escandinavo, ya que puede representar una parte importante de nuestro negocio fuera de la Temporada alta. Es por ello que es fundamental estar presentes un a\u00f1o m\u00e1s en este sal\u00f3n. El matrimonio Andersen, son los mejores interlocutores para transmitir esta filosof\u00eda\u2019<\/em>, afirma Vicen\u00e7 Fern\u00e1ndez, director del Camping Bella Terra.&nbsp; &nbsp;<\/p>\n<p style=\"text-align: justify;\">El establecimiento tur\u00edstico, ubicado en la localidad gerundense de Blanes, abrir\u00e1 sus puertas el pr\u00f3ximo s\u00e1bado 6 de abril.&nbsp;&nbsp;<\/p>\n","protected":false},"excerpt":{"rendered":"<p>La feria se celebrar\u00e1 del 22 al 24 de febrero en la ciudad danesa de Herning.<\/p>\n","protected":false},"author":2,"featured_media":9460,"comment_status":"closed","ping_status":"closed","sticky":false,"template":"","format":"standard","meta":{"_acf_changed":false,"inline_featured_image":false,"_monsterinsights_skip_tracking":false,"_monsterinsights_sitenote_active":false,"_monsterinsights_sitenote_note":"","_monsterinsights_sitenote_category":0,"footnotes":""},"categories":[2279],"tags":[1868,1886,1892,1898,2024],"class_list":["post-6964","post","type-post","status-publish","format-standard","has-post-thumbnail","hentry","category-blog-es","tag-blanes-es","tag-bungalows-es","tag-camping-es","tag-camping-bella-terra-es","tag-ferie-for-alle-es"],"acf":[],"yoast_head":"<!-- This site is optimized with the Yoast SEO plugin v27.0 - https:\/\/yoast.com\/product\/yoast-seo-wordpress\/ -->\n<title>El Camping Bella Terra busca ampliar cuota de mercado en Escandinavia con la presencia en la Ferie For Alle - Camping Bella Terra<\/title>\n<meta name=\"robots\" content=\"index, follow, max-snippet:-1, max-image-preview:large, max-video-preview:-1\" \/>\n<link rel=\"canonical\" href=\"https:\/\/www.campingbellaterra.com\/es\/presencia-en-la-ferie-for-alle\/\" \/>\n<meta property=\"og:locale\" content=\"es_ES\" \/>\n<meta property=\"og:type\" content=\"article\" \/>\n<meta property=\"og:title\" content=\"El Camping Bella Terra busca ampliar cuota de mercado en Escandinavia con la presencia en la Ferie For Alle - Camping Bella Terra\" \/>\n<meta property=\"og:description\" content=\"La feria se celebrar\u00e1 del 22 al 24 de febrero en la ciudad danesa de Herning.\" \/>\n<meta property=\"og:url\" content=\"https:\/\/www.campingbellaterra.com\/es\/presencia-en-la-ferie-for-alle\/\" \/>\n<meta property=\"og:site_name\" content=\"Camping Bella Terra\" \/>\n<meta property=\"article:publisher\" content=\"https:\/\/www.facebook.com\/campingbellaterra\/\" \/>\n<meta property=\"article:published_time\" content=\"2019-02-20T07:12:11+00:00\" \/>\n<meta property=\"article:modified_time\" content=\"2022-04-12T08:29:23+00:00\" \/>\n<meta property=\"og:image\" content=\"https:\/\/www.campingbellaterra.com\/wp-content\/uploads\/media\/k2\/items\/src\/f68bc1606a499c66a1eabd66e99d6817.jpg\" \/>\n\t<meta property=\"og:image:width\" content=\"940\" \/>\n\t<meta property=\"og:image:height\" content=\"520\" \/>\n\t<meta property=\"og:image:type\" content=\"image\/jpeg\" \/>\n<meta name=\"author\" content=\"vado\" \/>\n<meta name=\"twitter:card\" content=\"summary_large_image\" \/>\n<meta name=\"twitter:creator\" content=\"@cbellaterra\" \/>\n<meta name=\"twitter:site\" content=\"@cbellaterra\" \/>\n<meta name=\"twitter:label1\" content=\"Escrito por\" \/>\n\t<meta name=\"twitter:data1\" content=\"vado\" \/>\n\t<meta name=\"twitter:label2\" content=\"Tiempo de lectura\" \/>\n\t<meta name=\"twitter:data2\" content=\"1 minuto\" \/>\n<script type=\"application\/ld+json\" class=\"yoast-schema-graph\">{\"@context\":\"https:\/\/schema.org\",\"@graph\":[{\"@type\":\"Article\",\"@id\":\"https:\/\/www.campingbellaterra.com\/es\/presencia-en-la-ferie-for-alle\/#article\",\"isPartOf\":{\"@id\":\"https:\/\/www.campingbellaterra.com\/es\/presencia-en-la-ferie-for-alle\/\"},\"author\":{\"name\":\"vado\",\"@id\":\"https:\/\/www.campingbellaterra.com\/es\/#\/schema\/person\/9dafe106b7fade6dd08664bb60ea89ac\"},\"headline\":\"El Camping Bella Terra busca ampliar cuota de mercado en Escandinavia con la presencia en la Ferie For Alle\",\"datePublished\":\"2019-02-20T07:12:11+00:00\",\"dateModified\":\"2022-04-12T08:29:23+00:00\",\"mainEntityOfPage\":{\"@id\":\"https:\/\/www.campingbellaterra.com\/es\/presencia-en-la-ferie-for-alle\/\"},\"wordCount\":302,\"publisher\":{\"@id\":\"https:\/\/www.campingbellaterra.com\/es\/#organization\"},\"image\":{\"@id\":\"https:\/\/www.campingbellaterra.com\/es\/presencia-en-la-ferie-for-alle\/#primaryimage\"},\"thumbnailUrl\":\"https:\/\/www.campingbellaterra.com\/wp-content\/uploads\/media\/k2\/items\/src\/f68bc1606a499c66a1eabd66e99d6817.jpg\",\"keywords\":[\"blanes\",\"BUNGALOWS\",\"camping\",\"camping bella terra\",\"ferie for alle\"],\"articleSection\":[\"blog\"],\"inLanguage\":\"es\"},{\"@type\":\"WebPage\",\"@id\":\"https:\/\/www.campingbellaterra.com\/es\/presencia-en-la-ferie-for-alle\/\",\"url\":\"https:\/\/www.campingbellaterra.com\/es\/presencia-en-la-ferie-for-alle\/\",\"name\":\"El Camping Bella Terra busca ampliar cuota de mercado en Escandinavia con la presencia en la Ferie For Alle - Camping Bella Terra\",\"isPartOf\":{\"@id\":\"https:\/\/www.campingbellaterra.com\/es\/#website\"},\"primaryImageOfPage\":{\"@id\":\"https:\/\/www.campingbellaterra.com\/es\/presencia-en-la-ferie-for-alle\/#primaryimage\"},\"image\":{\"@id\":\"https:\/\/www.campingbellaterra.com\/es\/presencia-en-la-ferie-for-alle\/#primaryimage\"},\"thumbnailUrl\":\"https:\/\/www.campingbellaterra.com\/wp-content\/uploads\/media\/k2\/items\/src\/f68bc1606a499c66a1eabd66e99d6817.jpg\",\"datePublished\":\"2019-02-20T07:12:11+00:00\",\"dateModified\":\"2022-04-12T08:29:23+00:00\",\"breadcrumb\":{\"@id\":\"https:\/\/www.campingbellaterra.com\/es\/presencia-en-la-ferie-for-alle\/#breadcrumb\"},\"inLanguage\":\"es\",\"potentialAction\":[{\"@type\":\"ReadAction\",\"target\":[\"https:\/\/www.campingbellaterra.com\/es\/presencia-en-la-ferie-for-alle\/\"]}]},{\"@type\":\"ImageObject\",\"inLanguage\":\"es\",\"@id\":\"https:\/\/www.campingbellaterra.com\/es\/presencia-en-la-ferie-for-alle\/#primaryimage\",\"url\":\"https:\/\/www.campingbellaterra.com\/wp-content\/uploads\/media\/k2\/items\/src\/f68bc1606a499c66a1eabd66e99d6817.jpg\",\"contentUrl\":\"https:\/\/www.campingbellaterra.com\/wp-content\/uploads\/media\/k2\/items\/src\/f68bc1606a499c66a1eabd66e99d6817.jpg\",\"width\":940,\"height\":520},{\"@type\":\"BreadcrumbList\",\"@id\":\"https:\/\/www.campingbellaterra.com\/es\/presencia-en-la-ferie-for-alle\/#breadcrumb\",\"itemListElement\":[{\"@type\":\"ListItem\",\"position\":1,\"name\":\"Inici\",\"item\":\"https:\/\/www.campingbellaterra.com\/es\/\"},{\"@type\":\"ListItem\",\"position\":2,\"name\":\"El Camping Bella Terra busca ampliar cuota de mercado en Escandinavia con la presencia en la Ferie For Alle\"}]},{\"@type\":\"WebSite\",\"@id\":\"https:\/\/www.campingbellaterra.com\/es\/#website\",\"url\":\"https:\/\/www.campingbellaterra.com\/es\/\",\"name\":\"Camping Bella Terra\",\"description\":\"Tu camping familiar en la Costa Brava\",\"publisher\":{\"@id\":\"https:\/\/www.campingbellaterra.com\/es\/#organization\"},\"potentialAction\":[{\"@type\":\"SearchAction\",\"target\":{\"@type\":\"EntryPoint\",\"urlTemplate\":\"https:\/\/www.campingbellaterra.com\/es\/?s={search_term_string}\"},\"query-input\":{\"@type\":\"PropertyValueSpecification\",\"valueRequired\":true,\"valueName\":\"search_term_string\"}}],\"inLanguage\":\"es\"},{\"@type\":\"Organization\",\"@id\":\"https:\/\/www.campingbellaterra.com\/es\/#organization\",\"name\":\"Camping Bella Terra\",\"url\":\"https:\/\/www.campingbellaterra.com\/es\/\",\"logo\":{\"@type\":\"ImageObject\",\"inLanguage\":\"es\",\"@id\":\"https:\/\/www.campingbellaterra.com\/es\/#\/schema\/logo\/image\/\",\"url\":\"https:\/\/www.campingbellaterra.com\/wp-content\/uploads\/logo6.svg\",\"contentUrl\":\"https:\/\/www.campingbellaterra.com\/wp-content\/uploads\/logo6.svg\",\"width\":\"2048\",\"height\":\"2048\",\"caption\":\"Camping Bella Terra\"},\"image\":{\"@id\":\"https:\/\/www.campingbellaterra.com\/es\/#\/schema\/logo\/image\/\"},\"sameAs\":[\"https:\/\/www.facebook.com\/campingbellaterra\/\",\"https:\/\/x.com\/cbellaterra\",\"https:\/\/www.instagram.com\/campingbellaterra\/\",\"https:\/\/www.youtube.com\/c\/Camping-Bellaterra-Blanes\",\"https:\/\/www.tripadvisor.es\/Hotel_Review-g580331-d3328184-Reviews-Camping_Bella_Terra-Blanes_Costa_Brava_Province_of_Girona_Catalonia.html\"]},{\"@type\":\"Person\",\"@id\":\"https:\/\/www.campingbellaterra.com\/es\/#\/schema\/person\/9dafe106b7fade6dd08664bb60ea89ac\",\"name\":\"vado\",\"image\":{\"@type\":\"ImageObject\",\"inLanguage\":\"es\",\"@id\":\"https:\/\/www.campingbellaterra.com\/es\/#\/schema\/person\/image\/\",\"url\":\"https:\/\/secure.gravatar.com\/avatar\/6edab01d4cd19889ac2b69e05f01a3c93227951cf320620732fca472f184e4f5?s=96&d=mm&r=g\",\"contentUrl\":\"https:\/\/secure.gravatar.com\/avatar\/6edab01d4cd19889ac2b69e05f01a3c93227951cf320620732fca472f184e4f5?s=96&d=mm&r=g\",\"caption\":\"vado\"},\"url\":\"https:\/\/www.campingbellaterra.com\/es\/author\/vado\/\"}]}<\/script>\n<!-- \/ Yoast SEO plugin. -->","yoast_head_json":{"title":"El Camping Bella Terra busca ampliar cuota de mercado en Escandinavia con la presencia en la Ferie For Alle - Camping Bella Terra","robots":{"index":"index","follow":"follow","max-snippet":"max-snippet:-1","max-image-preview":"max-image-preview:large","max-video-preview":"max-video-preview:-1"},"canonical":"https:\/\/www.campingbellaterra.com\/es\/presencia-en-la-ferie-for-alle\/","og_locale":"es_ES","og_type":"article","og_title":"El Camping Bella Terra busca ampliar cuota de mercado en Escandinavia con la presencia en la Ferie For Alle - Camping Bella Terra","og_description":"La feria se celebrar\u00e1 del 22 al 24 de febrero en la ciudad danesa de Herning.","og_url":"https:\/\/www.campingbellaterra.com\/es\/presencia-en-la-ferie-for-alle\/","og_site_name":"Camping Bella Terra","article_publisher":"https:\/\/www.facebook.com\/campingbellaterra\/","article_published_time":"2019-02-20T07:12:11+00:00","article_modified_time":"2022-04-12T08:29:23+00:00","og_image":[{"width":940,"height":520,"url":"https:\/\/www.campingbellaterra.com\/wp-content\/uploads\/media\/k2\/items\/src\/f68bc1606a499c66a1eabd66e99d6817.jpg","type":"image\/jpeg"}],"author":"vado","twitter_card":"summary_large_image","twitter_creator":"@cbellaterra","twitter_site":"@cbellaterra","twitter_misc":{"Escrito por":"vado","Tiempo de lectura":"1 minuto"},"schema":{"@context":"https:\/\/schema.org","@graph":[{"@type":"Article","@id":"https:\/\/www.campingbellaterra.com\/es\/presencia-en-la-ferie-for-alle\/#article","isPartOf":{"@id":"https:\/\/www.campingbellaterra.com\/es\/presencia-en-la-ferie-for-alle\/"},"author":{"name":"vado","@id":"https:\/\/www.campingbellaterra.com\/es\/#\/schema\/person\/9dafe106b7fade6dd08664bb60ea89ac"},"headline":"El Camping Bella Terra busca ampliar cuota de mercado en Escandinavia con la presencia en la Ferie For Alle","datePublished":"2019-02-20T07:12:11+00:00","dateModified":"2022-04-12T08:29:23+00:00","mainEntityOfPage":{"@id":"https:\/\/www.campingbellaterra.com\/es\/presencia-en-la-ferie-for-alle\/"},"wordCount":302,"publisher":{"@id":"https:\/\/www.campingbellaterra.com\/es\/#organization"},"image":{"@id":"https:\/\/www.campingbellaterra.com\/es\/presencia-en-la-ferie-for-alle\/#primaryimage"},"thumbnailUrl":"https:\/\/www.campingbellaterra.com\/wp-content\/uploads\/media\/k2\/items\/src\/f68bc1606a499c66a1eabd66e99d6817.jpg","keywords":["blanes","BUNGALOWS","camping","camping bella terra","ferie for alle"],"articleSection":["blog"],"inLanguage":"es"},{"@type":"WebPage","@id":"https:\/\/www.campingbellaterra.com\/es\/presencia-en-la-ferie-for-alle\/","url":"https:\/\/www.campingbellaterra.com\/es\/presencia-en-la-ferie-for-alle\/","name":"El Camping Bella Terra busca ampliar cuota de mercado en Escandinavia con la presencia en la Ferie For Alle - Camping Bella Terra","isPartOf":{"@id":"https:\/\/www.campingbellaterra.com\/es\/#website"},"primaryImageOfPage":{"@id":"https:\/\/www.campingbellaterra.com\/es\/presencia-en-la-ferie-for-alle\/#primaryimage"},"image":{"@id":"https:\/\/www.campingbellaterra.com\/es\/presencia-en-la-ferie-for-alle\/#primaryimage"},"thumbnailUrl":"https:\/\/www.campingbellaterra.com\/wp-content\/uploads\/media\/k2\/items\/src\/f68bc1606a499c66a1eabd66e99d6817.jpg","datePublished":"2019-02-20T07:12:11+00:00","dateModified":"2022-04-12T08:29:23+00:00","breadcrumb":{"@id":"https:\/\/www.campingbellaterra.com\/es\/presencia-en-la-ferie-for-alle\/#breadcrumb"},"inLanguage":"es","potentialAction":[{"@type":"ReadAction","target":["https:\/\/www.campingbellaterra.com\/es\/presencia-en-la-ferie-for-alle\/"]}]},{"@type":"ImageObject","inLanguage":"es","@id":"https:\/\/www.campingbellaterra.com\/es\/presencia-en-la-ferie-for-alle\/#primaryimage","url":"https:\/\/www.campingbellaterra.com\/wp-content\/uploads\/media\/k2\/items\/src\/f68bc1606a499c66a1eabd66e99d6817.jpg","contentUrl":"https:\/\/www.campingbellaterra.com\/wp-content\/uploads\/media\/k2\/items\/src\/f68bc1606a499c66a1eabd66e99d6817.jpg","width":940,"height":520},{"@type":"BreadcrumbList","@id":"https:\/\/www.campingbellaterra.com\/es\/presencia-en-la-ferie-for-alle\/#breadcrumb","itemListElement":[{"@type":"ListItem","position":1,"name":"Inici","item":"https:\/\/www.campingbellaterra.com\/es\/"},{"@type":"ListItem","position":2,"name":"El Camping Bella Terra busca ampliar cuota de mercado en Escandinavia con la presencia en la Ferie For Alle"}]},{"@type":"WebSite","@id":"https:\/\/www.campingbellaterra.com\/es\/#website","url":"https:\/\/www.campingbellaterra.com\/es\/","name":"Camping Bella Terra","description":"Tu camping familiar en la Costa Brava","publisher":{"@id":"https:\/\/www.campingbellaterra.com\/es\/#organization"},"potentialAction":[{"@type":"SearchAction","target":{"@type":"EntryPoint","urlTemplate":"https:\/\/www.campingbellaterra.com\/es\/?s={search_term_string}"},"query-input":{"@type":"PropertyValueSpecification","valueRequired":true,"valueName":"search_term_string"}}],"inLanguage":"es"},{"@type":"Organization","@id":"https:\/\/www.campingbellaterra.com\/es\/#organization","name":"Camping Bella Terra","url":"https:\/\/www.campingbellaterra.com\/es\/","logo":{"@type":"ImageObject","inLanguage":"es","@id":"https:\/\/www.campingbellaterra.com\/es\/#\/schema\/logo\/image\/","url":"https:\/\/www.campingbellaterra.com\/wp-content\/uploads\/logo6.svg","contentUrl":"https:\/\/www.campingbellaterra.com\/wp-content\/uploads\/logo6.svg","width":"2048","height":"2048","caption":"Camping Bella Terra"},"image":{"@id":"https:\/\/www.campingbellaterra.com\/es\/#\/schema\/logo\/image\/"},"sameAs":["https:\/\/www.facebook.com\/campingbellaterra\/","https:\/\/x.com\/cbellaterra","https:\/\/www.instagram.com\/campingbellaterra\/","https:\/\/www.youtube.com\/c\/Camping-Bellaterra-Blanes","https:\/\/www.tripadvisor.es\/Hotel_Review-g580331-d3328184-Reviews-Camping_Bella_Terra-Blanes_Costa_Brava_Province_of_Girona_Catalonia.html"]},{"@type":"Person","@id":"https:\/\/www.campingbellaterra.com\/es\/#\/schema\/person\/9dafe106b7fade6dd08664bb60ea89ac","name":"vado","image":{"@type":"ImageObject","inLanguage":"es","@id":"https:\/\/www.campingbellaterra.com\/es\/#\/schema\/person\/image\/","url":"https:\/\/secure.gravatar.com\/avatar\/6edab01d4cd19889ac2b69e05f01a3c93227951cf320620732fca472f184e4f5?s=96&d=mm&r=g","contentUrl":"https:\/\/secure.gravatar.com\/avatar\/6edab01d4cd19889ac2b69e05f01a3c93227951cf320620732fca472f184e4f5?s=96&d=mm&r=g","caption":"vado"},"url":"https:\/\/www.campingbellaterra.com\/es\/author\/vado\/"}]}},"_links":{"self":[{"href":"https:\/\/www.campingbellaterra.com\/es\/wp-json\/wp\/v2\/posts\/6964","targetHints":{"allow":["GET"]}}],"collection":[{"href":"https:\/\/www.campingbellaterra.com\/es\/wp-json\/wp\/v2\/posts"}],"about":[{"href":"https:\/\/www.campingbellaterra.com\/es\/wp-json\/wp\/v2\/types\/post"}],"author":[{"embeddable":true,"href":"https:\/\/www.campingbellaterra.com\/es\/wp-json\/wp\/v2\/users\/2"}],"replies":[{"embeddable":true,"href":"https:\/\/www.campingbellaterra.com\/es\/wp-json\/wp\/v2\/comments?post=6964"}],"version-history":[{"count":1,"href":"https:\/\/www.campingbellaterra.com\/es\/wp-json\/wp\/v2\/posts\/6964\/revisions"}],"predecessor-version":[{"id":10981,"href":"https:\/\/www.campingbellaterra.com\/es\/wp-json\/wp\/v2\/posts\/6964\/revisions\/10981"}],"wp:featuredmedia":[{"embeddable":true,"href":"https:\/\/www.campingbellaterra.com\/es\/wp-json\/wp\/v2\/media\/9460"}],"wp:attachment":[{"href":"https:\/\/www.campingbellaterra.com\/es\/wp-json\/wp\/v2\/media?parent=6964"}],"wp:term":[{"taxonomy":"category","embeddable":true,"href":"https:\/\/www.campingbellaterra.com\/es\/wp-json\/wp\/v2\/categories?post=6964"},{"taxonomy":"post_tag","embeddable":true,"href":"https:\/\/www.campingbellaterra.com\/es\/wp-json\/wp\/v2\/tags?post=6964"}],"curies":[{"name":"wp","href":"https:\/\/api.w.org\/{rel}","templated":true}]}}