{"id":6981,"date":"2019-03-27T13:08:39","date_gmt":"2019-03-27T12:08:39","guid":{"rendered":"https:\/\/www.campingbellaterra.com\/2019\/03\/27\/nuevo-parque-infantil\/"},"modified":"2022-04-12T10:26:24","modified_gmt":"2022-04-12T08:26:24","slug":"nuevo-parque-infantil","status":"publish","type":"post","link":"https:\/\/www.campingbellaterra.com\/es\/nuevo-parque-infantil\/","title":{"rendered":"El Camping Bella Terra instala un nuevo parque infantil con dos zonas de juegos"},"content":{"rendered":"<p><span style=\"font-size: 14pt;\">El camping ha instalado un nuevo parque infantil, situado a pocos metros del acceso a la playa.<\/span><\/p>\n<p><!--more--><\/p>\n<p>La<strong> nueva zona de recreo<\/strong> consta de dos zonas de juegos, homologadas en recinto cerrado con todas las medidas de seguridad. La instalaci\u00f3n est\u00e1 compuesta por toboganes, escaleras, casa de juegos, tubos, cubiertas y puentes. &nbsp;El dise\u00f1o del <strong>nuevo parque infantil<\/strong>, est\u00e1 pensado para satisfacer las necesidades psicol\u00f3gicas de los ni\u00f1os y ni\u00f1as, con actividades llenas de desaf\u00edos que cumplen con los diversos requisitos de permitir que los peque\u00f1os participen, compitan y exploren.<\/p>\n<p><em>\u2018Con este nuevo parque infantil, habilitamos un nuevo espacio de recreo&nbsp; en plena naturaleza, que se convertir\u00e1 en el punto de encuentro de los m\u00e1s peque\u00f1os del camping, donde podr\u00e1n estimular su desarrollo f\u00edsico y emocional\u2019<\/em>, se\u00f1ala Vicen\u00e7 Fern\u00e1ndez, director del Camping Bella Terra.<\/p>\n<p><strong>Camping tranquilo y familiar<\/strong><\/p>\n<p style=\"text-align: justify;\">El nuevo parque infantil, es una de las diversas instalaciones y servicios que ofrece el Camping Bella Terra, para que los campistas disfruten de unas <strong>vacaciones en familia<\/strong>. \u2018<em>Nuestra instalaci\u00f3n tiene un car\u00e1cter muy familiar. Durante m\u00e1s de 40 a\u00f1os los abuelos y padres de buena parte de nuestros hu\u00e9spedes han elegido Blanes, como destinos de vacaciones\u2019, <\/em>afirma el director del camping. El municipio, fue la primera ciudad de la <strong>Costa Brava<\/strong> en obtener en el a\u00f1o 2007, el <strong>Certificado de Destino de Turismo Familiar<\/strong>, marca certificada de calidad para destinos, especialmente sensibles que otorga <strong>Turisme de Catalunya<\/strong> y que reconoce la excelencia de la localidad costera.&nbsp;&nbsp;<\/p>\n<p style=\"text-align: justify;\">El establecimiento tur\u00edstico, iniciar\u00e1 la nueva temporada el pr\u00f3ximo s\u00e1bado 6 de abril.<\/p>\n","protected":false},"excerpt":{"rendered":"<p>El camping ha instalado un nuevo parque infantil, situado a pocos metros del acceso a la playa.<\/p>\n","protected":false},"author":2,"featured_media":9490,"comment_status":"closed","ping_status":"closed","sticky":false,"template":"","format":"standard","meta":{"_acf_changed":false,"inline_featured_image":false,"_monsterinsights_skip_tracking":false,"_monsterinsights_sitenote_active":false,"_monsterinsights_sitenote_note":"","_monsterinsights_sitenote_category":0,"footnotes":""},"categories":[2279],"tags":[1868,1892,1898,2109,2127],"class_list":["post-6981","post","type-post","status-publish","format-standard","has-post-thumbnail","hentry","category-blog-es","tag-blanes-es","tag-camping-es","tag-camping-bella-terra-es","tag-ocio","tag-parque-infantil"],"acf":[],"yoast_head":"<!-- This site is optimized with the Yoast SEO plugin v27.0 - https:\/\/yoast.com\/product\/yoast-seo-wordpress\/ -->\n<title>El Camping Bella Terra instala un nuevo parque infantil con dos zonas de juegos - Camping Bella Terra<\/title>\n<meta name=\"robots\" content=\"index, follow, max-snippet:-1, max-image-preview:large, max-video-preview:-1\" \/>\n<link rel=\"canonical\" href=\"https:\/\/www.campingbellaterra.com\/es\/nuevo-parque-infantil\/\" \/>\n<meta property=\"og:locale\" content=\"es_ES\" \/>\n<meta property=\"og:type\" content=\"article\" \/>\n<meta property=\"og:title\" content=\"El Camping Bella Terra instala un nuevo parque infantil con dos zonas de juegos - Camping Bella Terra\" \/>\n<meta property=\"og:description\" content=\"El camping ha instalado un nuevo parque infantil, situado a pocos metros del acceso a la playa.\" \/>\n<meta property=\"og:url\" content=\"https:\/\/www.campingbellaterra.com\/es\/nuevo-parque-infantil\/\" \/>\n<meta property=\"og:site_name\" content=\"Camping Bella Terra\" \/>\n<meta property=\"article:publisher\" content=\"https:\/\/www.facebook.com\/campingbellaterra\/\" \/>\n<meta property=\"article:published_time\" content=\"2019-03-27T12:08:39+00:00\" \/>\n<meta property=\"article:modified_time\" content=\"2022-04-12T08:26:24+00:00\" \/>\n<meta property=\"og:image\" content=\"https:\/\/www.campingbellaterra.com\/wp-content\/uploads\/media\/k2\/items\/src\/b7e607e23f1646b9ce9f7d0da4fbe580.jpg\" \/>\n\t<meta property=\"og:image:width\" content=\"960\" \/>\n\t<meta property=\"og:image:height\" content=\"639\" \/>\n\t<meta property=\"og:image:type\" content=\"image\/jpeg\" \/>\n<meta name=\"author\" content=\"vado\" \/>\n<meta name=\"twitter:card\" content=\"summary_large_image\" \/>\n<meta name=\"twitter:creator\" content=\"@cbellaterra\" \/>\n<meta name=\"twitter:site\" content=\"@cbellaterra\" \/>\n<meta name=\"twitter:label1\" content=\"Escrito por\" \/>\n\t<meta name=\"twitter:data1\" content=\"vado\" \/>\n\t<meta name=\"twitter:label2\" content=\"Tiempo de lectura\" \/>\n\t<meta name=\"twitter:data2\" content=\"1 minuto\" \/>\n<script type=\"application\/ld+json\" class=\"yoast-schema-graph\">{\"@context\":\"https:\/\/schema.org\",\"@graph\":[{\"@type\":\"Article\",\"@id\":\"https:\/\/www.campingbellaterra.com\/es\/nuevo-parque-infantil\/#article\",\"isPartOf\":{\"@id\":\"https:\/\/www.campingbellaterra.com\/es\/nuevo-parque-infantil\/\"},\"author\":{\"name\":\"vado\",\"@id\":\"https:\/\/www.campingbellaterra.com\/es\/#\/schema\/person\/9dafe106b7fade6dd08664bb60ea89ac\"},\"headline\":\"El Camping Bella Terra instala un nuevo parque infantil con dos zonas de juegos\",\"datePublished\":\"2019-03-27T12:08:39+00:00\",\"dateModified\":\"2022-04-12T08:26:24+00:00\",\"mainEntityOfPage\":{\"@id\":\"https:\/\/www.campingbellaterra.com\/es\/nuevo-parque-infantil\/\"},\"wordCount\":295,\"publisher\":{\"@id\":\"https:\/\/www.campingbellaterra.com\/es\/#organization\"},\"image\":{\"@id\":\"https:\/\/www.campingbellaterra.com\/es\/nuevo-parque-infantil\/#primaryimage\"},\"thumbnailUrl\":\"https:\/\/www.campingbellaterra.com\/wp-content\/uploads\/media\/k2\/items\/src\/b7e607e23f1646b9ce9f7d0da4fbe580.jpg\",\"keywords\":[\"blanes\",\"camping\",\"camping bella terra\",\"ocio\",\"parque infantil\"],\"articleSection\":[\"blog\"],\"inLanguage\":\"es\"},{\"@type\":\"WebPage\",\"@id\":\"https:\/\/www.campingbellaterra.com\/es\/nuevo-parque-infantil\/\",\"url\":\"https:\/\/www.campingbellaterra.com\/es\/nuevo-parque-infantil\/\",\"name\":\"El Camping Bella Terra instala un nuevo parque infantil con dos zonas de juegos - Camping Bella Terra\",\"isPartOf\":{\"@id\":\"https:\/\/www.campingbellaterra.com\/es\/#website\"},\"primaryImageOfPage\":{\"@id\":\"https:\/\/www.campingbellaterra.com\/es\/nuevo-parque-infantil\/#primaryimage\"},\"image\":{\"@id\":\"https:\/\/www.campingbellaterra.com\/es\/nuevo-parque-infantil\/#primaryimage\"},\"thumbnailUrl\":\"https:\/\/www.campingbellaterra.com\/wp-content\/uploads\/media\/k2\/items\/src\/b7e607e23f1646b9ce9f7d0da4fbe580.jpg\",\"datePublished\":\"2019-03-27T12:08:39+00:00\",\"dateModified\":\"2022-04-12T08:26:24+00:00\",\"breadcrumb\":{\"@id\":\"https:\/\/www.campingbellaterra.com\/es\/nuevo-parque-infantil\/#breadcrumb\"},\"inLanguage\":\"es\",\"potentialAction\":[{\"@type\":\"ReadAction\",\"target\":[\"https:\/\/www.campingbellaterra.com\/es\/nuevo-parque-infantil\/\"]}]},{\"@type\":\"ImageObject\",\"inLanguage\":\"es\",\"@id\":\"https:\/\/www.campingbellaterra.com\/es\/nuevo-parque-infantil\/#primaryimage\",\"url\":\"https:\/\/www.campingbellaterra.com\/wp-content\/uploads\/media\/k2\/items\/src\/b7e607e23f1646b9ce9f7d0da4fbe580.jpg\",\"contentUrl\":\"https:\/\/www.campingbellaterra.com\/wp-content\/uploads\/media\/k2\/items\/src\/b7e607e23f1646b9ce9f7d0da4fbe580.jpg\",\"width\":960,\"height\":639},{\"@type\":\"BreadcrumbList\",\"@id\":\"https:\/\/www.campingbellaterra.com\/es\/nuevo-parque-infantil\/#breadcrumb\",\"itemListElement\":[{\"@type\":\"ListItem\",\"position\":1,\"name\":\"Inici\",\"item\":\"https:\/\/www.campingbellaterra.com\/es\/\"},{\"@type\":\"ListItem\",\"position\":2,\"name\":\"El Camping Bella Terra instala un nuevo parque infantil con dos zonas de juegos\"}]},{\"@type\":\"WebSite\",\"@id\":\"https:\/\/www.campingbellaterra.com\/es\/#website\",\"url\":\"https:\/\/www.campingbellaterra.com\/es\/\",\"name\":\"Camping Bella Terra\",\"description\":\"Tu camping familiar en la Costa Brava\",\"publisher\":{\"@id\":\"https:\/\/www.campingbellaterra.com\/es\/#organization\"},\"potentialAction\":[{\"@type\":\"SearchAction\",\"target\":{\"@type\":\"EntryPoint\",\"urlTemplate\":\"https:\/\/www.campingbellaterra.com\/es\/?s={search_term_string}\"},\"query-input\":{\"@type\":\"PropertyValueSpecification\",\"valueRequired\":true,\"valueName\":\"search_term_string\"}}],\"inLanguage\":\"es\"},{\"@type\":\"Organization\",\"@id\":\"https:\/\/www.campingbellaterra.com\/es\/#organization\",\"name\":\"Camping Bella Terra\",\"url\":\"https:\/\/www.campingbellaterra.com\/es\/\",\"logo\":{\"@type\":\"ImageObject\",\"inLanguage\":\"es\",\"@id\":\"https:\/\/www.campingbellaterra.com\/es\/#\/schema\/logo\/image\/\",\"url\":\"https:\/\/www.campingbellaterra.com\/wp-content\/uploads\/logo6.svg\",\"contentUrl\":\"https:\/\/www.campingbellaterra.com\/wp-content\/uploads\/logo6.svg\",\"width\":\"2048\",\"height\":\"2048\",\"caption\":\"Camping Bella Terra\"},\"image\":{\"@id\":\"https:\/\/www.campingbellaterra.com\/es\/#\/schema\/logo\/image\/\"},\"sameAs\":[\"https:\/\/www.facebook.com\/campingbellaterra\/\",\"https:\/\/x.com\/cbellaterra\",\"https:\/\/www.instagram.com\/campingbellaterra\/\",\"https:\/\/www.youtube.com\/c\/Camping-Bellaterra-Blanes\",\"https:\/\/www.tripadvisor.es\/Hotel_Review-g580331-d3328184-Reviews-Camping_Bella_Terra-Blanes_Costa_Brava_Province_of_Girona_Catalonia.html\"]},{\"@type\":\"Person\",\"@id\":\"https:\/\/www.campingbellaterra.com\/es\/#\/schema\/person\/9dafe106b7fade6dd08664bb60ea89ac\",\"name\":\"vado\",\"image\":{\"@type\":\"ImageObject\",\"inLanguage\":\"es\",\"@id\":\"https:\/\/www.campingbellaterra.com\/es\/#\/schema\/person\/image\/\",\"url\":\"https:\/\/secure.gravatar.com\/avatar\/6edab01d4cd19889ac2b69e05f01a3c93227951cf320620732fca472f184e4f5?s=96&d=mm&r=g\",\"contentUrl\":\"https:\/\/secure.gravatar.com\/avatar\/6edab01d4cd19889ac2b69e05f01a3c93227951cf320620732fca472f184e4f5?s=96&d=mm&r=g\",\"caption\":\"vado\"},\"url\":\"https:\/\/www.campingbellaterra.com\/es\/author\/vado\/\"}]}<\/script>\n<!-- \/ Yoast SEO plugin. -->","yoast_head_json":{"title":"El Camping Bella Terra instala un nuevo parque infantil con dos zonas de juegos - Camping Bella Terra","robots":{"index":"index","follow":"follow","max-snippet":"max-snippet:-1","max-image-preview":"max-image-preview:large","max-video-preview":"max-video-preview:-1"},"canonical":"https:\/\/www.campingbellaterra.com\/es\/nuevo-parque-infantil\/","og_locale":"es_ES","og_type":"article","og_title":"El Camping Bella Terra instala un nuevo parque infantil con dos zonas de juegos - Camping Bella Terra","og_description":"El camping ha instalado un nuevo parque infantil, situado a pocos metros del acceso a la playa.","og_url":"https:\/\/www.campingbellaterra.com\/es\/nuevo-parque-infantil\/","og_site_name":"Camping Bella Terra","article_publisher":"https:\/\/www.facebook.com\/campingbellaterra\/","article_published_time":"2019-03-27T12:08:39+00:00","article_modified_time":"2022-04-12T08:26:24+00:00","og_image":[{"width":960,"height":639,"url":"https:\/\/www.campingbellaterra.com\/wp-content\/uploads\/media\/k2\/items\/src\/b7e607e23f1646b9ce9f7d0da4fbe580.jpg","type":"image\/jpeg"}],"author":"vado","twitter_card":"summary_large_image","twitter_creator":"@cbellaterra","twitter_site":"@cbellaterra","twitter_misc":{"Escrito por":"vado","Tiempo de lectura":"1 minuto"},"schema":{"@context":"https:\/\/schema.org","@graph":[{"@type":"Article","@id":"https:\/\/www.campingbellaterra.com\/es\/nuevo-parque-infantil\/#article","isPartOf":{"@id":"https:\/\/www.campingbellaterra.com\/es\/nuevo-parque-infantil\/"},"author":{"name":"vado","@id":"https:\/\/www.campingbellaterra.com\/es\/#\/schema\/person\/9dafe106b7fade6dd08664bb60ea89ac"},"headline":"El Camping Bella Terra instala un nuevo parque infantil con dos zonas de juegos","datePublished":"2019-03-27T12:08:39+00:00","dateModified":"2022-04-12T08:26:24+00:00","mainEntityOfPage":{"@id":"https:\/\/www.campingbellaterra.com\/es\/nuevo-parque-infantil\/"},"wordCount":295,"publisher":{"@id":"https:\/\/www.campingbellaterra.com\/es\/#organization"},"image":{"@id":"https:\/\/www.campingbellaterra.com\/es\/nuevo-parque-infantil\/#primaryimage"},"thumbnailUrl":"https:\/\/www.campingbellaterra.com\/wp-content\/uploads\/media\/k2\/items\/src\/b7e607e23f1646b9ce9f7d0da4fbe580.jpg","keywords":["blanes","camping","camping bella terra","ocio","parque infantil"],"articleSection":["blog"],"inLanguage":"es"},{"@type":"WebPage","@id":"https:\/\/www.campingbellaterra.com\/es\/nuevo-parque-infantil\/","url":"https:\/\/www.campingbellaterra.com\/es\/nuevo-parque-infantil\/","name":"El Camping Bella Terra instala un nuevo parque infantil con dos zonas de juegos - Camping Bella Terra","isPartOf":{"@id":"https:\/\/www.campingbellaterra.com\/es\/#website"},"primaryImageOfPage":{"@id":"https:\/\/www.campingbellaterra.com\/es\/nuevo-parque-infantil\/#primaryimage"},"image":{"@id":"https:\/\/www.campingbellaterra.com\/es\/nuevo-parque-infantil\/#primaryimage"},"thumbnailUrl":"https:\/\/www.campingbellaterra.com\/wp-content\/uploads\/media\/k2\/items\/src\/b7e607e23f1646b9ce9f7d0da4fbe580.jpg","datePublished":"2019-03-27T12:08:39+00:00","dateModified":"2022-04-12T08:26:24+00:00","breadcrumb":{"@id":"https:\/\/www.campingbellaterra.com\/es\/nuevo-parque-infantil\/#breadcrumb"},"inLanguage":"es","potentialAction":[{"@type":"ReadAction","target":["https:\/\/www.campingbellaterra.com\/es\/nuevo-parque-infantil\/"]}]},{"@type":"ImageObject","inLanguage":"es","@id":"https:\/\/www.campingbellaterra.com\/es\/nuevo-parque-infantil\/#primaryimage","url":"https:\/\/www.campingbellaterra.com\/wp-content\/uploads\/media\/k2\/items\/src\/b7e607e23f1646b9ce9f7d0da4fbe580.jpg","contentUrl":"https:\/\/www.campingbellaterra.com\/wp-content\/uploads\/media\/k2\/items\/src\/b7e607e23f1646b9ce9f7d0da4fbe580.jpg","width":960,"height":639},{"@type":"BreadcrumbList","@id":"https:\/\/www.campingbellaterra.com\/es\/nuevo-parque-infantil\/#breadcrumb","itemListElement":[{"@type":"ListItem","position":1,"name":"Inici","item":"https:\/\/www.campingbellaterra.com\/es\/"},{"@type":"ListItem","position":2,"name":"El Camping Bella Terra instala un nuevo parque infantil con dos zonas de juegos"}]},{"@type":"WebSite","@id":"https:\/\/www.campingbellaterra.com\/es\/#website","url":"https:\/\/www.campingbellaterra.com\/es\/","name":"Camping Bella Terra","description":"Tu camping familiar en la Costa Brava","publisher":{"@id":"https:\/\/www.campingbellaterra.com\/es\/#organization"},"potentialAction":[{"@type":"SearchAction","target":{"@type":"EntryPoint","urlTemplate":"https:\/\/www.campingbellaterra.com\/es\/?s={search_term_string}"},"query-input":{"@type":"PropertyValueSpecification","valueRequired":true,"valueName":"search_term_string"}}],"inLanguage":"es"},{"@type":"Organization","@id":"https:\/\/www.campingbellaterra.com\/es\/#organization","name":"Camping Bella Terra","url":"https:\/\/www.campingbellaterra.com\/es\/","logo":{"@type":"ImageObject","inLanguage":"es","@id":"https:\/\/www.campingbellaterra.com\/es\/#\/schema\/logo\/image\/","url":"https:\/\/www.campingbellaterra.com\/wp-content\/uploads\/logo6.svg","contentUrl":"https:\/\/www.campingbellaterra.com\/wp-content\/uploads\/logo6.svg","width":"2048","height":"2048","caption":"Camping Bella Terra"},"image":{"@id":"https:\/\/www.campingbellaterra.com\/es\/#\/schema\/logo\/image\/"},"sameAs":["https:\/\/www.facebook.com\/campingbellaterra\/","https:\/\/x.com\/cbellaterra","https:\/\/www.instagram.com\/campingbellaterra\/","https:\/\/www.youtube.com\/c\/Camping-Bellaterra-Blanes","https:\/\/www.tripadvisor.es\/Hotel_Review-g580331-d3328184-Reviews-Camping_Bella_Terra-Blanes_Costa_Brava_Province_of_Girona_Catalonia.html"]},{"@type":"Person","@id":"https:\/\/www.campingbellaterra.com\/es\/#\/schema\/person\/9dafe106b7fade6dd08664bb60ea89ac","name":"vado","image":{"@type":"ImageObject","inLanguage":"es","@id":"https:\/\/www.campingbellaterra.com\/es\/#\/schema\/person\/image\/","url":"https:\/\/secure.gravatar.com\/avatar\/6edab01d4cd19889ac2b69e05f01a3c93227951cf320620732fca472f184e4f5?s=96&d=mm&r=g","contentUrl":"https:\/\/secure.gravatar.com\/avatar\/6edab01d4cd19889ac2b69e05f01a3c93227951cf320620732fca472f184e4f5?s=96&d=mm&r=g","caption":"vado"},"url":"https:\/\/www.campingbellaterra.com\/es\/author\/vado\/"}]}},"_links":{"self":[{"href":"https:\/\/www.campingbellaterra.com\/es\/wp-json\/wp\/v2\/posts\/6981","targetHints":{"allow":["GET"]}}],"collection":[{"href":"https:\/\/www.campingbellaterra.com\/es\/wp-json\/wp\/v2\/posts"}],"about":[{"href":"https:\/\/www.campingbellaterra.com\/es\/wp-json\/wp\/v2\/types\/post"}],"author":[{"embeddable":true,"href":"https:\/\/www.campingbellaterra.com\/es\/wp-json\/wp\/v2\/users\/2"}],"replies":[{"embeddable":true,"href":"https:\/\/www.campingbellaterra.com\/es\/wp-json\/wp\/v2\/comments?post=6981"}],"version-history":[{"count":1,"href":"https:\/\/www.campingbellaterra.com\/es\/wp-json\/wp\/v2\/posts\/6981\/revisions"}],"predecessor-version":[{"id":10974,"href":"https:\/\/www.campingbellaterra.com\/es\/wp-json\/wp\/v2\/posts\/6981\/revisions\/10974"}],"wp:featuredmedia":[{"embeddable":true,"href":"https:\/\/www.campingbellaterra.com\/es\/wp-json\/wp\/v2\/media\/9490"}],"wp:attachment":[{"href":"https:\/\/www.campingbellaterra.com\/es\/wp-json\/wp\/v2\/media?parent=6981"}],"wp:term":[{"taxonomy":"category","embeddable":true,"href":"https:\/\/www.campingbellaterra.com\/es\/wp-json\/wp\/v2\/categories?post=6981"},{"taxonomy":"post_tag","embeddable":true,"href":"https:\/\/www.campingbellaterra.com\/es\/wp-json\/wp\/v2\/tags?post=6981"}],"curies":[{"name":"wp","href":"https:\/\/api.w.org\/{rel}","templated":true}]}}