{"id":7073,"date":"2019-07-17T07:00:37","date_gmt":"2019-07-17T05:00:37","guid":{"rendered":"https:\/\/www.campingbellaterra.com\/2019\/07\/17\/concurso-fuegos-artificiales-blanes\/"},"modified":"2022-04-12T10:17:20","modified_gmt":"2022-04-12T08:17:20","slug":"concurso-fuegos-artificiales-blanes","status":"publish","type":"post","link":"https:\/\/www.campingbellaterra.com\/es\/concurso-fuegos-artificiales-blanes\/","title":{"rendered":"Cuenta atr\u00e1s para el 49\u00ba Concurso de Fuegos Artificiales de Blanes"},"content":{"rendered":"<p><span style=\"font-size: 14pt;\">El festival pirot\u00e9cnico internacional se celebrar\u00e1 del 23 al 27 de julio a las 22:30h.&nbsp;<\/span><\/p>\n<p><!--more--><\/p>\n<p style=\"text-align: justify;\">La ciudad gerundense de Blanes se prepara para acoger la 49\u00ba edici\u00f3n del <strong>Concurso Internacional de Fuegos Artificiales de la Costa Brava<\/strong>, considerado como uno de los eventos pirot\u00e9cnicos m\u00e1s importantes de Europa, que tendr\u00e1 lugar del 23 de julio al 27 de julio, coincidiendo con la fiesta mayor del municipio. El concurso se celebr\u00f3 por primera vez en 1971. Desde entonces el festival se ha consolidado, atrayendo a prestigiosos participantes de distintos pa\u00edses del mundo.<\/p>\n<p style=\"text-align: justify;\">En la edici\u00f3n de este a\u00f1o competir\u00e1n cuatro empresas espa\u00f1olas y una italiana. La primera noche, la del 23 de julio, el concurso ir\u00e1 a cargo de la empresa <strong>Hermanos Ferr\u00e1ndez<\/strong> (M\u00farcia), ganadora de las tres \u00faltimas ediciones. Cronol\u00f3gicamente, el mi\u00e9rcoles 24 llegar\u00e1 el turno de <strong>Poleggi<\/strong> (Italia), el jueves 25 de <strong>Pirotecnia Valenciana<\/strong>, el viernes 26 de <strong>Pirotecnia Gironina<\/strong>, cerrando el festival, <strong>Pirotecnia Zaragozana<\/strong>, el pr\u00f3ximo s\u00e1bado 27.<\/p>\n<p style=\"text-align: justify;\">Durante los cinco d\u00edas de concurso, Blanes cuadriplica su poblaci\u00f3n. Se calcula que este a\u00f1o pasaran por el municipio costero m\u00e1s de 500.000 personas, siendo el s\u00e1bado, la noche con m\u00e1s afluencia de p\u00fablico. La localidad cuenta con una amplia oferta de alojamiento, donde sobresale la oferta campista, con m\u00e1s de 10.000 plazas en dicha modalidad.<\/p>\n<p style=\"text-align: justify;\">Uno de estos establecimientos tur\u00edsticos es el <strong>Camping Bella Terra<\/strong>, que recientemente ha sido galardonado con el Certificado de Excelencia de TripAdvisor, como el alojamiento extra hotelero n\u00ba 1 de Blanes. El camping espera una alta ocupaci\u00f3n para la semana del Concurso de Fuegos Artificiales. <em>\u2018Es una fecha marcada en el calendario de todos nuestros campistas. De hecho, las reservas para la semana del concurso se realizan con mucha antelaci\u00f3n. En el mes de enero ya no suele quedar sitio para esas fechas\u2019<\/em>, se\u00f1ala su director Vicen\u00e7 Fern\u00e1ndez.&nbsp;<\/p>\n<p style=\"text-align: justify;\">El Camping Bella Terra cuenta con un acceso directo a la playa de S\u2019Abanell, donde se pueden practicar todo tipo de actividades acu\u00e1ticas y donde los campistas encuentran una amplia oferta de servicios destinados al ocio, el deporte, la gastronom\u00eda, el senderismo o la cultura. Adem\u00e1s la infinidad de excursiones a las calas de la Costa Brava o la posibilidad de visitar la ciudad de Barcelona, a tan s\u00f3lo 70 km de distancia, hacen del camping una opci\u00f3n ideal para disfrutar de sus vacaciones.<\/p>\n<p style=\"text-align: justify;\">&nbsp;<\/p>\n<p style=\"text-align: justify;\">\n","protected":false},"excerpt":{"rendered":"<p>El festival pirot\u00e9cnico internacional se celebrar\u00e1 del 23 al 27 de julio a las 22:30h.&nbsp;<\/p>\n","protected":false},"author":2,"featured_media":9754,"comment_status":"closed","ping_status":"closed","sticky":false,"template":"","format":"standard","meta":{"_acf_changed":false,"inline_featured_image":false,"_monsterinsights_skip_tracking":false,"_monsterinsights_sitenote_active":false,"_monsterinsights_sitenote_note":"","_monsterinsights_sitenote_category":0,"footnotes":""},"categories":[2279],"tags":[1868,1886,1892,1898,2272],"class_list":["post-7073","post","type-post","status-publish","format-standard","has-post-thumbnail","hentry","category-blog-es","tag-blanes-es","tag-bungalows-es","tag-camping-es","tag-camping-bella-terra-es","tag-fuegos-artificiales"],"acf":[],"yoast_head":"<!-- This site is optimized with the Yoast SEO plugin v27.0 - https:\/\/yoast.com\/product\/yoast-seo-wordpress\/ -->\n<title>Cuenta atr\u00e1s para el 49\u00ba Concurso de Fuegos Artificiales de Blanes - Camping Bella Terra<\/title>\n<meta name=\"robots\" content=\"index, follow, max-snippet:-1, max-image-preview:large, max-video-preview:-1\" \/>\n<link rel=\"canonical\" href=\"https:\/\/www.campingbellaterra.com\/es\/concurso-fuegos-artificiales-blanes\/\" \/>\n<meta property=\"og:locale\" content=\"es_ES\" \/>\n<meta property=\"og:type\" content=\"article\" \/>\n<meta property=\"og:title\" content=\"Cuenta atr\u00e1s para el 49\u00ba Concurso de Fuegos Artificiales de Blanes - Camping Bella Terra\" \/>\n<meta property=\"og:description\" content=\"El festival pirot\u00e9cnico internacional se celebrar\u00e1 del 23 al 27 de julio a las 22:30h.&nbsp;\" \/>\n<meta property=\"og:url\" content=\"https:\/\/www.campingbellaterra.com\/es\/concurso-fuegos-artificiales-blanes\/\" \/>\n<meta property=\"og:site_name\" content=\"Camping Bella Terra\" \/>\n<meta property=\"article:publisher\" content=\"https:\/\/www.facebook.com\/campingbellaterra\/\" \/>\n<meta property=\"article:published_time\" content=\"2019-07-17T05:00:37+00:00\" \/>\n<meta property=\"article:modified_time\" content=\"2022-04-12T08:17:20+00:00\" \/>\n<meta property=\"og:image\" content=\"https:\/\/www.campingbellaterra.com\/wp-content\/uploads\/media\/k2\/items\/src\/1f9467ed0ebd32e9dc822d63c55d5401.jpg\" \/>\n\t<meta property=\"og:image:width\" content=\"1200\" \/>\n\t<meta property=\"og:image:height\" content=\"797\" \/>\n\t<meta property=\"og:image:type\" content=\"image\/jpeg\" \/>\n<meta name=\"author\" content=\"vado\" \/>\n<meta name=\"twitter:card\" content=\"summary_large_image\" \/>\n<meta name=\"twitter:creator\" content=\"@cbellaterra\" \/>\n<meta name=\"twitter:site\" content=\"@cbellaterra\" \/>\n<meta name=\"twitter:label1\" content=\"Escrito por\" \/>\n\t<meta name=\"twitter:data1\" content=\"vado\" \/>\n\t<meta name=\"twitter:label2\" content=\"Tiempo de lectura\" \/>\n\t<meta name=\"twitter:data2\" content=\"2 minutos\" \/>\n<script type=\"application\/ld+json\" class=\"yoast-schema-graph\">{\"@context\":\"https:\/\/schema.org\",\"@graph\":[{\"@type\":\"Article\",\"@id\":\"https:\/\/www.campingbellaterra.com\/es\/concurso-fuegos-artificiales-blanes\/#article\",\"isPartOf\":{\"@id\":\"https:\/\/www.campingbellaterra.com\/es\/concurso-fuegos-artificiales-blanes\/\"},\"author\":{\"name\":\"vado\",\"@id\":\"https:\/\/www.campingbellaterra.com\/es\/#\/schema\/person\/9dafe106b7fade6dd08664bb60ea89ac\"},\"headline\":\"Cuenta atr\u00e1s para el 49\u00ba Concurso de Fuegos Artificiales de Blanes\",\"datePublished\":\"2019-07-17T05:00:37+00:00\",\"dateModified\":\"2022-04-12T08:17:20+00:00\",\"mainEntityOfPage\":{\"@id\":\"https:\/\/www.campingbellaterra.com\/es\/concurso-fuegos-artificiales-blanes\/\"},\"wordCount\":421,\"publisher\":{\"@id\":\"https:\/\/www.campingbellaterra.com\/es\/#organization\"},\"image\":{\"@id\":\"https:\/\/www.campingbellaterra.com\/es\/concurso-fuegos-artificiales-blanes\/#primaryimage\"},\"thumbnailUrl\":\"https:\/\/www.campingbellaterra.com\/wp-content\/uploads\/media\/k2\/items\/src\/1f9467ed0ebd32e9dc822d63c55d5401.jpg\",\"keywords\":[\"blanes\",\"BUNGALOWS\",\"camping\",\"camping bella terra\",\"fuegos artificiales\"],\"articleSection\":[\"blog\"],\"inLanguage\":\"es\"},{\"@type\":\"WebPage\",\"@id\":\"https:\/\/www.campingbellaterra.com\/es\/concurso-fuegos-artificiales-blanes\/\",\"url\":\"https:\/\/www.campingbellaterra.com\/es\/concurso-fuegos-artificiales-blanes\/\",\"name\":\"Cuenta atr\u00e1s para el 49\u00ba Concurso de Fuegos Artificiales de Blanes - Camping Bella Terra\",\"isPartOf\":{\"@id\":\"https:\/\/www.campingbellaterra.com\/es\/#website\"},\"primaryImageOfPage\":{\"@id\":\"https:\/\/www.campingbellaterra.com\/es\/concurso-fuegos-artificiales-blanes\/#primaryimage\"},\"image\":{\"@id\":\"https:\/\/www.campingbellaterra.com\/es\/concurso-fuegos-artificiales-blanes\/#primaryimage\"},\"thumbnailUrl\":\"https:\/\/www.campingbellaterra.com\/wp-content\/uploads\/media\/k2\/items\/src\/1f9467ed0ebd32e9dc822d63c55d5401.jpg\",\"datePublished\":\"2019-07-17T05:00:37+00:00\",\"dateModified\":\"2022-04-12T08:17:20+00:00\",\"breadcrumb\":{\"@id\":\"https:\/\/www.campingbellaterra.com\/es\/concurso-fuegos-artificiales-blanes\/#breadcrumb\"},\"inLanguage\":\"es\",\"potentialAction\":[{\"@type\":\"ReadAction\",\"target\":[\"https:\/\/www.campingbellaterra.com\/es\/concurso-fuegos-artificiales-blanes\/\"]}]},{\"@type\":\"ImageObject\",\"inLanguage\":\"es\",\"@id\":\"https:\/\/www.campingbellaterra.com\/es\/concurso-fuegos-artificiales-blanes\/#primaryimage\",\"url\":\"https:\/\/www.campingbellaterra.com\/wp-content\/uploads\/media\/k2\/items\/src\/1f9467ed0ebd32e9dc822d63c55d5401.jpg\",\"contentUrl\":\"https:\/\/www.campingbellaterra.com\/wp-content\/uploads\/media\/k2\/items\/src\/1f9467ed0ebd32e9dc822d63c55d5401.jpg\",\"width\":1200,\"height\":797},{\"@type\":\"BreadcrumbList\",\"@id\":\"https:\/\/www.campingbellaterra.com\/es\/concurso-fuegos-artificiales-blanes\/#breadcrumb\",\"itemListElement\":[{\"@type\":\"ListItem\",\"position\":1,\"name\":\"Inici\",\"item\":\"https:\/\/www.campingbellaterra.com\/es\/\"},{\"@type\":\"ListItem\",\"position\":2,\"name\":\"Cuenta atr\u00e1s para el 49\u00ba Concurso de Fuegos Artificiales de Blanes\"}]},{\"@type\":\"WebSite\",\"@id\":\"https:\/\/www.campingbellaterra.com\/es\/#website\",\"url\":\"https:\/\/www.campingbellaterra.com\/es\/\",\"name\":\"Camping Bella Terra\",\"description\":\"Tu camping familiar en la Costa Brava\",\"publisher\":{\"@id\":\"https:\/\/www.campingbellaterra.com\/es\/#organization\"},\"potentialAction\":[{\"@type\":\"SearchAction\",\"target\":{\"@type\":\"EntryPoint\",\"urlTemplate\":\"https:\/\/www.campingbellaterra.com\/es\/?s={search_term_string}\"},\"query-input\":{\"@type\":\"PropertyValueSpecification\",\"valueRequired\":true,\"valueName\":\"search_term_string\"}}],\"inLanguage\":\"es\"},{\"@type\":\"Organization\",\"@id\":\"https:\/\/www.campingbellaterra.com\/es\/#organization\",\"name\":\"Camping Bella Terra\",\"url\":\"https:\/\/www.campingbellaterra.com\/es\/\",\"logo\":{\"@type\":\"ImageObject\",\"inLanguage\":\"es\",\"@id\":\"https:\/\/www.campingbellaterra.com\/es\/#\/schema\/logo\/image\/\",\"url\":\"https:\/\/www.campingbellaterra.com\/wp-content\/uploads\/logo6.svg\",\"contentUrl\":\"https:\/\/www.campingbellaterra.com\/wp-content\/uploads\/logo6.svg\",\"width\":\"2048\",\"height\":\"2048\",\"caption\":\"Camping Bella Terra\"},\"image\":{\"@id\":\"https:\/\/www.campingbellaterra.com\/es\/#\/schema\/logo\/image\/\"},\"sameAs\":[\"https:\/\/www.facebook.com\/campingbellaterra\/\",\"https:\/\/x.com\/cbellaterra\",\"https:\/\/www.instagram.com\/campingbellaterra\/\",\"https:\/\/www.youtube.com\/c\/Camping-Bellaterra-Blanes\",\"https:\/\/www.tripadvisor.es\/Hotel_Review-g580331-d3328184-Reviews-Camping_Bella_Terra-Blanes_Costa_Brava_Province_of_Girona_Catalonia.html\"]},{\"@type\":\"Person\",\"@id\":\"https:\/\/www.campingbellaterra.com\/es\/#\/schema\/person\/9dafe106b7fade6dd08664bb60ea89ac\",\"name\":\"vado\",\"image\":{\"@type\":\"ImageObject\",\"inLanguage\":\"es\",\"@id\":\"https:\/\/www.campingbellaterra.com\/es\/#\/schema\/person\/image\/\",\"url\":\"https:\/\/secure.gravatar.com\/avatar\/6edab01d4cd19889ac2b69e05f01a3c93227951cf320620732fca472f184e4f5?s=96&d=mm&r=g\",\"contentUrl\":\"https:\/\/secure.gravatar.com\/avatar\/6edab01d4cd19889ac2b69e05f01a3c93227951cf320620732fca472f184e4f5?s=96&d=mm&r=g\",\"caption\":\"vado\"},\"url\":\"https:\/\/www.campingbellaterra.com\/es\/author\/vado\/\"}]}<\/script>\n<!-- \/ Yoast SEO plugin. -->","yoast_head_json":{"title":"Cuenta atr\u00e1s para el 49\u00ba Concurso de Fuegos Artificiales de Blanes - Camping Bella Terra","robots":{"index":"index","follow":"follow","max-snippet":"max-snippet:-1","max-image-preview":"max-image-preview:large","max-video-preview":"max-video-preview:-1"},"canonical":"https:\/\/www.campingbellaterra.com\/es\/concurso-fuegos-artificiales-blanes\/","og_locale":"es_ES","og_type":"article","og_title":"Cuenta atr\u00e1s para el 49\u00ba Concurso de Fuegos Artificiales de Blanes - Camping Bella Terra","og_description":"El festival pirot\u00e9cnico internacional se celebrar\u00e1 del 23 al 27 de julio a las 22:30h.&nbsp;","og_url":"https:\/\/www.campingbellaterra.com\/es\/concurso-fuegos-artificiales-blanes\/","og_site_name":"Camping Bella Terra","article_publisher":"https:\/\/www.facebook.com\/campingbellaterra\/","article_published_time":"2019-07-17T05:00:37+00:00","article_modified_time":"2022-04-12T08:17:20+00:00","og_image":[{"width":1200,"height":797,"url":"https:\/\/www.campingbellaterra.com\/wp-content\/uploads\/media\/k2\/items\/src\/1f9467ed0ebd32e9dc822d63c55d5401.jpg","type":"image\/jpeg"}],"author":"vado","twitter_card":"summary_large_image","twitter_creator":"@cbellaterra","twitter_site":"@cbellaterra","twitter_misc":{"Escrito por":"vado","Tiempo de lectura":"2 minutos"},"schema":{"@context":"https:\/\/schema.org","@graph":[{"@type":"Article","@id":"https:\/\/www.campingbellaterra.com\/es\/concurso-fuegos-artificiales-blanes\/#article","isPartOf":{"@id":"https:\/\/www.campingbellaterra.com\/es\/concurso-fuegos-artificiales-blanes\/"},"author":{"name":"vado","@id":"https:\/\/www.campingbellaterra.com\/es\/#\/schema\/person\/9dafe106b7fade6dd08664bb60ea89ac"},"headline":"Cuenta atr\u00e1s para el 49\u00ba Concurso de Fuegos Artificiales de Blanes","datePublished":"2019-07-17T05:00:37+00:00","dateModified":"2022-04-12T08:17:20+00:00","mainEntityOfPage":{"@id":"https:\/\/www.campingbellaterra.com\/es\/concurso-fuegos-artificiales-blanes\/"},"wordCount":421,"publisher":{"@id":"https:\/\/www.campingbellaterra.com\/es\/#organization"},"image":{"@id":"https:\/\/www.campingbellaterra.com\/es\/concurso-fuegos-artificiales-blanes\/#primaryimage"},"thumbnailUrl":"https:\/\/www.campingbellaterra.com\/wp-content\/uploads\/media\/k2\/items\/src\/1f9467ed0ebd32e9dc822d63c55d5401.jpg","keywords":["blanes","BUNGALOWS","camping","camping bella terra","fuegos artificiales"],"articleSection":["blog"],"inLanguage":"es"},{"@type":"WebPage","@id":"https:\/\/www.campingbellaterra.com\/es\/concurso-fuegos-artificiales-blanes\/","url":"https:\/\/www.campingbellaterra.com\/es\/concurso-fuegos-artificiales-blanes\/","name":"Cuenta atr\u00e1s para el 49\u00ba Concurso de Fuegos Artificiales de Blanes - Camping Bella Terra","isPartOf":{"@id":"https:\/\/www.campingbellaterra.com\/es\/#website"},"primaryImageOfPage":{"@id":"https:\/\/www.campingbellaterra.com\/es\/concurso-fuegos-artificiales-blanes\/#primaryimage"},"image":{"@id":"https:\/\/www.campingbellaterra.com\/es\/concurso-fuegos-artificiales-blanes\/#primaryimage"},"thumbnailUrl":"https:\/\/www.campingbellaterra.com\/wp-content\/uploads\/media\/k2\/items\/src\/1f9467ed0ebd32e9dc822d63c55d5401.jpg","datePublished":"2019-07-17T05:00:37+00:00","dateModified":"2022-04-12T08:17:20+00:00","breadcrumb":{"@id":"https:\/\/www.campingbellaterra.com\/es\/concurso-fuegos-artificiales-blanes\/#breadcrumb"},"inLanguage":"es","potentialAction":[{"@type":"ReadAction","target":["https:\/\/www.campingbellaterra.com\/es\/concurso-fuegos-artificiales-blanes\/"]}]},{"@type":"ImageObject","inLanguage":"es","@id":"https:\/\/www.campingbellaterra.com\/es\/concurso-fuegos-artificiales-blanes\/#primaryimage","url":"https:\/\/www.campingbellaterra.com\/wp-content\/uploads\/media\/k2\/items\/src\/1f9467ed0ebd32e9dc822d63c55d5401.jpg","contentUrl":"https:\/\/www.campingbellaterra.com\/wp-content\/uploads\/media\/k2\/items\/src\/1f9467ed0ebd32e9dc822d63c55d5401.jpg","width":1200,"height":797},{"@type":"BreadcrumbList","@id":"https:\/\/www.campingbellaterra.com\/es\/concurso-fuegos-artificiales-blanes\/#breadcrumb","itemListElement":[{"@type":"ListItem","position":1,"name":"Inici","item":"https:\/\/www.campingbellaterra.com\/es\/"},{"@type":"ListItem","position":2,"name":"Cuenta atr\u00e1s para el 49\u00ba Concurso de Fuegos Artificiales de Blanes"}]},{"@type":"WebSite","@id":"https:\/\/www.campingbellaterra.com\/es\/#website","url":"https:\/\/www.campingbellaterra.com\/es\/","name":"Camping Bella Terra","description":"Tu camping familiar en la Costa Brava","publisher":{"@id":"https:\/\/www.campingbellaterra.com\/es\/#organization"},"potentialAction":[{"@type":"SearchAction","target":{"@type":"EntryPoint","urlTemplate":"https:\/\/www.campingbellaterra.com\/es\/?s={search_term_string}"},"query-input":{"@type":"PropertyValueSpecification","valueRequired":true,"valueName":"search_term_string"}}],"inLanguage":"es"},{"@type":"Organization","@id":"https:\/\/www.campingbellaterra.com\/es\/#organization","name":"Camping Bella Terra","url":"https:\/\/www.campingbellaterra.com\/es\/","logo":{"@type":"ImageObject","inLanguage":"es","@id":"https:\/\/www.campingbellaterra.com\/es\/#\/schema\/logo\/image\/","url":"https:\/\/www.campingbellaterra.com\/wp-content\/uploads\/logo6.svg","contentUrl":"https:\/\/www.campingbellaterra.com\/wp-content\/uploads\/logo6.svg","width":"2048","height":"2048","caption":"Camping Bella Terra"},"image":{"@id":"https:\/\/www.campingbellaterra.com\/es\/#\/schema\/logo\/image\/"},"sameAs":["https:\/\/www.facebook.com\/campingbellaterra\/","https:\/\/x.com\/cbellaterra","https:\/\/www.instagram.com\/campingbellaterra\/","https:\/\/www.youtube.com\/c\/Camping-Bellaterra-Blanes","https:\/\/www.tripadvisor.es\/Hotel_Review-g580331-d3328184-Reviews-Camping_Bella_Terra-Blanes_Costa_Brava_Province_of_Girona_Catalonia.html"]},{"@type":"Person","@id":"https:\/\/www.campingbellaterra.com\/es\/#\/schema\/person\/9dafe106b7fade6dd08664bb60ea89ac","name":"vado","image":{"@type":"ImageObject","inLanguage":"es","@id":"https:\/\/www.campingbellaterra.com\/es\/#\/schema\/person\/image\/","url":"https:\/\/secure.gravatar.com\/avatar\/6edab01d4cd19889ac2b69e05f01a3c93227951cf320620732fca472f184e4f5?s=96&d=mm&r=g","contentUrl":"https:\/\/secure.gravatar.com\/avatar\/6edab01d4cd19889ac2b69e05f01a3c93227951cf320620732fca472f184e4f5?s=96&d=mm&r=g","caption":"vado"},"url":"https:\/\/www.campingbellaterra.com\/es\/author\/vado\/"}]}},"_links":{"self":[{"href":"https:\/\/www.campingbellaterra.com\/es\/wp-json\/wp\/v2\/posts\/7073","targetHints":{"allow":["GET"]}}],"collection":[{"href":"https:\/\/www.campingbellaterra.com\/es\/wp-json\/wp\/v2\/posts"}],"about":[{"href":"https:\/\/www.campingbellaterra.com\/es\/wp-json\/wp\/v2\/types\/post"}],"author":[{"embeddable":true,"href":"https:\/\/www.campingbellaterra.com\/es\/wp-json\/wp\/v2\/users\/2"}],"replies":[{"embeddable":true,"href":"https:\/\/www.campingbellaterra.com\/es\/wp-json\/wp\/v2\/comments?post=7073"}],"version-history":[{"count":1,"href":"https:\/\/www.campingbellaterra.com\/es\/wp-json\/wp\/v2\/posts\/7073\/revisions"}],"predecessor-version":[{"id":10869,"href":"https:\/\/www.campingbellaterra.com\/es\/wp-json\/wp\/v2\/posts\/7073\/revisions\/10869"}],"wp:featuredmedia":[{"embeddable":true,"href":"https:\/\/www.campingbellaterra.com\/es\/wp-json\/wp\/v2\/media\/9754"}],"wp:attachment":[{"href":"https:\/\/www.campingbellaterra.com\/es\/wp-json\/wp\/v2\/media?parent=7073"}],"wp:term":[{"taxonomy":"category","embeddable":true,"href":"https:\/\/www.campingbellaterra.com\/es\/wp-json\/wp\/v2\/categories?post=7073"},{"taxonomy":"post_tag","embeddable":true,"href":"https:\/\/www.campingbellaterra.com\/es\/wp-json\/wp\/v2\/tags?post=7073"}],"curies":[{"name":"wp","href":"https:\/\/api.w.org\/{rel}","templated":true}]}}