{"id":7087,"date":"2019-08-28T07:30:01","date_gmt":"2019-08-28T05:30:01","guid":{"rendered":"https:\/\/www.campingbellaterra.com\/2019\/08\/28\/camping-bella-terra-mantiene-apoyo-ciclismo\/"},"modified":"2022-04-12T10:04:37","modified_gmt":"2022-04-12T08:04:37","slug":"camping-bella-terra-mantiene-apoyo-ciclismo","status":"publish","type":"post","link":"https:\/\/www.campingbellaterra.com\/es\/camping-bella-terra-mantiene-apoyo-ciclismo\/","title":{"rendered":"El Camping Bella Terra mantiene el apoyo al ciclismo, dando soporte a la Espartana 2.0"},"content":{"rendered":"<p><span style=\"font-size: 14pt;\">La segunda edici\u00f3n de esta prueba popular ciclista se celebrar\u00e1 el pr\u00f3ximo domingo 22 de septiembre en Blanes.&nbsp;<\/span><\/p>\n<p><!--more--><\/p>\n<p style=\"text-align: justify;\">Empieza la cuenta atr\u00e1s para la <strong>Espartana 2.0<\/strong>, la popular prueba ciclista que organiza el <strong>Club Ciclista Blanda Espartans<\/strong>. El recorrido del evento que se celebrar\u00e1 el pr\u00f3ximo domingo 22 de septiembre, discurrir\u00e1 por los bosques del t\u00e9rmino municipal de Blanes (El Vilar). La competici\u00f3n volver\u00e1 a contar con dos recorridos, uno de 30 km (con 950m de desnivel positivo) orientado a los corredores m\u00e1s exigentes, y otro de 20 km (con 570m de desnivel positivo), apto para todos los p\u00fablicos. Las inscripciones se pueden realizar a trav\u00e9s de la <a href=\"https:\/\/www.toprun.es\/eventos\/la-espartana-by-cicles-serrano-2019\">p\u00e1gina web de la carrera<\/a>, hasta el pr\u00f3ximo jueves 19 de septiembre.<\/p>\n<p style=\"text-align: justify;\">Uno de los establecimientos tur\u00edsticos que dar\u00e1 apoyo a la prueba es el <strong>Camping Bella Terra<\/strong>, ubicado en el municipio de Blanes, que de esta manera corrobora su apuesta por dicha disciplina deportiva. <em>\u2018Desde hace a\u00f1os el camping apuesta por el mundo de la bici, con el objetivo de que nuestro territorio sea reconocido como uno de los predilectos del <strong>cicloturismo<\/strong>, y atraer de esta manera la atenci\u00f3n de ciclistas de cualquier lugar de Europa durante los 12 meses del a\u00f1o\u2019<\/em>, se\u00f1ala Vicen\u00e7 Fern\u00e1ndez, director del camping.<\/p>\n<p style=\"text-align: justify;\">El camping, que recientemente ha sido galardonado con el <strong>Certificado de Excelencia de TripAdvisor<\/strong>, como el alojamiento extra hotelero n\u00ba 1 de Blanes, cuenta con el sello de camping <strong>Bed &amp; Bike<\/strong>, otorgado por Vies Verdes de Girona, que significa una garant\u00eda para los amantes del cicloturismo.<\/p>\n<p><strong>Destino de Turismo Deportivo<\/strong><\/p>\n<p style=\"text-align: justify;\">La importante tradici\u00f3n deportiva, el dinamismo y las exclusivas caracter\u00edsticas del municipio de Blanes, la han convertido en una ciudad en la que se celebran importantes eventos deportivos internacionales. La localidad cuenta con el certificado de <strong>Destinaci\u00f3n Tur\u00edstica Deportiva<\/strong>, otorgado por la <strong>Agencia Catalana de Turismo<\/strong>.<\/p>\n<p style=\"text-align: justify;\">&nbsp;<\/p>\n<p style=\"text-align: justify;\">\n","protected":false},"excerpt":{"rendered":"<p>La segunda edici\u00f3n de esta prueba popular ciclista se celebrar\u00e1 el pr\u00f3ximo domingo 22 de septiembre en Blanes.&nbsp;<\/p>\n","protected":false},"author":2,"featured_media":9802,"comment_status":"closed","ping_status":"closed","sticky":false,"template":"","format":"standard","meta":{"_acf_changed":false,"inline_featured_image":false,"_monsterinsights_skip_tracking":false,"_monsterinsights_sitenote_active":false,"_monsterinsights_sitenote_note":"","_monsterinsights_sitenote_category":0,"footnotes":""},"categories":[2279],"tags":[1868,1886,1892,1898,1922,1928],"class_list":["post-7087","post","type-post","status-publish","format-standard","has-post-thumbnail","hentry","category-blog-es","tag-blanes-es","tag-bungalows-es","tag-camping-es","tag-camping-bella-terra-es","tag-ciclismo","tag-cicloturismo"],"acf":[],"yoast_head":"<!-- This site is optimized with the Yoast SEO plugin v27.0 - https:\/\/yoast.com\/product\/yoast-seo-wordpress\/ -->\n<title>El Camping Bella Terra mantiene el apoyo al ciclismo, dando soporte a la Espartana 2.0 - Camping Bella Terra<\/title>\n<meta name=\"robots\" content=\"index, follow, max-snippet:-1, max-image-preview:large, max-video-preview:-1\" \/>\n<link rel=\"canonical\" href=\"https:\/\/www.campingbellaterra.com\/es\/camping-bella-terra-mantiene-apoyo-ciclismo\/\" \/>\n<meta property=\"og:locale\" content=\"es_ES\" \/>\n<meta property=\"og:type\" content=\"article\" \/>\n<meta property=\"og:title\" content=\"El Camping Bella Terra mantiene el apoyo al ciclismo, dando soporte a la Espartana 2.0 - Camping Bella Terra\" \/>\n<meta property=\"og:description\" content=\"La segunda edici\u00f3n de esta prueba popular ciclista se celebrar\u00e1 el pr\u00f3ximo domingo 22 de septiembre en Blanes.&nbsp;\" \/>\n<meta property=\"og:url\" content=\"https:\/\/www.campingbellaterra.com\/es\/camping-bella-terra-mantiene-apoyo-ciclismo\/\" \/>\n<meta property=\"og:site_name\" content=\"Camping Bella Terra\" \/>\n<meta property=\"article:publisher\" content=\"https:\/\/www.facebook.com\/campingbellaterra\/\" \/>\n<meta property=\"article:published_time\" content=\"2019-08-28T05:30:01+00:00\" \/>\n<meta property=\"article:modified_time\" content=\"2022-04-12T08:04:37+00:00\" \/>\n<meta property=\"og:image\" content=\"https:\/\/www.campingbellaterra.com\/wp-content\/uploads\/media\/k2\/items\/src\/9fadb6d3e28e2be47da4c87e012c5962.jpg\" \/>\n\t<meta property=\"og:image:width\" content=\"805\" \/>\n\t<meta property=\"og:image:height\" content=\"483\" \/>\n\t<meta property=\"og:image:type\" content=\"image\/jpeg\" \/>\n<meta name=\"author\" content=\"vado\" \/>\n<meta name=\"twitter:card\" content=\"summary_large_image\" \/>\n<meta name=\"twitter:creator\" content=\"@cbellaterra\" \/>\n<meta name=\"twitter:site\" content=\"@cbellaterra\" \/>\n<meta name=\"twitter:label1\" content=\"Escrito por\" \/>\n\t<meta name=\"twitter:data1\" content=\"vado\" \/>\n\t<meta name=\"twitter:label2\" content=\"Tiempo de lectura\" \/>\n\t<meta name=\"twitter:data2\" content=\"2 minutos\" \/>\n<script type=\"application\/ld+json\" class=\"yoast-schema-graph\">{\"@context\":\"https:\/\/schema.org\",\"@graph\":[{\"@type\":\"Article\",\"@id\":\"https:\/\/www.campingbellaterra.com\/es\/camping-bella-terra-mantiene-apoyo-ciclismo\/#article\",\"isPartOf\":{\"@id\":\"https:\/\/www.campingbellaterra.com\/es\/camping-bella-terra-mantiene-apoyo-ciclismo\/\"},\"author\":{\"name\":\"vado\",\"@id\":\"https:\/\/www.campingbellaterra.com\/es\/#\/schema\/person\/9dafe106b7fade6dd08664bb60ea89ac\"},\"headline\":\"El Camping Bella Terra mantiene el apoyo al ciclismo, dando soporte a la Espartana 2.0\",\"datePublished\":\"2019-08-28T05:30:01+00:00\",\"dateModified\":\"2022-04-12T08:04:37+00:00\",\"mainEntityOfPage\":{\"@id\":\"https:\/\/www.campingbellaterra.com\/es\/camping-bella-terra-mantiene-apoyo-ciclismo\/\"},\"wordCount\":334,\"publisher\":{\"@id\":\"https:\/\/www.campingbellaterra.com\/es\/#organization\"},\"image\":{\"@id\":\"https:\/\/www.campingbellaterra.com\/es\/camping-bella-terra-mantiene-apoyo-ciclismo\/#primaryimage\"},\"thumbnailUrl\":\"https:\/\/www.campingbellaterra.com\/wp-content\/uploads\/media\/k2\/items\/src\/9fadb6d3e28e2be47da4c87e012c5962.jpg\",\"keywords\":[\"blanes\",\"BUNGALOWS\",\"camping\",\"camping bella terra\",\"Ciclismo\",\"cicloturismo\"],\"articleSection\":[\"blog\"],\"inLanguage\":\"es\"},{\"@type\":\"WebPage\",\"@id\":\"https:\/\/www.campingbellaterra.com\/es\/camping-bella-terra-mantiene-apoyo-ciclismo\/\",\"url\":\"https:\/\/www.campingbellaterra.com\/es\/camping-bella-terra-mantiene-apoyo-ciclismo\/\",\"name\":\"El Camping Bella Terra mantiene el apoyo al ciclismo, dando soporte a la Espartana 2.0 - Camping Bella Terra\",\"isPartOf\":{\"@id\":\"https:\/\/www.campingbellaterra.com\/es\/#website\"},\"primaryImageOfPage\":{\"@id\":\"https:\/\/www.campingbellaterra.com\/es\/camping-bella-terra-mantiene-apoyo-ciclismo\/#primaryimage\"},\"image\":{\"@id\":\"https:\/\/www.campingbellaterra.com\/es\/camping-bella-terra-mantiene-apoyo-ciclismo\/#primaryimage\"},\"thumbnailUrl\":\"https:\/\/www.campingbellaterra.com\/wp-content\/uploads\/media\/k2\/items\/src\/9fadb6d3e28e2be47da4c87e012c5962.jpg\",\"datePublished\":\"2019-08-28T05:30:01+00:00\",\"dateModified\":\"2022-04-12T08:04:37+00:00\",\"breadcrumb\":{\"@id\":\"https:\/\/www.campingbellaterra.com\/es\/camping-bella-terra-mantiene-apoyo-ciclismo\/#breadcrumb\"},\"inLanguage\":\"es\",\"potentialAction\":[{\"@type\":\"ReadAction\",\"target\":[\"https:\/\/www.campingbellaterra.com\/es\/camping-bella-terra-mantiene-apoyo-ciclismo\/\"]}]},{\"@type\":\"ImageObject\",\"inLanguage\":\"es\",\"@id\":\"https:\/\/www.campingbellaterra.com\/es\/camping-bella-terra-mantiene-apoyo-ciclismo\/#primaryimage\",\"url\":\"https:\/\/www.campingbellaterra.com\/wp-content\/uploads\/media\/k2\/items\/src\/9fadb6d3e28e2be47da4c87e012c5962.jpg\",\"contentUrl\":\"https:\/\/www.campingbellaterra.com\/wp-content\/uploads\/media\/k2\/items\/src\/9fadb6d3e28e2be47da4c87e012c5962.jpg\",\"width\":805,\"height\":483},{\"@type\":\"BreadcrumbList\",\"@id\":\"https:\/\/www.campingbellaterra.com\/es\/camping-bella-terra-mantiene-apoyo-ciclismo\/#breadcrumb\",\"itemListElement\":[{\"@type\":\"ListItem\",\"position\":1,\"name\":\"Inici\",\"item\":\"https:\/\/www.campingbellaterra.com\/es\/\"},{\"@type\":\"ListItem\",\"position\":2,\"name\":\"El Camping Bella Terra mantiene el apoyo al ciclismo, dando soporte a la Espartana 2.0\"}]},{\"@type\":\"WebSite\",\"@id\":\"https:\/\/www.campingbellaterra.com\/es\/#website\",\"url\":\"https:\/\/www.campingbellaterra.com\/es\/\",\"name\":\"Camping Bella Terra\",\"description\":\"Tu camping familiar en la Costa Brava\",\"publisher\":{\"@id\":\"https:\/\/www.campingbellaterra.com\/es\/#organization\"},\"potentialAction\":[{\"@type\":\"SearchAction\",\"target\":{\"@type\":\"EntryPoint\",\"urlTemplate\":\"https:\/\/www.campingbellaterra.com\/es\/?s={search_term_string}\"},\"query-input\":{\"@type\":\"PropertyValueSpecification\",\"valueRequired\":true,\"valueName\":\"search_term_string\"}}],\"inLanguage\":\"es\"},{\"@type\":\"Organization\",\"@id\":\"https:\/\/www.campingbellaterra.com\/es\/#organization\",\"name\":\"Camping Bella Terra\",\"url\":\"https:\/\/www.campingbellaterra.com\/es\/\",\"logo\":{\"@type\":\"ImageObject\",\"inLanguage\":\"es\",\"@id\":\"https:\/\/www.campingbellaterra.com\/es\/#\/schema\/logo\/image\/\",\"url\":\"https:\/\/www.campingbellaterra.com\/wp-content\/uploads\/logo6.svg\",\"contentUrl\":\"https:\/\/www.campingbellaterra.com\/wp-content\/uploads\/logo6.svg\",\"width\":\"2048\",\"height\":\"2048\",\"caption\":\"Camping Bella Terra\"},\"image\":{\"@id\":\"https:\/\/www.campingbellaterra.com\/es\/#\/schema\/logo\/image\/\"},\"sameAs\":[\"https:\/\/www.facebook.com\/campingbellaterra\/\",\"https:\/\/x.com\/cbellaterra\",\"https:\/\/www.instagram.com\/campingbellaterra\/\",\"https:\/\/www.youtube.com\/c\/Camping-Bellaterra-Blanes\",\"https:\/\/www.tripadvisor.es\/Hotel_Review-g580331-d3328184-Reviews-Camping_Bella_Terra-Blanes_Costa_Brava_Province_of_Girona_Catalonia.html\"]},{\"@type\":\"Person\",\"@id\":\"https:\/\/www.campingbellaterra.com\/es\/#\/schema\/person\/9dafe106b7fade6dd08664bb60ea89ac\",\"name\":\"vado\",\"image\":{\"@type\":\"ImageObject\",\"inLanguage\":\"es\",\"@id\":\"https:\/\/www.campingbellaterra.com\/es\/#\/schema\/person\/image\/\",\"url\":\"https:\/\/secure.gravatar.com\/avatar\/6edab01d4cd19889ac2b69e05f01a3c93227951cf320620732fca472f184e4f5?s=96&d=mm&r=g\",\"contentUrl\":\"https:\/\/secure.gravatar.com\/avatar\/6edab01d4cd19889ac2b69e05f01a3c93227951cf320620732fca472f184e4f5?s=96&d=mm&r=g\",\"caption\":\"vado\"},\"url\":\"https:\/\/www.campingbellaterra.com\/es\/author\/vado\/\"}]}<\/script>\n<!-- \/ Yoast SEO plugin. -->","yoast_head_json":{"title":"El Camping Bella Terra mantiene el apoyo al ciclismo, dando soporte a la Espartana 2.0 - Camping Bella Terra","robots":{"index":"index","follow":"follow","max-snippet":"max-snippet:-1","max-image-preview":"max-image-preview:large","max-video-preview":"max-video-preview:-1"},"canonical":"https:\/\/www.campingbellaterra.com\/es\/camping-bella-terra-mantiene-apoyo-ciclismo\/","og_locale":"es_ES","og_type":"article","og_title":"El Camping Bella Terra mantiene el apoyo al ciclismo, dando soporte a la Espartana 2.0 - Camping Bella Terra","og_description":"La segunda edici\u00f3n de esta prueba popular ciclista se celebrar\u00e1 el pr\u00f3ximo domingo 22 de septiembre en Blanes.&nbsp;","og_url":"https:\/\/www.campingbellaterra.com\/es\/camping-bella-terra-mantiene-apoyo-ciclismo\/","og_site_name":"Camping Bella Terra","article_publisher":"https:\/\/www.facebook.com\/campingbellaterra\/","article_published_time":"2019-08-28T05:30:01+00:00","article_modified_time":"2022-04-12T08:04:37+00:00","og_image":[{"width":805,"height":483,"url":"https:\/\/www.campingbellaterra.com\/wp-content\/uploads\/media\/k2\/items\/src\/9fadb6d3e28e2be47da4c87e012c5962.jpg","type":"image\/jpeg"}],"author":"vado","twitter_card":"summary_large_image","twitter_creator":"@cbellaterra","twitter_site":"@cbellaterra","twitter_misc":{"Escrito por":"vado","Tiempo de lectura":"2 minutos"},"schema":{"@context":"https:\/\/schema.org","@graph":[{"@type":"Article","@id":"https:\/\/www.campingbellaterra.com\/es\/camping-bella-terra-mantiene-apoyo-ciclismo\/#article","isPartOf":{"@id":"https:\/\/www.campingbellaterra.com\/es\/camping-bella-terra-mantiene-apoyo-ciclismo\/"},"author":{"name":"vado","@id":"https:\/\/www.campingbellaterra.com\/es\/#\/schema\/person\/9dafe106b7fade6dd08664bb60ea89ac"},"headline":"El Camping Bella Terra mantiene el apoyo al ciclismo, dando soporte a la Espartana 2.0","datePublished":"2019-08-28T05:30:01+00:00","dateModified":"2022-04-12T08:04:37+00:00","mainEntityOfPage":{"@id":"https:\/\/www.campingbellaterra.com\/es\/camping-bella-terra-mantiene-apoyo-ciclismo\/"},"wordCount":334,"publisher":{"@id":"https:\/\/www.campingbellaterra.com\/es\/#organization"},"image":{"@id":"https:\/\/www.campingbellaterra.com\/es\/camping-bella-terra-mantiene-apoyo-ciclismo\/#primaryimage"},"thumbnailUrl":"https:\/\/www.campingbellaterra.com\/wp-content\/uploads\/media\/k2\/items\/src\/9fadb6d3e28e2be47da4c87e012c5962.jpg","keywords":["blanes","BUNGALOWS","camping","camping bella terra","Ciclismo","cicloturismo"],"articleSection":["blog"],"inLanguage":"es"},{"@type":"WebPage","@id":"https:\/\/www.campingbellaterra.com\/es\/camping-bella-terra-mantiene-apoyo-ciclismo\/","url":"https:\/\/www.campingbellaterra.com\/es\/camping-bella-terra-mantiene-apoyo-ciclismo\/","name":"El Camping Bella Terra mantiene el apoyo al ciclismo, dando soporte a la Espartana 2.0 - Camping Bella Terra","isPartOf":{"@id":"https:\/\/www.campingbellaterra.com\/es\/#website"},"primaryImageOfPage":{"@id":"https:\/\/www.campingbellaterra.com\/es\/camping-bella-terra-mantiene-apoyo-ciclismo\/#primaryimage"},"image":{"@id":"https:\/\/www.campingbellaterra.com\/es\/camping-bella-terra-mantiene-apoyo-ciclismo\/#primaryimage"},"thumbnailUrl":"https:\/\/www.campingbellaterra.com\/wp-content\/uploads\/media\/k2\/items\/src\/9fadb6d3e28e2be47da4c87e012c5962.jpg","datePublished":"2019-08-28T05:30:01+00:00","dateModified":"2022-04-12T08:04:37+00:00","breadcrumb":{"@id":"https:\/\/www.campingbellaterra.com\/es\/camping-bella-terra-mantiene-apoyo-ciclismo\/#breadcrumb"},"inLanguage":"es","potentialAction":[{"@type":"ReadAction","target":["https:\/\/www.campingbellaterra.com\/es\/camping-bella-terra-mantiene-apoyo-ciclismo\/"]}]},{"@type":"ImageObject","inLanguage":"es","@id":"https:\/\/www.campingbellaterra.com\/es\/camping-bella-terra-mantiene-apoyo-ciclismo\/#primaryimage","url":"https:\/\/www.campingbellaterra.com\/wp-content\/uploads\/media\/k2\/items\/src\/9fadb6d3e28e2be47da4c87e012c5962.jpg","contentUrl":"https:\/\/www.campingbellaterra.com\/wp-content\/uploads\/media\/k2\/items\/src\/9fadb6d3e28e2be47da4c87e012c5962.jpg","width":805,"height":483},{"@type":"BreadcrumbList","@id":"https:\/\/www.campingbellaterra.com\/es\/camping-bella-terra-mantiene-apoyo-ciclismo\/#breadcrumb","itemListElement":[{"@type":"ListItem","position":1,"name":"Inici","item":"https:\/\/www.campingbellaterra.com\/es\/"},{"@type":"ListItem","position":2,"name":"El Camping Bella Terra mantiene el apoyo al ciclismo, dando soporte a la Espartana 2.0"}]},{"@type":"WebSite","@id":"https:\/\/www.campingbellaterra.com\/es\/#website","url":"https:\/\/www.campingbellaterra.com\/es\/","name":"Camping Bella Terra","description":"Tu camping familiar en la Costa Brava","publisher":{"@id":"https:\/\/www.campingbellaterra.com\/es\/#organization"},"potentialAction":[{"@type":"SearchAction","target":{"@type":"EntryPoint","urlTemplate":"https:\/\/www.campingbellaterra.com\/es\/?s={search_term_string}"},"query-input":{"@type":"PropertyValueSpecification","valueRequired":true,"valueName":"search_term_string"}}],"inLanguage":"es"},{"@type":"Organization","@id":"https:\/\/www.campingbellaterra.com\/es\/#organization","name":"Camping Bella Terra","url":"https:\/\/www.campingbellaterra.com\/es\/","logo":{"@type":"ImageObject","inLanguage":"es","@id":"https:\/\/www.campingbellaterra.com\/es\/#\/schema\/logo\/image\/","url":"https:\/\/www.campingbellaterra.com\/wp-content\/uploads\/logo6.svg","contentUrl":"https:\/\/www.campingbellaterra.com\/wp-content\/uploads\/logo6.svg","width":"2048","height":"2048","caption":"Camping Bella Terra"},"image":{"@id":"https:\/\/www.campingbellaterra.com\/es\/#\/schema\/logo\/image\/"},"sameAs":["https:\/\/www.facebook.com\/campingbellaterra\/","https:\/\/x.com\/cbellaterra","https:\/\/www.instagram.com\/campingbellaterra\/","https:\/\/www.youtube.com\/c\/Camping-Bellaterra-Blanes","https:\/\/www.tripadvisor.es\/Hotel_Review-g580331-d3328184-Reviews-Camping_Bella_Terra-Blanes_Costa_Brava_Province_of_Girona_Catalonia.html"]},{"@type":"Person","@id":"https:\/\/www.campingbellaterra.com\/es\/#\/schema\/person\/9dafe106b7fade6dd08664bb60ea89ac","name":"vado","image":{"@type":"ImageObject","inLanguage":"es","@id":"https:\/\/www.campingbellaterra.com\/es\/#\/schema\/person\/image\/","url":"https:\/\/secure.gravatar.com\/avatar\/6edab01d4cd19889ac2b69e05f01a3c93227951cf320620732fca472f184e4f5?s=96&d=mm&r=g","contentUrl":"https:\/\/secure.gravatar.com\/avatar\/6edab01d4cd19889ac2b69e05f01a3c93227951cf320620732fca472f184e4f5?s=96&d=mm&r=g","caption":"vado"},"url":"https:\/\/www.campingbellaterra.com\/es\/author\/vado\/"}]}},"_links":{"self":[{"href":"https:\/\/www.campingbellaterra.com\/es\/wp-json\/wp\/v2\/posts\/7087","targetHints":{"allow":["GET"]}}],"collection":[{"href":"https:\/\/www.campingbellaterra.com\/es\/wp-json\/wp\/v2\/posts"}],"about":[{"href":"https:\/\/www.campingbellaterra.com\/es\/wp-json\/wp\/v2\/types\/post"}],"author":[{"embeddable":true,"href":"https:\/\/www.campingbellaterra.com\/es\/wp-json\/wp\/v2\/users\/2"}],"replies":[{"embeddable":true,"href":"https:\/\/www.campingbellaterra.com\/es\/wp-json\/wp\/v2\/comments?post=7087"}],"version-history":[{"count":1,"href":"https:\/\/www.campingbellaterra.com\/es\/wp-json\/wp\/v2\/posts\/7087\/revisions"}],"predecessor-version":[{"id":10860,"href":"https:\/\/www.campingbellaterra.com\/es\/wp-json\/wp\/v2\/posts\/7087\/revisions\/10860"}],"wp:featuredmedia":[{"embeddable":true,"href":"https:\/\/www.campingbellaterra.com\/es\/wp-json\/wp\/v2\/media\/9802"}],"wp:attachment":[{"href":"https:\/\/www.campingbellaterra.com\/es\/wp-json\/wp\/v2\/media?parent=7087"}],"wp:term":[{"taxonomy":"category","embeddable":true,"href":"https:\/\/www.campingbellaterra.com\/es\/wp-json\/wp\/v2\/categories?post=7087"},{"taxonomy":"post_tag","embeddable":true,"href":"https:\/\/www.campingbellaterra.com\/es\/wp-json\/wp\/v2\/tags?post=7087"}],"curies":[{"name":"wp","href":"https:\/\/api.w.org\/{rel}","templated":true}]}}