{"id":7101,"date":"2019-10-07T07:38:42","date_gmt":"2019-10-07T05:38:42","guid":{"rendered":"https:\/\/www.campingbellaterra.com\/2019\/10\/07\/presente-segunda-edicion-girocamping-pro\/"},"modified":"2022-04-12T10:02:17","modified_gmt":"2022-04-12T08:02:17","slug":"presente-segunda-edicion-girocamping-pro","status":"publish","type":"post","link":"https:\/\/www.campingbellaterra.com\/es\/presente-segunda-edicion-girocamping-pro\/","title":{"rendered":"El Camping Bella Terra presente en la segunda edici\u00f3n del congreso Girocamping PRO"},"content":{"rendered":"<p><span style=\"font-size: 14pt;\">El evento organizado por la Asociaci\u00f3n de Campings de Girona, reuni\u00f3 en el Palau de Congresos de Girona a 27 empresas del sector, un 17% m\u00e1s que en la edici\u00f3n anterior.&nbsp;<\/span><\/p>\n<p><!--more--><\/p>\n<p style=\"text-align: justify;\">El pasado mi\u00e9rcoles 25 de septiembre, se celebr\u00f3 en el Palau de Congressos de Girona, la <strong>segunda edici\u00f3n del Girocamping PRO<\/strong>, el <strong>congreso profesional del turismo y camping<\/strong> en Girona. La jornada organizada por la Asociaci\u00f3n de Campings de Girona, cont\u00f3 con la presencia de 400 profesionales del sector tur\u00edstico, entre los cuales se encontraban representantes del Camping Bella Terra, situado en la localidad de Blanes, que recientemente ha sido galardonado con el Certificado de Excelencia de TripAdvisor, como el alojamiento extra hotelero n\u00ba1 del municipio gerundense.<\/p>\n<p style=\"text-align: justify;\">Durante la jornada se trataron tem\u00e1ticas de inter\u00e9s tur\u00edstico general, entre las que destacaron el <strong>impacto del cambio clim\u00e1tico<\/strong> i el <em><strong>\u2018brexit\u2019<\/strong><\/em> en el turismo.<\/p>\n<p style=\"text-align: justify;\"><em>\u2018No cabe duda que nos preocupan los efectos del cambio clim\u00e1tico en nuestro sector. Por poner un ejemplo, un tanto por ciento muy elevado de nuestros campistas provienen del norte de Europa. La subida de las temperaturas en todo el mundo, y en especial en el continente europeo, puede provocar un descenso de dichos turistas en nuestras instalaciones, ya que podr\u00e1n disfrutar del clima c\u00e1lido sin tener que salir de sus pa\u00edses\u2019<\/em>, se\u00f1ala Vicen\u00e7 Fern\u00e1ndez, director del Camping Bella Terra, que a\u00f1ade la posibilidad de \u2018<em>que a largo plazo haya que replantear las propuestas tur\u00edsticas y favorecer un turismo de proximidad\u2019.<\/em><\/p>\n<p style=\"text-align: justify;\">Este aumento de las temperaturas durante los meses de septiembre y octubre, tambi\u00e9n est\u00e1 haciendo repensar la estacionalidad, ya que permite alargar mucho m\u00e1s las temporadas. Sin ir m\u00e1s lejos, el pr\u00f3ximo a\u00f1o el Camping Bella Terra prolongar\u00e1 la temporada hasta el 12 de octubre.&nbsp;<\/p>\n<p style=\"text-align: justify;\">\n","protected":false},"excerpt":{"rendered":"<p>El evento organizado por la Asociaci\u00f3n de Campings de Girona, reuni\u00f3 en el Palau de Congresos de Girona a 27 empresas del sector, un 17%&#8230;<\/p>\n","protected":false},"author":2,"featured_media":9838,"comment_status":"closed","ping_status":"closed","sticky":false,"template":"","format":"standard","meta":{"_acf_changed":false,"inline_featured_image":false,"_monsterinsights_skip_tracking":false,"_monsterinsights_sitenote_active":false,"_monsterinsights_sitenote_note":"","_monsterinsights_sitenote_category":0,"footnotes":""},"categories":[2279],"tags":[1868,1886,1892,1898,2043],"class_list":["post-7101","post","type-post","status-publish","format-standard","has-post-thumbnail","hentry","category-blog-es","tag-blanes-es","tag-bungalows-es","tag-camping-es","tag-camping-bella-terra-es","tag-girocamping-pro-es"],"acf":[],"yoast_head":"<!-- This site is optimized with the Yoast SEO plugin v27.0 - https:\/\/yoast.com\/product\/yoast-seo-wordpress\/ -->\n<title>El Camping Bella Terra presente en la segunda edici\u00f3n del congreso Girocamping PRO - Camping Bella Terra<\/title>\n<meta name=\"robots\" content=\"index, follow, max-snippet:-1, max-image-preview:large, max-video-preview:-1\" \/>\n<link rel=\"canonical\" href=\"https:\/\/www.campingbellaterra.com\/es\/presente-segunda-edicion-girocamping-pro\/\" \/>\n<meta property=\"og:locale\" content=\"es_ES\" \/>\n<meta property=\"og:type\" content=\"article\" \/>\n<meta property=\"og:title\" content=\"El Camping Bella Terra presente en la segunda edici\u00f3n del congreso Girocamping PRO - Camping Bella Terra\" \/>\n<meta property=\"og:description\" content=\"El evento organizado por la Asociaci\u00f3n de Campings de Girona, reuni\u00f3 en el Palau de Congresos de Girona a 27 empresas del sector, un 17%...\" \/>\n<meta property=\"og:url\" content=\"https:\/\/www.campingbellaterra.com\/es\/presente-segunda-edicion-girocamping-pro\/\" \/>\n<meta property=\"og:site_name\" content=\"Camping Bella Terra\" \/>\n<meta property=\"article:publisher\" content=\"https:\/\/www.facebook.com\/campingbellaterra\/\" \/>\n<meta property=\"article:published_time\" content=\"2019-10-07T05:38:42+00:00\" \/>\n<meta property=\"article:modified_time\" content=\"2022-04-12T08:02:17+00:00\" \/>\n<meta property=\"og:image\" content=\"https:\/\/www.campingbellaterra.com\/wp-content\/uploads\/media\/k2\/items\/src\/b4787a4a5d6711adf08fa27fc1cba139.jpg\" \/>\n\t<meta property=\"og:image:width\" content=\"1600\" \/>\n\t<meta property=\"og:image:height\" content=\"800\" \/>\n\t<meta property=\"og:image:type\" content=\"image\/jpeg\" \/>\n<meta name=\"author\" content=\"vado\" \/>\n<meta name=\"twitter:card\" content=\"summary_large_image\" \/>\n<meta name=\"twitter:creator\" content=\"@cbellaterra\" \/>\n<meta name=\"twitter:site\" content=\"@cbellaterra\" \/>\n<meta name=\"twitter:label1\" content=\"Escrito por\" \/>\n\t<meta name=\"twitter:data1\" content=\"vado\" \/>\n\t<meta name=\"twitter:label2\" content=\"Tiempo de lectura\" \/>\n\t<meta name=\"twitter:data2\" content=\"2 minutos\" \/>\n<script type=\"application\/ld+json\" class=\"yoast-schema-graph\">{\"@context\":\"https:\/\/schema.org\",\"@graph\":[{\"@type\":\"Article\",\"@id\":\"https:\/\/www.campingbellaterra.com\/es\/presente-segunda-edicion-girocamping-pro\/#article\",\"isPartOf\":{\"@id\":\"https:\/\/www.campingbellaterra.com\/es\/presente-segunda-edicion-girocamping-pro\/\"},\"author\":{\"name\":\"vado\",\"@id\":\"https:\/\/www.campingbellaterra.com\/es\/#\/schema\/person\/9dafe106b7fade6dd08664bb60ea89ac\"},\"headline\":\"El Camping Bella Terra presente en la segunda edici\u00f3n del congreso Girocamping PRO\",\"datePublished\":\"2019-10-07T05:38:42+00:00\",\"dateModified\":\"2022-04-12T08:02:17+00:00\",\"mainEntityOfPage\":{\"@id\":\"https:\/\/www.campingbellaterra.com\/es\/presente-segunda-edicion-girocamping-pro\/\"},\"wordCount\":324,\"publisher\":{\"@id\":\"https:\/\/www.campingbellaterra.com\/es\/#organization\"},\"image\":{\"@id\":\"https:\/\/www.campingbellaterra.com\/es\/presente-segunda-edicion-girocamping-pro\/#primaryimage\"},\"thumbnailUrl\":\"https:\/\/www.campingbellaterra.com\/wp-content\/uploads\/media\/k2\/items\/src\/b4787a4a5d6711adf08fa27fc1cba139.jpg\",\"keywords\":[\"blanes\",\"BUNGALOWS\",\"camping\",\"camping bella terra\",\"Girocamping Pro\"],\"articleSection\":[\"blog\"],\"inLanguage\":\"es\"},{\"@type\":\"WebPage\",\"@id\":\"https:\/\/www.campingbellaterra.com\/es\/presente-segunda-edicion-girocamping-pro\/\",\"url\":\"https:\/\/www.campingbellaterra.com\/es\/presente-segunda-edicion-girocamping-pro\/\",\"name\":\"El Camping Bella Terra presente en la segunda edici\u00f3n del congreso Girocamping PRO - Camping Bella Terra\",\"isPartOf\":{\"@id\":\"https:\/\/www.campingbellaterra.com\/es\/#website\"},\"primaryImageOfPage\":{\"@id\":\"https:\/\/www.campingbellaterra.com\/es\/presente-segunda-edicion-girocamping-pro\/#primaryimage\"},\"image\":{\"@id\":\"https:\/\/www.campingbellaterra.com\/es\/presente-segunda-edicion-girocamping-pro\/#primaryimage\"},\"thumbnailUrl\":\"https:\/\/www.campingbellaterra.com\/wp-content\/uploads\/media\/k2\/items\/src\/b4787a4a5d6711adf08fa27fc1cba139.jpg\",\"datePublished\":\"2019-10-07T05:38:42+00:00\",\"dateModified\":\"2022-04-12T08:02:17+00:00\",\"breadcrumb\":{\"@id\":\"https:\/\/www.campingbellaterra.com\/es\/presente-segunda-edicion-girocamping-pro\/#breadcrumb\"},\"inLanguage\":\"es\",\"potentialAction\":[{\"@type\":\"ReadAction\",\"target\":[\"https:\/\/www.campingbellaterra.com\/es\/presente-segunda-edicion-girocamping-pro\/\"]}]},{\"@type\":\"ImageObject\",\"inLanguage\":\"es\",\"@id\":\"https:\/\/www.campingbellaterra.com\/es\/presente-segunda-edicion-girocamping-pro\/#primaryimage\",\"url\":\"https:\/\/www.campingbellaterra.com\/wp-content\/uploads\/media\/k2\/items\/src\/b4787a4a5d6711adf08fa27fc1cba139.jpg\",\"contentUrl\":\"https:\/\/www.campingbellaterra.com\/wp-content\/uploads\/media\/k2\/items\/src\/b4787a4a5d6711adf08fa27fc1cba139.jpg\",\"width\":1600,\"height\":800},{\"@type\":\"BreadcrumbList\",\"@id\":\"https:\/\/www.campingbellaterra.com\/es\/presente-segunda-edicion-girocamping-pro\/#breadcrumb\",\"itemListElement\":[{\"@type\":\"ListItem\",\"position\":1,\"name\":\"Inici\",\"item\":\"https:\/\/www.campingbellaterra.com\/es\/\"},{\"@type\":\"ListItem\",\"position\":2,\"name\":\"El Camping Bella Terra presente en la segunda edici\u00f3n del congreso Girocamping PRO\"}]},{\"@type\":\"WebSite\",\"@id\":\"https:\/\/www.campingbellaterra.com\/es\/#website\",\"url\":\"https:\/\/www.campingbellaterra.com\/es\/\",\"name\":\"Camping Bella Terra\",\"description\":\"Tu camping familiar en la Costa Brava\",\"publisher\":{\"@id\":\"https:\/\/www.campingbellaterra.com\/es\/#organization\"},\"potentialAction\":[{\"@type\":\"SearchAction\",\"target\":{\"@type\":\"EntryPoint\",\"urlTemplate\":\"https:\/\/www.campingbellaterra.com\/es\/?s={search_term_string}\"},\"query-input\":{\"@type\":\"PropertyValueSpecification\",\"valueRequired\":true,\"valueName\":\"search_term_string\"}}],\"inLanguage\":\"es\"},{\"@type\":\"Organization\",\"@id\":\"https:\/\/www.campingbellaterra.com\/es\/#organization\",\"name\":\"Camping Bella Terra\",\"url\":\"https:\/\/www.campingbellaterra.com\/es\/\",\"logo\":{\"@type\":\"ImageObject\",\"inLanguage\":\"es\",\"@id\":\"https:\/\/www.campingbellaterra.com\/es\/#\/schema\/logo\/image\/\",\"url\":\"https:\/\/www.campingbellaterra.com\/wp-content\/uploads\/logo6.svg\",\"contentUrl\":\"https:\/\/www.campingbellaterra.com\/wp-content\/uploads\/logo6.svg\",\"width\":\"2048\",\"height\":\"2048\",\"caption\":\"Camping Bella Terra\"},\"image\":{\"@id\":\"https:\/\/www.campingbellaterra.com\/es\/#\/schema\/logo\/image\/\"},\"sameAs\":[\"https:\/\/www.facebook.com\/campingbellaterra\/\",\"https:\/\/x.com\/cbellaterra\",\"https:\/\/www.instagram.com\/campingbellaterra\/\",\"https:\/\/www.youtube.com\/c\/Camping-Bellaterra-Blanes\",\"https:\/\/www.tripadvisor.es\/Hotel_Review-g580331-d3328184-Reviews-Camping_Bella_Terra-Blanes_Costa_Brava_Province_of_Girona_Catalonia.html\"]},{\"@type\":\"Person\",\"@id\":\"https:\/\/www.campingbellaterra.com\/es\/#\/schema\/person\/9dafe106b7fade6dd08664bb60ea89ac\",\"name\":\"vado\",\"image\":{\"@type\":\"ImageObject\",\"inLanguage\":\"es\",\"@id\":\"https:\/\/www.campingbellaterra.com\/es\/#\/schema\/person\/image\/\",\"url\":\"https:\/\/secure.gravatar.com\/avatar\/6edab01d4cd19889ac2b69e05f01a3c93227951cf320620732fca472f184e4f5?s=96&d=mm&r=g\",\"contentUrl\":\"https:\/\/secure.gravatar.com\/avatar\/6edab01d4cd19889ac2b69e05f01a3c93227951cf320620732fca472f184e4f5?s=96&d=mm&r=g\",\"caption\":\"vado\"},\"url\":\"https:\/\/www.campingbellaterra.com\/es\/author\/vado\/\"}]}<\/script>\n<!-- \/ Yoast SEO plugin. -->","yoast_head_json":{"title":"El Camping Bella Terra presente en la segunda edici\u00f3n del congreso Girocamping PRO - Camping Bella Terra","robots":{"index":"index","follow":"follow","max-snippet":"max-snippet:-1","max-image-preview":"max-image-preview:large","max-video-preview":"max-video-preview:-1"},"canonical":"https:\/\/www.campingbellaterra.com\/es\/presente-segunda-edicion-girocamping-pro\/","og_locale":"es_ES","og_type":"article","og_title":"El Camping Bella Terra presente en la segunda edici\u00f3n del congreso Girocamping PRO - Camping Bella Terra","og_description":"El evento organizado por la Asociaci\u00f3n de Campings de Girona, reuni\u00f3 en el Palau de Congresos de Girona a 27 empresas del sector, un 17%...","og_url":"https:\/\/www.campingbellaterra.com\/es\/presente-segunda-edicion-girocamping-pro\/","og_site_name":"Camping Bella Terra","article_publisher":"https:\/\/www.facebook.com\/campingbellaterra\/","article_published_time":"2019-10-07T05:38:42+00:00","article_modified_time":"2022-04-12T08:02:17+00:00","og_image":[{"width":1600,"height":800,"url":"https:\/\/www.campingbellaterra.com\/wp-content\/uploads\/media\/k2\/items\/src\/b4787a4a5d6711adf08fa27fc1cba139.jpg","type":"image\/jpeg"}],"author":"vado","twitter_card":"summary_large_image","twitter_creator":"@cbellaterra","twitter_site":"@cbellaterra","twitter_misc":{"Escrito por":"vado","Tiempo de lectura":"2 minutos"},"schema":{"@context":"https:\/\/schema.org","@graph":[{"@type":"Article","@id":"https:\/\/www.campingbellaterra.com\/es\/presente-segunda-edicion-girocamping-pro\/#article","isPartOf":{"@id":"https:\/\/www.campingbellaterra.com\/es\/presente-segunda-edicion-girocamping-pro\/"},"author":{"name":"vado","@id":"https:\/\/www.campingbellaterra.com\/es\/#\/schema\/person\/9dafe106b7fade6dd08664bb60ea89ac"},"headline":"El Camping Bella Terra presente en la segunda edici\u00f3n del congreso Girocamping PRO","datePublished":"2019-10-07T05:38:42+00:00","dateModified":"2022-04-12T08:02:17+00:00","mainEntityOfPage":{"@id":"https:\/\/www.campingbellaterra.com\/es\/presente-segunda-edicion-girocamping-pro\/"},"wordCount":324,"publisher":{"@id":"https:\/\/www.campingbellaterra.com\/es\/#organization"},"image":{"@id":"https:\/\/www.campingbellaterra.com\/es\/presente-segunda-edicion-girocamping-pro\/#primaryimage"},"thumbnailUrl":"https:\/\/www.campingbellaterra.com\/wp-content\/uploads\/media\/k2\/items\/src\/b4787a4a5d6711adf08fa27fc1cba139.jpg","keywords":["blanes","BUNGALOWS","camping","camping bella terra","Girocamping Pro"],"articleSection":["blog"],"inLanguage":"es"},{"@type":"WebPage","@id":"https:\/\/www.campingbellaterra.com\/es\/presente-segunda-edicion-girocamping-pro\/","url":"https:\/\/www.campingbellaterra.com\/es\/presente-segunda-edicion-girocamping-pro\/","name":"El Camping Bella Terra presente en la segunda edici\u00f3n del congreso Girocamping PRO - Camping Bella Terra","isPartOf":{"@id":"https:\/\/www.campingbellaterra.com\/es\/#website"},"primaryImageOfPage":{"@id":"https:\/\/www.campingbellaterra.com\/es\/presente-segunda-edicion-girocamping-pro\/#primaryimage"},"image":{"@id":"https:\/\/www.campingbellaterra.com\/es\/presente-segunda-edicion-girocamping-pro\/#primaryimage"},"thumbnailUrl":"https:\/\/www.campingbellaterra.com\/wp-content\/uploads\/media\/k2\/items\/src\/b4787a4a5d6711adf08fa27fc1cba139.jpg","datePublished":"2019-10-07T05:38:42+00:00","dateModified":"2022-04-12T08:02:17+00:00","breadcrumb":{"@id":"https:\/\/www.campingbellaterra.com\/es\/presente-segunda-edicion-girocamping-pro\/#breadcrumb"},"inLanguage":"es","potentialAction":[{"@type":"ReadAction","target":["https:\/\/www.campingbellaterra.com\/es\/presente-segunda-edicion-girocamping-pro\/"]}]},{"@type":"ImageObject","inLanguage":"es","@id":"https:\/\/www.campingbellaterra.com\/es\/presente-segunda-edicion-girocamping-pro\/#primaryimage","url":"https:\/\/www.campingbellaterra.com\/wp-content\/uploads\/media\/k2\/items\/src\/b4787a4a5d6711adf08fa27fc1cba139.jpg","contentUrl":"https:\/\/www.campingbellaterra.com\/wp-content\/uploads\/media\/k2\/items\/src\/b4787a4a5d6711adf08fa27fc1cba139.jpg","width":1600,"height":800},{"@type":"BreadcrumbList","@id":"https:\/\/www.campingbellaterra.com\/es\/presente-segunda-edicion-girocamping-pro\/#breadcrumb","itemListElement":[{"@type":"ListItem","position":1,"name":"Inici","item":"https:\/\/www.campingbellaterra.com\/es\/"},{"@type":"ListItem","position":2,"name":"El Camping Bella Terra presente en la segunda edici\u00f3n del congreso Girocamping PRO"}]},{"@type":"WebSite","@id":"https:\/\/www.campingbellaterra.com\/es\/#website","url":"https:\/\/www.campingbellaterra.com\/es\/","name":"Camping Bella Terra","description":"Tu camping familiar en la Costa Brava","publisher":{"@id":"https:\/\/www.campingbellaterra.com\/es\/#organization"},"potentialAction":[{"@type":"SearchAction","target":{"@type":"EntryPoint","urlTemplate":"https:\/\/www.campingbellaterra.com\/es\/?s={search_term_string}"},"query-input":{"@type":"PropertyValueSpecification","valueRequired":true,"valueName":"search_term_string"}}],"inLanguage":"es"},{"@type":"Organization","@id":"https:\/\/www.campingbellaterra.com\/es\/#organization","name":"Camping Bella Terra","url":"https:\/\/www.campingbellaterra.com\/es\/","logo":{"@type":"ImageObject","inLanguage":"es","@id":"https:\/\/www.campingbellaterra.com\/es\/#\/schema\/logo\/image\/","url":"https:\/\/www.campingbellaterra.com\/wp-content\/uploads\/logo6.svg","contentUrl":"https:\/\/www.campingbellaterra.com\/wp-content\/uploads\/logo6.svg","width":"2048","height":"2048","caption":"Camping Bella Terra"},"image":{"@id":"https:\/\/www.campingbellaterra.com\/es\/#\/schema\/logo\/image\/"},"sameAs":["https:\/\/www.facebook.com\/campingbellaterra\/","https:\/\/x.com\/cbellaterra","https:\/\/www.instagram.com\/campingbellaterra\/","https:\/\/www.youtube.com\/c\/Camping-Bellaterra-Blanes","https:\/\/www.tripadvisor.es\/Hotel_Review-g580331-d3328184-Reviews-Camping_Bella_Terra-Blanes_Costa_Brava_Province_of_Girona_Catalonia.html"]},{"@type":"Person","@id":"https:\/\/www.campingbellaterra.com\/es\/#\/schema\/person\/9dafe106b7fade6dd08664bb60ea89ac","name":"vado","image":{"@type":"ImageObject","inLanguage":"es","@id":"https:\/\/www.campingbellaterra.com\/es\/#\/schema\/person\/image\/","url":"https:\/\/secure.gravatar.com\/avatar\/6edab01d4cd19889ac2b69e05f01a3c93227951cf320620732fca472f184e4f5?s=96&d=mm&r=g","contentUrl":"https:\/\/secure.gravatar.com\/avatar\/6edab01d4cd19889ac2b69e05f01a3c93227951cf320620732fca472f184e4f5?s=96&d=mm&r=g","caption":"vado"},"url":"https:\/\/www.campingbellaterra.com\/es\/author\/vado\/"}]}},"_links":{"self":[{"href":"https:\/\/www.campingbellaterra.com\/es\/wp-json\/wp\/v2\/posts\/7101","targetHints":{"allow":["GET"]}}],"collection":[{"href":"https:\/\/www.campingbellaterra.com\/es\/wp-json\/wp\/v2\/posts"}],"about":[{"href":"https:\/\/www.campingbellaterra.com\/es\/wp-json\/wp\/v2\/types\/post"}],"author":[{"embeddable":true,"href":"https:\/\/www.campingbellaterra.com\/es\/wp-json\/wp\/v2\/users\/2"}],"replies":[{"embeddable":true,"href":"https:\/\/www.campingbellaterra.com\/es\/wp-json\/wp\/v2\/comments?post=7101"}],"version-history":[{"count":1,"href":"https:\/\/www.campingbellaterra.com\/es\/wp-json\/wp\/v2\/posts\/7101\/revisions"}],"predecessor-version":[{"id":10858,"href":"https:\/\/www.campingbellaterra.com\/es\/wp-json\/wp\/v2\/posts\/7101\/revisions\/10858"}],"wp:featuredmedia":[{"embeddable":true,"href":"https:\/\/www.campingbellaterra.com\/es\/wp-json\/wp\/v2\/media\/9838"}],"wp:attachment":[{"href":"https:\/\/www.campingbellaterra.com\/es\/wp-json\/wp\/v2\/media?parent=7101"}],"wp:term":[{"taxonomy":"category","embeddable":true,"href":"https:\/\/www.campingbellaterra.com\/es\/wp-json\/wp\/v2\/categories?post=7101"},{"taxonomy":"post_tag","embeddable":true,"href":"https:\/\/www.campingbellaterra.com\/es\/wp-json\/wp\/v2\/tags?post=7101"}],"curies":[{"name":"wp","href":"https:\/\/api.w.org\/{rel}","templated":true}]}}