{"id":7114,"date":"2019-11-08T13:30:45","date_gmt":"2019-11-08T12:30:45","guid":{"rendered":"https:\/\/www.campingbellaterra.com\/2019\/11\/08\/campistas-36-nacionalidades-visitan-camping-bella-terra\/"},"modified":"2022-04-12T10:00:21","modified_gmt":"2022-04-12T08:00:21","slug":"campistas-36-nacionalidades-visitan-camping-bella-terra","status":"publish","type":"post","link":"https:\/\/www.campingbellaterra.com\/es\/campistas-36-nacionalidades-visitan-camping-bella-terra\/","title":{"rendered":"Campistas de 36 nacionalidades diferentes visitan el Camping Bella Terra durante 2019"},"content":{"rendered":"<p><span style=\"font-size: 14pt;\">Holanda, Francia y Alemania, encabezan el ranking internacional de visitantes.&nbsp;<\/span><\/p>\n<p><!--more--><\/p>\n<p style=\"text-align: justify;\">El Camping Bella Terra, situado en Blanes, p\u00f3rtico de la Costa Brava, finaliz\u00f3 el pasado 29 de septiembre la temporada 2019. Durante este periodo han visitado el alojamiento tur\u00edstico, campistas de 36 pa\u00edses diferentes.&nbsp;A la cabeza del ranking se sit\u00faa el campista nacional, que representa el 32% del total de estancias en el camping. Por detr\u00e1s, se encuentran los campistas procedentes de Holanda (26%), Francia (18%) y Alemania (10%). Asimismo, estas nacionalidades aumentan los d\u00edas de estancia en el camping. Concretamente, la media del campista holand\u00e9s se sit\u00faa en los 14 d\u00edas, la del alem\u00e1n en 8 d\u00edas, y la del franc\u00e9s en 7,5 d\u00edas.<\/p>\n<p style=\"text-align: justify;\">Justo por detr\u00e1s de estas tres nacionalidades, se encuentran los campistas procedentes de B\u00e9lgica, que representan un 3,2% del total, seguidos muy de cerca por los procedentes de Gran Breta\u00f1a con un 3,1%. Adem\u00e1s, el campista belga se sit\u00faa en segunda posici\u00f3n en cuanto a los d\u00edas de estada, con una media de 12 d\u00edas.<\/p>\n<p style=\"text-align: justify;\">Tambi\u00e9n han visitado el alojamiento tur\u00edstico, campistas de pa\u00edses tan dispares como Australia, Estados Unidos, Canad\u00e1, Brasil, Argentina, Rusia o Israel. Entre las nacionalidades que han visitado el camping por primera vez, destacan pa\u00edses como Ucrania o Estonia.<\/p>\n<p style=\"text-align: justify;\">El Camping Bella Terra, que recientemente ha sido galardonado con el <a href=\"news-es\/noticias-camping-bellaterra\/certificado-excelencia-tripadvisor\">Certificado de Excelencia de TripAdvisor<\/a>, como el alojamiento extra hotelero n\u00ba1 de Blanes, abri\u00f3 el periodo de reservas de cara a la pr\u00f3xima temporada el lunes 4 de noviembre. En 2020, el camping abrir\u00e1 sus puertas el 28 de marzo, y prolongar\u00e1 la temporada hasta el 12 de octubre.<\/p>\n<p style=\"text-align: justify;\">\n","protected":false},"excerpt":{"rendered":"<p>Holanda, Francia y Alemania, encabezan el ranking internacional de visitantes.&nbsp;<\/p>\n","protected":false},"author":2,"featured_media":10114,"comment_status":"closed","ping_status":"closed","sticky":false,"template":"","format":"standard","meta":{"_acf_changed":false,"inline_featured_image":false,"_monsterinsights_skip_tracking":false,"_monsterinsights_sitenote_active":false,"_monsterinsights_sitenote_note":"","_monsterinsights_sitenote_category":0,"footnotes":""},"categories":[2279],"tags":[1868,1886,1892,1898],"class_list":["post-7114","post","type-post","status-publish","format-standard","has-post-thumbnail","hentry","category-blog-es","tag-blanes-es","tag-bungalows-es","tag-camping-es","tag-camping-bella-terra-es"],"acf":[],"yoast_head":"<!-- This site is optimized with the Yoast SEO plugin v27.0 - https:\/\/yoast.com\/product\/yoast-seo-wordpress\/ -->\n<title>Campistas de 36 nacionalidades diferentes visitan el Camping Bella Terra durante 2019 - Camping Bella Terra<\/title>\n<meta name=\"robots\" content=\"index, follow, max-snippet:-1, max-image-preview:large, max-video-preview:-1\" \/>\n<link rel=\"canonical\" href=\"https:\/\/www.campingbellaterra.com\/es\/campistas-36-nacionalidades-visitan-camping-bella-terra\/\" \/>\n<meta property=\"og:locale\" content=\"es_ES\" \/>\n<meta property=\"og:type\" content=\"article\" \/>\n<meta property=\"og:title\" content=\"Campistas de 36 nacionalidades diferentes visitan el Camping Bella Terra durante 2019 - Camping Bella Terra\" \/>\n<meta property=\"og:description\" content=\"Holanda, Francia y Alemania, encabezan el ranking internacional de visitantes.&nbsp;\" \/>\n<meta property=\"og:url\" content=\"https:\/\/www.campingbellaterra.com\/es\/campistas-36-nacionalidades-visitan-camping-bella-terra\/\" \/>\n<meta property=\"og:site_name\" content=\"Camping Bella Terra\" \/>\n<meta property=\"article:publisher\" content=\"https:\/\/www.facebook.com\/campingbellaterra\/\" \/>\n<meta property=\"article:published_time\" content=\"2019-11-08T12:30:45+00:00\" \/>\n<meta property=\"article:modified_time\" content=\"2022-04-12T08:00:21+00:00\" \/>\n<meta property=\"og:image\" content=\"https:\/\/www.campingbellaterra.com\/wp-content\/uploads\/protocols-air.jpg\" \/>\n\t<meta property=\"og:image:width\" content=\"1033\" \/>\n\t<meta property=\"og:image:height\" content=\"394\" \/>\n\t<meta property=\"og:image:type\" content=\"image\/jpeg\" \/>\n<meta name=\"author\" content=\"vado\" \/>\n<meta name=\"twitter:card\" content=\"summary_large_image\" \/>\n<meta name=\"twitter:creator\" content=\"@cbellaterra\" \/>\n<meta name=\"twitter:site\" content=\"@cbellaterra\" \/>\n<meta name=\"twitter:label1\" content=\"Escrito por\" \/>\n\t<meta name=\"twitter:data1\" content=\"vado\" \/>\n\t<meta name=\"twitter:label2\" content=\"Tiempo de lectura\" \/>\n\t<meta name=\"twitter:data2\" content=\"1 minuto\" \/>\n<script type=\"application\/ld+json\" class=\"yoast-schema-graph\">{\"@context\":\"https:\/\/schema.org\",\"@graph\":[{\"@type\":\"Article\",\"@id\":\"https:\/\/www.campingbellaterra.com\/es\/campistas-36-nacionalidades-visitan-camping-bella-terra\/#article\",\"isPartOf\":{\"@id\":\"https:\/\/www.campingbellaterra.com\/es\/campistas-36-nacionalidades-visitan-camping-bella-terra\/\"},\"author\":{\"name\":\"vado\",\"@id\":\"https:\/\/www.campingbellaterra.com\/es\/#\/schema\/person\/9dafe106b7fade6dd08664bb60ea89ac\"},\"headline\":\"Campistas de 36 nacionalidades diferentes visitan el Camping Bella Terra durante 2019\",\"datePublished\":\"2019-11-08T12:30:45+00:00\",\"dateModified\":\"2022-04-12T08:00:21+00:00\",\"mainEntityOfPage\":{\"@id\":\"https:\/\/www.campingbellaterra.com\/es\/campistas-36-nacionalidades-visitan-camping-bella-terra\/\"},\"wordCount\":290,\"publisher\":{\"@id\":\"https:\/\/www.campingbellaterra.com\/es\/#organization\"},\"image\":{\"@id\":\"https:\/\/www.campingbellaterra.com\/es\/campistas-36-nacionalidades-visitan-camping-bella-terra\/#primaryimage\"},\"thumbnailUrl\":\"https:\/\/www.campingbellaterra.com\/wp-content\/uploads\/protocols-air.jpg\",\"keywords\":[\"blanes\",\"BUNGALOWS\",\"camping\",\"camping bella terra\"],\"articleSection\":[\"blog\"],\"inLanguage\":\"es\"},{\"@type\":\"WebPage\",\"@id\":\"https:\/\/www.campingbellaterra.com\/es\/campistas-36-nacionalidades-visitan-camping-bella-terra\/\",\"url\":\"https:\/\/www.campingbellaterra.com\/es\/campistas-36-nacionalidades-visitan-camping-bella-terra\/\",\"name\":\"Campistas de 36 nacionalidades diferentes visitan el Camping Bella Terra durante 2019 - Camping Bella Terra\",\"isPartOf\":{\"@id\":\"https:\/\/www.campingbellaterra.com\/es\/#website\"},\"primaryImageOfPage\":{\"@id\":\"https:\/\/www.campingbellaterra.com\/es\/campistas-36-nacionalidades-visitan-camping-bella-terra\/#primaryimage\"},\"image\":{\"@id\":\"https:\/\/www.campingbellaterra.com\/es\/campistas-36-nacionalidades-visitan-camping-bella-terra\/#primaryimage\"},\"thumbnailUrl\":\"https:\/\/www.campingbellaterra.com\/wp-content\/uploads\/protocols-air.jpg\",\"datePublished\":\"2019-11-08T12:30:45+00:00\",\"dateModified\":\"2022-04-12T08:00:21+00:00\",\"breadcrumb\":{\"@id\":\"https:\/\/www.campingbellaterra.com\/es\/campistas-36-nacionalidades-visitan-camping-bella-terra\/#breadcrumb\"},\"inLanguage\":\"es\",\"potentialAction\":[{\"@type\":\"ReadAction\",\"target\":[\"https:\/\/www.campingbellaterra.com\/es\/campistas-36-nacionalidades-visitan-camping-bella-terra\/\"]}]},{\"@type\":\"ImageObject\",\"inLanguage\":\"es\",\"@id\":\"https:\/\/www.campingbellaterra.com\/es\/campistas-36-nacionalidades-visitan-camping-bella-terra\/#primaryimage\",\"url\":\"https:\/\/www.campingbellaterra.com\/wp-content\/uploads\/protocols-air.jpg\",\"contentUrl\":\"https:\/\/www.campingbellaterra.com\/wp-content\/uploads\/protocols-air.jpg\",\"width\":1033,\"height\":394},{\"@type\":\"BreadcrumbList\",\"@id\":\"https:\/\/www.campingbellaterra.com\/es\/campistas-36-nacionalidades-visitan-camping-bella-terra\/#breadcrumb\",\"itemListElement\":[{\"@type\":\"ListItem\",\"position\":1,\"name\":\"Inici\",\"item\":\"https:\/\/www.campingbellaterra.com\/es\/\"},{\"@type\":\"ListItem\",\"position\":2,\"name\":\"Campistas de 36 nacionalidades diferentes visitan el Camping Bella Terra durante 2019\"}]},{\"@type\":\"WebSite\",\"@id\":\"https:\/\/www.campingbellaterra.com\/es\/#website\",\"url\":\"https:\/\/www.campingbellaterra.com\/es\/\",\"name\":\"Camping Bella Terra\",\"description\":\"Tu camping familiar en la Costa Brava\",\"publisher\":{\"@id\":\"https:\/\/www.campingbellaterra.com\/es\/#organization\"},\"potentialAction\":[{\"@type\":\"SearchAction\",\"target\":{\"@type\":\"EntryPoint\",\"urlTemplate\":\"https:\/\/www.campingbellaterra.com\/es\/?s={search_term_string}\"},\"query-input\":{\"@type\":\"PropertyValueSpecification\",\"valueRequired\":true,\"valueName\":\"search_term_string\"}}],\"inLanguage\":\"es\"},{\"@type\":\"Organization\",\"@id\":\"https:\/\/www.campingbellaterra.com\/es\/#organization\",\"name\":\"Camping Bella Terra\",\"url\":\"https:\/\/www.campingbellaterra.com\/es\/\",\"logo\":{\"@type\":\"ImageObject\",\"inLanguage\":\"es\",\"@id\":\"https:\/\/www.campingbellaterra.com\/es\/#\/schema\/logo\/image\/\",\"url\":\"https:\/\/www.campingbellaterra.com\/wp-content\/uploads\/logo6.svg\",\"contentUrl\":\"https:\/\/www.campingbellaterra.com\/wp-content\/uploads\/logo6.svg\",\"width\":\"2048\",\"height\":\"2048\",\"caption\":\"Camping Bella Terra\"},\"image\":{\"@id\":\"https:\/\/www.campingbellaterra.com\/es\/#\/schema\/logo\/image\/\"},\"sameAs\":[\"https:\/\/www.facebook.com\/campingbellaterra\/\",\"https:\/\/x.com\/cbellaterra\",\"https:\/\/www.instagram.com\/campingbellaterra\/\",\"https:\/\/www.youtube.com\/c\/Camping-Bellaterra-Blanes\",\"https:\/\/www.tripadvisor.es\/Hotel_Review-g580331-d3328184-Reviews-Camping_Bella_Terra-Blanes_Costa_Brava_Province_of_Girona_Catalonia.html\"]},{\"@type\":\"Person\",\"@id\":\"https:\/\/www.campingbellaterra.com\/es\/#\/schema\/person\/9dafe106b7fade6dd08664bb60ea89ac\",\"name\":\"vado\",\"image\":{\"@type\":\"ImageObject\",\"inLanguage\":\"es\",\"@id\":\"https:\/\/www.campingbellaterra.com\/es\/#\/schema\/person\/image\/\",\"url\":\"https:\/\/secure.gravatar.com\/avatar\/6edab01d4cd19889ac2b69e05f01a3c93227951cf320620732fca472f184e4f5?s=96&d=mm&r=g\",\"contentUrl\":\"https:\/\/secure.gravatar.com\/avatar\/6edab01d4cd19889ac2b69e05f01a3c93227951cf320620732fca472f184e4f5?s=96&d=mm&r=g\",\"caption\":\"vado\"},\"url\":\"https:\/\/www.campingbellaterra.com\/es\/author\/vado\/\"}]}<\/script>\n<!-- \/ Yoast SEO plugin. -->","yoast_head_json":{"title":"Campistas de 36 nacionalidades diferentes visitan el Camping Bella Terra durante 2019 - Camping Bella Terra","robots":{"index":"index","follow":"follow","max-snippet":"max-snippet:-1","max-image-preview":"max-image-preview:large","max-video-preview":"max-video-preview:-1"},"canonical":"https:\/\/www.campingbellaterra.com\/es\/campistas-36-nacionalidades-visitan-camping-bella-terra\/","og_locale":"es_ES","og_type":"article","og_title":"Campistas de 36 nacionalidades diferentes visitan el Camping Bella Terra durante 2019 - Camping Bella Terra","og_description":"Holanda, Francia y Alemania, encabezan el ranking internacional de visitantes.&nbsp;","og_url":"https:\/\/www.campingbellaterra.com\/es\/campistas-36-nacionalidades-visitan-camping-bella-terra\/","og_site_name":"Camping Bella Terra","article_publisher":"https:\/\/www.facebook.com\/campingbellaterra\/","article_published_time":"2019-11-08T12:30:45+00:00","article_modified_time":"2022-04-12T08:00:21+00:00","og_image":[{"width":1033,"height":394,"url":"https:\/\/www.campingbellaterra.com\/wp-content\/uploads\/protocols-air.jpg","type":"image\/jpeg"}],"author":"vado","twitter_card":"summary_large_image","twitter_creator":"@cbellaterra","twitter_site":"@cbellaterra","twitter_misc":{"Escrito por":"vado","Tiempo de lectura":"1 minuto"},"schema":{"@context":"https:\/\/schema.org","@graph":[{"@type":"Article","@id":"https:\/\/www.campingbellaterra.com\/es\/campistas-36-nacionalidades-visitan-camping-bella-terra\/#article","isPartOf":{"@id":"https:\/\/www.campingbellaterra.com\/es\/campistas-36-nacionalidades-visitan-camping-bella-terra\/"},"author":{"name":"vado","@id":"https:\/\/www.campingbellaterra.com\/es\/#\/schema\/person\/9dafe106b7fade6dd08664bb60ea89ac"},"headline":"Campistas de 36 nacionalidades diferentes visitan el Camping Bella Terra durante 2019","datePublished":"2019-11-08T12:30:45+00:00","dateModified":"2022-04-12T08:00:21+00:00","mainEntityOfPage":{"@id":"https:\/\/www.campingbellaterra.com\/es\/campistas-36-nacionalidades-visitan-camping-bella-terra\/"},"wordCount":290,"publisher":{"@id":"https:\/\/www.campingbellaterra.com\/es\/#organization"},"image":{"@id":"https:\/\/www.campingbellaterra.com\/es\/campistas-36-nacionalidades-visitan-camping-bella-terra\/#primaryimage"},"thumbnailUrl":"https:\/\/www.campingbellaterra.com\/wp-content\/uploads\/protocols-air.jpg","keywords":["blanes","BUNGALOWS","camping","camping bella terra"],"articleSection":["blog"],"inLanguage":"es"},{"@type":"WebPage","@id":"https:\/\/www.campingbellaterra.com\/es\/campistas-36-nacionalidades-visitan-camping-bella-terra\/","url":"https:\/\/www.campingbellaterra.com\/es\/campistas-36-nacionalidades-visitan-camping-bella-terra\/","name":"Campistas de 36 nacionalidades diferentes visitan el Camping Bella Terra durante 2019 - Camping Bella Terra","isPartOf":{"@id":"https:\/\/www.campingbellaterra.com\/es\/#website"},"primaryImageOfPage":{"@id":"https:\/\/www.campingbellaterra.com\/es\/campistas-36-nacionalidades-visitan-camping-bella-terra\/#primaryimage"},"image":{"@id":"https:\/\/www.campingbellaterra.com\/es\/campistas-36-nacionalidades-visitan-camping-bella-terra\/#primaryimage"},"thumbnailUrl":"https:\/\/www.campingbellaterra.com\/wp-content\/uploads\/protocols-air.jpg","datePublished":"2019-11-08T12:30:45+00:00","dateModified":"2022-04-12T08:00:21+00:00","breadcrumb":{"@id":"https:\/\/www.campingbellaterra.com\/es\/campistas-36-nacionalidades-visitan-camping-bella-terra\/#breadcrumb"},"inLanguage":"es","potentialAction":[{"@type":"ReadAction","target":["https:\/\/www.campingbellaterra.com\/es\/campistas-36-nacionalidades-visitan-camping-bella-terra\/"]}]},{"@type":"ImageObject","inLanguage":"es","@id":"https:\/\/www.campingbellaterra.com\/es\/campistas-36-nacionalidades-visitan-camping-bella-terra\/#primaryimage","url":"https:\/\/www.campingbellaterra.com\/wp-content\/uploads\/protocols-air.jpg","contentUrl":"https:\/\/www.campingbellaterra.com\/wp-content\/uploads\/protocols-air.jpg","width":1033,"height":394},{"@type":"BreadcrumbList","@id":"https:\/\/www.campingbellaterra.com\/es\/campistas-36-nacionalidades-visitan-camping-bella-terra\/#breadcrumb","itemListElement":[{"@type":"ListItem","position":1,"name":"Inici","item":"https:\/\/www.campingbellaterra.com\/es\/"},{"@type":"ListItem","position":2,"name":"Campistas de 36 nacionalidades diferentes visitan el Camping Bella Terra durante 2019"}]},{"@type":"WebSite","@id":"https:\/\/www.campingbellaterra.com\/es\/#website","url":"https:\/\/www.campingbellaterra.com\/es\/","name":"Camping Bella Terra","description":"Tu camping familiar en la Costa Brava","publisher":{"@id":"https:\/\/www.campingbellaterra.com\/es\/#organization"},"potentialAction":[{"@type":"SearchAction","target":{"@type":"EntryPoint","urlTemplate":"https:\/\/www.campingbellaterra.com\/es\/?s={search_term_string}"},"query-input":{"@type":"PropertyValueSpecification","valueRequired":true,"valueName":"search_term_string"}}],"inLanguage":"es"},{"@type":"Organization","@id":"https:\/\/www.campingbellaterra.com\/es\/#organization","name":"Camping Bella Terra","url":"https:\/\/www.campingbellaterra.com\/es\/","logo":{"@type":"ImageObject","inLanguage":"es","@id":"https:\/\/www.campingbellaterra.com\/es\/#\/schema\/logo\/image\/","url":"https:\/\/www.campingbellaterra.com\/wp-content\/uploads\/logo6.svg","contentUrl":"https:\/\/www.campingbellaterra.com\/wp-content\/uploads\/logo6.svg","width":"2048","height":"2048","caption":"Camping Bella Terra"},"image":{"@id":"https:\/\/www.campingbellaterra.com\/es\/#\/schema\/logo\/image\/"},"sameAs":["https:\/\/www.facebook.com\/campingbellaterra\/","https:\/\/x.com\/cbellaterra","https:\/\/www.instagram.com\/campingbellaterra\/","https:\/\/www.youtube.com\/c\/Camping-Bellaterra-Blanes","https:\/\/www.tripadvisor.es\/Hotel_Review-g580331-d3328184-Reviews-Camping_Bella_Terra-Blanes_Costa_Brava_Province_of_Girona_Catalonia.html"]},{"@type":"Person","@id":"https:\/\/www.campingbellaterra.com\/es\/#\/schema\/person\/9dafe106b7fade6dd08664bb60ea89ac","name":"vado","image":{"@type":"ImageObject","inLanguage":"es","@id":"https:\/\/www.campingbellaterra.com\/es\/#\/schema\/person\/image\/","url":"https:\/\/secure.gravatar.com\/avatar\/6edab01d4cd19889ac2b69e05f01a3c93227951cf320620732fca472f184e4f5?s=96&d=mm&r=g","contentUrl":"https:\/\/secure.gravatar.com\/avatar\/6edab01d4cd19889ac2b69e05f01a3c93227951cf320620732fca472f184e4f5?s=96&d=mm&r=g","caption":"vado"},"url":"https:\/\/www.campingbellaterra.com\/es\/author\/vado\/"}]}},"_links":{"self":[{"href":"https:\/\/www.campingbellaterra.com\/es\/wp-json\/wp\/v2\/posts\/7114","targetHints":{"allow":["GET"]}}],"collection":[{"href":"https:\/\/www.campingbellaterra.com\/es\/wp-json\/wp\/v2\/posts"}],"about":[{"href":"https:\/\/www.campingbellaterra.com\/es\/wp-json\/wp\/v2\/types\/post"}],"author":[{"embeddable":true,"href":"https:\/\/www.campingbellaterra.com\/es\/wp-json\/wp\/v2\/users\/2"}],"replies":[{"embeddable":true,"href":"https:\/\/www.campingbellaterra.com\/es\/wp-json\/wp\/v2\/comments?post=7114"}],"version-history":[{"count":3,"href":"https:\/\/www.campingbellaterra.com\/es\/wp-json\/wp\/v2\/posts\/7114\/revisions"}],"predecessor-version":[{"id":12742,"href":"https:\/\/www.campingbellaterra.com\/es\/wp-json\/wp\/v2\/posts\/7114\/revisions\/12742"}],"wp:featuredmedia":[{"embeddable":true,"href":"https:\/\/www.campingbellaterra.com\/es\/wp-json\/wp\/v2\/media\/10114"}],"wp:attachment":[{"href":"https:\/\/www.campingbellaterra.com\/es\/wp-json\/wp\/v2\/media?parent=7114"}],"wp:term":[{"taxonomy":"category","embeddable":true,"href":"https:\/\/www.campingbellaterra.com\/es\/wp-json\/wp\/v2\/categories?post=7114"},{"taxonomy":"post_tag","embeddable":true,"href":"https:\/\/www.campingbellaterra.com\/es\/wp-json\/wp\/v2\/tags?post=7114"}],"curies":[{"name":"wp","href":"https:\/\/api.w.org\/{rel}","templated":true}]}}