{"id":7128,"date":"2020-02-13T08:00:19","date_gmt":"2020-02-13T07:00:19","guid":{"rendered":"https:\/\/www.campingbellaterra.com\/2020\/02\/13\/camping-bella-terra-estrena-version-danes\/"},"modified":"2022-04-12T09:58:41","modified_gmt":"2022-04-12T07:58:41","slug":"camping-bella-terra-estrena-version-danes","status":"publish","type":"post","link":"https:\/\/www.campingbellaterra.com\/es\/camping-bella-terra-estrena-version-danes\/","title":{"rendered":"El portal web del Camping Bella Terra estrena su versi\u00f3n en dan\u00e9s"},"content":{"rendered":"<p><span style=\"font-size: 14pt;\">El alojamiento tur\u00edstico, que inicia la nueva temporada el pr\u00f3ximo s\u00e1bado 28 de marzo, ya dispone de una versi\u00f3n en dan\u00e9s de su web.&nbsp;<\/span><\/p>\n<p><!--more--><\/p>\n<p style=\"text-align: justify;\">El Camping Bella Terra, situado en la localidad costera de Blanes, ha incorporado recientemente el idioma dan\u00e9s en su p\u00e1gina web, con contendidos exclusivos en dicha lengua. De esta manera el alojamiento tur\u00edstico, ya cuenta con 7 idiomas en el portal web: catal\u00e1n, castellano, ingl\u00e9s, holand\u00e9s, alem\u00e1n, franc\u00e9s, y dan\u00e9s.<\/p>\n<p style=\"text-align: justify;\"><em>\u2018A\u00f1o tras a\u00f1o aumentan las estancias de los campistas daneses en nuestro camping. De hecho el mercado escandinavo representa una parte muy importante de nuestro negocio fuera de la temporada alta. Esta es una de las razones de la incorporaci\u00f3n de la versi\u00f3n danesa en nuestro sitio web\u2019<\/em>, se\u00f1ala Vicen\u00e7 Fern\u00e1ndez, director del Camping Bella Terra.<\/p>\n<p style=\"text-align: justify;\"><strong>Presencia en la Ferie For Alle de Herning<\/strong><\/p>\n<p style=\"text-align: justify;\">En su objetivo de seguir impulsando la llegada de campistas escandinavos a sus instalaciones, el Camping Bella Terra estar\u00e1 presente por cuarto a\u00f1o consecutivo, en la <strong>Ferie for Alle<\/strong>, que se celebrar\u00e1 del 21 al 23 de febrero, en el recinto ferial MCH Messecenter, de la ciudad danesa de Herning. Mikkel y Bodil Anderesen, matrimonio dan\u00e9s asiduo al camping, ser\u00e1n los representantes del alojamiento tur\u00edstico en dicho sal\u00f3n.<\/p>\n<p>{gallery}Herning2020{\/gallery}<\/p>\n<p style=\"text-align: justify;\">El Camping Bella Terra, galardonado con el <a href=\"news-es\/noticias-camping-bellaterra\/certificado-excelencia-tripadvisor\">Certificado de Excelencia de TripAdvisor<\/a>, como el alojamiento extra hotelero n\u00ba1 de Blanes, abrir\u00e1 sus puertas el 28 de marzo, y prolongar\u00e1 la temporada hasta el 12 de octubre.&nbsp;&nbsp;<\/p>\n<p style=\"text-align: justify;\">\n","protected":false},"excerpt":{"rendered":"<p>El alojamiento tur\u00edstico, que inicia la nueva temporada el pr\u00f3ximo s\u00e1bado 28 de marzo, ya dispone de una versi\u00f3n en dan\u00e9s de su web.&nbsp;<\/p>\n","protected":false},"author":2,"featured_media":9898,"comment_status":"closed","ping_status":"closed","sticky":false,"template":"","format":"standard","meta":{"_acf_changed":false,"inline_featured_image":false,"_monsterinsights_skip_tracking":false,"_monsterinsights_sitenote_active":false,"_monsterinsights_sitenote_note":"","_monsterinsights_sitenote_category":0,"footnotes":""},"categories":[2279],"tags":[1868,1886,1892,1898,1982],"class_list":["post-7128","post","type-post","status-publish","format-standard","has-post-thumbnail","hentry","category-blog-es","tag-blanes-es","tag-bungalows-es","tag-camping-es","tag-camping-bella-terra-es","tag-dinamarca-es"],"acf":[],"yoast_head":"<!-- This site is optimized with the Yoast SEO plugin v27.0 - https:\/\/yoast.com\/product\/yoast-seo-wordpress\/ -->\n<title>El portal web del Camping Bella Terra estrena su versi\u00f3n en dan\u00e9s - Camping Bella Terra<\/title>\n<meta name=\"robots\" content=\"index, follow, max-snippet:-1, max-image-preview:large, max-video-preview:-1\" \/>\n<link rel=\"canonical\" href=\"https:\/\/www.campingbellaterra.com\/es\/camping-bella-terra-estrena-version-danes\/\" \/>\n<meta property=\"og:locale\" content=\"es_ES\" \/>\n<meta property=\"og:type\" content=\"article\" \/>\n<meta property=\"og:title\" content=\"El portal web del Camping Bella Terra estrena su versi\u00f3n en dan\u00e9s - Camping Bella Terra\" \/>\n<meta property=\"og:description\" content=\"El alojamiento tur\u00edstico, que inicia la nueva temporada el pr\u00f3ximo s\u00e1bado 28 de marzo, ya dispone de una versi\u00f3n en dan\u00e9s de su web.&nbsp;\" \/>\n<meta property=\"og:url\" content=\"https:\/\/www.campingbellaterra.com\/es\/camping-bella-terra-estrena-version-danes\/\" \/>\n<meta property=\"og:site_name\" content=\"Camping Bella Terra\" \/>\n<meta property=\"article:publisher\" content=\"https:\/\/www.facebook.com\/campingbellaterra\/\" \/>\n<meta property=\"article:published_time\" content=\"2020-02-13T07:00:19+00:00\" \/>\n<meta property=\"article:modified_time\" content=\"2022-04-12T07:58:41+00:00\" \/>\n<meta property=\"og:image\" content=\"https:\/\/www.campingbellaterra.com\/wp-content\/uploads\/media\/k2\/items\/src\/21615ff211c60b43d866a2b2bca320da.jpg\" \/>\n\t<meta property=\"og:image:width\" content=\"1321\" \/>\n\t<meta property=\"og:image:height\" content=\"645\" \/>\n\t<meta property=\"og:image:type\" content=\"image\/jpeg\" \/>\n<meta name=\"author\" content=\"vado\" \/>\n<meta name=\"twitter:card\" content=\"summary_large_image\" \/>\n<meta name=\"twitter:creator\" content=\"@cbellaterra\" \/>\n<meta name=\"twitter:site\" content=\"@cbellaterra\" \/>\n<meta name=\"twitter:label1\" content=\"Escrito por\" \/>\n\t<meta name=\"twitter:data1\" content=\"vado\" \/>\n\t<meta name=\"twitter:label2\" content=\"Tiempo de lectura\" \/>\n\t<meta name=\"twitter:data2\" content=\"1 minuto\" \/>\n<script type=\"application\/ld+json\" class=\"yoast-schema-graph\">{\"@context\":\"https:\/\/schema.org\",\"@graph\":[{\"@type\":\"Article\",\"@id\":\"https:\/\/www.campingbellaterra.com\/es\/camping-bella-terra-estrena-version-danes\/#article\",\"isPartOf\":{\"@id\":\"https:\/\/www.campingbellaterra.com\/es\/camping-bella-terra-estrena-version-danes\/\"},\"author\":{\"name\":\"vado\",\"@id\":\"https:\/\/www.campingbellaterra.com\/es\/#\/schema\/person\/9dafe106b7fade6dd08664bb60ea89ac\"},\"headline\":\"El portal web del Camping Bella Terra estrena su versi\u00f3n en dan\u00e9s\",\"datePublished\":\"2020-02-13T07:00:19+00:00\",\"dateModified\":\"2022-04-12T07:58:41+00:00\",\"mainEntityOfPage\":{\"@id\":\"https:\/\/www.campingbellaterra.com\/es\/camping-bella-terra-estrena-version-danes\/\"},\"wordCount\":281,\"publisher\":{\"@id\":\"https:\/\/www.campingbellaterra.com\/es\/#organization\"},\"image\":{\"@id\":\"https:\/\/www.campingbellaterra.com\/es\/camping-bella-terra-estrena-version-danes\/#primaryimage\"},\"thumbnailUrl\":\"https:\/\/www.campingbellaterra.com\/wp-content\/uploads\/media\/k2\/items\/src\/21615ff211c60b43d866a2b2bca320da.jpg\",\"keywords\":[\"blanes\",\"BUNGALOWS\",\"camping\",\"camping bella terra\",\"Dinamarca\"],\"articleSection\":[\"blog\"],\"inLanguage\":\"es\"},{\"@type\":\"WebPage\",\"@id\":\"https:\/\/www.campingbellaterra.com\/es\/camping-bella-terra-estrena-version-danes\/\",\"url\":\"https:\/\/www.campingbellaterra.com\/es\/camping-bella-terra-estrena-version-danes\/\",\"name\":\"El portal web del Camping Bella Terra estrena su versi\u00f3n en dan\u00e9s - Camping Bella Terra\",\"isPartOf\":{\"@id\":\"https:\/\/www.campingbellaterra.com\/es\/#website\"},\"primaryImageOfPage\":{\"@id\":\"https:\/\/www.campingbellaterra.com\/es\/camping-bella-terra-estrena-version-danes\/#primaryimage\"},\"image\":{\"@id\":\"https:\/\/www.campingbellaterra.com\/es\/camping-bella-terra-estrena-version-danes\/#primaryimage\"},\"thumbnailUrl\":\"https:\/\/www.campingbellaterra.com\/wp-content\/uploads\/media\/k2\/items\/src\/21615ff211c60b43d866a2b2bca320da.jpg\",\"datePublished\":\"2020-02-13T07:00:19+00:00\",\"dateModified\":\"2022-04-12T07:58:41+00:00\",\"breadcrumb\":{\"@id\":\"https:\/\/www.campingbellaterra.com\/es\/camping-bella-terra-estrena-version-danes\/#breadcrumb\"},\"inLanguage\":\"es\",\"potentialAction\":[{\"@type\":\"ReadAction\",\"target\":[\"https:\/\/www.campingbellaterra.com\/es\/camping-bella-terra-estrena-version-danes\/\"]}]},{\"@type\":\"ImageObject\",\"inLanguage\":\"es\",\"@id\":\"https:\/\/www.campingbellaterra.com\/es\/camping-bella-terra-estrena-version-danes\/#primaryimage\",\"url\":\"https:\/\/www.campingbellaterra.com\/wp-content\/uploads\/media\/k2\/items\/src\/21615ff211c60b43d866a2b2bca320da.jpg\",\"contentUrl\":\"https:\/\/www.campingbellaterra.com\/wp-content\/uploads\/media\/k2\/items\/src\/21615ff211c60b43d866a2b2bca320da.jpg\",\"width\":1321,\"height\":645},{\"@type\":\"BreadcrumbList\",\"@id\":\"https:\/\/www.campingbellaterra.com\/es\/camping-bella-terra-estrena-version-danes\/#breadcrumb\",\"itemListElement\":[{\"@type\":\"ListItem\",\"position\":1,\"name\":\"Inici\",\"item\":\"https:\/\/www.campingbellaterra.com\/es\/\"},{\"@type\":\"ListItem\",\"position\":2,\"name\":\"El portal web del Camping Bella Terra estrena su versi\u00f3n en dan\u00e9s\"}]},{\"@type\":\"WebSite\",\"@id\":\"https:\/\/www.campingbellaterra.com\/es\/#website\",\"url\":\"https:\/\/www.campingbellaterra.com\/es\/\",\"name\":\"Camping Bella Terra\",\"description\":\"Tu camping familiar en la Costa Brava\",\"publisher\":{\"@id\":\"https:\/\/www.campingbellaterra.com\/es\/#organization\"},\"potentialAction\":[{\"@type\":\"SearchAction\",\"target\":{\"@type\":\"EntryPoint\",\"urlTemplate\":\"https:\/\/www.campingbellaterra.com\/es\/?s={search_term_string}\"},\"query-input\":{\"@type\":\"PropertyValueSpecification\",\"valueRequired\":true,\"valueName\":\"search_term_string\"}}],\"inLanguage\":\"es\"},{\"@type\":\"Organization\",\"@id\":\"https:\/\/www.campingbellaterra.com\/es\/#organization\",\"name\":\"Camping Bella Terra\",\"url\":\"https:\/\/www.campingbellaterra.com\/es\/\",\"logo\":{\"@type\":\"ImageObject\",\"inLanguage\":\"es\",\"@id\":\"https:\/\/www.campingbellaterra.com\/es\/#\/schema\/logo\/image\/\",\"url\":\"https:\/\/www.campingbellaterra.com\/wp-content\/uploads\/logo6.svg\",\"contentUrl\":\"https:\/\/www.campingbellaterra.com\/wp-content\/uploads\/logo6.svg\",\"width\":\"2048\",\"height\":\"2048\",\"caption\":\"Camping Bella Terra\"},\"image\":{\"@id\":\"https:\/\/www.campingbellaterra.com\/es\/#\/schema\/logo\/image\/\"},\"sameAs\":[\"https:\/\/www.facebook.com\/campingbellaterra\/\",\"https:\/\/x.com\/cbellaterra\",\"https:\/\/www.instagram.com\/campingbellaterra\/\",\"https:\/\/www.youtube.com\/c\/Camping-Bellaterra-Blanes\",\"https:\/\/www.tripadvisor.es\/Hotel_Review-g580331-d3328184-Reviews-Camping_Bella_Terra-Blanes_Costa_Brava_Province_of_Girona_Catalonia.html\"]},{\"@type\":\"Person\",\"@id\":\"https:\/\/www.campingbellaterra.com\/es\/#\/schema\/person\/9dafe106b7fade6dd08664bb60ea89ac\",\"name\":\"vado\",\"image\":{\"@type\":\"ImageObject\",\"inLanguage\":\"es\",\"@id\":\"https:\/\/www.campingbellaterra.com\/es\/#\/schema\/person\/image\/\",\"url\":\"https:\/\/secure.gravatar.com\/avatar\/6edab01d4cd19889ac2b69e05f01a3c93227951cf320620732fca472f184e4f5?s=96&d=mm&r=g\",\"contentUrl\":\"https:\/\/secure.gravatar.com\/avatar\/6edab01d4cd19889ac2b69e05f01a3c93227951cf320620732fca472f184e4f5?s=96&d=mm&r=g\",\"caption\":\"vado\"},\"url\":\"https:\/\/www.campingbellaterra.com\/es\/author\/vado\/\"}]}<\/script>\n<!-- \/ Yoast SEO plugin. -->","yoast_head_json":{"title":"El portal web del Camping Bella Terra estrena su versi\u00f3n en dan\u00e9s - Camping Bella Terra","robots":{"index":"index","follow":"follow","max-snippet":"max-snippet:-1","max-image-preview":"max-image-preview:large","max-video-preview":"max-video-preview:-1"},"canonical":"https:\/\/www.campingbellaterra.com\/es\/camping-bella-terra-estrena-version-danes\/","og_locale":"es_ES","og_type":"article","og_title":"El portal web del Camping Bella Terra estrena su versi\u00f3n en dan\u00e9s - Camping Bella Terra","og_description":"El alojamiento tur\u00edstico, que inicia la nueva temporada el pr\u00f3ximo s\u00e1bado 28 de marzo, ya dispone de una versi\u00f3n en dan\u00e9s de su web.&nbsp;","og_url":"https:\/\/www.campingbellaterra.com\/es\/camping-bella-terra-estrena-version-danes\/","og_site_name":"Camping Bella Terra","article_publisher":"https:\/\/www.facebook.com\/campingbellaterra\/","article_published_time":"2020-02-13T07:00:19+00:00","article_modified_time":"2022-04-12T07:58:41+00:00","og_image":[{"width":1321,"height":645,"url":"https:\/\/www.campingbellaterra.com\/wp-content\/uploads\/media\/k2\/items\/src\/21615ff211c60b43d866a2b2bca320da.jpg","type":"image\/jpeg"}],"author":"vado","twitter_card":"summary_large_image","twitter_creator":"@cbellaterra","twitter_site":"@cbellaterra","twitter_misc":{"Escrito por":"vado","Tiempo de lectura":"1 minuto"},"schema":{"@context":"https:\/\/schema.org","@graph":[{"@type":"Article","@id":"https:\/\/www.campingbellaterra.com\/es\/camping-bella-terra-estrena-version-danes\/#article","isPartOf":{"@id":"https:\/\/www.campingbellaterra.com\/es\/camping-bella-terra-estrena-version-danes\/"},"author":{"name":"vado","@id":"https:\/\/www.campingbellaterra.com\/es\/#\/schema\/person\/9dafe106b7fade6dd08664bb60ea89ac"},"headline":"El portal web del Camping Bella Terra estrena su versi\u00f3n en dan\u00e9s","datePublished":"2020-02-13T07:00:19+00:00","dateModified":"2022-04-12T07:58:41+00:00","mainEntityOfPage":{"@id":"https:\/\/www.campingbellaterra.com\/es\/camping-bella-terra-estrena-version-danes\/"},"wordCount":281,"publisher":{"@id":"https:\/\/www.campingbellaterra.com\/es\/#organization"},"image":{"@id":"https:\/\/www.campingbellaterra.com\/es\/camping-bella-terra-estrena-version-danes\/#primaryimage"},"thumbnailUrl":"https:\/\/www.campingbellaterra.com\/wp-content\/uploads\/media\/k2\/items\/src\/21615ff211c60b43d866a2b2bca320da.jpg","keywords":["blanes","BUNGALOWS","camping","camping bella terra","Dinamarca"],"articleSection":["blog"],"inLanguage":"es"},{"@type":"WebPage","@id":"https:\/\/www.campingbellaterra.com\/es\/camping-bella-terra-estrena-version-danes\/","url":"https:\/\/www.campingbellaterra.com\/es\/camping-bella-terra-estrena-version-danes\/","name":"El portal web del Camping Bella Terra estrena su versi\u00f3n en dan\u00e9s - Camping Bella Terra","isPartOf":{"@id":"https:\/\/www.campingbellaterra.com\/es\/#website"},"primaryImageOfPage":{"@id":"https:\/\/www.campingbellaterra.com\/es\/camping-bella-terra-estrena-version-danes\/#primaryimage"},"image":{"@id":"https:\/\/www.campingbellaterra.com\/es\/camping-bella-terra-estrena-version-danes\/#primaryimage"},"thumbnailUrl":"https:\/\/www.campingbellaterra.com\/wp-content\/uploads\/media\/k2\/items\/src\/21615ff211c60b43d866a2b2bca320da.jpg","datePublished":"2020-02-13T07:00:19+00:00","dateModified":"2022-04-12T07:58:41+00:00","breadcrumb":{"@id":"https:\/\/www.campingbellaterra.com\/es\/camping-bella-terra-estrena-version-danes\/#breadcrumb"},"inLanguage":"es","potentialAction":[{"@type":"ReadAction","target":["https:\/\/www.campingbellaterra.com\/es\/camping-bella-terra-estrena-version-danes\/"]}]},{"@type":"ImageObject","inLanguage":"es","@id":"https:\/\/www.campingbellaterra.com\/es\/camping-bella-terra-estrena-version-danes\/#primaryimage","url":"https:\/\/www.campingbellaterra.com\/wp-content\/uploads\/media\/k2\/items\/src\/21615ff211c60b43d866a2b2bca320da.jpg","contentUrl":"https:\/\/www.campingbellaterra.com\/wp-content\/uploads\/media\/k2\/items\/src\/21615ff211c60b43d866a2b2bca320da.jpg","width":1321,"height":645},{"@type":"BreadcrumbList","@id":"https:\/\/www.campingbellaterra.com\/es\/camping-bella-terra-estrena-version-danes\/#breadcrumb","itemListElement":[{"@type":"ListItem","position":1,"name":"Inici","item":"https:\/\/www.campingbellaterra.com\/es\/"},{"@type":"ListItem","position":2,"name":"El portal web del Camping Bella Terra estrena su versi\u00f3n en dan\u00e9s"}]},{"@type":"WebSite","@id":"https:\/\/www.campingbellaterra.com\/es\/#website","url":"https:\/\/www.campingbellaterra.com\/es\/","name":"Camping Bella Terra","description":"Tu camping familiar en la Costa Brava","publisher":{"@id":"https:\/\/www.campingbellaterra.com\/es\/#organization"},"potentialAction":[{"@type":"SearchAction","target":{"@type":"EntryPoint","urlTemplate":"https:\/\/www.campingbellaterra.com\/es\/?s={search_term_string}"},"query-input":{"@type":"PropertyValueSpecification","valueRequired":true,"valueName":"search_term_string"}}],"inLanguage":"es"},{"@type":"Organization","@id":"https:\/\/www.campingbellaterra.com\/es\/#organization","name":"Camping Bella Terra","url":"https:\/\/www.campingbellaterra.com\/es\/","logo":{"@type":"ImageObject","inLanguage":"es","@id":"https:\/\/www.campingbellaterra.com\/es\/#\/schema\/logo\/image\/","url":"https:\/\/www.campingbellaterra.com\/wp-content\/uploads\/logo6.svg","contentUrl":"https:\/\/www.campingbellaterra.com\/wp-content\/uploads\/logo6.svg","width":"2048","height":"2048","caption":"Camping Bella Terra"},"image":{"@id":"https:\/\/www.campingbellaterra.com\/es\/#\/schema\/logo\/image\/"},"sameAs":["https:\/\/www.facebook.com\/campingbellaterra\/","https:\/\/x.com\/cbellaterra","https:\/\/www.instagram.com\/campingbellaterra\/","https:\/\/www.youtube.com\/c\/Camping-Bellaterra-Blanes","https:\/\/www.tripadvisor.es\/Hotel_Review-g580331-d3328184-Reviews-Camping_Bella_Terra-Blanes_Costa_Brava_Province_of_Girona_Catalonia.html"]},{"@type":"Person","@id":"https:\/\/www.campingbellaterra.com\/es\/#\/schema\/person\/9dafe106b7fade6dd08664bb60ea89ac","name":"vado","image":{"@type":"ImageObject","inLanguage":"es","@id":"https:\/\/www.campingbellaterra.com\/es\/#\/schema\/person\/image\/","url":"https:\/\/secure.gravatar.com\/avatar\/6edab01d4cd19889ac2b69e05f01a3c93227951cf320620732fca472f184e4f5?s=96&d=mm&r=g","contentUrl":"https:\/\/secure.gravatar.com\/avatar\/6edab01d4cd19889ac2b69e05f01a3c93227951cf320620732fca472f184e4f5?s=96&d=mm&r=g","caption":"vado"},"url":"https:\/\/www.campingbellaterra.com\/es\/author\/vado\/"}]}},"_links":{"self":[{"href":"https:\/\/www.campingbellaterra.com\/es\/wp-json\/wp\/v2\/posts\/7128","targetHints":{"allow":["GET"]}}],"collection":[{"href":"https:\/\/www.campingbellaterra.com\/es\/wp-json\/wp\/v2\/posts"}],"about":[{"href":"https:\/\/www.campingbellaterra.com\/es\/wp-json\/wp\/v2\/types\/post"}],"author":[{"embeddable":true,"href":"https:\/\/www.campingbellaterra.com\/es\/wp-json\/wp\/v2\/users\/2"}],"replies":[{"embeddable":true,"href":"https:\/\/www.campingbellaterra.com\/es\/wp-json\/wp\/v2\/comments?post=7128"}],"version-history":[{"count":1,"href":"https:\/\/www.campingbellaterra.com\/es\/wp-json\/wp\/v2\/posts\/7128\/revisions"}],"predecessor-version":[{"id":10824,"href":"https:\/\/www.campingbellaterra.com\/es\/wp-json\/wp\/v2\/posts\/7128\/revisions\/10824"}],"wp:featuredmedia":[{"embeddable":true,"href":"https:\/\/www.campingbellaterra.com\/es\/wp-json\/wp\/v2\/media\/9898"}],"wp:attachment":[{"href":"https:\/\/www.campingbellaterra.com\/es\/wp-json\/wp\/v2\/media?parent=7128"}],"wp:term":[{"taxonomy":"category","embeddable":true,"href":"https:\/\/www.campingbellaterra.com\/es\/wp-json\/wp\/v2\/categories?post=7128"},{"taxonomy":"post_tag","embeddable":true,"href":"https:\/\/www.campingbellaterra.com\/es\/wp-json\/wp\/v2\/tags?post=7128"}],"curies":[{"name":"wp","href":"https:\/\/api.w.org\/{rel}","templated":true}]}}