{"id":7144,"date":"2020-02-20T11:30:50","date_gmt":"2020-02-20T10:30:50","guid":{"rendered":"https:\/\/www.campingbellaterra.com\/2020\/02\/20\/presente-ferie-for-alle-herning\/"},"modified":"2022-04-12T09:55:45","modified_gmt":"2022-04-12T07:55:45","slug":"presente-ferie-for-alle-herning","status":"publish","type":"post","link":"https:\/\/www.campingbellaterra.com\/es\/presente-ferie-for-alle-herning\/","title":{"rendered":"El Camping Bella Terra presente por cuarto a\u00f1o consecutivo en la Ferie For Alle de Herning"},"content":{"rendered":"<p><span style=\"font-size: 14pt;\">El sal\u00f3n se celebrar\u00e1 del 21 al 23 de febrero en la ciudad danesa de Herning.&nbsp;<\/span><\/p>\n<p><!--more--><\/p>\n<p style=\"text-align: justify;\">El Camping Bella Terra estar\u00e1 presente un a\u00f1o m\u00e1s, en la Ferie For Alle de Herning, la principal cita de la industria tur\u00edstica del mercado escandinavo, que tendr\u00e1 lugar desde este viernes y hasta el domingo en el recinto ferial de MCH Messecenter. Se trata de un sal\u00f3n muy popular dirigido tanto a profesionales de la industria como a particulares. La feria ha experimentado un gran crecimiento en los \u00faltimos a\u00f1os, consiguiendo una participaci\u00f3n cada vez m\u00e1s internacional. La edici\u00f3n de 2019, reuni\u00f3 a 1.131 expositores, y visitaron el evento m\u00e1s de 60.000 personas.<\/p>\n<p style=\"text-align: justify;\">El Camping Bella Terra estar\u00e1 ubicado en el Hall M, en el stand 9768, que se convertir\u00e1 en la zona de trabajo, con el objetivo de dar a conocer el establecimiento tur\u00edstico e incrementar los viajeros procedentes del pa\u00eds y en extensi\u00f3n del mercado n\u00f3rdico.<\/p>\n<p style=\"text-align: justify;\">Mikkel y Bodil Andersen, matrimonio dan\u00e9s asiduo al camping volver\u00e1n a ser una edici\u00f3n m\u00e1s, los encargados de representar el alojamiento tur\u00edstico en dicho sal\u00f3n.<\/p>\n<p style=\"text-align: justify;\"><em>\u2018Nuestro objetivo en Herning es atraer a trav\u00e9s de un trato muy cercano la atenci\u00f3n del mercado escandinavo, que en los \u00faltimos a\u00f1os representa una parte muy importante de nuestro negocio fuera de la temporada alta. El matrimonio Anderesen, son los mejores representantes para transmitir esta filosof\u00eda\u2019<\/em> se\u00f1ala Vicen\u00e7 Fern\u00e1ndez, director del Camping Bella Terra.<\/p>\n<p style=\"text-align: justify;\">El alojamiento tur\u00edstico situado en la localidad costera de Blanes, abrir\u00e1 sus puertas el pr\u00f3ximo s\u00e1bado 28 de marzo y prolongar\u00e1 la temporada hasta el 12 de octubre.<\/p>\n<p>{gallery}Herning2020{\/gallery}<\/p>\n<p style=\"text-align: justify;\">\n","protected":false},"excerpt":{"rendered":"<p>El sal\u00f3n se celebrar\u00e1 del 21 al 23 de febrero en la ciudad danesa de Herning.&nbsp;<\/p>\n","protected":false},"author":2,"featured_media":9934,"comment_status":"closed","ping_status":"closed","sticky":false,"template":"","format":"standard","meta":{"_acf_changed":false,"inline_featured_image":false,"_monsterinsights_skip_tracking":false,"_monsterinsights_sitenote_active":false,"_monsterinsights_sitenote_note":"","_monsterinsights_sitenote_category":0,"footnotes":""},"categories":[2279],"tags":[1868,1886,1892,1898,1940,1970,2012,2024],"class_list":["post-7144","post","type-post","status-publish","format-standard","has-post-thumbnail","hentry","category-blog-es","tag-blanes-es","tag-bungalows-es","tag-camping-es","tag-camping-bella-terra-es","tag-costa-brava-es","tag-denmark-es","tag-exposicion","tag-ferie-for-alle-es"],"acf":[],"yoast_head":"<!-- This site is optimized with the Yoast SEO plugin v27.0 - https:\/\/yoast.com\/product\/yoast-seo-wordpress\/ -->\n<title>El Camping Bella Terra presente por cuarto a\u00f1o consecutivo en la Ferie For Alle de Herning - Camping Bella Terra<\/title>\n<meta name=\"robots\" content=\"index, follow, max-snippet:-1, max-image-preview:large, max-video-preview:-1\" \/>\n<link rel=\"canonical\" href=\"https:\/\/www.campingbellaterra.com\/es\/presente-ferie-for-alle-herning\/\" \/>\n<meta property=\"og:locale\" content=\"es_ES\" \/>\n<meta property=\"og:type\" content=\"article\" \/>\n<meta property=\"og:title\" content=\"El Camping Bella Terra presente por cuarto a\u00f1o consecutivo en la Ferie For Alle de Herning - Camping Bella Terra\" \/>\n<meta property=\"og:description\" content=\"El sal\u00f3n se celebrar\u00e1 del 21 al 23 de febrero en la ciudad danesa de Herning.&nbsp;\" \/>\n<meta property=\"og:url\" content=\"https:\/\/www.campingbellaterra.com\/es\/presente-ferie-for-alle-herning\/\" \/>\n<meta property=\"og:site_name\" content=\"Camping Bella Terra\" \/>\n<meta property=\"article:publisher\" content=\"https:\/\/www.facebook.com\/campingbellaterra\/\" \/>\n<meta property=\"article:published_time\" content=\"2020-02-20T10:30:50+00:00\" \/>\n<meta property=\"article:modified_time\" content=\"2022-04-12T07:55:45+00:00\" \/>\n<meta property=\"og:image\" content=\"https:\/\/www.campingbellaterra.com\/wp-content\/uploads\/media\/k2\/items\/src\/a3193da9f744508278b55342b9cabd86.jpg\" \/>\n\t<meta property=\"og:image:width\" content=\"1024\" \/>\n\t<meta property=\"og:image:height\" content=\"576\" \/>\n\t<meta property=\"og:image:type\" content=\"image\/jpeg\" \/>\n<meta name=\"author\" content=\"vado\" \/>\n<meta name=\"twitter:card\" content=\"summary_large_image\" \/>\n<meta name=\"twitter:creator\" content=\"@cbellaterra\" \/>\n<meta name=\"twitter:site\" content=\"@cbellaterra\" \/>\n<meta name=\"twitter:label1\" content=\"Escrito por\" \/>\n\t<meta name=\"twitter:data1\" content=\"vado\" \/>\n\t<meta name=\"twitter:label2\" content=\"Tiempo de lectura\" \/>\n\t<meta name=\"twitter:data2\" content=\"1 minuto\" \/>\n<script type=\"application\/ld+json\" class=\"yoast-schema-graph\">{\"@context\":\"https:\/\/schema.org\",\"@graph\":[{\"@type\":\"Article\",\"@id\":\"https:\/\/www.campingbellaterra.com\/es\/presente-ferie-for-alle-herning\/#article\",\"isPartOf\":{\"@id\":\"https:\/\/www.campingbellaterra.com\/es\/presente-ferie-for-alle-herning\/\"},\"author\":{\"name\":\"vado\",\"@id\":\"https:\/\/www.campingbellaterra.com\/es\/#\/schema\/person\/9dafe106b7fade6dd08664bb60ea89ac\"},\"headline\":\"El Camping Bella Terra presente por cuarto a\u00f1o consecutivo en la Ferie For Alle de Herning\",\"datePublished\":\"2020-02-20T10:30:50+00:00\",\"dateModified\":\"2022-04-12T07:55:45+00:00\",\"mainEntityOfPage\":{\"@id\":\"https:\/\/www.campingbellaterra.com\/es\/presente-ferie-for-alle-herning\/\"},\"wordCount\":305,\"publisher\":{\"@id\":\"https:\/\/www.campingbellaterra.com\/es\/#organization\"},\"image\":{\"@id\":\"https:\/\/www.campingbellaterra.com\/es\/presente-ferie-for-alle-herning\/#primaryimage\"},\"thumbnailUrl\":\"https:\/\/www.campingbellaterra.com\/wp-content\/uploads\/media\/k2\/items\/src\/a3193da9f744508278b55342b9cabd86.jpg\",\"keywords\":[\"blanes\",\"BUNGALOWS\",\"camping\",\"camping bella terra\",\"costa brava\",\"denmark\",\"exposici\u00f3n\",\"ferie for alle\"],\"articleSection\":[\"blog\"],\"inLanguage\":\"es\"},{\"@type\":\"WebPage\",\"@id\":\"https:\/\/www.campingbellaterra.com\/es\/presente-ferie-for-alle-herning\/\",\"url\":\"https:\/\/www.campingbellaterra.com\/es\/presente-ferie-for-alle-herning\/\",\"name\":\"El Camping Bella Terra presente por cuarto a\u00f1o consecutivo en la Ferie For Alle de Herning - Camping Bella Terra\",\"isPartOf\":{\"@id\":\"https:\/\/www.campingbellaterra.com\/es\/#website\"},\"primaryImageOfPage\":{\"@id\":\"https:\/\/www.campingbellaterra.com\/es\/presente-ferie-for-alle-herning\/#primaryimage\"},\"image\":{\"@id\":\"https:\/\/www.campingbellaterra.com\/es\/presente-ferie-for-alle-herning\/#primaryimage\"},\"thumbnailUrl\":\"https:\/\/www.campingbellaterra.com\/wp-content\/uploads\/media\/k2\/items\/src\/a3193da9f744508278b55342b9cabd86.jpg\",\"datePublished\":\"2020-02-20T10:30:50+00:00\",\"dateModified\":\"2022-04-12T07:55:45+00:00\",\"breadcrumb\":{\"@id\":\"https:\/\/www.campingbellaterra.com\/es\/presente-ferie-for-alle-herning\/#breadcrumb\"},\"inLanguage\":\"es\",\"potentialAction\":[{\"@type\":\"ReadAction\",\"target\":[\"https:\/\/www.campingbellaterra.com\/es\/presente-ferie-for-alle-herning\/\"]}]},{\"@type\":\"ImageObject\",\"inLanguage\":\"es\",\"@id\":\"https:\/\/www.campingbellaterra.com\/es\/presente-ferie-for-alle-herning\/#primaryimage\",\"url\":\"https:\/\/www.campingbellaterra.com\/wp-content\/uploads\/media\/k2\/items\/src\/a3193da9f744508278b55342b9cabd86.jpg\",\"contentUrl\":\"https:\/\/www.campingbellaterra.com\/wp-content\/uploads\/media\/k2\/items\/src\/a3193da9f744508278b55342b9cabd86.jpg\",\"width\":1024,\"height\":576},{\"@type\":\"BreadcrumbList\",\"@id\":\"https:\/\/www.campingbellaterra.com\/es\/presente-ferie-for-alle-herning\/#breadcrumb\",\"itemListElement\":[{\"@type\":\"ListItem\",\"position\":1,\"name\":\"Inici\",\"item\":\"https:\/\/www.campingbellaterra.com\/es\/\"},{\"@type\":\"ListItem\",\"position\":2,\"name\":\"El Camping Bella Terra presente por cuarto a\u00f1o consecutivo en la Ferie For Alle de Herning\"}]},{\"@type\":\"WebSite\",\"@id\":\"https:\/\/www.campingbellaterra.com\/es\/#website\",\"url\":\"https:\/\/www.campingbellaterra.com\/es\/\",\"name\":\"Camping Bella Terra\",\"description\":\"Tu camping familiar en la Costa Brava\",\"publisher\":{\"@id\":\"https:\/\/www.campingbellaterra.com\/es\/#organization\"},\"potentialAction\":[{\"@type\":\"SearchAction\",\"target\":{\"@type\":\"EntryPoint\",\"urlTemplate\":\"https:\/\/www.campingbellaterra.com\/es\/?s={search_term_string}\"},\"query-input\":{\"@type\":\"PropertyValueSpecification\",\"valueRequired\":true,\"valueName\":\"search_term_string\"}}],\"inLanguage\":\"es\"},{\"@type\":\"Organization\",\"@id\":\"https:\/\/www.campingbellaterra.com\/es\/#organization\",\"name\":\"Camping Bella Terra\",\"url\":\"https:\/\/www.campingbellaterra.com\/es\/\",\"logo\":{\"@type\":\"ImageObject\",\"inLanguage\":\"es\",\"@id\":\"https:\/\/www.campingbellaterra.com\/es\/#\/schema\/logo\/image\/\",\"url\":\"https:\/\/www.campingbellaterra.com\/wp-content\/uploads\/logo6.svg\",\"contentUrl\":\"https:\/\/www.campingbellaterra.com\/wp-content\/uploads\/logo6.svg\",\"width\":\"2048\",\"height\":\"2048\",\"caption\":\"Camping Bella Terra\"},\"image\":{\"@id\":\"https:\/\/www.campingbellaterra.com\/es\/#\/schema\/logo\/image\/\"},\"sameAs\":[\"https:\/\/www.facebook.com\/campingbellaterra\/\",\"https:\/\/x.com\/cbellaterra\",\"https:\/\/www.instagram.com\/campingbellaterra\/\",\"https:\/\/www.youtube.com\/c\/Camping-Bellaterra-Blanes\",\"https:\/\/www.tripadvisor.es\/Hotel_Review-g580331-d3328184-Reviews-Camping_Bella_Terra-Blanes_Costa_Brava_Province_of_Girona_Catalonia.html\"]},{\"@type\":\"Person\",\"@id\":\"https:\/\/www.campingbellaterra.com\/es\/#\/schema\/person\/9dafe106b7fade6dd08664bb60ea89ac\",\"name\":\"vado\",\"image\":{\"@type\":\"ImageObject\",\"inLanguage\":\"es\",\"@id\":\"https:\/\/www.campingbellaterra.com\/es\/#\/schema\/person\/image\/\",\"url\":\"https:\/\/secure.gravatar.com\/avatar\/6edab01d4cd19889ac2b69e05f01a3c93227951cf320620732fca472f184e4f5?s=96&d=mm&r=g\",\"contentUrl\":\"https:\/\/secure.gravatar.com\/avatar\/6edab01d4cd19889ac2b69e05f01a3c93227951cf320620732fca472f184e4f5?s=96&d=mm&r=g\",\"caption\":\"vado\"},\"url\":\"https:\/\/www.campingbellaterra.com\/es\/author\/vado\/\"}]}<\/script>\n<!-- \/ Yoast SEO plugin. -->","yoast_head_json":{"title":"El Camping Bella Terra presente por cuarto a\u00f1o consecutivo en la Ferie For Alle de Herning - Camping Bella Terra","robots":{"index":"index","follow":"follow","max-snippet":"max-snippet:-1","max-image-preview":"max-image-preview:large","max-video-preview":"max-video-preview:-1"},"canonical":"https:\/\/www.campingbellaterra.com\/es\/presente-ferie-for-alle-herning\/","og_locale":"es_ES","og_type":"article","og_title":"El Camping Bella Terra presente por cuarto a\u00f1o consecutivo en la Ferie For Alle de Herning - Camping Bella Terra","og_description":"El sal\u00f3n se celebrar\u00e1 del 21 al 23 de febrero en la ciudad danesa de Herning.&nbsp;","og_url":"https:\/\/www.campingbellaterra.com\/es\/presente-ferie-for-alle-herning\/","og_site_name":"Camping Bella Terra","article_publisher":"https:\/\/www.facebook.com\/campingbellaterra\/","article_published_time":"2020-02-20T10:30:50+00:00","article_modified_time":"2022-04-12T07:55:45+00:00","og_image":[{"width":1024,"height":576,"url":"https:\/\/www.campingbellaterra.com\/wp-content\/uploads\/media\/k2\/items\/src\/a3193da9f744508278b55342b9cabd86.jpg","type":"image\/jpeg"}],"author":"vado","twitter_card":"summary_large_image","twitter_creator":"@cbellaterra","twitter_site":"@cbellaterra","twitter_misc":{"Escrito por":"vado","Tiempo de lectura":"1 minuto"},"schema":{"@context":"https:\/\/schema.org","@graph":[{"@type":"Article","@id":"https:\/\/www.campingbellaterra.com\/es\/presente-ferie-for-alle-herning\/#article","isPartOf":{"@id":"https:\/\/www.campingbellaterra.com\/es\/presente-ferie-for-alle-herning\/"},"author":{"name":"vado","@id":"https:\/\/www.campingbellaterra.com\/es\/#\/schema\/person\/9dafe106b7fade6dd08664bb60ea89ac"},"headline":"El Camping Bella Terra presente por cuarto a\u00f1o consecutivo en la Ferie For Alle de Herning","datePublished":"2020-02-20T10:30:50+00:00","dateModified":"2022-04-12T07:55:45+00:00","mainEntityOfPage":{"@id":"https:\/\/www.campingbellaterra.com\/es\/presente-ferie-for-alle-herning\/"},"wordCount":305,"publisher":{"@id":"https:\/\/www.campingbellaterra.com\/es\/#organization"},"image":{"@id":"https:\/\/www.campingbellaterra.com\/es\/presente-ferie-for-alle-herning\/#primaryimage"},"thumbnailUrl":"https:\/\/www.campingbellaterra.com\/wp-content\/uploads\/media\/k2\/items\/src\/a3193da9f744508278b55342b9cabd86.jpg","keywords":["blanes","BUNGALOWS","camping","camping bella terra","costa brava","denmark","exposici\u00f3n","ferie for alle"],"articleSection":["blog"],"inLanguage":"es"},{"@type":"WebPage","@id":"https:\/\/www.campingbellaterra.com\/es\/presente-ferie-for-alle-herning\/","url":"https:\/\/www.campingbellaterra.com\/es\/presente-ferie-for-alle-herning\/","name":"El Camping Bella Terra presente por cuarto a\u00f1o consecutivo en la Ferie For Alle de Herning - Camping Bella Terra","isPartOf":{"@id":"https:\/\/www.campingbellaterra.com\/es\/#website"},"primaryImageOfPage":{"@id":"https:\/\/www.campingbellaterra.com\/es\/presente-ferie-for-alle-herning\/#primaryimage"},"image":{"@id":"https:\/\/www.campingbellaterra.com\/es\/presente-ferie-for-alle-herning\/#primaryimage"},"thumbnailUrl":"https:\/\/www.campingbellaterra.com\/wp-content\/uploads\/media\/k2\/items\/src\/a3193da9f744508278b55342b9cabd86.jpg","datePublished":"2020-02-20T10:30:50+00:00","dateModified":"2022-04-12T07:55:45+00:00","breadcrumb":{"@id":"https:\/\/www.campingbellaterra.com\/es\/presente-ferie-for-alle-herning\/#breadcrumb"},"inLanguage":"es","potentialAction":[{"@type":"ReadAction","target":["https:\/\/www.campingbellaterra.com\/es\/presente-ferie-for-alle-herning\/"]}]},{"@type":"ImageObject","inLanguage":"es","@id":"https:\/\/www.campingbellaterra.com\/es\/presente-ferie-for-alle-herning\/#primaryimage","url":"https:\/\/www.campingbellaterra.com\/wp-content\/uploads\/media\/k2\/items\/src\/a3193da9f744508278b55342b9cabd86.jpg","contentUrl":"https:\/\/www.campingbellaterra.com\/wp-content\/uploads\/media\/k2\/items\/src\/a3193da9f744508278b55342b9cabd86.jpg","width":1024,"height":576},{"@type":"BreadcrumbList","@id":"https:\/\/www.campingbellaterra.com\/es\/presente-ferie-for-alle-herning\/#breadcrumb","itemListElement":[{"@type":"ListItem","position":1,"name":"Inici","item":"https:\/\/www.campingbellaterra.com\/es\/"},{"@type":"ListItem","position":2,"name":"El Camping Bella Terra presente por cuarto a\u00f1o consecutivo en la Ferie For Alle de Herning"}]},{"@type":"WebSite","@id":"https:\/\/www.campingbellaterra.com\/es\/#website","url":"https:\/\/www.campingbellaterra.com\/es\/","name":"Camping Bella Terra","description":"Tu camping familiar en la Costa Brava","publisher":{"@id":"https:\/\/www.campingbellaterra.com\/es\/#organization"},"potentialAction":[{"@type":"SearchAction","target":{"@type":"EntryPoint","urlTemplate":"https:\/\/www.campingbellaterra.com\/es\/?s={search_term_string}"},"query-input":{"@type":"PropertyValueSpecification","valueRequired":true,"valueName":"search_term_string"}}],"inLanguage":"es"},{"@type":"Organization","@id":"https:\/\/www.campingbellaterra.com\/es\/#organization","name":"Camping Bella Terra","url":"https:\/\/www.campingbellaterra.com\/es\/","logo":{"@type":"ImageObject","inLanguage":"es","@id":"https:\/\/www.campingbellaterra.com\/es\/#\/schema\/logo\/image\/","url":"https:\/\/www.campingbellaterra.com\/wp-content\/uploads\/logo6.svg","contentUrl":"https:\/\/www.campingbellaterra.com\/wp-content\/uploads\/logo6.svg","width":"2048","height":"2048","caption":"Camping Bella Terra"},"image":{"@id":"https:\/\/www.campingbellaterra.com\/es\/#\/schema\/logo\/image\/"},"sameAs":["https:\/\/www.facebook.com\/campingbellaterra\/","https:\/\/x.com\/cbellaterra","https:\/\/www.instagram.com\/campingbellaterra\/","https:\/\/www.youtube.com\/c\/Camping-Bellaterra-Blanes","https:\/\/www.tripadvisor.es\/Hotel_Review-g580331-d3328184-Reviews-Camping_Bella_Terra-Blanes_Costa_Brava_Province_of_Girona_Catalonia.html"]},{"@type":"Person","@id":"https:\/\/www.campingbellaterra.com\/es\/#\/schema\/person\/9dafe106b7fade6dd08664bb60ea89ac","name":"vado","image":{"@type":"ImageObject","inLanguage":"es","@id":"https:\/\/www.campingbellaterra.com\/es\/#\/schema\/person\/image\/","url":"https:\/\/secure.gravatar.com\/avatar\/6edab01d4cd19889ac2b69e05f01a3c93227951cf320620732fca472f184e4f5?s=96&d=mm&r=g","contentUrl":"https:\/\/secure.gravatar.com\/avatar\/6edab01d4cd19889ac2b69e05f01a3c93227951cf320620732fca472f184e4f5?s=96&d=mm&r=g","caption":"vado"},"url":"https:\/\/www.campingbellaterra.com\/es\/author\/vado\/"}]}},"_links":{"self":[{"href":"https:\/\/www.campingbellaterra.com\/es\/wp-json\/wp\/v2\/posts\/7144","targetHints":{"allow":["GET"]}}],"collection":[{"href":"https:\/\/www.campingbellaterra.com\/es\/wp-json\/wp\/v2\/posts"}],"about":[{"href":"https:\/\/www.campingbellaterra.com\/es\/wp-json\/wp\/v2\/types\/post"}],"author":[{"embeddable":true,"href":"https:\/\/www.campingbellaterra.com\/es\/wp-json\/wp\/v2\/users\/2"}],"replies":[{"embeddable":true,"href":"https:\/\/www.campingbellaterra.com\/es\/wp-json\/wp\/v2\/comments?post=7144"}],"version-history":[{"count":1,"href":"https:\/\/www.campingbellaterra.com\/es\/wp-json\/wp\/v2\/posts\/7144\/revisions"}],"predecessor-version":[{"id":10822,"href":"https:\/\/www.campingbellaterra.com\/es\/wp-json\/wp\/v2\/posts\/7144\/revisions\/10822"}],"wp:featuredmedia":[{"embeddable":true,"href":"https:\/\/www.campingbellaterra.com\/es\/wp-json\/wp\/v2\/media\/9934"}],"wp:attachment":[{"href":"https:\/\/www.campingbellaterra.com\/es\/wp-json\/wp\/v2\/media?parent=7144"}],"wp:term":[{"taxonomy":"category","embeddable":true,"href":"https:\/\/www.campingbellaterra.com\/es\/wp-json\/wp\/v2\/categories?post=7144"},{"taxonomy":"post_tag","embeddable":true,"href":"https:\/\/www.campingbellaterra.com\/es\/wp-json\/wp\/v2\/tags?post=7144"}],"curies":[{"name":"wp","href":"https:\/\/api.w.org\/{rel}","templated":true}]}}